{"id":53975,"date":"2023-11-14T17:31:23","date_gmt":"2023-11-14T17:31:23","guid":{"rendered":"https:\/\/www.africa-press.net\/tchad\/politique\/le-set-appelle-a-la-reprise-des-cours-dans-le-moyen-chari"},"modified":"2023-11-14T18:03:24","modified_gmt":"2023-11-14T18:03:24","slug":"le-set-appelle-a-la-reprise-des-cours-dans-le-moyen-chari","status":"publish","type":"post","link":"https:\/\/www.africa-press.net\/tchad\/culture-et-art\/le-set-appelle-a-la-reprise-des-cours-dans-le-moyen-chari","title":{"rendered":"le SET appelle \u00e0 la reprise des cours dans le Moyen Chari"},"content":{"rendered":"<p><span style=\"color: #ff6600\"><strong>Africa-Press &#8211; Tchad. <\/strong><\/span>Le Syndicat des Enseignants du Tchad, section du Moyen Chari appelle les enseignants de ladite province a\u0300 la reprise des cours.<\/p>\n<p>C\u2019est a\u0300 travers un point de presse anime\u0301 ce 14 novembre 2023, au quartier re\u0301sidentiel dans le 2e\u0300me arrondissement de la ville de Sarh par le secre\u0301taire ge\u0301ne\u0301ral du Syndicat des Enseignants du Tchad, section du Moyen-Chari, Madjiyengue\u0301 Nangassal.<\/p>\n<p>Au cours de ce point de presse, Madjiyengue\u0301 Nangassal, a souligne\u0301 que le SET provincial est ge\u0301re\u0301 par le Bureau Exe\u0301cutif National.<\/p>\n<p>Et le de\u0301ficit d\u2019information et de communication sur les enjeux des ne\u0301gociations Gouvernement\/SET ont certes influence\u0301 ne\u0301gativement la reprise normale des cours, mais ayant constate\u0301 la bonne volonte\u0301 des ne\u0301gociateurs afin de parvenir a\u0300 une issue profitable pour tous, le STE a juge\u0301 ne\u0301cessaire de suspendre la gre\u0300ve et appelle ses militants a\u0300 reprendre le travail.<\/p>\n<p>Enfin, Madjiyengue\u0301 Nangassal, rassure les militantes et militants du SET\/section du Moyen-Chari que les ne\u0301gociations sur le point de revendications tre\u0300s sensibles sont ouvertes, et se poursuivent. Pour ce faire, chaque militant doit e\u0302tre vigilant et soude\u0301, afin d\u2019e\u0301viter la division du SET et mener ensemble le combat. Ceci pour le bonheur de tous.<\/p>\n<p><strong>Pour plus d&rsquo;informations et d&rsquo;analyses sur la <a href=\"https:\/\/www.africa-press.net\/tchad\">Tchad<\/a>, suivez <a href=\"https:\/\/www.africa-press.net\/\">Africa-Press<\/a><\/strong><\/p>\n","protected":false},"excerpt":{"rendered":"<p>Africa-Press &#8211; Tchad. Le Syndicat des Enseignants du Tchad, section du Moyen Chari appelle les enseignants de ladite province a\u0300 la reprise des cours. C\u2019est a\u0300 travers un point de presse anime\u0301 ce 14 novembre 2023, au quartier re\u0301sidentiel dans le 2e\u0300me arrondissement de la ville de Sarh par le secre\u0301taire ge\u0301ne\u0301ral du Syndicat des [&hellip;]<\/p>\n","protected":false},"author":82,"featured_media":53973,"comment_status":"open","ping_status":"closed","sticky":false,"template":"","format":"standard","meta":{"footnotes":""},"categories":[5,10],"tags":[37,292,29],"class_list":["post-53975","post","type-post","status-publish","format-standard","has-post-thumbnail","hentry","category-culture-et-art","category-toutes-les-actualites","tag-africa-press","tag-africa-press-tchad","tag-tchad"],"yoast_head":"<!-- This site is optimized with the Yoast SEO Premium plugin v26.1 (Yoast SEO v27.0) - https:\/\/yoast.com\/product\/yoast-seo-premium-wordpress\/ -->\n<title>le SET appelle \u00e0 la reprise des cours dans le Moyen Chari - tchad<\/title>\n<meta name=\"description\" content=\"Le Syndicat des Enseignants du Tchad, section du Moyen Chari appelle les enseignants de ladite province a\u0300 la reprise de ...\" \/>\n<meta name=\"robots\" content=\"index, follow, max-snippet:-1, max-image-preview:large, max-video-preview:-1\" \/>\n<link rel=\"canonical\" href=\"https:\/\/www.africa-press.net\/tchad\/culture-et-art\/le-set-appelle-a-la-reprise-des-cours-dans-le-moyen-chari\" \/>\n<meta property=\"og:locale\" content=\"fr_FR\" \/>\n<meta property=\"og:type\" content=\"article\" \/>\n<meta property=\"og:title\" content=\"le SET appelle \u00e0 la reprise des cours dans le Moyen Chari\" \/>\n<meta property=\"og:description\" content=\"Le Syndicat des Enseignants du Tchad, section du Moyen Chari appelle les enseignants de ladite province a\u0300 la reprise de ...\" \/>\n<meta property=\"og:url\" content=\"https:\/\/www.africa-press.net\/tchad\/culture-et-art\/le-set-appelle-a-la-reprise-des-cours-dans-le-moyen-chari\" \/>\n<meta property=\"og:site_name\" content=\"tchad\" \/>\n<meta property=\"article:published_time\" content=\"2023-11-14T17:31:23+00:00\" \/>\n<meta property=\"article:modified_time\" content=\"2023-11-14T18:03:24+00:00\" \/>\n<meta property=\"og:image\" content=\"https:\/\/static.africa-press.net\/tchad\/sites\/41\/2023\/11\/sm_1699972278.869008.jpg\" \/>\n\t<meta property=\"og:image:width\" content=\"1080\" \/>\n\t<meta property=\"og:image:height\" content=\"486\" \/>\n\t<meta property=\"og:image:type\" content=\"image\/jpeg\" \/>\n<meta name=\"author\" content=\"cfeditorfr\" \/>\n<meta name=\"twitter:card\" content=\"summary_large_image\" \/>\n<meta name=\"twitter:label1\" content=\"\u00c9crit par\" \/>\n\t<meta name=\"twitter:data1\" content=\"cfeditorfr\" \/>\n\t<meta name=\"twitter:label2\" content=\"Dur\u00e9e de lecture estim\u00e9e\" \/>\n\t<meta name=\"twitter:data2\" content=\"1 minute\" \/>\n<script type=\"application\/ld+json\" class=\"yoast-schema-graph\">{\"@context\":\"https:\/\/schema.org\",\"@graph\":[{\"@type\":\"Article\",\"@id\":\"https:\/\/www.africa-press.net\/tchad\/culture-et-art\/le-set-appelle-a-la-reprise-des-cours-dans-le-moyen-chari#article\",\"isPartOf\":{\"@id\":\"https:\/\/www.africa-press.net\/tchad\/culture-et-art\/le-set-appelle-a-la-reprise-des-cours-dans-le-moyen-chari\"},\"author\":{\"name\":\"cfeditorfr\",\"@id\":\"https:\/\/www.africa-press.net\/tchad\/#\/schema\/person\/2b1cf3cd81a31e3cd26889ca66d677f1\"},\"headline\":\"le SET appelle \u00e0 la reprise des cours dans le Moyen Chari\",\"datePublished\":\"2023-11-14T17:31:23+00:00\",\"dateModified\":\"2023-11-14T18:03:24+00:00\",\"mainEntityOfPage\":{\"@id\":\"https:\/\/www.africa-press.net\/tchad\/culture-et-art\/le-set-appelle-a-la-reprise-des-cours-dans-le-moyen-chari\"},\"wordCount\":238,\"commentCount\":0,\"image\":{\"@id\":\"https:\/\/www.africa-press.net\/tchad\/culture-et-art\/le-set-appelle-a-la-reprise-des-cours-dans-le-moyen-chari#primaryimage\"},\"thumbnailUrl\":\"https:\/\/static.africa-press.net\/tchad\/sites\/41\/2023\/11\/sm_1699972278.869008.jpg\",\"keywords\":[\"Africa Press\",\"Africa Press-Tchad\",\"Tchad\"],\"articleSection\":[\"Culture et Art\",\"Toutes les actualit\u00e9s\"],\"inLanguage\":\"fr-FR\",\"potentialAction\":[{\"@type\":\"CommentAction\",\"name\":\"Comment\",\"target\":[\"https:\/\/www.africa-press.net\/tchad\/culture-et-art\/le-set-appelle-a-la-reprise-des-cours-dans-le-moyen-chari#respond\"]}]},{\"@type\":\"WebPage\",\"@id\":\"https:\/\/www.africa-press.net\/tchad\/culture-et-art\/le-set-appelle-a-la-reprise-des-cours-dans-le-moyen-chari\",\"url\":\"https:\/\/www.africa-press.net\/tchad\/culture-et-art\/le-set-appelle-a-la-reprise-des-cours-dans-le-moyen-chari\",\"name\":\"le SET appelle \u00e0 la reprise des cours dans le Moyen Chari - tchad\",\"isPartOf\":{\"@id\":\"https:\/\/www.africa-press.net\/tchad\/#website\"},\"primaryImageOfPage\":{\"@id\":\"https:\/\/www.africa-press.net\/tchad\/culture-et-art\/le-set-appelle-a-la-reprise-des-cours-dans-le-moyen-chari#primaryimage\"},\"image\":{\"@id\":\"https:\/\/www.africa-press.net\/tchad\/culture-et-art\/le-set-appelle-a-la-reprise-des-cours-dans-le-moyen-chari#primaryimage\"},\"thumbnailUrl\":\"https:\/\/static.africa-press.net\/tchad\/sites\/41\/2023\/11\/sm_1699972278.869008.jpg\",\"datePublished\":\"2023-11-14T17:31:23+00:00\",\"dateModified\":\"2023-11-14T18:03:24+00:00\",\"author\":{\"@id\":\"https:\/\/www.africa-press.net\/tchad\/#\/schema\/person\/2b1cf3cd81a31e3cd26889ca66d677f1\"},\"description\":\"Le Syndicat des Enseignants du Tchad, section du Moyen Chari appelle les enseignants de ladite province a\u0300 la reprise de ...\",\"breadcrumb\":{\"@id\":\"https:\/\/www.africa-press.net\/tchad\/culture-et-art\/le-set-appelle-a-la-reprise-des-cours-dans-le-moyen-chari#breadcrumb\"},\"inLanguage\":\"fr-FR\",\"potentialAction\":[{\"@type\":\"ReadAction\",\"target\":[\"https:\/\/www.africa-press.net\/tchad\/culture-et-art\/le-set-appelle-a-la-reprise-des-cours-dans-le-moyen-chari\"]}]},{\"@type\":\"ImageObject\",\"inLanguage\":\"fr-FR\",\"@id\":\"https:\/\/www.africa-press.net\/tchad\/culture-et-art\/le-set-appelle-a-la-reprise-des-cours-dans-le-moyen-chari#primaryimage\",\"url\":\"https:\/\/static.africa-press.net\/tchad\/sites\/41\/2023\/11\/sm_1699972278.869008.jpg\",\"contentUrl\":\"https:\/\/static.africa-press.net\/tchad\/sites\/41\/2023\/11\/sm_1699972278.869008.jpg\",\"width\":1080,\"height\":486,\"caption\":\"le SET appelle \u00e0 la reprise des cours dans le Moyen Chari\"},{\"@type\":\"BreadcrumbList\",\"@id\":\"https:\/\/www.africa-press.net\/tchad\/culture-et-art\/le-set-appelle-a-la-reprise-des-cours-dans-le-moyen-chari#breadcrumb\",\"itemListElement\":[{\"@type\":\"ListItem\",\"position\":1,\"name\":\"Accueil\",\"item\":\"https:\/\/www.africa-press.net\/tchad\/\"},{\"@type\":\"ListItem\",\"position\":2,\"name\":\"le SET appelle \u00e0 la reprise des cours dans le Moyen Chari\"}]},{\"@type\":\"WebSite\",\"@id\":\"https:\/\/www.africa-press.net\/tchad\/#website\",\"url\":\"https:\/\/www.africa-press.net\/tchad\/\",\"name\":\"tchad\",\"description\":\"Just another Africa News Agency Sites site\",\"potentialAction\":[{\"@type\":\"SearchAction\",\"target\":{\"@type\":\"EntryPoint\",\"urlTemplate\":\"https:\/\/www.africa-press.net\/tchad\/?s={search_term_string}\"},\"query-input\":{\"@type\":\"PropertyValueSpecification\",\"valueRequired\":true,\"valueName\":\"search_term_string\"}}],\"inLanguage\":\"fr-FR\"},{\"@type\":\"Person\",\"@id\":\"https:\/\/www.africa-press.net\/tchad\/#\/schema\/person\/2b1cf3cd81a31e3cd26889ca66d677f1\",\"name\":\"cfeditorfr\"}]}<\/script>\n<!-- \/ Yoast SEO Premium plugin. -->","yoast_head_json":{"title":"le SET appelle \u00e0 la reprise des cours dans le Moyen Chari - tchad","description":"Le Syndicat des Enseignants du Tchad, section du Moyen Chari appelle les enseignants de ladite province a\u0300 la reprise de ...","robots":{"index":"index","follow":"follow","max-snippet":"max-snippet:-1","max-image-preview":"max-image-preview:large","max-video-preview":"max-video-preview:-1"},"canonical":"https:\/\/www.africa-press.net\/tchad\/culture-et-art\/le-set-appelle-a-la-reprise-des-cours-dans-le-moyen-chari","og_locale":"fr_FR","og_type":"article","og_title":"le SET appelle \u00e0 la reprise des cours dans le Moyen Chari","og_description":"Le Syndicat des Enseignants du Tchad, section du Moyen Chari appelle les enseignants de ladite province a\u0300 la reprise de ...","og_url":"https:\/\/www.africa-press.net\/tchad\/culture-et-art\/le-set-appelle-a-la-reprise-des-cours-dans-le-moyen-chari","og_site_name":"tchad","article_published_time":"2023-11-14T17:31:23+00:00","article_modified_time":"2023-11-14T18:03:24+00:00","og_image":[{"width":1080,"height":486,"url":"https:\/\/static.africa-press.net\/tchad\/sites\/41\/2023\/11\/sm_1699972278.869008.jpg","type":"image\/jpeg"}],"author":"cfeditorfr","twitter_card":"summary_large_image","twitter_misc":{"\u00c9crit par":"cfeditorfr","Dur\u00e9e de lecture estim\u00e9e":"1 minute"},"schema":{"@context":"https:\/\/schema.org","@graph":[{"@type":"Article","@id":"https:\/\/www.africa-press.net\/tchad\/culture-et-art\/le-set-appelle-a-la-reprise-des-cours-dans-le-moyen-chari#article","isPartOf":{"@id":"https:\/\/www.africa-press.net\/tchad\/culture-et-art\/le-set-appelle-a-la-reprise-des-cours-dans-le-moyen-chari"},"author":{"name":"cfeditorfr","@id":"https:\/\/www.africa-press.net\/tchad\/#\/schema\/person\/2b1cf3cd81a31e3cd26889ca66d677f1"},"headline":"le SET appelle \u00e0 la reprise des cours dans le Moyen Chari","datePublished":"2023-11-14T17:31:23+00:00","dateModified":"2023-11-14T18:03:24+00:00","mainEntityOfPage":{"@id":"https:\/\/www.africa-press.net\/tchad\/culture-et-art\/le-set-appelle-a-la-reprise-des-cours-dans-le-moyen-chari"},"wordCount":238,"commentCount":0,"image":{"@id":"https:\/\/www.africa-press.net\/tchad\/culture-et-art\/le-set-appelle-a-la-reprise-des-cours-dans-le-moyen-chari#primaryimage"},"thumbnailUrl":"https:\/\/static.africa-press.net\/tchad\/sites\/41\/2023\/11\/sm_1699972278.869008.jpg","keywords":["Africa Press","Africa Press-Tchad","Tchad"],"articleSection":["Culture et Art","Toutes les actualit\u00e9s"],"inLanguage":"fr-FR","potentialAction":[{"@type":"CommentAction","name":"Comment","target":["https:\/\/www.africa-press.net\/tchad\/culture-et-art\/le-set-appelle-a-la-reprise-des-cours-dans-le-moyen-chari#respond"]}]},{"@type":"WebPage","@id":"https:\/\/www.africa-press.net\/tchad\/culture-et-art\/le-set-appelle-a-la-reprise-des-cours-dans-le-moyen-chari","url":"https:\/\/www.africa-press.net\/tchad\/culture-et-art\/le-set-appelle-a-la-reprise-des-cours-dans-le-moyen-chari","name":"le SET appelle \u00e0 la reprise des cours dans le Moyen Chari - tchad","isPartOf":{"@id":"https:\/\/www.africa-press.net\/tchad\/#website"},"primaryImageOfPage":{"@id":"https:\/\/www.africa-press.net\/tchad\/culture-et-art\/le-set-appelle-a-la-reprise-des-cours-dans-le-moyen-chari#primaryimage"},"image":{"@id":"https:\/\/www.africa-press.net\/tchad\/culture-et-art\/le-set-appelle-a-la-reprise-des-cours-dans-le-moyen-chari#primaryimage"},"thumbnailUrl":"https:\/\/static.africa-press.net\/tchad\/sites\/41\/2023\/11\/sm_1699972278.869008.jpg","datePublished":"2023-11-14T17:31:23+00:00","dateModified":"2023-11-14T18:03:24+00:00","author":{"@id":"https:\/\/www.africa-press.net\/tchad\/#\/schema\/person\/2b1cf3cd81a31e3cd26889ca66d677f1"},"description":"Le Syndicat des Enseignants du Tchad, section du Moyen Chari appelle les enseignants de ladite province a\u0300 la reprise de ...","breadcrumb":{"@id":"https:\/\/www.africa-press.net\/tchad\/culture-et-art\/le-set-appelle-a-la-reprise-des-cours-dans-le-moyen-chari#breadcrumb"},"inLanguage":"fr-FR","potentialAction":[{"@type":"ReadAction","target":["https:\/\/www.africa-press.net\/tchad\/culture-et-art\/le-set-appelle-a-la-reprise-des-cours-dans-le-moyen-chari"]}]},{"@type":"ImageObject","inLanguage":"fr-FR","@id":"https:\/\/www.africa-press.net\/tchad\/culture-et-art\/le-set-appelle-a-la-reprise-des-cours-dans-le-moyen-chari#primaryimage","url":"https:\/\/static.africa-press.net\/tchad\/sites\/41\/2023\/11\/sm_1699972278.869008.jpg","contentUrl":"https:\/\/static.africa-press.net\/tchad\/sites\/41\/2023\/11\/sm_1699972278.869008.jpg","width":1080,"height":486,"caption":"le SET appelle \u00e0 la reprise des cours dans le Moyen Chari"},{"@type":"BreadcrumbList","@id":"https:\/\/www.africa-press.net\/tchad\/culture-et-art\/le-set-appelle-a-la-reprise-des-cours-dans-le-moyen-chari#breadcrumb","itemListElement":[{"@type":"ListItem","position":1,"name":"Accueil","item":"https:\/\/www.africa-press.net\/tchad\/"},{"@type":"ListItem","position":2,"name":"le SET appelle \u00e0 la reprise des cours dans le Moyen Chari"}]},{"@type":"WebSite","@id":"https:\/\/www.africa-press.net\/tchad\/#website","url":"https:\/\/www.africa-press.net\/tchad\/","name":"tchad","description":"Just another Africa News Agency Sites site","potentialAction":[{"@type":"SearchAction","target":{"@type":"EntryPoint","urlTemplate":"https:\/\/www.africa-press.net\/tchad\/?s={search_term_string}"},"query-input":{"@type":"PropertyValueSpecification","valueRequired":true,"valueName":"search_term_string"}}],"inLanguage":"fr-FR"},{"@type":"Person","@id":"https:\/\/www.africa-press.net\/tchad\/#\/schema\/person\/2b1cf3cd81a31e3cd26889ca66d677f1","name":"cfeditorfr"}]}},"_links":{"self":[{"href":"https:\/\/www.africa-press.net\/tchad\/wp-json\/wp\/v2\/posts\/53975","targetHints":{"allow":["GET"]}}],"collection":[{"href":"https:\/\/www.africa-press.net\/tchad\/wp-json\/wp\/v2\/posts"}],"about":[{"href":"https:\/\/www.africa-press.net\/tchad\/wp-json\/wp\/v2\/types\/post"}],"author":[{"embeddable":true,"href":"https:\/\/www.africa-press.net\/tchad\/wp-json\/wp\/v2\/users\/82"}],"replies":[{"embeddable":true,"href":"https:\/\/www.africa-press.net\/tchad\/wp-json\/wp\/v2\/comments?post=53975"}],"version-history":[{"count":0,"href":"https:\/\/www.africa-press.net\/tchad\/wp-json\/wp\/v2\/posts\/53975\/revisions"}],"wp:featuredmedia":[{"embeddable":true,"href":"https:\/\/www.africa-press.net\/tchad\/wp-json\/wp\/v2\/media\/53973"}],"wp:attachment":[{"href":"https:\/\/www.africa-press.net\/tchad\/wp-json\/wp\/v2\/media?parent=53975"}],"wp:term":[{"taxonomy":"category","embeddable":true,"href":"https:\/\/www.africa-press.net\/tchad\/wp-json\/wp\/v2\/categories?post=53975"},{"taxonomy":"post_tag","embeddable":true,"href":"https:\/\/www.africa-press.net\/tchad\/wp-json\/wp\/v2\/tags?post=53975"}],"curies":[{"name":"wp","href":"https:\/\/api.w.org\/{rel}","templated":true}]}}