{"id":53982,"date":"2023-11-14T17:41:04","date_gmt":"2023-11-14T17:41:04","guid":{"rendered":"https:\/\/www.africa-press.net\/tchad\/politique\/campagne-de-sensibilisation-pour-la-cohabitation-pacifique-a-miandoum"},"modified":"2023-11-14T18:20:13","modified_gmt":"2023-11-14T18:20:13","slug":"campagne-de-sensibilisation-pour-la-cohabitation-pacifique-a-miandoum","status":"publish","type":"post","link":"https:\/\/www.africa-press.net\/tchad\/toutes-les-actualites\/campagne-de-sensibilisation-pour-la-cohabitation-pacifique-a-miandoum","title":{"rendered":"campagne de sensibilisation pour la cohabitation pacifique \u00e0 Miandoum"},"content":{"rendered":"<p><span style=\"color: #ff6600\"><strong>Africa-Press &#8211; Tchad. <\/strong><\/span>Le sous-pre\u0301fet de Miandoum, Mbainaissem Salomon, avec le soutien du chef de canton de Miandoum, a lance\u0301 le 13 novembre 2023, une campagne de sensibilisation destine\u0301e aux e\u0301leveurs et agriculteurs de la re\u0301gion. Cette initiative vise a\u0300 pre\u0301venir les conflits entre ces deux communaute\u0301s, et a\u0300 promouvoir la paix, l&rsquo;amour du prochain et la coexistence harmonieuse.<\/p>\n<p>La campagne a de\u0301bute\u0301 dans les villages de Bekia, Gamapourou, Betode et Man-boye. A cette occasion, le sous-pre\u0301fet a souligne\u0301 l&rsquo;importance de cette de\u0301marche, en re\u0301ponse a\u0300 l&rsquo;afflux d&rsquo;e\u0301leveurs, et a\u0300 la ne\u0301cessite\u0301 de renforcer le vivre ensemble pour le de\u0301veloppement des localite\u0301s.<\/p>\n<p>Lors d&rsquo;une re\u0301union sur le terrain, il a encourage\u0301 les parties a\u0300 re\u0301soudre les diffe\u0301rends par le biais des autorite\u0301s compe\u0301tentes, pluto\u0302t que par la justice personnelle. Il a e\u0301galement rappele\u0301 l&rsquo;interde\u0301pendance des communaute\u0301s d&rsquo;agriculteurs et d&rsquo;e\u0301leveurs.<\/p>\n<p>Le chef de canton de Miandoum, Hongmbaye Djasro, a exhorte\u0301 les leaders locaux a\u0300 contribuer activement a\u0300 la pre\u0301vention des conflits, exprimant son de\u0301sir de voir toutes les communaute\u0301s coexister pacifiquement.<\/p>\n<p>La campagne intervient a\u0300 un moment opportun, avec l&rsquo;arrive\u0301e de nombreux e\u0301leveurs dans la sous-pre\u0301fecture, cherchant des pa\u0302turages de qualite\u0301 pour leurs be\u0302tes.<\/p>\n<p><strong>Pour plus d&rsquo;informations et d&rsquo;analyses sur la <a href=\"https:\/\/www.africa-press.net\/tchad\">Tchad<\/a>, suivez <a href=\"https:\/\/www.africa-press.net\/\">Africa-Press<\/a><\/strong><\/p>\n","protected":false},"excerpt":{"rendered":"<p>Africa-Press &#8211; Tchad. Le sous-pre\u0301fet de Miandoum, Mbainaissem Salomon, avec le soutien du chef de canton de Miandoum, a lance\u0301 le 13 novembre 2023, une campagne de sensibilisation destine\u0301e aux e\u0301leveurs et agriculteurs de la re\u0301gion. Cette initiative vise a\u0300 pre\u0301venir les conflits entre ces deux communaute\u0301s, et a\u0300 promouvoir la paix, l&rsquo;amour du prochain [&hellip;]<\/p>\n","protected":false},"author":82,"featured_media":53980,"comment_status":"open","ping_status":"closed","sticky":false,"template":"","format":"standard","meta":{"footnotes":""},"categories":[21,10],"tags":[37,292,29],"class_list":["post-53982","post","type-post","status-publish","format-standard","has-post-thumbnail","hentry","category-communaute","category-toutes-les-actualites","tag-africa-press","tag-africa-press-tchad","tag-tchad"],"yoast_head":"<!-- This site is optimized with the Yoast SEO Premium plugin v26.1 (Yoast SEO v27.0) - https:\/\/yoast.com\/product\/yoast-seo-premium-wordpress\/ -->\n<title>campagne de sensibilisation pour la cohabitation pacifique \u00e0 Miandoum - tchad<\/title>\n<meta name=\"description\" content=\"Le sous-pre\u0301fet de Miandoum, Mbainaissem Salomon, avec le soutien du chef de canton de Miandoum, a lance\u0301 le 13 novembre ...\" \/>\n<meta name=\"robots\" content=\"index, follow, max-snippet:-1, max-image-preview:large, max-video-preview:-1\" \/>\n<link rel=\"canonical\" href=\"https:\/\/www.africa-press.net\/tchad\/toutes-les-actualites\/campagne-de-sensibilisation-pour-la-cohabitation-pacifique-a-miandoum\" \/>\n<meta property=\"og:locale\" content=\"fr_FR\" \/>\n<meta property=\"og:type\" content=\"article\" \/>\n<meta property=\"og:title\" content=\"campagne de sensibilisation pour la cohabitation pacifique \u00e0 Miandoum\" \/>\n<meta property=\"og:description\" content=\"Le sous-pre\u0301fet de Miandoum, Mbainaissem Salomon, avec le soutien du chef de canton de Miandoum, a lance\u0301 le 13 novembre ...\" \/>\n<meta property=\"og:url\" content=\"https:\/\/www.africa-press.net\/tchad\/toutes-les-actualites\/campagne-de-sensibilisation-pour-la-cohabitation-pacifique-a-miandoum\" \/>\n<meta property=\"og:site_name\" content=\"tchad\" \/>\n<meta property=\"article:published_time\" content=\"2023-11-14T17:41:04+00:00\" \/>\n<meta property=\"article:modified_time\" content=\"2023-11-14T18:20:13+00:00\" \/>\n<meta property=\"og:image\" content=\"https:\/\/static.africa-press.net\/tchad\/sites\/41\/2023\/11\/sm_1699973352.934448.jpg\" \/>\n\t<meta property=\"og:image:width\" content=\"1024\" \/>\n\t<meta property=\"og:image:height\" content=\"432\" \/>\n\t<meta property=\"og:image:type\" content=\"image\/jpeg\" \/>\n<meta name=\"author\" content=\"cfeditorfr\" \/>\n<meta name=\"twitter:card\" content=\"summary_large_image\" \/>\n<meta name=\"twitter:label1\" content=\"\u00c9crit par\" \/>\n\t<meta name=\"twitter:data1\" content=\"cfeditorfr\" \/>\n\t<meta name=\"twitter:label2\" content=\"Dur\u00e9e de lecture estim\u00e9e\" \/>\n\t<meta name=\"twitter:data2\" content=\"1 minute\" \/>\n<script type=\"application\/ld+json\" class=\"yoast-schema-graph\">{\"@context\":\"https:\/\/schema.org\",\"@graph\":[{\"@type\":\"Article\",\"@id\":\"https:\/\/www.africa-press.net\/tchad\/toutes-les-actualites\/campagne-de-sensibilisation-pour-la-cohabitation-pacifique-a-miandoum#article\",\"isPartOf\":{\"@id\":\"https:\/\/www.africa-press.net\/tchad\/toutes-les-actualites\/campagne-de-sensibilisation-pour-la-cohabitation-pacifique-a-miandoum\"},\"author\":{\"name\":\"cfeditorfr\",\"@id\":\"https:\/\/www.africa-press.net\/tchad\/#\/schema\/person\/2b1cf3cd81a31e3cd26889ca66d677f1\"},\"headline\":\"campagne de sensibilisation pour la cohabitation pacifique \u00e0 Miandoum\",\"datePublished\":\"2023-11-14T17:41:04+00:00\",\"dateModified\":\"2023-11-14T18:20:13+00:00\",\"mainEntityOfPage\":{\"@id\":\"https:\/\/www.africa-press.net\/tchad\/toutes-les-actualites\/campagne-de-sensibilisation-pour-la-cohabitation-pacifique-a-miandoum\"},\"wordCount\":252,\"commentCount\":0,\"image\":{\"@id\":\"https:\/\/www.africa-press.net\/tchad\/toutes-les-actualites\/campagne-de-sensibilisation-pour-la-cohabitation-pacifique-a-miandoum#primaryimage\"},\"thumbnailUrl\":\"https:\/\/static.africa-press.net\/tchad\/sites\/41\/2023\/11\/sm_1699973352.934448.jpg\",\"keywords\":[\"Africa Press\",\"Africa Press-Tchad\",\"Tchad\"],\"articleSection\":[\"Communaut\u00e9\",\"Toutes les actualit\u00e9s\"],\"inLanguage\":\"fr-FR\",\"potentialAction\":[{\"@type\":\"CommentAction\",\"name\":\"Comment\",\"target\":[\"https:\/\/www.africa-press.net\/tchad\/toutes-les-actualites\/campagne-de-sensibilisation-pour-la-cohabitation-pacifique-a-miandoum#respond\"]}]},{\"@type\":\"WebPage\",\"@id\":\"https:\/\/www.africa-press.net\/tchad\/toutes-les-actualites\/campagne-de-sensibilisation-pour-la-cohabitation-pacifique-a-miandoum\",\"url\":\"https:\/\/www.africa-press.net\/tchad\/toutes-les-actualites\/campagne-de-sensibilisation-pour-la-cohabitation-pacifique-a-miandoum\",\"name\":\"campagne de sensibilisation pour la cohabitation pacifique \u00e0 Miandoum - tchad\",\"isPartOf\":{\"@id\":\"https:\/\/www.africa-press.net\/tchad\/#website\"},\"primaryImageOfPage\":{\"@id\":\"https:\/\/www.africa-press.net\/tchad\/toutes-les-actualites\/campagne-de-sensibilisation-pour-la-cohabitation-pacifique-a-miandoum#primaryimage\"},\"image\":{\"@id\":\"https:\/\/www.africa-press.net\/tchad\/toutes-les-actualites\/campagne-de-sensibilisation-pour-la-cohabitation-pacifique-a-miandoum#primaryimage\"},\"thumbnailUrl\":\"https:\/\/static.africa-press.net\/tchad\/sites\/41\/2023\/11\/sm_1699973352.934448.jpg\",\"datePublished\":\"2023-11-14T17:41:04+00:00\",\"dateModified\":\"2023-11-14T18:20:13+00:00\",\"author\":{\"@id\":\"https:\/\/www.africa-press.net\/tchad\/#\/schema\/person\/2b1cf3cd81a31e3cd26889ca66d677f1\"},\"description\":\"Le sous-pre\u0301fet de Miandoum, Mbainaissem Salomon, avec le soutien du chef de canton de Miandoum, a lance\u0301 le 13 novembre ...\",\"breadcrumb\":{\"@id\":\"https:\/\/www.africa-press.net\/tchad\/toutes-les-actualites\/campagne-de-sensibilisation-pour-la-cohabitation-pacifique-a-miandoum#breadcrumb\"},\"inLanguage\":\"fr-FR\",\"potentialAction\":[{\"@type\":\"ReadAction\",\"target\":[\"https:\/\/www.africa-press.net\/tchad\/toutes-les-actualites\/campagne-de-sensibilisation-pour-la-cohabitation-pacifique-a-miandoum\"]}]},{\"@type\":\"ImageObject\",\"inLanguage\":\"fr-FR\",\"@id\":\"https:\/\/www.africa-press.net\/tchad\/toutes-les-actualites\/campagne-de-sensibilisation-pour-la-cohabitation-pacifique-a-miandoum#primaryimage\",\"url\":\"https:\/\/static.africa-press.net\/tchad\/sites\/41\/2023\/11\/sm_1699973352.934448.jpg\",\"contentUrl\":\"https:\/\/static.africa-press.net\/tchad\/sites\/41\/2023\/11\/sm_1699973352.934448.jpg\",\"width\":1024,\"height\":432,\"caption\":\"campagne de sensibilisation pour la cohabitation pacifique \u00e0 Miandoum\"},{\"@type\":\"BreadcrumbList\",\"@id\":\"https:\/\/www.africa-press.net\/tchad\/toutes-les-actualites\/campagne-de-sensibilisation-pour-la-cohabitation-pacifique-a-miandoum#breadcrumb\",\"itemListElement\":[{\"@type\":\"ListItem\",\"position\":1,\"name\":\"Accueil\",\"item\":\"https:\/\/www.africa-press.net\/tchad\/\"},{\"@type\":\"ListItem\",\"position\":2,\"name\":\"campagne de sensibilisation pour la cohabitation pacifique \u00e0 Miandoum\"}]},{\"@type\":\"WebSite\",\"@id\":\"https:\/\/www.africa-press.net\/tchad\/#website\",\"url\":\"https:\/\/www.africa-press.net\/tchad\/\",\"name\":\"tchad\",\"description\":\"Just another Africa News Agency Sites site\",\"potentialAction\":[{\"@type\":\"SearchAction\",\"target\":{\"@type\":\"EntryPoint\",\"urlTemplate\":\"https:\/\/www.africa-press.net\/tchad\/?s={search_term_string}\"},\"query-input\":{\"@type\":\"PropertyValueSpecification\",\"valueRequired\":true,\"valueName\":\"search_term_string\"}}],\"inLanguage\":\"fr-FR\"},{\"@type\":\"Person\",\"@id\":\"https:\/\/www.africa-press.net\/tchad\/#\/schema\/person\/2b1cf3cd81a31e3cd26889ca66d677f1\",\"name\":\"cfeditorfr\"}]}<\/script>\n<!-- \/ Yoast SEO Premium plugin. -->","yoast_head_json":{"title":"campagne de sensibilisation pour la cohabitation pacifique \u00e0 Miandoum - tchad","description":"Le sous-pre\u0301fet de Miandoum, Mbainaissem Salomon, avec le soutien du chef de canton de Miandoum, a lance\u0301 le 13 novembre ...","robots":{"index":"index","follow":"follow","max-snippet":"max-snippet:-1","max-image-preview":"max-image-preview:large","max-video-preview":"max-video-preview:-1"},"canonical":"https:\/\/www.africa-press.net\/tchad\/toutes-les-actualites\/campagne-de-sensibilisation-pour-la-cohabitation-pacifique-a-miandoum","og_locale":"fr_FR","og_type":"article","og_title":"campagne de sensibilisation pour la cohabitation pacifique \u00e0 Miandoum","og_description":"Le sous-pre\u0301fet de Miandoum, Mbainaissem Salomon, avec le soutien du chef de canton de Miandoum, a lance\u0301 le 13 novembre ...","og_url":"https:\/\/www.africa-press.net\/tchad\/toutes-les-actualites\/campagne-de-sensibilisation-pour-la-cohabitation-pacifique-a-miandoum","og_site_name":"tchad","article_published_time":"2023-11-14T17:41:04+00:00","article_modified_time":"2023-11-14T18:20:13+00:00","og_image":[{"width":1024,"height":432,"url":"https:\/\/static.africa-press.net\/tchad\/sites\/41\/2023\/11\/sm_1699973352.934448.jpg","type":"image\/jpeg"}],"author":"cfeditorfr","twitter_card":"summary_large_image","twitter_misc":{"\u00c9crit par":"cfeditorfr","Dur\u00e9e de lecture estim\u00e9e":"1 minute"},"schema":{"@context":"https:\/\/schema.org","@graph":[{"@type":"Article","@id":"https:\/\/www.africa-press.net\/tchad\/toutes-les-actualites\/campagne-de-sensibilisation-pour-la-cohabitation-pacifique-a-miandoum#article","isPartOf":{"@id":"https:\/\/www.africa-press.net\/tchad\/toutes-les-actualites\/campagne-de-sensibilisation-pour-la-cohabitation-pacifique-a-miandoum"},"author":{"name":"cfeditorfr","@id":"https:\/\/www.africa-press.net\/tchad\/#\/schema\/person\/2b1cf3cd81a31e3cd26889ca66d677f1"},"headline":"campagne de sensibilisation pour la cohabitation pacifique \u00e0 Miandoum","datePublished":"2023-11-14T17:41:04+00:00","dateModified":"2023-11-14T18:20:13+00:00","mainEntityOfPage":{"@id":"https:\/\/www.africa-press.net\/tchad\/toutes-les-actualites\/campagne-de-sensibilisation-pour-la-cohabitation-pacifique-a-miandoum"},"wordCount":252,"commentCount":0,"image":{"@id":"https:\/\/www.africa-press.net\/tchad\/toutes-les-actualites\/campagne-de-sensibilisation-pour-la-cohabitation-pacifique-a-miandoum#primaryimage"},"thumbnailUrl":"https:\/\/static.africa-press.net\/tchad\/sites\/41\/2023\/11\/sm_1699973352.934448.jpg","keywords":["Africa Press","Africa Press-Tchad","Tchad"],"articleSection":["Communaut\u00e9","Toutes les actualit\u00e9s"],"inLanguage":"fr-FR","potentialAction":[{"@type":"CommentAction","name":"Comment","target":["https:\/\/www.africa-press.net\/tchad\/toutes-les-actualites\/campagne-de-sensibilisation-pour-la-cohabitation-pacifique-a-miandoum#respond"]}]},{"@type":"WebPage","@id":"https:\/\/www.africa-press.net\/tchad\/toutes-les-actualites\/campagne-de-sensibilisation-pour-la-cohabitation-pacifique-a-miandoum","url":"https:\/\/www.africa-press.net\/tchad\/toutes-les-actualites\/campagne-de-sensibilisation-pour-la-cohabitation-pacifique-a-miandoum","name":"campagne de sensibilisation pour la cohabitation pacifique \u00e0 Miandoum - tchad","isPartOf":{"@id":"https:\/\/www.africa-press.net\/tchad\/#website"},"primaryImageOfPage":{"@id":"https:\/\/www.africa-press.net\/tchad\/toutes-les-actualites\/campagne-de-sensibilisation-pour-la-cohabitation-pacifique-a-miandoum#primaryimage"},"image":{"@id":"https:\/\/www.africa-press.net\/tchad\/toutes-les-actualites\/campagne-de-sensibilisation-pour-la-cohabitation-pacifique-a-miandoum#primaryimage"},"thumbnailUrl":"https:\/\/static.africa-press.net\/tchad\/sites\/41\/2023\/11\/sm_1699973352.934448.jpg","datePublished":"2023-11-14T17:41:04+00:00","dateModified":"2023-11-14T18:20:13+00:00","author":{"@id":"https:\/\/www.africa-press.net\/tchad\/#\/schema\/person\/2b1cf3cd81a31e3cd26889ca66d677f1"},"description":"Le sous-pre\u0301fet de Miandoum, Mbainaissem Salomon, avec le soutien du chef de canton de Miandoum, a lance\u0301 le 13 novembre ...","breadcrumb":{"@id":"https:\/\/www.africa-press.net\/tchad\/toutes-les-actualites\/campagne-de-sensibilisation-pour-la-cohabitation-pacifique-a-miandoum#breadcrumb"},"inLanguage":"fr-FR","potentialAction":[{"@type":"ReadAction","target":["https:\/\/www.africa-press.net\/tchad\/toutes-les-actualites\/campagne-de-sensibilisation-pour-la-cohabitation-pacifique-a-miandoum"]}]},{"@type":"ImageObject","inLanguage":"fr-FR","@id":"https:\/\/www.africa-press.net\/tchad\/toutes-les-actualites\/campagne-de-sensibilisation-pour-la-cohabitation-pacifique-a-miandoum#primaryimage","url":"https:\/\/static.africa-press.net\/tchad\/sites\/41\/2023\/11\/sm_1699973352.934448.jpg","contentUrl":"https:\/\/static.africa-press.net\/tchad\/sites\/41\/2023\/11\/sm_1699973352.934448.jpg","width":1024,"height":432,"caption":"campagne de sensibilisation pour la cohabitation pacifique \u00e0 Miandoum"},{"@type":"BreadcrumbList","@id":"https:\/\/www.africa-press.net\/tchad\/toutes-les-actualites\/campagne-de-sensibilisation-pour-la-cohabitation-pacifique-a-miandoum#breadcrumb","itemListElement":[{"@type":"ListItem","position":1,"name":"Accueil","item":"https:\/\/www.africa-press.net\/tchad\/"},{"@type":"ListItem","position":2,"name":"campagne de sensibilisation pour la cohabitation pacifique \u00e0 Miandoum"}]},{"@type":"WebSite","@id":"https:\/\/www.africa-press.net\/tchad\/#website","url":"https:\/\/www.africa-press.net\/tchad\/","name":"tchad","description":"Just another Africa News Agency Sites site","potentialAction":[{"@type":"SearchAction","target":{"@type":"EntryPoint","urlTemplate":"https:\/\/www.africa-press.net\/tchad\/?s={search_term_string}"},"query-input":{"@type":"PropertyValueSpecification","valueRequired":true,"valueName":"search_term_string"}}],"inLanguage":"fr-FR"},{"@type":"Person","@id":"https:\/\/www.africa-press.net\/tchad\/#\/schema\/person\/2b1cf3cd81a31e3cd26889ca66d677f1","name":"cfeditorfr"}]}},"_links":{"self":[{"href":"https:\/\/www.africa-press.net\/tchad\/wp-json\/wp\/v2\/posts\/53982","targetHints":{"allow":["GET"]}}],"collection":[{"href":"https:\/\/www.africa-press.net\/tchad\/wp-json\/wp\/v2\/posts"}],"about":[{"href":"https:\/\/www.africa-press.net\/tchad\/wp-json\/wp\/v2\/types\/post"}],"author":[{"embeddable":true,"href":"https:\/\/www.africa-press.net\/tchad\/wp-json\/wp\/v2\/users\/82"}],"replies":[{"embeddable":true,"href":"https:\/\/www.africa-press.net\/tchad\/wp-json\/wp\/v2\/comments?post=53982"}],"version-history":[{"count":0,"href":"https:\/\/www.africa-press.net\/tchad\/wp-json\/wp\/v2\/posts\/53982\/revisions"}],"wp:featuredmedia":[{"embeddable":true,"href":"https:\/\/www.africa-press.net\/tchad\/wp-json\/wp\/v2\/media\/53980"}],"wp:attachment":[{"href":"https:\/\/www.africa-press.net\/tchad\/wp-json\/wp\/v2\/media?parent=53982"}],"wp:term":[{"taxonomy":"category","embeddable":true,"href":"https:\/\/www.africa-press.net\/tchad\/wp-json\/wp\/v2\/categories?post=53982"},{"taxonomy":"post_tag","embeddable":true,"href":"https:\/\/www.africa-press.net\/tchad\/wp-json\/wp\/v2\/tags?post=53982"}],"curies":[{"name":"wp","href":"https:\/\/api.w.org\/{rel}","templated":true}]}}