{"id":54014,"date":"2023-11-15T18:57:29","date_gmt":"2023-11-15T18:57:29","guid":{"rendered":"https:\/\/www.africa-press.net\/tchad\/politique\/le-representant-special-des-nations-unies-recu-par-le-ministre-des-affaires-etrangeres"},"modified":"2023-11-15T19:11:27","modified_gmt":"2023-11-15T19:11:27","slug":"le-representant-special-des-nations-unies-recu-par-le-ministre-des-affaires-etrangeres","status":"publish","type":"post","link":"https:\/\/www.africa-press.net\/tchad\/politique\/le-representant-special-des-nations-unies-recu-par-le-ministre-des-affaires-etrangeres","title":{"rendered":"le Repr\u00e9sentant sp\u00e9cial des Nations-Unies re\u00e7u par le ministre des Affaires \u00e9trang\u00e8res"},"content":{"rendered":"<p><span style=\"color: #ff6600\"><strong>Africa-Press &#8211; Tchad. <\/strong><\/span>Cette rencontre s&rsquo;inscrit dans le suivi du processus de transition au Tchad et l&rsquo;e\u0301valuation de la crise humanitaire, un suivi entame\u0301 en juillet dernier avec la Secre\u0301taire ge\u0301ne\u0301rale adjointe de l&rsquo;ONU, Amina Mohammed.<\/p>\n<p>Au cours de l&rsquo;audience, Monsieur Abarry a discute\u0301 avec le ministre du processus de transition en cours et de la situation humanitaire dans l&rsquo;Est du Tchad, exacerbe\u0301e par l&rsquo;arrive\u0301e des re\u0301fugie\u0301s soudanais. Accompagne\u0301 de Monsieur Issoufou Boube, Assistant spe\u0301cial aux affaires politiques, et de Monsieur Souleymane Beye, conseiller en affaires politiques, le Repre\u0301sentant spe\u0301cial a re\u0301ite\u0301re\u0301 l&rsquo;engagement des Nations Unies a\u0300 soutenir la transition en cours et a exprime\u0301 ses pre\u0301occupations face a\u0300 l&rsquo;aggravation de la crise humanitaire due au conflit au Soudan.<\/p>\n<p>Il a informe\u0301 le ministre que le processus de transition se de\u0301roule de manie\u0300re satisfaisante et que les pre\u0301paratifs du re\u0301fe\u0301rendum constitutionnel progressent bien. De plus, il a mentionne\u0301 la mise en place par le Secre\u0301taire ge\u0301ne\u0301ral des Nations-Unies d&rsquo;un poste d&rsquo;urgence pour mobiliser le soutien de la communaute\u0301 internationale en faveur du Tchad. \u00ab\u00a0Le Tchad ne peut pas faire face seul aux de\u0301fis pose\u0301s par l&rsquo;afflux de re\u0301fugie\u0301s, notamment ceux venant du Soudan\u00a0\u00bb, a-t-il pre\u0301cise\u0301.<\/p>\n<p>Monsieur Abarry est a\u0300 N&rsquo;Djamena du 14 au 17 novembre 2023 pour sa mission, durant laquelle il pre\u0301voit des entretiens avec le pre\u0301sident de la transition et le premier ministre avant son de\u0301part.<\/p>\n<p><strong>Pour plus d&rsquo;informations et d&rsquo;analyses sur la <a href=\"https:\/\/www.africa-press.net\/tchad\">Tchad<\/a>, suivez <a href=\"https:\/\/www.africa-press.net\/\">Africa-Press<\/a><\/strong><\/p>\n","protected":false},"excerpt":{"rendered":"<p>Africa-Press &#8211; Tchad. Cette rencontre s&rsquo;inscrit dans le suivi du processus de transition au Tchad et l&rsquo;e\u0301valuation de la crise humanitaire, un suivi entame\u0301 en juillet dernier avec la Secre\u0301taire ge\u0301ne\u0301rale adjointe de l&rsquo;ONU, Amina Mohammed. Au cours de l&rsquo;audience, Monsieur Abarry a discute\u0301 avec le ministre du processus de transition en cours et de [&hellip;]<\/p>\n","protected":false},"author":82,"featured_media":54013,"comment_status":"open","ping_status":"closed","sticky":false,"template":"","format":"standard","meta":{"footnotes":""},"categories":[2,20,10],"tags":[37,292,29],"class_list":["post-54014","post","type-post","status-publish","format-standard","has-post-thumbnail","hentry","category-politique","category-top-nouvelles","category-toutes-les-actualites","tag-africa-press","tag-africa-press-tchad","tag-tchad"],"yoast_head":"<!-- This site is optimized with the Yoast SEO Premium plugin v26.1 (Yoast SEO v27.0) - https:\/\/yoast.com\/product\/yoast-seo-premium-wordpress\/ -->\n<title>le Repr\u00e9sentant sp\u00e9cial des Nations-Unies re\u00e7u par le ministre des Affaires \u00e9trang\u00e8res - tchad<\/title>\n<meta name=\"description\" content=\"Cette rencontre s&#039;inscrit dans le suivi du processus de transition au Tchad et l&#039;e\u0301valuation de la crise humanitaire, un ...\" \/>\n<meta name=\"robots\" content=\"index, follow, max-snippet:-1, max-image-preview:large, max-video-preview:-1\" \/>\n<link rel=\"canonical\" href=\"https:\/\/www.africa-press.net\/tchad\/politique\/le-representant-special-des-nations-unies-recu-par-le-ministre-des-affaires-etrangeres\" \/>\n<meta property=\"og:locale\" content=\"fr_FR\" \/>\n<meta property=\"og:type\" content=\"article\" \/>\n<meta property=\"og:title\" content=\"le Repr\u00e9sentant sp\u00e9cial des Nations-Unies re\u00e7u par le ministre des Affaires \u00e9trang\u00e8res\" \/>\n<meta property=\"og:description\" content=\"Cette rencontre s&#039;inscrit dans le suivi du processus de transition au Tchad et l&#039;e\u0301valuation de la crise humanitaire, un ...\" \/>\n<meta property=\"og:url\" content=\"https:\/\/www.africa-press.net\/tchad\/politique\/le-representant-special-des-nations-unies-recu-par-le-ministre-des-affaires-etrangeres\" \/>\n<meta property=\"og:site_name\" content=\"tchad\" \/>\n<meta property=\"article:published_time\" content=\"2023-11-15T18:57:29+00:00\" \/>\n<meta property=\"article:modified_time\" content=\"2023-11-15T19:11:27+00:00\" \/>\n<meta property=\"og:image\" content=\"https:\/\/static.africa-press.net\/tchad\/sites\/41\/2023\/11\/sm_1700062789.68976.jpg\" \/>\n\t<meta property=\"og:image:width\" content=\"720\" \/>\n\t<meta property=\"og:image:height\" content=\"480\" \/>\n\t<meta property=\"og:image:type\" content=\"image\/jpeg\" \/>\n<meta name=\"author\" content=\"cfeditorfr\" \/>\n<meta name=\"twitter:card\" content=\"summary_large_image\" \/>\n<meta name=\"twitter:label1\" content=\"\u00c9crit par\" \/>\n\t<meta name=\"twitter:data1\" content=\"cfeditorfr\" \/>\n\t<meta name=\"twitter:label2\" content=\"Dur\u00e9e de lecture estim\u00e9e\" \/>\n\t<meta name=\"twitter:data2\" content=\"2 minutes\" \/>\n<script type=\"application\/ld+json\" class=\"yoast-schema-graph\">{\"@context\":\"https:\/\/schema.org\",\"@graph\":[{\"@type\":\"Article\",\"@id\":\"https:\/\/www.africa-press.net\/tchad\/politique\/le-representant-special-des-nations-unies-recu-par-le-ministre-des-affaires-etrangeres#article\",\"isPartOf\":{\"@id\":\"https:\/\/www.africa-press.net\/tchad\/politique\/le-representant-special-des-nations-unies-recu-par-le-ministre-des-affaires-etrangeres\"},\"author\":{\"name\":\"cfeditorfr\",\"@id\":\"https:\/\/www.africa-press.net\/tchad\/#\/schema\/person\/2b1cf3cd81a31e3cd26889ca66d677f1\"},\"headline\":\"le Repr\u00e9sentant sp\u00e9cial des Nations-Unies re\u00e7u par le ministre des Affaires \u00e9trang\u00e8res\",\"datePublished\":\"2023-11-15T18:57:29+00:00\",\"dateModified\":\"2023-11-15T19:11:27+00:00\",\"mainEntityOfPage\":{\"@id\":\"https:\/\/www.africa-press.net\/tchad\/politique\/le-representant-special-des-nations-unies-recu-par-le-ministre-des-affaires-etrangeres\"},\"wordCount\":295,\"commentCount\":0,\"image\":{\"@id\":\"https:\/\/www.africa-press.net\/tchad\/politique\/le-representant-special-des-nations-unies-recu-par-le-ministre-des-affaires-etrangeres#primaryimage\"},\"thumbnailUrl\":\"https:\/\/static.africa-press.net\/tchad\/sites\/41\/2023\/11\/sm_1700062789.68976.jpg\",\"keywords\":[\"Africa Press\",\"Africa Press-Tchad\",\"Tchad\"],\"articleSection\":[\"Politique\",\"Top Nouvelles\",\"Toutes les actualit\u00e9s\"],\"inLanguage\":\"fr-FR\",\"potentialAction\":[{\"@type\":\"CommentAction\",\"name\":\"Comment\",\"target\":[\"https:\/\/www.africa-press.net\/tchad\/politique\/le-representant-special-des-nations-unies-recu-par-le-ministre-des-affaires-etrangeres#respond\"]}]},{\"@type\":\"WebPage\",\"@id\":\"https:\/\/www.africa-press.net\/tchad\/politique\/le-representant-special-des-nations-unies-recu-par-le-ministre-des-affaires-etrangeres\",\"url\":\"https:\/\/www.africa-press.net\/tchad\/politique\/le-representant-special-des-nations-unies-recu-par-le-ministre-des-affaires-etrangeres\",\"name\":\"le Repr\u00e9sentant sp\u00e9cial des Nations-Unies re\u00e7u par le ministre des Affaires \u00e9trang\u00e8res - tchad\",\"isPartOf\":{\"@id\":\"https:\/\/www.africa-press.net\/tchad\/#website\"},\"primaryImageOfPage\":{\"@id\":\"https:\/\/www.africa-press.net\/tchad\/politique\/le-representant-special-des-nations-unies-recu-par-le-ministre-des-affaires-etrangeres#primaryimage\"},\"image\":{\"@id\":\"https:\/\/www.africa-press.net\/tchad\/politique\/le-representant-special-des-nations-unies-recu-par-le-ministre-des-affaires-etrangeres#primaryimage\"},\"thumbnailUrl\":\"https:\/\/static.africa-press.net\/tchad\/sites\/41\/2023\/11\/sm_1700062789.68976.jpg\",\"datePublished\":\"2023-11-15T18:57:29+00:00\",\"dateModified\":\"2023-11-15T19:11:27+00:00\",\"author\":{\"@id\":\"https:\/\/www.africa-press.net\/tchad\/#\/schema\/person\/2b1cf3cd81a31e3cd26889ca66d677f1\"},\"description\":\"Cette rencontre s'inscrit dans le suivi du processus de transition au Tchad et l'e\u0301valuation de la crise humanitaire, un ...\",\"breadcrumb\":{\"@id\":\"https:\/\/www.africa-press.net\/tchad\/politique\/le-representant-special-des-nations-unies-recu-par-le-ministre-des-affaires-etrangeres#breadcrumb\"},\"inLanguage\":\"fr-FR\",\"potentialAction\":[{\"@type\":\"ReadAction\",\"target\":[\"https:\/\/www.africa-press.net\/tchad\/politique\/le-representant-special-des-nations-unies-recu-par-le-ministre-des-affaires-etrangeres\"]}]},{\"@type\":\"ImageObject\",\"inLanguage\":\"fr-FR\",\"@id\":\"https:\/\/www.africa-press.net\/tchad\/politique\/le-representant-special-des-nations-unies-recu-par-le-ministre-des-affaires-etrangeres#primaryimage\",\"url\":\"https:\/\/static.africa-press.net\/tchad\/sites\/41\/2023\/11\/sm_1700062789.68976.jpg\",\"contentUrl\":\"https:\/\/static.africa-press.net\/tchad\/sites\/41\/2023\/11\/sm_1700062789.68976.jpg\",\"width\":720,\"height\":480,\"caption\":\"le Repr\u00e9sentant sp\u00e9cial des Nations-Unies re\u00e7u par le ministre des Affaires \u00e9trang\u00e8res\"},{\"@type\":\"BreadcrumbList\",\"@id\":\"https:\/\/www.africa-press.net\/tchad\/politique\/le-representant-special-des-nations-unies-recu-par-le-ministre-des-affaires-etrangeres#breadcrumb\",\"itemListElement\":[{\"@type\":\"ListItem\",\"position\":1,\"name\":\"Accueil\",\"item\":\"https:\/\/www.africa-press.net\/tchad\/\"},{\"@type\":\"ListItem\",\"position\":2,\"name\":\"le Repr\u00e9sentant sp\u00e9cial des Nations-Unies re\u00e7u par le ministre des Affaires \u00e9trang\u00e8res\"}]},{\"@type\":\"WebSite\",\"@id\":\"https:\/\/www.africa-press.net\/tchad\/#website\",\"url\":\"https:\/\/www.africa-press.net\/tchad\/\",\"name\":\"tchad\",\"description\":\"Just another Africa News Agency Sites site\",\"potentialAction\":[{\"@type\":\"SearchAction\",\"target\":{\"@type\":\"EntryPoint\",\"urlTemplate\":\"https:\/\/www.africa-press.net\/tchad\/?s={search_term_string}\"},\"query-input\":{\"@type\":\"PropertyValueSpecification\",\"valueRequired\":true,\"valueName\":\"search_term_string\"}}],\"inLanguage\":\"fr-FR\"},{\"@type\":\"Person\",\"@id\":\"https:\/\/www.africa-press.net\/tchad\/#\/schema\/person\/2b1cf3cd81a31e3cd26889ca66d677f1\",\"name\":\"cfeditorfr\"}]}<\/script>\n<!-- \/ Yoast SEO Premium plugin. -->","yoast_head_json":{"title":"le Repr\u00e9sentant sp\u00e9cial des Nations-Unies re\u00e7u par le ministre des Affaires \u00e9trang\u00e8res - tchad","description":"Cette rencontre s'inscrit dans le suivi du processus de transition au Tchad et l'e\u0301valuation de la crise humanitaire, un ...","robots":{"index":"index","follow":"follow","max-snippet":"max-snippet:-1","max-image-preview":"max-image-preview:large","max-video-preview":"max-video-preview:-1"},"canonical":"https:\/\/www.africa-press.net\/tchad\/politique\/le-representant-special-des-nations-unies-recu-par-le-ministre-des-affaires-etrangeres","og_locale":"fr_FR","og_type":"article","og_title":"le Repr\u00e9sentant sp\u00e9cial des Nations-Unies re\u00e7u par le ministre des Affaires \u00e9trang\u00e8res","og_description":"Cette rencontre s'inscrit dans le suivi du processus de transition au Tchad et l'e\u0301valuation de la crise humanitaire, un ...","og_url":"https:\/\/www.africa-press.net\/tchad\/politique\/le-representant-special-des-nations-unies-recu-par-le-ministre-des-affaires-etrangeres","og_site_name":"tchad","article_published_time":"2023-11-15T18:57:29+00:00","article_modified_time":"2023-11-15T19:11:27+00:00","og_image":[{"width":720,"height":480,"url":"https:\/\/static.africa-press.net\/tchad\/sites\/41\/2023\/11\/sm_1700062789.68976.jpg","type":"image\/jpeg"}],"author":"cfeditorfr","twitter_card":"summary_large_image","twitter_misc":{"\u00c9crit par":"cfeditorfr","Dur\u00e9e de lecture estim\u00e9e":"2 minutes"},"schema":{"@context":"https:\/\/schema.org","@graph":[{"@type":"Article","@id":"https:\/\/www.africa-press.net\/tchad\/politique\/le-representant-special-des-nations-unies-recu-par-le-ministre-des-affaires-etrangeres#article","isPartOf":{"@id":"https:\/\/www.africa-press.net\/tchad\/politique\/le-representant-special-des-nations-unies-recu-par-le-ministre-des-affaires-etrangeres"},"author":{"name":"cfeditorfr","@id":"https:\/\/www.africa-press.net\/tchad\/#\/schema\/person\/2b1cf3cd81a31e3cd26889ca66d677f1"},"headline":"le Repr\u00e9sentant sp\u00e9cial des Nations-Unies re\u00e7u par le ministre des Affaires \u00e9trang\u00e8res","datePublished":"2023-11-15T18:57:29+00:00","dateModified":"2023-11-15T19:11:27+00:00","mainEntityOfPage":{"@id":"https:\/\/www.africa-press.net\/tchad\/politique\/le-representant-special-des-nations-unies-recu-par-le-ministre-des-affaires-etrangeres"},"wordCount":295,"commentCount":0,"image":{"@id":"https:\/\/www.africa-press.net\/tchad\/politique\/le-representant-special-des-nations-unies-recu-par-le-ministre-des-affaires-etrangeres#primaryimage"},"thumbnailUrl":"https:\/\/static.africa-press.net\/tchad\/sites\/41\/2023\/11\/sm_1700062789.68976.jpg","keywords":["Africa Press","Africa Press-Tchad","Tchad"],"articleSection":["Politique","Top Nouvelles","Toutes les actualit\u00e9s"],"inLanguage":"fr-FR","potentialAction":[{"@type":"CommentAction","name":"Comment","target":["https:\/\/www.africa-press.net\/tchad\/politique\/le-representant-special-des-nations-unies-recu-par-le-ministre-des-affaires-etrangeres#respond"]}]},{"@type":"WebPage","@id":"https:\/\/www.africa-press.net\/tchad\/politique\/le-representant-special-des-nations-unies-recu-par-le-ministre-des-affaires-etrangeres","url":"https:\/\/www.africa-press.net\/tchad\/politique\/le-representant-special-des-nations-unies-recu-par-le-ministre-des-affaires-etrangeres","name":"le Repr\u00e9sentant sp\u00e9cial des Nations-Unies re\u00e7u par le ministre des Affaires \u00e9trang\u00e8res - tchad","isPartOf":{"@id":"https:\/\/www.africa-press.net\/tchad\/#website"},"primaryImageOfPage":{"@id":"https:\/\/www.africa-press.net\/tchad\/politique\/le-representant-special-des-nations-unies-recu-par-le-ministre-des-affaires-etrangeres#primaryimage"},"image":{"@id":"https:\/\/www.africa-press.net\/tchad\/politique\/le-representant-special-des-nations-unies-recu-par-le-ministre-des-affaires-etrangeres#primaryimage"},"thumbnailUrl":"https:\/\/static.africa-press.net\/tchad\/sites\/41\/2023\/11\/sm_1700062789.68976.jpg","datePublished":"2023-11-15T18:57:29+00:00","dateModified":"2023-11-15T19:11:27+00:00","author":{"@id":"https:\/\/www.africa-press.net\/tchad\/#\/schema\/person\/2b1cf3cd81a31e3cd26889ca66d677f1"},"description":"Cette rencontre s'inscrit dans le suivi du processus de transition au Tchad et l'e\u0301valuation de la crise humanitaire, un ...","breadcrumb":{"@id":"https:\/\/www.africa-press.net\/tchad\/politique\/le-representant-special-des-nations-unies-recu-par-le-ministre-des-affaires-etrangeres#breadcrumb"},"inLanguage":"fr-FR","potentialAction":[{"@type":"ReadAction","target":["https:\/\/www.africa-press.net\/tchad\/politique\/le-representant-special-des-nations-unies-recu-par-le-ministre-des-affaires-etrangeres"]}]},{"@type":"ImageObject","inLanguage":"fr-FR","@id":"https:\/\/www.africa-press.net\/tchad\/politique\/le-representant-special-des-nations-unies-recu-par-le-ministre-des-affaires-etrangeres#primaryimage","url":"https:\/\/static.africa-press.net\/tchad\/sites\/41\/2023\/11\/sm_1700062789.68976.jpg","contentUrl":"https:\/\/static.africa-press.net\/tchad\/sites\/41\/2023\/11\/sm_1700062789.68976.jpg","width":720,"height":480,"caption":"le Repr\u00e9sentant sp\u00e9cial des Nations-Unies re\u00e7u par le ministre des Affaires \u00e9trang\u00e8res"},{"@type":"BreadcrumbList","@id":"https:\/\/www.africa-press.net\/tchad\/politique\/le-representant-special-des-nations-unies-recu-par-le-ministre-des-affaires-etrangeres#breadcrumb","itemListElement":[{"@type":"ListItem","position":1,"name":"Accueil","item":"https:\/\/www.africa-press.net\/tchad\/"},{"@type":"ListItem","position":2,"name":"le Repr\u00e9sentant sp\u00e9cial des Nations-Unies re\u00e7u par le ministre des Affaires \u00e9trang\u00e8res"}]},{"@type":"WebSite","@id":"https:\/\/www.africa-press.net\/tchad\/#website","url":"https:\/\/www.africa-press.net\/tchad\/","name":"tchad","description":"Just another Africa News Agency Sites site","potentialAction":[{"@type":"SearchAction","target":{"@type":"EntryPoint","urlTemplate":"https:\/\/www.africa-press.net\/tchad\/?s={search_term_string}"},"query-input":{"@type":"PropertyValueSpecification","valueRequired":true,"valueName":"search_term_string"}}],"inLanguage":"fr-FR"},{"@type":"Person","@id":"https:\/\/www.africa-press.net\/tchad\/#\/schema\/person\/2b1cf3cd81a31e3cd26889ca66d677f1","name":"cfeditorfr"}]}},"_links":{"self":[{"href":"https:\/\/www.africa-press.net\/tchad\/wp-json\/wp\/v2\/posts\/54014","targetHints":{"allow":["GET"]}}],"collection":[{"href":"https:\/\/www.africa-press.net\/tchad\/wp-json\/wp\/v2\/posts"}],"about":[{"href":"https:\/\/www.africa-press.net\/tchad\/wp-json\/wp\/v2\/types\/post"}],"author":[{"embeddable":true,"href":"https:\/\/www.africa-press.net\/tchad\/wp-json\/wp\/v2\/users\/82"}],"replies":[{"embeddable":true,"href":"https:\/\/www.africa-press.net\/tchad\/wp-json\/wp\/v2\/comments?post=54014"}],"version-history":[{"count":0,"href":"https:\/\/www.africa-press.net\/tchad\/wp-json\/wp\/v2\/posts\/54014\/revisions"}],"wp:featuredmedia":[{"embeddable":true,"href":"https:\/\/www.africa-press.net\/tchad\/wp-json\/wp\/v2\/media\/54013"}],"wp:attachment":[{"href":"https:\/\/www.africa-press.net\/tchad\/wp-json\/wp\/v2\/media?parent=54014"}],"wp:term":[{"taxonomy":"category","embeddable":true,"href":"https:\/\/www.africa-press.net\/tchad\/wp-json\/wp\/v2\/categories?post=54014"},{"taxonomy":"post_tag","embeddable":true,"href":"https:\/\/www.africa-press.net\/tchad\/wp-json\/wp\/v2\/tags?post=54014"}],"curies":[{"name":"wp","href":"https:\/\/api.w.org\/{rel}","templated":true}]}}