{"id":54022,"date":"2023-11-15T18:59:04","date_gmt":"2023-11-15T18:59:04","guid":{"rendered":"https:\/\/www.africa-press.net\/tchad\/politique\/session-de-formation-a-mongo-pour-les-leaders-politiques-sur-le-cadre-electoral"},"modified":"2023-11-15T19:13:19","modified_gmt":"2023-11-15T19:13:19","slug":"session-de-formation-a-mongo-pour-les-leaders-politiques-sur-le-cadre-electoral","status":"publish","type":"post","link":"https:\/\/www.africa-press.net\/tchad\/politique\/session-de-formation-a-mongo-pour-les-leaders-politiques-sur-le-cadre-electoral","title":{"rendered":"session de formation \u00e0 Mongo pour les leaders politiques sur le cadre \u00e9lectoral"},"content":{"rendered":"<p><span style=\"color: #ff6600\"><strong>Africa-Press &#8211; Tchad. <\/strong><\/span>La se\u0301ance a e\u0301te\u0301 pre\u0301side\u0301e par le Secre\u0301taire Ge\u0301ne\u0301ral de la province du Gue\u0301ra. Organise\u0301 par le Cadre National de Concertation des Partis Politiques (CNCP), cet e\u0301ve\u0301nement a be\u0301ne\u0301ficie\u0301 du soutien financier du Programme des Nations Unies pour le De\u0301veloppement (PNUD) dans le cadre de la mise en \u0153uvre de son plan ope\u0301rationnel pour l&rsquo;anne\u0301e 2023.<\/p>\n<p>L&rsquo;objectif principal de cet atelier e\u0301tait de permettre aux participants de comprendre les enjeux du nouveau cadre juridique et institutionnel en pre\u0301paration du re\u0301fe\u0301rendum constitutionnel, conforme\u0301ment aux normes et standards internationaux ainsi qu&rsquo;aux meilleures pratiques internationales. Il visait e\u0301galement a\u0300 sensibiliser les leaders des partis politiques a\u0300 l&rsquo;importance de l&rsquo;implication des femmes et des jeunes dans le processus re\u0301fe\u0301rendaire et e\u0301lectoral, en lien avec la loi n\u00b0 01\/PT\/2023 du 30 mai 2023 relative a\u0300 l&rsquo;organisation du re\u0301fe\u0301rendum constitutionnel au Tchad.<\/p>\n<p>Dans son allocution, la Coordinatrice premie\u0300re adjointe du CNCP, Hawa Mht, a exprime\u0301 sa gratitude envers les autorite\u0301s administratives et les partenaires, en particulier le PNUD, pour leur soutien financier a\u0300 la re\u0301ussite de l&rsquo;atelier.<\/p>\n<p>Madame Kebder Guenang, assistante au programme du PNUD, a re\u0301ite\u0301re\u0301 l&rsquo;engagement de son organisation a\u0300 accompagner les leaders politiques dans le renforcement de leurs capacite\u0301s pour atteindre les objectifs fixe\u0301s.<\/p>\n<p>En clo\u0302turant l&rsquo;atelier, le Secre\u0301taire Ge\u0301ne\u0301ral de la province du Gue\u0301ra, Djerembete\u0301 Dingamyo, a souligne\u0301 que cette formation repre\u0301sente une contribution majeure a\u0300 la re\u0301ussite de la deuxie\u0300me phase de la transition et a remercie\u0301 le PNUD pour son soutien financier et le CNCP pour l&rsquo;organisation de l&rsquo;e\u0301ve\u0301nement.<\/p>\n<p><strong>Pour plus d&rsquo;informations et d&rsquo;analyses sur la <a href=\"https:\/\/www.africa-press.net\/tchad\">Tchad<\/a>, suivez <a href=\"https:\/\/www.africa-press.net\/\">Africa-Press<\/a><\/strong><\/p>\n","protected":false},"excerpt":{"rendered":"<p>Africa-Press &#8211; Tchad. La se\u0301ance a e\u0301te\u0301 pre\u0301side\u0301e par le Secre\u0301taire Ge\u0301ne\u0301ral de la province du Gue\u0301ra. Organise\u0301 par le Cadre National de Concertation des Partis Politiques (CNCP), cet e\u0301ve\u0301nement a be\u0301ne\u0301ficie\u0301 du soutien financier du Programme des Nations Unies pour le De\u0301veloppement (PNUD) dans le cadre de la mise en \u0153uvre de son plan [&hellip;]<\/p>\n","protected":false},"author":82,"featured_media":54021,"comment_status":"open","ping_status":"closed","sticky":false,"template":"","format":"standard","meta":{"footnotes":""},"categories":[2,10],"tags":[37,292,29],"class_list":["post-54022","post","type-post","status-publish","format-standard","has-post-thumbnail","hentry","category-politique","category-toutes-les-actualites","tag-africa-press","tag-africa-press-tchad","tag-tchad"],"yoast_head":"<!-- This site is optimized with the Yoast SEO Premium plugin v26.1 (Yoast SEO v27.0) - https:\/\/yoast.com\/product\/yoast-seo-premium-wordpress\/ -->\n<title>session de formation \u00e0 Mongo pour les leaders politiques sur le cadre \u00e9lectoral - tchad<\/title>\n<meta name=\"description\" content=\"La se\u0301ance a e\u0301te\u0301 pre\u0301side\u0301e par le Secre\u0301taire Ge\u0301ne\u0301ral de la province du Gue\u0301ra. Organise\u0301 par le Cadre National de ...\" \/>\n<meta name=\"robots\" content=\"index, follow, max-snippet:-1, max-image-preview:large, max-video-preview:-1\" \/>\n<link rel=\"canonical\" href=\"https:\/\/www.africa-press.net\/tchad\/politique\/session-de-formation-a-mongo-pour-les-leaders-politiques-sur-le-cadre-electoral\" \/>\n<meta property=\"og:locale\" content=\"fr_FR\" \/>\n<meta property=\"og:type\" content=\"article\" \/>\n<meta property=\"og:title\" content=\"session de formation \u00e0 Mongo pour les leaders politiques sur le cadre \u00e9lectoral\" \/>\n<meta property=\"og:description\" content=\"La se\u0301ance a e\u0301te\u0301 pre\u0301side\u0301e par le Secre\u0301taire Ge\u0301ne\u0301ral de la province du Gue\u0301ra. Organise\u0301 par le Cadre National de ...\" \/>\n<meta property=\"og:url\" content=\"https:\/\/www.africa-press.net\/tchad\/politique\/session-de-formation-a-mongo-pour-les-leaders-politiques-sur-le-cadre-electoral\" \/>\n<meta property=\"og:site_name\" content=\"tchad\" \/>\n<meta property=\"article:published_time\" content=\"2023-11-15T18:59:04+00:00\" \/>\n<meta property=\"article:modified_time\" content=\"2023-11-15T19:13:19+00:00\" \/>\n<meta property=\"og:image\" content=\"https:\/\/static.africa-press.net\/tchad\/sites\/41\/2023\/11\/sm_1700062896.612297.jpg\" \/>\n\t<meta property=\"og:image:width\" content=\"1080\" \/>\n\t<meta property=\"og:image:height\" content=\"486\" \/>\n\t<meta property=\"og:image:type\" content=\"image\/jpeg\" \/>\n<meta name=\"author\" content=\"cfeditorfr\" \/>\n<meta name=\"twitter:card\" content=\"summary_large_image\" \/>\n<meta name=\"twitter:label1\" content=\"\u00c9crit par\" \/>\n\t<meta name=\"twitter:data1\" content=\"cfeditorfr\" \/>\n\t<meta name=\"twitter:label2\" content=\"Dur\u00e9e de lecture estim\u00e9e\" \/>\n\t<meta name=\"twitter:data2\" content=\"2 minutes\" \/>\n<script type=\"application\/ld+json\" class=\"yoast-schema-graph\">{\"@context\":\"https:\/\/schema.org\",\"@graph\":[{\"@type\":\"Article\",\"@id\":\"https:\/\/www.africa-press.net\/tchad\/politique\/session-de-formation-a-mongo-pour-les-leaders-politiques-sur-le-cadre-electoral#article\",\"isPartOf\":{\"@id\":\"https:\/\/www.africa-press.net\/tchad\/politique\/session-de-formation-a-mongo-pour-les-leaders-politiques-sur-le-cadre-electoral\"},\"author\":{\"name\":\"cfeditorfr\",\"@id\":\"https:\/\/www.africa-press.net\/tchad\/#\/schema\/person\/2b1cf3cd81a31e3cd26889ca66d677f1\"},\"headline\":\"session de formation \u00e0 Mongo pour les leaders politiques sur le cadre \u00e9lectoral\",\"datePublished\":\"2023-11-15T18:59:04+00:00\",\"dateModified\":\"2023-11-15T19:13:19+00:00\",\"mainEntityOfPage\":{\"@id\":\"https:\/\/www.africa-press.net\/tchad\/politique\/session-de-formation-a-mongo-pour-les-leaders-politiques-sur-le-cadre-electoral\"},\"wordCount\":327,\"commentCount\":0,\"image\":{\"@id\":\"https:\/\/www.africa-press.net\/tchad\/politique\/session-de-formation-a-mongo-pour-les-leaders-politiques-sur-le-cadre-electoral#primaryimage\"},\"thumbnailUrl\":\"https:\/\/static.africa-press.net\/tchad\/sites\/41\/2023\/11\/sm_1700062896.612297.jpg\",\"keywords\":[\"Africa Press\",\"Africa Press-Tchad\",\"Tchad\"],\"articleSection\":[\"Politique\",\"Toutes les actualit\u00e9s\"],\"inLanguage\":\"fr-FR\",\"potentialAction\":[{\"@type\":\"CommentAction\",\"name\":\"Comment\",\"target\":[\"https:\/\/www.africa-press.net\/tchad\/politique\/session-de-formation-a-mongo-pour-les-leaders-politiques-sur-le-cadre-electoral#respond\"]}]},{\"@type\":\"WebPage\",\"@id\":\"https:\/\/www.africa-press.net\/tchad\/politique\/session-de-formation-a-mongo-pour-les-leaders-politiques-sur-le-cadre-electoral\",\"url\":\"https:\/\/www.africa-press.net\/tchad\/politique\/session-de-formation-a-mongo-pour-les-leaders-politiques-sur-le-cadre-electoral\",\"name\":\"session de formation \u00e0 Mongo pour les leaders politiques sur le cadre \u00e9lectoral - tchad\",\"isPartOf\":{\"@id\":\"https:\/\/www.africa-press.net\/tchad\/#website\"},\"primaryImageOfPage\":{\"@id\":\"https:\/\/www.africa-press.net\/tchad\/politique\/session-de-formation-a-mongo-pour-les-leaders-politiques-sur-le-cadre-electoral#primaryimage\"},\"image\":{\"@id\":\"https:\/\/www.africa-press.net\/tchad\/politique\/session-de-formation-a-mongo-pour-les-leaders-politiques-sur-le-cadre-electoral#primaryimage\"},\"thumbnailUrl\":\"https:\/\/static.africa-press.net\/tchad\/sites\/41\/2023\/11\/sm_1700062896.612297.jpg\",\"datePublished\":\"2023-11-15T18:59:04+00:00\",\"dateModified\":\"2023-11-15T19:13:19+00:00\",\"author\":{\"@id\":\"https:\/\/www.africa-press.net\/tchad\/#\/schema\/person\/2b1cf3cd81a31e3cd26889ca66d677f1\"},\"description\":\"La se\u0301ance a e\u0301te\u0301 pre\u0301side\u0301e par le Secre\u0301taire Ge\u0301ne\u0301ral de la province du Gue\u0301ra. Organise\u0301 par le Cadre National de ...\",\"breadcrumb\":{\"@id\":\"https:\/\/www.africa-press.net\/tchad\/politique\/session-de-formation-a-mongo-pour-les-leaders-politiques-sur-le-cadre-electoral#breadcrumb\"},\"inLanguage\":\"fr-FR\",\"potentialAction\":[{\"@type\":\"ReadAction\",\"target\":[\"https:\/\/www.africa-press.net\/tchad\/politique\/session-de-formation-a-mongo-pour-les-leaders-politiques-sur-le-cadre-electoral\"]}]},{\"@type\":\"ImageObject\",\"inLanguage\":\"fr-FR\",\"@id\":\"https:\/\/www.africa-press.net\/tchad\/politique\/session-de-formation-a-mongo-pour-les-leaders-politiques-sur-le-cadre-electoral#primaryimage\",\"url\":\"https:\/\/static.africa-press.net\/tchad\/sites\/41\/2023\/11\/sm_1700062896.612297.jpg\",\"contentUrl\":\"https:\/\/static.africa-press.net\/tchad\/sites\/41\/2023\/11\/sm_1700062896.612297.jpg\",\"width\":1080,\"height\":486,\"caption\":\"session de formation \u00e0 Mongo pour les leaders politiques sur le cadre \u00e9lectoral\"},{\"@type\":\"BreadcrumbList\",\"@id\":\"https:\/\/www.africa-press.net\/tchad\/politique\/session-de-formation-a-mongo-pour-les-leaders-politiques-sur-le-cadre-electoral#breadcrumb\",\"itemListElement\":[{\"@type\":\"ListItem\",\"position\":1,\"name\":\"Accueil\",\"item\":\"https:\/\/www.africa-press.net\/tchad\/\"},{\"@type\":\"ListItem\",\"position\":2,\"name\":\"session de formation \u00e0 Mongo pour les leaders politiques sur le cadre \u00e9lectoral\"}]},{\"@type\":\"WebSite\",\"@id\":\"https:\/\/www.africa-press.net\/tchad\/#website\",\"url\":\"https:\/\/www.africa-press.net\/tchad\/\",\"name\":\"tchad\",\"description\":\"Just another Africa News Agency Sites site\",\"potentialAction\":[{\"@type\":\"SearchAction\",\"target\":{\"@type\":\"EntryPoint\",\"urlTemplate\":\"https:\/\/www.africa-press.net\/tchad\/?s={search_term_string}\"},\"query-input\":{\"@type\":\"PropertyValueSpecification\",\"valueRequired\":true,\"valueName\":\"search_term_string\"}}],\"inLanguage\":\"fr-FR\"},{\"@type\":\"Person\",\"@id\":\"https:\/\/www.africa-press.net\/tchad\/#\/schema\/person\/2b1cf3cd81a31e3cd26889ca66d677f1\",\"name\":\"cfeditorfr\"}]}<\/script>\n<!-- \/ Yoast SEO Premium plugin. -->","yoast_head_json":{"title":"session de formation \u00e0 Mongo pour les leaders politiques sur le cadre \u00e9lectoral - tchad","description":"La se\u0301ance a e\u0301te\u0301 pre\u0301side\u0301e par le Secre\u0301taire Ge\u0301ne\u0301ral de la province du Gue\u0301ra. Organise\u0301 par le Cadre National de ...","robots":{"index":"index","follow":"follow","max-snippet":"max-snippet:-1","max-image-preview":"max-image-preview:large","max-video-preview":"max-video-preview:-1"},"canonical":"https:\/\/www.africa-press.net\/tchad\/politique\/session-de-formation-a-mongo-pour-les-leaders-politiques-sur-le-cadre-electoral","og_locale":"fr_FR","og_type":"article","og_title":"session de formation \u00e0 Mongo pour les leaders politiques sur le cadre \u00e9lectoral","og_description":"La se\u0301ance a e\u0301te\u0301 pre\u0301side\u0301e par le Secre\u0301taire Ge\u0301ne\u0301ral de la province du Gue\u0301ra. Organise\u0301 par le Cadre National de ...","og_url":"https:\/\/www.africa-press.net\/tchad\/politique\/session-de-formation-a-mongo-pour-les-leaders-politiques-sur-le-cadre-electoral","og_site_name":"tchad","article_published_time":"2023-11-15T18:59:04+00:00","article_modified_time":"2023-11-15T19:13:19+00:00","og_image":[{"width":1080,"height":486,"url":"https:\/\/static.africa-press.net\/tchad\/sites\/41\/2023\/11\/sm_1700062896.612297.jpg","type":"image\/jpeg"}],"author":"cfeditorfr","twitter_card":"summary_large_image","twitter_misc":{"\u00c9crit par":"cfeditorfr","Dur\u00e9e de lecture estim\u00e9e":"2 minutes"},"schema":{"@context":"https:\/\/schema.org","@graph":[{"@type":"Article","@id":"https:\/\/www.africa-press.net\/tchad\/politique\/session-de-formation-a-mongo-pour-les-leaders-politiques-sur-le-cadre-electoral#article","isPartOf":{"@id":"https:\/\/www.africa-press.net\/tchad\/politique\/session-de-formation-a-mongo-pour-les-leaders-politiques-sur-le-cadre-electoral"},"author":{"name":"cfeditorfr","@id":"https:\/\/www.africa-press.net\/tchad\/#\/schema\/person\/2b1cf3cd81a31e3cd26889ca66d677f1"},"headline":"session de formation \u00e0 Mongo pour les leaders politiques sur le cadre \u00e9lectoral","datePublished":"2023-11-15T18:59:04+00:00","dateModified":"2023-11-15T19:13:19+00:00","mainEntityOfPage":{"@id":"https:\/\/www.africa-press.net\/tchad\/politique\/session-de-formation-a-mongo-pour-les-leaders-politiques-sur-le-cadre-electoral"},"wordCount":327,"commentCount":0,"image":{"@id":"https:\/\/www.africa-press.net\/tchad\/politique\/session-de-formation-a-mongo-pour-les-leaders-politiques-sur-le-cadre-electoral#primaryimage"},"thumbnailUrl":"https:\/\/static.africa-press.net\/tchad\/sites\/41\/2023\/11\/sm_1700062896.612297.jpg","keywords":["Africa Press","Africa Press-Tchad","Tchad"],"articleSection":["Politique","Toutes les actualit\u00e9s"],"inLanguage":"fr-FR","potentialAction":[{"@type":"CommentAction","name":"Comment","target":["https:\/\/www.africa-press.net\/tchad\/politique\/session-de-formation-a-mongo-pour-les-leaders-politiques-sur-le-cadre-electoral#respond"]}]},{"@type":"WebPage","@id":"https:\/\/www.africa-press.net\/tchad\/politique\/session-de-formation-a-mongo-pour-les-leaders-politiques-sur-le-cadre-electoral","url":"https:\/\/www.africa-press.net\/tchad\/politique\/session-de-formation-a-mongo-pour-les-leaders-politiques-sur-le-cadre-electoral","name":"session de formation \u00e0 Mongo pour les leaders politiques sur le cadre \u00e9lectoral - tchad","isPartOf":{"@id":"https:\/\/www.africa-press.net\/tchad\/#website"},"primaryImageOfPage":{"@id":"https:\/\/www.africa-press.net\/tchad\/politique\/session-de-formation-a-mongo-pour-les-leaders-politiques-sur-le-cadre-electoral#primaryimage"},"image":{"@id":"https:\/\/www.africa-press.net\/tchad\/politique\/session-de-formation-a-mongo-pour-les-leaders-politiques-sur-le-cadre-electoral#primaryimage"},"thumbnailUrl":"https:\/\/static.africa-press.net\/tchad\/sites\/41\/2023\/11\/sm_1700062896.612297.jpg","datePublished":"2023-11-15T18:59:04+00:00","dateModified":"2023-11-15T19:13:19+00:00","author":{"@id":"https:\/\/www.africa-press.net\/tchad\/#\/schema\/person\/2b1cf3cd81a31e3cd26889ca66d677f1"},"description":"La se\u0301ance a e\u0301te\u0301 pre\u0301side\u0301e par le Secre\u0301taire Ge\u0301ne\u0301ral de la province du Gue\u0301ra. Organise\u0301 par le Cadre National de ...","breadcrumb":{"@id":"https:\/\/www.africa-press.net\/tchad\/politique\/session-de-formation-a-mongo-pour-les-leaders-politiques-sur-le-cadre-electoral#breadcrumb"},"inLanguage":"fr-FR","potentialAction":[{"@type":"ReadAction","target":["https:\/\/www.africa-press.net\/tchad\/politique\/session-de-formation-a-mongo-pour-les-leaders-politiques-sur-le-cadre-electoral"]}]},{"@type":"ImageObject","inLanguage":"fr-FR","@id":"https:\/\/www.africa-press.net\/tchad\/politique\/session-de-formation-a-mongo-pour-les-leaders-politiques-sur-le-cadre-electoral#primaryimage","url":"https:\/\/static.africa-press.net\/tchad\/sites\/41\/2023\/11\/sm_1700062896.612297.jpg","contentUrl":"https:\/\/static.africa-press.net\/tchad\/sites\/41\/2023\/11\/sm_1700062896.612297.jpg","width":1080,"height":486,"caption":"session de formation \u00e0 Mongo pour les leaders politiques sur le cadre \u00e9lectoral"},{"@type":"BreadcrumbList","@id":"https:\/\/www.africa-press.net\/tchad\/politique\/session-de-formation-a-mongo-pour-les-leaders-politiques-sur-le-cadre-electoral#breadcrumb","itemListElement":[{"@type":"ListItem","position":1,"name":"Accueil","item":"https:\/\/www.africa-press.net\/tchad\/"},{"@type":"ListItem","position":2,"name":"session de formation \u00e0 Mongo pour les leaders politiques sur le cadre \u00e9lectoral"}]},{"@type":"WebSite","@id":"https:\/\/www.africa-press.net\/tchad\/#website","url":"https:\/\/www.africa-press.net\/tchad\/","name":"tchad","description":"Just another Africa News Agency Sites site","potentialAction":[{"@type":"SearchAction","target":{"@type":"EntryPoint","urlTemplate":"https:\/\/www.africa-press.net\/tchad\/?s={search_term_string}"},"query-input":{"@type":"PropertyValueSpecification","valueRequired":true,"valueName":"search_term_string"}}],"inLanguage":"fr-FR"},{"@type":"Person","@id":"https:\/\/www.africa-press.net\/tchad\/#\/schema\/person\/2b1cf3cd81a31e3cd26889ca66d677f1","name":"cfeditorfr"}]}},"_links":{"self":[{"href":"https:\/\/www.africa-press.net\/tchad\/wp-json\/wp\/v2\/posts\/54022","targetHints":{"allow":["GET"]}}],"collection":[{"href":"https:\/\/www.africa-press.net\/tchad\/wp-json\/wp\/v2\/posts"}],"about":[{"href":"https:\/\/www.africa-press.net\/tchad\/wp-json\/wp\/v2\/types\/post"}],"author":[{"embeddable":true,"href":"https:\/\/www.africa-press.net\/tchad\/wp-json\/wp\/v2\/users\/82"}],"replies":[{"embeddable":true,"href":"https:\/\/www.africa-press.net\/tchad\/wp-json\/wp\/v2\/comments?post=54022"}],"version-history":[{"count":0,"href":"https:\/\/www.africa-press.net\/tchad\/wp-json\/wp\/v2\/posts\/54022\/revisions"}],"wp:featuredmedia":[{"embeddable":true,"href":"https:\/\/www.africa-press.net\/tchad\/wp-json\/wp\/v2\/media\/54021"}],"wp:attachment":[{"href":"https:\/\/www.africa-press.net\/tchad\/wp-json\/wp\/v2\/media?parent=54022"}],"wp:term":[{"taxonomy":"category","embeddable":true,"href":"https:\/\/www.africa-press.net\/tchad\/wp-json\/wp\/v2\/categories?post=54022"},{"taxonomy":"post_tag","embeddable":true,"href":"https:\/\/www.africa-press.net\/tchad\/wp-json\/wp\/v2\/tags?post=54022"}],"curies":[{"name":"wp","href":"https:\/\/api.w.org\/{rel}","templated":true}]}}