{"id":54025,"date":"2023-11-15T18:59:23","date_gmt":"2023-11-15T18:59:23","guid":{"rendered":"https:\/\/www.africa-press.net\/tchad\/politique\/reintroduction-des-addax-dans-les-reserves-fauniques-de-ouadi-rime-et-ouadi-achim"},"modified":"2023-11-15T19:13:54","modified_gmt":"2023-11-15T19:13:54","slug":"reintroduction-des-addax-dans-les-reserves-fauniques-de-ouadi-rime-et-ouadi-achim","status":"publish","type":"post","link":"https:\/\/www.africa-press.net\/tchad\/toutes-les-actualites\/reintroduction-des-addax-dans-les-reserves-fauniques-de-ouadi-rime-et-ouadi-achim","title":{"rendered":"r\u00e9introduction des Addax dans les r\u00e9serves fauniques de Ouadi-Rim\u00e9 et Ouadi-Achim"},"content":{"rendered":"<p><span style=\"color: #ff6600\"><strong>Africa-Press &#8211; Tchad. <\/strong><\/span>Arrive\u0301s ce matin a\u0300 l&rsquo;ae\u0301roport d&rsquo;Abe\u0301che\u0301 a\u0300 bord d&rsquo;un cargo, immatricule\u0301 EX-76006, venant des E\u0301mirats Arabes Unis, ces animaux seront re\u0301introduits dans la re\u0301serve faunique de Ouadi-Rime\u0301 et Ouadi-Achim, situe\u0301e dans la province de Wadi-Fira, en pre\u0301sence des autorite\u0301s administratives et traditionnelles de la province.<\/p>\n<p>Dans les anne\u0301es 70, 300 oryx et addax avaient e\u0301te\u0301 exporte\u0301s du Tchad vers les E\u0301mirats Arabes Unis dans le cadre d&rsquo;une coope\u0301ration entre les deux pays. Aujourd&rsquo;hui, les descendants de ces animaux retournent au Tchad pour rejoindre les 700 autres espe\u0300ces qui peuplent de\u0301ja\u0300 le pays.<\/p>\n<p>Les 25 addax ont e\u0301te\u0301 place\u0301s dans un enclos, ou\u0300 ils resteront quelques mois pour s&rsquo;acclimater au milieu naturel de leurs ance\u0302tres. Ils ont e\u0301te\u0301 se\u0301pare\u0301s avec une alimentation spe\u0301cifique pour favoriser leur adaptation au climat et a\u0300 l&rsquo;environnement tchadiens.<\/p>\n<p><strong>Pour plus d&rsquo;informations et d&rsquo;analyses sur la <a href=\"https:\/\/www.africa-press.net\/tchad\">Tchad<\/a>, suivez <a href=\"https:\/\/www.africa-press.net\/\">Africa-Press<\/a><\/strong><\/p>\n","protected":false},"excerpt":{"rendered":"<p>Africa-Press &#8211; Tchad. Arrive\u0301s ce matin a\u0300 l&rsquo;ae\u0301roport d&rsquo;Abe\u0301che\u0301 a\u0300 bord d&rsquo;un cargo, immatricule\u0301 EX-76006, venant des E\u0301mirats Arabes Unis, ces animaux seront re\u0301introduits dans la re\u0301serve faunique de Ouadi-Rime\u0301 et Ouadi-Achim, situe\u0301e dans la province de Wadi-Fira, en pre\u0301sence des autorite\u0301s administratives et traditionnelles de la province. Dans les anne\u0301es 70, 300 oryx et [&hellip;]<\/p>\n","protected":false},"author":82,"featured_media":54024,"comment_status":"open","ping_status":"closed","sticky":false,"template":"","format":"standard","meta":{"footnotes":""},"categories":[21,10],"tags":[37,292,29],"class_list":["post-54025","post","type-post","status-publish","format-standard","has-post-thumbnail","hentry","category-communaute","category-toutes-les-actualites","tag-africa-press","tag-africa-press-tchad","tag-tchad"],"yoast_head":"<!-- This site is optimized with the Yoast SEO Premium plugin v26.1 (Yoast SEO v27.0) - https:\/\/yoast.com\/product\/yoast-seo-premium-wordpress\/ -->\n<title>r\u00e9introduction des Addax dans les r\u00e9serves fauniques de Ouadi-Rim\u00e9 et Ouadi-Achim - tchad<\/title>\n<meta name=\"description\" content=\"Arrive\u0301s ce matin a\u0300 l&#039;ae\u0301roport d&#039;Abe\u0301che\u0301 a\u0300 bord d&#039;un cargo, immatricule\u0301 EX-76006, venant des E\u0301mirats Arabes Unis, ...\" \/>\n<meta name=\"robots\" content=\"index, follow, max-snippet:-1, max-image-preview:large, max-video-preview:-1\" \/>\n<link rel=\"canonical\" href=\"https:\/\/www.africa-press.net\/tchad\/toutes-les-actualites\/reintroduction-des-addax-dans-les-reserves-fauniques-de-ouadi-rime-et-ouadi-achim\" \/>\n<meta property=\"og:locale\" content=\"fr_FR\" \/>\n<meta property=\"og:type\" content=\"article\" \/>\n<meta property=\"og:title\" content=\"r\u00e9introduction des Addax dans les r\u00e9serves fauniques de Ouadi-Rim\u00e9 et Ouadi-Achim\" \/>\n<meta property=\"og:description\" content=\"Arrive\u0301s ce matin a\u0300 l&#039;ae\u0301roport d&#039;Abe\u0301che\u0301 a\u0300 bord d&#039;un cargo, immatricule\u0301 EX-76006, venant des E\u0301mirats Arabes Unis, ...\" \/>\n<meta property=\"og:url\" content=\"https:\/\/www.africa-press.net\/tchad\/toutes-les-actualites\/reintroduction-des-addax-dans-les-reserves-fauniques-de-ouadi-rime-et-ouadi-achim\" \/>\n<meta property=\"og:site_name\" content=\"tchad\" \/>\n<meta property=\"article:published_time\" content=\"2023-11-15T18:59:23+00:00\" \/>\n<meta property=\"article:modified_time\" content=\"2023-11-15T19:13:54+00:00\" \/>\n<meta property=\"og:image\" content=\"https:\/\/static.africa-press.net\/tchad\/sites\/41\/2023\/11\/sm_1700062934.019388.jpg\" \/>\n\t<meta property=\"og:image:width\" content=\"1080\" \/>\n\t<meta property=\"og:image:height\" content=\"587\" \/>\n\t<meta property=\"og:image:type\" content=\"image\/jpeg\" \/>\n<meta name=\"author\" content=\"cfeditorfr\" \/>\n<meta name=\"twitter:card\" content=\"summary_large_image\" \/>\n<meta name=\"twitter:label1\" content=\"\u00c9crit par\" \/>\n\t<meta name=\"twitter:data1\" content=\"cfeditorfr\" \/>\n\t<meta name=\"twitter:label2\" content=\"Dur\u00e9e de lecture estim\u00e9e\" \/>\n\t<meta name=\"twitter:data2\" content=\"1 minute\" \/>\n<script type=\"application\/ld+json\" class=\"yoast-schema-graph\">{\"@context\":\"https:\/\/schema.org\",\"@graph\":[{\"@type\":\"Article\",\"@id\":\"https:\/\/www.africa-press.net\/tchad\/toutes-les-actualites\/reintroduction-des-addax-dans-les-reserves-fauniques-de-ouadi-rime-et-ouadi-achim#article\",\"isPartOf\":{\"@id\":\"https:\/\/www.africa-press.net\/tchad\/toutes-les-actualites\/reintroduction-des-addax-dans-les-reserves-fauniques-de-ouadi-rime-et-ouadi-achim\"},\"author\":{\"name\":\"cfeditorfr\",\"@id\":\"https:\/\/www.africa-press.net\/tchad\/#\/schema\/person\/2b1cf3cd81a31e3cd26889ca66d677f1\"},\"headline\":\"r\u00e9introduction des Addax dans les r\u00e9serves fauniques de Ouadi-Rim\u00e9 et Ouadi-Achim\",\"datePublished\":\"2023-11-15T18:59:23+00:00\",\"dateModified\":\"2023-11-15T19:13:54+00:00\",\"mainEntityOfPage\":{\"@id\":\"https:\/\/www.africa-press.net\/tchad\/toutes-les-actualites\/reintroduction-des-addax-dans-les-reserves-fauniques-de-ouadi-rime-et-ouadi-achim\"},\"wordCount\":186,\"commentCount\":0,\"image\":{\"@id\":\"https:\/\/www.africa-press.net\/tchad\/toutes-les-actualites\/reintroduction-des-addax-dans-les-reserves-fauniques-de-ouadi-rime-et-ouadi-achim#primaryimage\"},\"thumbnailUrl\":\"https:\/\/static.africa-press.net\/tchad\/sites\/41\/2023\/11\/sm_1700062934.019388.jpg\",\"keywords\":[\"Africa Press\",\"Africa Press-Tchad\",\"Tchad\"],\"articleSection\":[\"Communaut\u00e9\",\"Toutes les actualit\u00e9s\"],\"inLanguage\":\"fr-FR\",\"potentialAction\":[{\"@type\":\"CommentAction\",\"name\":\"Comment\",\"target\":[\"https:\/\/www.africa-press.net\/tchad\/toutes-les-actualites\/reintroduction-des-addax-dans-les-reserves-fauniques-de-ouadi-rime-et-ouadi-achim#respond\"]}]},{\"@type\":\"WebPage\",\"@id\":\"https:\/\/www.africa-press.net\/tchad\/toutes-les-actualites\/reintroduction-des-addax-dans-les-reserves-fauniques-de-ouadi-rime-et-ouadi-achim\",\"url\":\"https:\/\/www.africa-press.net\/tchad\/toutes-les-actualites\/reintroduction-des-addax-dans-les-reserves-fauniques-de-ouadi-rime-et-ouadi-achim\",\"name\":\"r\u00e9introduction des Addax dans les r\u00e9serves fauniques de Ouadi-Rim\u00e9 et Ouadi-Achim - tchad\",\"isPartOf\":{\"@id\":\"https:\/\/www.africa-press.net\/tchad\/#website\"},\"primaryImageOfPage\":{\"@id\":\"https:\/\/www.africa-press.net\/tchad\/toutes-les-actualites\/reintroduction-des-addax-dans-les-reserves-fauniques-de-ouadi-rime-et-ouadi-achim#primaryimage\"},\"image\":{\"@id\":\"https:\/\/www.africa-press.net\/tchad\/toutes-les-actualites\/reintroduction-des-addax-dans-les-reserves-fauniques-de-ouadi-rime-et-ouadi-achim#primaryimage\"},\"thumbnailUrl\":\"https:\/\/static.africa-press.net\/tchad\/sites\/41\/2023\/11\/sm_1700062934.019388.jpg\",\"datePublished\":\"2023-11-15T18:59:23+00:00\",\"dateModified\":\"2023-11-15T19:13:54+00:00\",\"author\":{\"@id\":\"https:\/\/www.africa-press.net\/tchad\/#\/schema\/person\/2b1cf3cd81a31e3cd26889ca66d677f1\"},\"description\":\"Arrive\u0301s ce matin a\u0300 l'ae\u0301roport d'Abe\u0301che\u0301 a\u0300 bord d'un cargo, immatricule\u0301 EX-76006, venant des E\u0301mirats Arabes Unis, ...\",\"breadcrumb\":{\"@id\":\"https:\/\/www.africa-press.net\/tchad\/toutes-les-actualites\/reintroduction-des-addax-dans-les-reserves-fauniques-de-ouadi-rime-et-ouadi-achim#breadcrumb\"},\"inLanguage\":\"fr-FR\",\"potentialAction\":[{\"@type\":\"ReadAction\",\"target\":[\"https:\/\/www.africa-press.net\/tchad\/toutes-les-actualites\/reintroduction-des-addax-dans-les-reserves-fauniques-de-ouadi-rime-et-ouadi-achim\"]}]},{\"@type\":\"ImageObject\",\"inLanguage\":\"fr-FR\",\"@id\":\"https:\/\/www.africa-press.net\/tchad\/toutes-les-actualites\/reintroduction-des-addax-dans-les-reserves-fauniques-de-ouadi-rime-et-ouadi-achim#primaryimage\",\"url\":\"https:\/\/static.africa-press.net\/tchad\/sites\/41\/2023\/11\/sm_1700062934.019388.jpg\",\"contentUrl\":\"https:\/\/static.africa-press.net\/tchad\/sites\/41\/2023\/11\/sm_1700062934.019388.jpg\",\"width\":1080,\"height\":587,\"caption\":\"r\u00e9introduction des Addax dans les r\u00e9serves fauniques de Ouadi-Rim\u00e9 et Ouadi-Achim\"},{\"@type\":\"BreadcrumbList\",\"@id\":\"https:\/\/www.africa-press.net\/tchad\/toutes-les-actualites\/reintroduction-des-addax-dans-les-reserves-fauniques-de-ouadi-rime-et-ouadi-achim#breadcrumb\",\"itemListElement\":[{\"@type\":\"ListItem\",\"position\":1,\"name\":\"Accueil\",\"item\":\"https:\/\/www.africa-press.net\/tchad\/\"},{\"@type\":\"ListItem\",\"position\":2,\"name\":\"r\u00e9introduction des Addax dans les r\u00e9serves fauniques de Ouadi-Rim\u00e9 et Ouadi-Achim\"}]},{\"@type\":\"WebSite\",\"@id\":\"https:\/\/www.africa-press.net\/tchad\/#website\",\"url\":\"https:\/\/www.africa-press.net\/tchad\/\",\"name\":\"tchad\",\"description\":\"Just another Africa News Agency Sites site\",\"potentialAction\":[{\"@type\":\"SearchAction\",\"target\":{\"@type\":\"EntryPoint\",\"urlTemplate\":\"https:\/\/www.africa-press.net\/tchad\/?s={search_term_string}\"},\"query-input\":{\"@type\":\"PropertyValueSpecification\",\"valueRequired\":true,\"valueName\":\"search_term_string\"}}],\"inLanguage\":\"fr-FR\"},{\"@type\":\"Person\",\"@id\":\"https:\/\/www.africa-press.net\/tchad\/#\/schema\/person\/2b1cf3cd81a31e3cd26889ca66d677f1\",\"name\":\"cfeditorfr\"}]}<\/script>\n<!-- \/ Yoast SEO Premium plugin. -->","yoast_head_json":{"title":"r\u00e9introduction des Addax dans les r\u00e9serves fauniques de Ouadi-Rim\u00e9 et Ouadi-Achim - tchad","description":"Arrive\u0301s ce matin a\u0300 l'ae\u0301roport d'Abe\u0301che\u0301 a\u0300 bord d'un cargo, immatricule\u0301 EX-76006, venant des E\u0301mirats Arabes Unis, ...","robots":{"index":"index","follow":"follow","max-snippet":"max-snippet:-1","max-image-preview":"max-image-preview:large","max-video-preview":"max-video-preview:-1"},"canonical":"https:\/\/www.africa-press.net\/tchad\/toutes-les-actualites\/reintroduction-des-addax-dans-les-reserves-fauniques-de-ouadi-rime-et-ouadi-achim","og_locale":"fr_FR","og_type":"article","og_title":"r\u00e9introduction des Addax dans les r\u00e9serves fauniques de Ouadi-Rim\u00e9 et Ouadi-Achim","og_description":"Arrive\u0301s ce matin a\u0300 l'ae\u0301roport d'Abe\u0301che\u0301 a\u0300 bord d'un cargo, immatricule\u0301 EX-76006, venant des E\u0301mirats Arabes Unis, ...","og_url":"https:\/\/www.africa-press.net\/tchad\/toutes-les-actualites\/reintroduction-des-addax-dans-les-reserves-fauniques-de-ouadi-rime-et-ouadi-achim","og_site_name":"tchad","article_published_time":"2023-11-15T18:59:23+00:00","article_modified_time":"2023-11-15T19:13:54+00:00","og_image":[{"width":1080,"height":587,"url":"https:\/\/static.africa-press.net\/tchad\/sites\/41\/2023\/11\/sm_1700062934.019388.jpg","type":"image\/jpeg"}],"author":"cfeditorfr","twitter_card":"summary_large_image","twitter_misc":{"\u00c9crit par":"cfeditorfr","Dur\u00e9e de lecture estim\u00e9e":"1 minute"},"schema":{"@context":"https:\/\/schema.org","@graph":[{"@type":"Article","@id":"https:\/\/www.africa-press.net\/tchad\/toutes-les-actualites\/reintroduction-des-addax-dans-les-reserves-fauniques-de-ouadi-rime-et-ouadi-achim#article","isPartOf":{"@id":"https:\/\/www.africa-press.net\/tchad\/toutes-les-actualites\/reintroduction-des-addax-dans-les-reserves-fauniques-de-ouadi-rime-et-ouadi-achim"},"author":{"name":"cfeditorfr","@id":"https:\/\/www.africa-press.net\/tchad\/#\/schema\/person\/2b1cf3cd81a31e3cd26889ca66d677f1"},"headline":"r\u00e9introduction des Addax dans les r\u00e9serves fauniques de Ouadi-Rim\u00e9 et Ouadi-Achim","datePublished":"2023-11-15T18:59:23+00:00","dateModified":"2023-11-15T19:13:54+00:00","mainEntityOfPage":{"@id":"https:\/\/www.africa-press.net\/tchad\/toutes-les-actualites\/reintroduction-des-addax-dans-les-reserves-fauniques-de-ouadi-rime-et-ouadi-achim"},"wordCount":186,"commentCount":0,"image":{"@id":"https:\/\/www.africa-press.net\/tchad\/toutes-les-actualites\/reintroduction-des-addax-dans-les-reserves-fauniques-de-ouadi-rime-et-ouadi-achim#primaryimage"},"thumbnailUrl":"https:\/\/static.africa-press.net\/tchad\/sites\/41\/2023\/11\/sm_1700062934.019388.jpg","keywords":["Africa Press","Africa Press-Tchad","Tchad"],"articleSection":["Communaut\u00e9","Toutes les actualit\u00e9s"],"inLanguage":"fr-FR","potentialAction":[{"@type":"CommentAction","name":"Comment","target":["https:\/\/www.africa-press.net\/tchad\/toutes-les-actualites\/reintroduction-des-addax-dans-les-reserves-fauniques-de-ouadi-rime-et-ouadi-achim#respond"]}]},{"@type":"WebPage","@id":"https:\/\/www.africa-press.net\/tchad\/toutes-les-actualites\/reintroduction-des-addax-dans-les-reserves-fauniques-de-ouadi-rime-et-ouadi-achim","url":"https:\/\/www.africa-press.net\/tchad\/toutes-les-actualites\/reintroduction-des-addax-dans-les-reserves-fauniques-de-ouadi-rime-et-ouadi-achim","name":"r\u00e9introduction des Addax dans les r\u00e9serves fauniques de Ouadi-Rim\u00e9 et Ouadi-Achim - tchad","isPartOf":{"@id":"https:\/\/www.africa-press.net\/tchad\/#website"},"primaryImageOfPage":{"@id":"https:\/\/www.africa-press.net\/tchad\/toutes-les-actualites\/reintroduction-des-addax-dans-les-reserves-fauniques-de-ouadi-rime-et-ouadi-achim#primaryimage"},"image":{"@id":"https:\/\/www.africa-press.net\/tchad\/toutes-les-actualites\/reintroduction-des-addax-dans-les-reserves-fauniques-de-ouadi-rime-et-ouadi-achim#primaryimage"},"thumbnailUrl":"https:\/\/static.africa-press.net\/tchad\/sites\/41\/2023\/11\/sm_1700062934.019388.jpg","datePublished":"2023-11-15T18:59:23+00:00","dateModified":"2023-11-15T19:13:54+00:00","author":{"@id":"https:\/\/www.africa-press.net\/tchad\/#\/schema\/person\/2b1cf3cd81a31e3cd26889ca66d677f1"},"description":"Arrive\u0301s ce matin a\u0300 l'ae\u0301roport d'Abe\u0301che\u0301 a\u0300 bord d'un cargo, immatricule\u0301 EX-76006, venant des E\u0301mirats Arabes Unis, ...","breadcrumb":{"@id":"https:\/\/www.africa-press.net\/tchad\/toutes-les-actualites\/reintroduction-des-addax-dans-les-reserves-fauniques-de-ouadi-rime-et-ouadi-achim#breadcrumb"},"inLanguage":"fr-FR","potentialAction":[{"@type":"ReadAction","target":["https:\/\/www.africa-press.net\/tchad\/toutes-les-actualites\/reintroduction-des-addax-dans-les-reserves-fauniques-de-ouadi-rime-et-ouadi-achim"]}]},{"@type":"ImageObject","inLanguage":"fr-FR","@id":"https:\/\/www.africa-press.net\/tchad\/toutes-les-actualites\/reintroduction-des-addax-dans-les-reserves-fauniques-de-ouadi-rime-et-ouadi-achim#primaryimage","url":"https:\/\/static.africa-press.net\/tchad\/sites\/41\/2023\/11\/sm_1700062934.019388.jpg","contentUrl":"https:\/\/static.africa-press.net\/tchad\/sites\/41\/2023\/11\/sm_1700062934.019388.jpg","width":1080,"height":587,"caption":"r\u00e9introduction des Addax dans les r\u00e9serves fauniques de Ouadi-Rim\u00e9 et Ouadi-Achim"},{"@type":"BreadcrumbList","@id":"https:\/\/www.africa-press.net\/tchad\/toutes-les-actualites\/reintroduction-des-addax-dans-les-reserves-fauniques-de-ouadi-rime-et-ouadi-achim#breadcrumb","itemListElement":[{"@type":"ListItem","position":1,"name":"Accueil","item":"https:\/\/www.africa-press.net\/tchad\/"},{"@type":"ListItem","position":2,"name":"r\u00e9introduction des Addax dans les r\u00e9serves fauniques de Ouadi-Rim\u00e9 et Ouadi-Achim"}]},{"@type":"WebSite","@id":"https:\/\/www.africa-press.net\/tchad\/#website","url":"https:\/\/www.africa-press.net\/tchad\/","name":"tchad","description":"Just another Africa News Agency Sites site","potentialAction":[{"@type":"SearchAction","target":{"@type":"EntryPoint","urlTemplate":"https:\/\/www.africa-press.net\/tchad\/?s={search_term_string}"},"query-input":{"@type":"PropertyValueSpecification","valueRequired":true,"valueName":"search_term_string"}}],"inLanguage":"fr-FR"},{"@type":"Person","@id":"https:\/\/www.africa-press.net\/tchad\/#\/schema\/person\/2b1cf3cd81a31e3cd26889ca66d677f1","name":"cfeditorfr"}]}},"_links":{"self":[{"href":"https:\/\/www.africa-press.net\/tchad\/wp-json\/wp\/v2\/posts\/54025","targetHints":{"allow":["GET"]}}],"collection":[{"href":"https:\/\/www.africa-press.net\/tchad\/wp-json\/wp\/v2\/posts"}],"about":[{"href":"https:\/\/www.africa-press.net\/tchad\/wp-json\/wp\/v2\/types\/post"}],"author":[{"embeddable":true,"href":"https:\/\/www.africa-press.net\/tchad\/wp-json\/wp\/v2\/users\/82"}],"replies":[{"embeddable":true,"href":"https:\/\/www.africa-press.net\/tchad\/wp-json\/wp\/v2\/comments?post=54025"}],"version-history":[{"count":0,"href":"https:\/\/www.africa-press.net\/tchad\/wp-json\/wp\/v2\/posts\/54025\/revisions"}],"wp:featuredmedia":[{"embeddable":true,"href":"https:\/\/www.africa-press.net\/tchad\/wp-json\/wp\/v2\/media\/54024"}],"wp:attachment":[{"href":"https:\/\/www.africa-press.net\/tchad\/wp-json\/wp\/v2\/media?parent=54025"}],"wp:term":[{"taxonomy":"category","embeddable":true,"href":"https:\/\/www.africa-press.net\/tchad\/wp-json\/wp\/v2\/categories?post=54025"},{"taxonomy":"post_tag","embeddable":true,"href":"https:\/\/www.africa-press.net\/tchad\/wp-json\/wp\/v2\/tags?post=54025"}],"curies":[{"name":"wp","href":"https:\/\/api.w.org\/{rel}","templated":true}]}}