{"id":54032,"date":"2023-11-15T19:01:49","date_gmt":"2023-11-15T19:01:49","guid":{"rendered":"https:\/\/www.africa-press.net\/tchad\/politique\/le-president-de-transition-a-recu-les-responsables-du-syamat-et-du-smt"},"modified":"2023-11-15T19:15:07","modified_gmt":"2023-11-15T19:15:07","slug":"le-president-de-transition-a-recu-les-responsables-du-syamat-et-du-smt","status":"publish","type":"post","link":"https:\/\/www.africa-press.net\/tchad\/politique\/le-president-de-transition-a-recu-les-responsables-du-syamat-et-du-smt","title":{"rendered":"le pr\u00e9sident de Transition a re\u00e7u les responsables du SYAMAT et du SMT"},"content":{"rendered":"<p><span style=\"color: #ff6600\"><strong>Africa-Press &#8211; Tchad. <\/strong><\/span>Le pre\u0301sident de Transition, Mahamat Idriss Deby a rec\u0327u le 14 novembre 2023, les responsables des bureaux du Syndicat des Magistrats du Tchad (SMT) et du Syndicat Autonome des Magistrats au Tchad (SYAMAT), informe la Pre\u0301sidence de la Re\u0301publique.<\/p>\n<p>En sa qualite\u0301 de pre\u0301sident du Conseil Supe\u0301rieur de la Magistrature, le chef de l\u2019Etat a tenu a\u0300 e\u0301couter et comprendre les leaders syndicaux, afin de trouver des solutions durables aux proble\u0300mes qui entravent le bon fonctionnement de la justice, re\u0301gulie\u0300rement secoue\u0301e par des gre\u0300ves ces derniers temps.<\/p>\n<p><strong>Pour plus d&rsquo;informations et d&rsquo;analyses sur la <a href=\"https:\/\/www.africa-press.net\/tchad\">Tchad<\/a>, suivez <a href=\"https:\/\/www.africa-press.net\/\">Africa-Press<\/a><\/strong><\/p>\n","protected":false},"excerpt":{"rendered":"<p>Africa-Press &#8211; Tchad. Le pre\u0301sident de Transition, Mahamat Idriss Deby a rec\u0327u le 14 novembre 2023, les responsables des bureaux du Syndicat des Magistrats du Tchad (SMT) et du Syndicat Autonome des Magistrats au Tchad (SYAMAT), informe la Pre\u0301sidence de la Re\u0301publique. En sa qualite\u0301 de pre\u0301sident du Conseil Supe\u0301rieur de la Magistrature, le chef [&hellip;]<\/p>\n","protected":false},"author":82,"featured_media":54030,"comment_status":"open","ping_status":"closed","sticky":false,"template":"","format":"standard","meta":{"footnotes":""},"categories":[2,20,10],"tags":[37,292,29],"class_list":["post-54032","post","type-post","status-publish","format-standard","has-post-thumbnail","hentry","category-politique","category-top-nouvelles","category-toutes-les-actualites","tag-africa-press","tag-africa-press-tchad","tag-tchad"],"yoast_head":"<!-- This site is optimized with the Yoast SEO Premium plugin v26.1 (Yoast SEO v27.0) - https:\/\/yoast.com\/product\/yoast-seo-premium-wordpress\/ -->\n<title>le pr\u00e9sident de Transition a re\u00e7u les responsables du SYAMAT et du SMT - tchad<\/title>\n<meta name=\"description\" content=\"Le pre\u0301sident de Transition, Mahamat Idriss Deby a rec\u0327u le 14 novembre 2023, les responsables des bureaux du Syndicat d ...\" \/>\n<meta name=\"robots\" content=\"index, follow, max-snippet:-1, max-image-preview:large, max-video-preview:-1\" \/>\n<link rel=\"canonical\" href=\"https:\/\/www.africa-press.net\/tchad\/politique\/le-president-de-transition-a-recu-les-responsables-du-syamat-et-du-smt\" \/>\n<meta property=\"og:locale\" content=\"fr_FR\" \/>\n<meta property=\"og:type\" content=\"article\" \/>\n<meta property=\"og:title\" content=\"le pr\u00e9sident de Transition a re\u00e7u les responsables du SYAMAT et du SMT\" \/>\n<meta property=\"og:description\" content=\"Le pre\u0301sident de Transition, Mahamat Idriss Deby a rec\u0327u le 14 novembre 2023, les responsables des bureaux du Syndicat d ...\" \/>\n<meta property=\"og:url\" content=\"https:\/\/www.africa-press.net\/tchad\/politique\/le-president-de-transition-a-recu-les-responsables-du-syamat-et-du-smt\" \/>\n<meta property=\"og:site_name\" content=\"tchad\" \/>\n<meta property=\"article:published_time\" content=\"2023-11-15T19:01:49+00:00\" \/>\n<meta property=\"article:modified_time\" content=\"2023-11-15T19:15:07+00:00\" \/>\n<meta property=\"og:image\" content=\"https:\/\/static.africa-press.net\/tchad\/sites\/41\/2023\/11\/sm_1700063007.120293.jpg\" \/>\n\t<meta property=\"og:image:width\" content=\"1076\" \/>\n\t<meta property=\"og:image:height\" content=\"647\" \/>\n\t<meta property=\"og:image:type\" content=\"image\/jpeg\" \/>\n<meta name=\"author\" content=\"cfeditorfr\" \/>\n<meta name=\"twitter:card\" content=\"summary_large_image\" \/>\n<meta name=\"twitter:label1\" content=\"\u00c9crit par\" \/>\n\t<meta name=\"twitter:data1\" content=\"cfeditorfr\" \/>\n\t<meta name=\"twitter:label2\" content=\"Dur\u00e9e de lecture estim\u00e9e\" \/>\n\t<meta name=\"twitter:data2\" content=\"1 minute\" \/>\n<script type=\"application\/ld+json\" class=\"yoast-schema-graph\">{\"@context\":\"https:\/\/schema.org\",\"@graph\":[{\"@type\":\"Article\",\"@id\":\"https:\/\/www.africa-press.net\/tchad\/politique\/le-president-de-transition-a-recu-les-responsables-du-syamat-et-du-smt#article\",\"isPartOf\":{\"@id\":\"https:\/\/www.africa-press.net\/tchad\/politique\/le-president-de-transition-a-recu-les-responsables-du-syamat-et-du-smt\"},\"author\":{\"name\":\"cfeditorfr\",\"@id\":\"https:\/\/www.africa-press.net\/tchad\/#\/schema\/person\/2b1cf3cd81a31e3cd26889ca66d677f1\"},\"headline\":\"le pr\u00e9sident de Transition a re\u00e7u les responsables du SYAMAT et du SMT\",\"datePublished\":\"2023-11-15T19:01:49+00:00\",\"dateModified\":\"2023-11-15T19:15:07+00:00\",\"mainEntityOfPage\":{\"@id\":\"https:\/\/www.africa-press.net\/tchad\/politique\/le-president-de-transition-a-recu-les-responsables-du-syamat-et-du-smt\"},\"wordCount\":128,\"commentCount\":0,\"image\":{\"@id\":\"https:\/\/www.africa-press.net\/tchad\/politique\/le-president-de-transition-a-recu-les-responsables-du-syamat-et-du-smt#primaryimage\"},\"thumbnailUrl\":\"https:\/\/static.africa-press.net\/tchad\/sites\/41\/2023\/11\/sm_1700063007.120293.jpg\",\"keywords\":[\"Africa Press\",\"Africa Press-Tchad\",\"Tchad\"],\"articleSection\":[\"Politique\",\"Top Nouvelles\",\"Toutes les actualit\u00e9s\"],\"inLanguage\":\"fr-FR\",\"potentialAction\":[{\"@type\":\"CommentAction\",\"name\":\"Comment\",\"target\":[\"https:\/\/www.africa-press.net\/tchad\/politique\/le-president-de-transition-a-recu-les-responsables-du-syamat-et-du-smt#respond\"]}]},{\"@type\":\"WebPage\",\"@id\":\"https:\/\/www.africa-press.net\/tchad\/politique\/le-president-de-transition-a-recu-les-responsables-du-syamat-et-du-smt\",\"url\":\"https:\/\/www.africa-press.net\/tchad\/politique\/le-president-de-transition-a-recu-les-responsables-du-syamat-et-du-smt\",\"name\":\"le pr\u00e9sident de Transition a re\u00e7u les responsables du SYAMAT et du SMT - tchad\",\"isPartOf\":{\"@id\":\"https:\/\/www.africa-press.net\/tchad\/#website\"},\"primaryImageOfPage\":{\"@id\":\"https:\/\/www.africa-press.net\/tchad\/politique\/le-president-de-transition-a-recu-les-responsables-du-syamat-et-du-smt#primaryimage\"},\"image\":{\"@id\":\"https:\/\/www.africa-press.net\/tchad\/politique\/le-president-de-transition-a-recu-les-responsables-du-syamat-et-du-smt#primaryimage\"},\"thumbnailUrl\":\"https:\/\/static.africa-press.net\/tchad\/sites\/41\/2023\/11\/sm_1700063007.120293.jpg\",\"datePublished\":\"2023-11-15T19:01:49+00:00\",\"dateModified\":\"2023-11-15T19:15:07+00:00\",\"author\":{\"@id\":\"https:\/\/www.africa-press.net\/tchad\/#\/schema\/person\/2b1cf3cd81a31e3cd26889ca66d677f1\"},\"description\":\"Le pre\u0301sident de Transition, Mahamat Idriss Deby a rec\u0327u le 14 novembre 2023, les responsables des bureaux du Syndicat d ...\",\"breadcrumb\":{\"@id\":\"https:\/\/www.africa-press.net\/tchad\/politique\/le-president-de-transition-a-recu-les-responsables-du-syamat-et-du-smt#breadcrumb\"},\"inLanguage\":\"fr-FR\",\"potentialAction\":[{\"@type\":\"ReadAction\",\"target\":[\"https:\/\/www.africa-press.net\/tchad\/politique\/le-president-de-transition-a-recu-les-responsables-du-syamat-et-du-smt\"]}]},{\"@type\":\"ImageObject\",\"inLanguage\":\"fr-FR\",\"@id\":\"https:\/\/www.africa-press.net\/tchad\/politique\/le-president-de-transition-a-recu-les-responsables-du-syamat-et-du-smt#primaryimage\",\"url\":\"https:\/\/static.africa-press.net\/tchad\/sites\/41\/2023\/11\/sm_1700063007.120293.jpg\",\"contentUrl\":\"https:\/\/static.africa-press.net\/tchad\/sites\/41\/2023\/11\/sm_1700063007.120293.jpg\",\"width\":1076,\"height\":647,\"caption\":\"le pr\u00e9sident de Transition a re\u00e7u les responsables du SYAMAT et du SMT\"},{\"@type\":\"BreadcrumbList\",\"@id\":\"https:\/\/www.africa-press.net\/tchad\/politique\/le-president-de-transition-a-recu-les-responsables-du-syamat-et-du-smt#breadcrumb\",\"itemListElement\":[{\"@type\":\"ListItem\",\"position\":1,\"name\":\"Accueil\",\"item\":\"https:\/\/www.africa-press.net\/tchad\/\"},{\"@type\":\"ListItem\",\"position\":2,\"name\":\"le pr\u00e9sident de Transition a re\u00e7u les responsables du SYAMAT et du SMT\"}]},{\"@type\":\"WebSite\",\"@id\":\"https:\/\/www.africa-press.net\/tchad\/#website\",\"url\":\"https:\/\/www.africa-press.net\/tchad\/\",\"name\":\"tchad\",\"description\":\"Just another Africa News Agency Sites site\",\"potentialAction\":[{\"@type\":\"SearchAction\",\"target\":{\"@type\":\"EntryPoint\",\"urlTemplate\":\"https:\/\/www.africa-press.net\/tchad\/?s={search_term_string}\"},\"query-input\":{\"@type\":\"PropertyValueSpecification\",\"valueRequired\":true,\"valueName\":\"search_term_string\"}}],\"inLanguage\":\"fr-FR\"},{\"@type\":\"Person\",\"@id\":\"https:\/\/www.africa-press.net\/tchad\/#\/schema\/person\/2b1cf3cd81a31e3cd26889ca66d677f1\",\"name\":\"cfeditorfr\"}]}<\/script>\n<!-- \/ Yoast SEO Premium plugin. -->","yoast_head_json":{"title":"le pr\u00e9sident de Transition a re\u00e7u les responsables du SYAMAT et du SMT - tchad","description":"Le pre\u0301sident de Transition, Mahamat Idriss Deby a rec\u0327u le 14 novembre 2023, les responsables des bureaux du Syndicat d ...","robots":{"index":"index","follow":"follow","max-snippet":"max-snippet:-1","max-image-preview":"max-image-preview:large","max-video-preview":"max-video-preview:-1"},"canonical":"https:\/\/www.africa-press.net\/tchad\/politique\/le-president-de-transition-a-recu-les-responsables-du-syamat-et-du-smt","og_locale":"fr_FR","og_type":"article","og_title":"le pr\u00e9sident de Transition a re\u00e7u les responsables du SYAMAT et du SMT","og_description":"Le pre\u0301sident de Transition, Mahamat Idriss Deby a rec\u0327u le 14 novembre 2023, les responsables des bureaux du Syndicat d ...","og_url":"https:\/\/www.africa-press.net\/tchad\/politique\/le-president-de-transition-a-recu-les-responsables-du-syamat-et-du-smt","og_site_name":"tchad","article_published_time":"2023-11-15T19:01:49+00:00","article_modified_time":"2023-11-15T19:15:07+00:00","og_image":[{"width":1076,"height":647,"url":"https:\/\/static.africa-press.net\/tchad\/sites\/41\/2023\/11\/sm_1700063007.120293.jpg","type":"image\/jpeg"}],"author":"cfeditorfr","twitter_card":"summary_large_image","twitter_misc":{"\u00c9crit par":"cfeditorfr","Dur\u00e9e de lecture estim\u00e9e":"1 minute"},"schema":{"@context":"https:\/\/schema.org","@graph":[{"@type":"Article","@id":"https:\/\/www.africa-press.net\/tchad\/politique\/le-president-de-transition-a-recu-les-responsables-du-syamat-et-du-smt#article","isPartOf":{"@id":"https:\/\/www.africa-press.net\/tchad\/politique\/le-president-de-transition-a-recu-les-responsables-du-syamat-et-du-smt"},"author":{"name":"cfeditorfr","@id":"https:\/\/www.africa-press.net\/tchad\/#\/schema\/person\/2b1cf3cd81a31e3cd26889ca66d677f1"},"headline":"le pr\u00e9sident de Transition a re\u00e7u les responsables du SYAMAT et du SMT","datePublished":"2023-11-15T19:01:49+00:00","dateModified":"2023-11-15T19:15:07+00:00","mainEntityOfPage":{"@id":"https:\/\/www.africa-press.net\/tchad\/politique\/le-president-de-transition-a-recu-les-responsables-du-syamat-et-du-smt"},"wordCount":128,"commentCount":0,"image":{"@id":"https:\/\/www.africa-press.net\/tchad\/politique\/le-president-de-transition-a-recu-les-responsables-du-syamat-et-du-smt#primaryimage"},"thumbnailUrl":"https:\/\/static.africa-press.net\/tchad\/sites\/41\/2023\/11\/sm_1700063007.120293.jpg","keywords":["Africa Press","Africa Press-Tchad","Tchad"],"articleSection":["Politique","Top Nouvelles","Toutes les actualit\u00e9s"],"inLanguage":"fr-FR","potentialAction":[{"@type":"CommentAction","name":"Comment","target":["https:\/\/www.africa-press.net\/tchad\/politique\/le-president-de-transition-a-recu-les-responsables-du-syamat-et-du-smt#respond"]}]},{"@type":"WebPage","@id":"https:\/\/www.africa-press.net\/tchad\/politique\/le-president-de-transition-a-recu-les-responsables-du-syamat-et-du-smt","url":"https:\/\/www.africa-press.net\/tchad\/politique\/le-president-de-transition-a-recu-les-responsables-du-syamat-et-du-smt","name":"le pr\u00e9sident de Transition a re\u00e7u les responsables du SYAMAT et du SMT - tchad","isPartOf":{"@id":"https:\/\/www.africa-press.net\/tchad\/#website"},"primaryImageOfPage":{"@id":"https:\/\/www.africa-press.net\/tchad\/politique\/le-president-de-transition-a-recu-les-responsables-du-syamat-et-du-smt#primaryimage"},"image":{"@id":"https:\/\/www.africa-press.net\/tchad\/politique\/le-president-de-transition-a-recu-les-responsables-du-syamat-et-du-smt#primaryimage"},"thumbnailUrl":"https:\/\/static.africa-press.net\/tchad\/sites\/41\/2023\/11\/sm_1700063007.120293.jpg","datePublished":"2023-11-15T19:01:49+00:00","dateModified":"2023-11-15T19:15:07+00:00","author":{"@id":"https:\/\/www.africa-press.net\/tchad\/#\/schema\/person\/2b1cf3cd81a31e3cd26889ca66d677f1"},"description":"Le pre\u0301sident de Transition, Mahamat Idriss Deby a rec\u0327u le 14 novembre 2023, les responsables des bureaux du Syndicat d ...","breadcrumb":{"@id":"https:\/\/www.africa-press.net\/tchad\/politique\/le-president-de-transition-a-recu-les-responsables-du-syamat-et-du-smt#breadcrumb"},"inLanguage":"fr-FR","potentialAction":[{"@type":"ReadAction","target":["https:\/\/www.africa-press.net\/tchad\/politique\/le-president-de-transition-a-recu-les-responsables-du-syamat-et-du-smt"]}]},{"@type":"ImageObject","inLanguage":"fr-FR","@id":"https:\/\/www.africa-press.net\/tchad\/politique\/le-president-de-transition-a-recu-les-responsables-du-syamat-et-du-smt#primaryimage","url":"https:\/\/static.africa-press.net\/tchad\/sites\/41\/2023\/11\/sm_1700063007.120293.jpg","contentUrl":"https:\/\/static.africa-press.net\/tchad\/sites\/41\/2023\/11\/sm_1700063007.120293.jpg","width":1076,"height":647,"caption":"le pr\u00e9sident de Transition a re\u00e7u les responsables du SYAMAT et du SMT"},{"@type":"BreadcrumbList","@id":"https:\/\/www.africa-press.net\/tchad\/politique\/le-president-de-transition-a-recu-les-responsables-du-syamat-et-du-smt#breadcrumb","itemListElement":[{"@type":"ListItem","position":1,"name":"Accueil","item":"https:\/\/www.africa-press.net\/tchad\/"},{"@type":"ListItem","position":2,"name":"le pr\u00e9sident de Transition a re\u00e7u les responsables du SYAMAT et du SMT"}]},{"@type":"WebSite","@id":"https:\/\/www.africa-press.net\/tchad\/#website","url":"https:\/\/www.africa-press.net\/tchad\/","name":"tchad","description":"Just another Africa News Agency Sites site","potentialAction":[{"@type":"SearchAction","target":{"@type":"EntryPoint","urlTemplate":"https:\/\/www.africa-press.net\/tchad\/?s={search_term_string}"},"query-input":{"@type":"PropertyValueSpecification","valueRequired":true,"valueName":"search_term_string"}}],"inLanguage":"fr-FR"},{"@type":"Person","@id":"https:\/\/www.africa-press.net\/tchad\/#\/schema\/person\/2b1cf3cd81a31e3cd26889ca66d677f1","name":"cfeditorfr"}]}},"_links":{"self":[{"href":"https:\/\/www.africa-press.net\/tchad\/wp-json\/wp\/v2\/posts\/54032","targetHints":{"allow":["GET"]}}],"collection":[{"href":"https:\/\/www.africa-press.net\/tchad\/wp-json\/wp\/v2\/posts"}],"about":[{"href":"https:\/\/www.africa-press.net\/tchad\/wp-json\/wp\/v2\/types\/post"}],"author":[{"embeddable":true,"href":"https:\/\/www.africa-press.net\/tchad\/wp-json\/wp\/v2\/users\/82"}],"replies":[{"embeddable":true,"href":"https:\/\/www.africa-press.net\/tchad\/wp-json\/wp\/v2\/comments?post=54032"}],"version-history":[{"count":0,"href":"https:\/\/www.africa-press.net\/tchad\/wp-json\/wp\/v2\/posts\/54032\/revisions"}],"wp:featuredmedia":[{"embeddable":true,"href":"https:\/\/www.africa-press.net\/tchad\/wp-json\/wp\/v2\/media\/54030"}],"wp:attachment":[{"href":"https:\/\/www.africa-press.net\/tchad\/wp-json\/wp\/v2\/media?parent=54032"}],"wp:term":[{"taxonomy":"category","embeddable":true,"href":"https:\/\/www.africa-press.net\/tchad\/wp-json\/wp\/v2\/categories?post=54032"},{"taxonomy":"post_tag","embeddable":true,"href":"https:\/\/www.africa-press.net\/tchad\/wp-json\/wp\/v2\/tags?post=54032"}],"curies":[{"name":"wp","href":"https:\/\/api.w.org\/{rel}","templated":true}]}}