{"id":54040,"date":"2023-11-15T19:05:04","date_gmt":"2023-11-15T19:05:04","guid":{"rendered":"https:\/\/www.africa-press.net\/tchad\/politique\/lenvironnement-est-la-vie-de-lhomme"},"modified":"2023-11-15T19:16:40","modified_gmt":"2023-11-15T19:16:40","slug":"lenvironnement-est-la-vie-de-lhomme","status":"publish","type":"post","link":"https:\/\/www.africa-press.net\/tchad\/toutes-les-actualites\/lenvironnement-est-la-vie-de-lhomme","title":{"rendered":"\u00ab L&rsquo;environnement est la vie de l&rsquo;Homme \u00bb"},"content":{"rendered":"<p><span style=\"color: #ff6600\"><strong>Africa-Press &#8211; Tchad. <\/strong><\/span>L&rsquo;histoire tourne elle-me\u0302me pour la re\u0301introduction des, espe\u0300ces originaires du Tchad. A\u0300 un moment donne\u0301, les Emiratis n\u2019ont rien, ils ont exporte\u0301 quelques oryx et addax et aujourd&rsquo;hui a\u0300 leur tour, ils rapatrient les descendants a\u0300 qui, leurs ance\u0302tres sont partis du Tchad dans les anne\u0301es 70.<\/p>\n<p>Historiquement, cette re\u0301serve est situe\u0301e dans la partie Centre-Nord du Tchad, elle est cre\u0301e\u0301e le 10 mai 1960, avec pour but de prote\u0301ger des antilopes Sahe\u0301lo-Sahariens, du gue\u0301pard et de l&rsquo;autruche. Cette zone couvre une superficie de 77950 km2 et a\u0300 cheval sur 5 provinces a\u0300 savoir le Batha, le Borkou, le Barh-Elgazel, le Wadi-Fira et de l&rsquo;Ennedi Ouest.<\/p>\n<p>Les anne\u0301es 70, ou anne\u0301es de conflits et de se\u0301cheresse qu&rsquo;a connues le pays. La disparition ne\u0301gative des espaces d&rsquo;antilopes a pour conse\u0301quences ne\u0301gatives sur la population de ces espe\u0300ces. En 2008, quelques partenaires comme le Sahara Conservation Fund (SCF), s&rsquo;est lance\u0301 dans le de\u0301veloppement d&rsquo;une strate\u0301gie globale de restauration de l&rsquo;Oryx algazelle a\u0300 l&rsquo;e\u0301tat sauvage.<\/p>\n<p>L&rsquo;atelier de N&rsquo;Djamena tenu en 2012, permet un grand nombre de parties prenantes des de\u0301tails d&rsquo;un projet spe\u0301cifique de re\u0301introduction au Tchad. Cet atelier, fut un grand succe\u0300s par une de\u0301claration du gouvernement tchadien et ses partenaires afin d&rsquo;amorcer la re\u0301habilitation de la re\u0301serve et la re\u0301introduction de l&rsquo;Oryx algazelle au Tchad.<\/p>\n<p>En 2015, un site a e\u0301te\u0301 retenu dans la re\u0301serve de faune de Ouadi-Rime\u0301 et Ouadi-Achim, a\u0300 environ 65 km au sud-ouest d&rsquo;Arada (Wadi-Fira), l&rsquo;enclos des oryx sont maintenus dans un enclos d&rsquo;acclimatation puis e\u0301quipe\u0301s des celliers satellitaires et rela\u0302che\u0301s dans la Re\u0301serve le moment opportun.<\/p>\n<p>Selon les re\u0301sultats du dernier recensement ae\u0301rien et terrestre du mois de septembre 2023, il y a environ 500 et 600 oryx a\u0300 l&rsquo;e\u0301tat sauvage dans la re\u0301serve dont de 60% mis bas au Tchad. Et aussi 150 addax a\u0300 l&rsquo;e\u0301tat sauvage dans la re\u0301serve. Le patron de l&rsquo;environnement tchadien, a explique\u0301 que cet e\u0301cosyste\u0300me tchadien, est trop riche en Afrique, toutes les espe\u0300ces qu&rsquo;on peut imaginer ailleurs, se trouvent au Tchad.<\/p>\n<p>Cette re\u0301introduction est un e\u0301ve\u0301nement, tre\u0300s important pour les Tchadiens, pour l\u2019e\u0301cosyste\u0300me qui me\u0301rite d&rsquo;e\u0302tre pre\u0301serve\u0301. Apre\u0300s la visite de la re\u0301serve, ce mercredi, le ministre a encourage\u0301 les employeurs de la re\u0301serve et particulie\u0300rement, les responsables du Sahara conservation pour la motivation de la protection de l&rsquo;e\u0301cosyste\u0300me tchadien.<\/p>\n<p>Ensuite, le patron de l&rsquo;environnement a donne\u0301 des consignes et conseils aux protecteurs et aux populations riveraines. En ce qui concerne le braconnage, le ministre estime qu&rsquo;il faut associer la population environnante dans la gestion, afin qu&rsquo;elle profite aussi de ce projet pour que cette dernie\u0300re devienne de gardienne protectrice de cet environnement, pour bien pe\u0301renniser, en e\u0301vitant des mesures draconiennes.<\/p>\n<p><strong>Pour plus d&rsquo;informations et d&rsquo;analyses sur la <a href=\"https:\/\/www.africa-press.net\/tchad\">Tchad<\/a>, suivez <a href=\"https:\/\/www.africa-press.net\/\">Africa-Press<\/a><\/strong><\/p>\n","protected":false},"excerpt":{"rendered":"<p>Africa-Press &#8211; Tchad. L&rsquo;histoire tourne elle-me\u0302me pour la re\u0301introduction des, espe\u0300ces originaires du Tchad. A\u0300 un moment donne\u0301, les Emiratis n\u2019ont rien, ils ont exporte\u0301 quelques oryx et addax et aujourd&rsquo;hui a\u0300 leur tour, ils rapatrient les descendants a\u0300 qui, leurs ance\u0302tres sont partis du Tchad dans les anne\u0301es 70. Historiquement, cette re\u0301serve est situe\u0301e [&hellip;]<\/p>\n","protected":false},"author":82,"featured_media":54039,"comment_status":"open","ping_status":"closed","sticky":false,"template":"","format":"standard","meta":{"footnotes":""},"categories":[21,10],"tags":[37,292,29],"class_list":["post-54040","post","type-post","status-publish","format-standard","has-post-thumbnail","hentry","category-communaute","category-toutes-les-actualites","tag-africa-press","tag-africa-press-tchad","tag-tchad"],"yoast_head":"<!-- This site is optimized with the Yoast SEO Premium plugin v26.1 (Yoast SEO v27.0) - https:\/\/yoast.com\/product\/yoast-seo-premium-wordpress\/ -->\n<title>\u00ab L&#039;environnement est la vie de l&#039;Homme \u00bb - tchad<\/title>\n<meta name=\"description\" content=\"L&#039;histoire tourne elle-me\u0302me pour la re\u0301introduction des, espe\u0300ces originaires du Tchad. A\u0300 un moment donne\u0301, les Emirat ...\" \/>\n<meta name=\"robots\" content=\"index, follow, max-snippet:-1, max-image-preview:large, max-video-preview:-1\" \/>\n<link rel=\"canonical\" href=\"https:\/\/www.africa-press.net\/tchad\/toutes-les-actualites\/lenvironnement-est-la-vie-de-lhomme\" \/>\n<meta property=\"og:locale\" content=\"fr_FR\" \/>\n<meta property=\"og:type\" content=\"article\" \/>\n<meta property=\"og:title\" content=\"\u00ab L&#039;environnement est la vie de l&#039;Homme \u00bb\" \/>\n<meta property=\"og:description\" content=\"L&#039;histoire tourne elle-me\u0302me pour la re\u0301introduction des, espe\u0300ces originaires du Tchad. A\u0300 un moment donne\u0301, les Emirat ...\" \/>\n<meta property=\"og:url\" content=\"https:\/\/www.africa-press.net\/tchad\/toutes-les-actualites\/lenvironnement-est-la-vie-de-lhomme\" \/>\n<meta property=\"og:site_name\" content=\"tchad\" \/>\n<meta property=\"article:published_time\" content=\"2023-11-15T19:05:04+00:00\" \/>\n<meta property=\"article:modified_time\" content=\"2023-11-15T19:16:40+00:00\" \/>\n<meta property=\"og:image\" content=\"https:\/\/static.africa-press.net\/tchad\/sites\/41\/2023\/11\/sm_1700063120.315598.jpg\" \/>\n\t<meta property=\"og:image:width\" content=\"1080\" \/>\n\t<meta property=\"og:image:height\" content=\"799\" \/>\n\t<meta property=\"og:image:type\" content=\"image\/jpeg\" \/>\n<meta name=\"author\" content=\"cfeditorfr\" \/>\n<meta name=\"twitter:card\" content=\"summary_large_image\" \/>\n<meta name=\"twitter:label1\" content=\"\u00c9crit par\" \/>\n\t<meta name=\"twitter:data1\" content=\"cfeditorfr\" \/>\n\t<meta name=\"twitter:label2\" content=\"Dur\u00e9e de lecture estim\u00e9e\" \/>\n\t<meta name=\"twitter:data2\" content=\"3 minutes\" \/>\n<script type=\"application\/ld+json\" class=\"yoast-schema-graph\">{\"@context\":\"https:\/\/schema.org\",\"@graph\":[{\"@type\":\"Article\",\"@id\":\"https:\/\/www.africa-press.net\/tchad\/toutes-les-actualites\/lenvironnement-est-la-vie-de-lhomme#article\",\"isPartOf\":{\"@id\":\"https:\/\/www.africa-press.net\/tchad\/toutes-les-actualites\/lenvironnement-est-la-vie-de-lhomme\"},\"author\":{\"name\":\"cfeditorfr\",\"@id\":\"https:\/\/www.africa-press.net\/tchad\/#\/schema\/person\/2b1cf3cd81a31e3cd26889ca66d677f1\"},\"headline\":\"\u00ab L&rsquo;environnement est la vie de l&rsquo;Homme \u00bb\",\"datePublished\":\"2023-11-15T19:05:04+00:00\",\"dateModified\":\"2023-11-15T19:16:40+00:00\",\"mainEntityOfPage\":{\"@id\":\"https:\/\/www.africa-press.net\/tchad\/toutes-les-actualites\/lenvironnement-est-la-vie-de-lhomme\"},\"wordCount\":543,\"commentCount\":0,\"image\":{\"@id\":\"https:\/\/www.africa-press.net\/tchad\/toutes-les-actualites\/lenvironnement-est-la-vie-de-lhomme#primaryimage\"},\"thumbnailUrl\":\"https:\/\/static.africa-press.net\/tchad\/sites\/41\/2023\/11\/sm_1700063120.315598.jpg\",\"keywords\":[\"Africa Press\",\"Africa Press-Tchad\",\"Tchad\"],\"articleSection\":[\"Communaut\u00e9\",\"Toutes les actualit\u00e9s\"],\"inLanguage\":\"fr-FR\",\"potentialAction\":[{\"@type\":\"CommentAction\",\"name\":\"Comment\",\"target\":[\"https:\/\/www.africa-press.net\/tchad\/toutes-les-actualites\/lenvironnement-est-la-vie-de-lhomme#respond\"]}]},{\"@type\":\"WebPage\",\"@id\":\"https:\/\/www.africa-press.net\/tchad\/toutes-les-actualites\/lenvironnement-est-la-vie-de-lhomme\",\"url\":\"https:\/\/www.africa-press.net\/tchad\/toutes-les-actualites\/lenvironnement-est-la-vie-de-lhomme\",\"name\":\"\u00ab L'environnement est la vie de l'Homme \u00bb - tchad\",\"isPartOf\":{\"@id\":\"https:\/\/www.africa-press.net\/tchad\/#website\"},\"primaryImageOfPage\":{\"@id\":\"https:\/\/www.africa-press.net\/tchad\/toutes-les-actualites\/lenvironnement-est-la-vie-de-lhomme#primaryimage\"},\"image\":{\"@id\":\"https:\/\/www.africa-press.net\/tchad\/toutes-les-actualites\/lenvironnement-est-la-vie-de-lhomme#primaryimage\"},\"thumbnailUrl\":\"https:\/\/static.africa-press.net\/tchad\/sites\/41\/2023\/11\/sm_1700063120.315598.jpg\",\"datePublished\":\"2023-11-15T19:05:04+00:00\",\"dateModified\":\"2023-11-15T19:16:40+00:00\",\"author\":{\"@id\":\"https:\/\/www.africa-press.net\/tchad\/#\/schema\/person\/2b1cf3cd81a31e3cd26889ca66d677f1\"},\"description\":\"L'histoire tourne elle-me\u0302me pour la re\u0301introduction des, espe\u0300ces originaires du Tchad. A\u0300 un moment donne\u0301, les Emirat ...\",\"breadcrumb\":{\"@id\":\"https:\/\/www.africa-press.net\/tchad\/toutes-les-actualites\/lenvironnement-est-la-vie-de-lhomme#breadcrumb\"},\"inLanguage\":\"fr-FR\",\"potentialAction\":[{\"@type\":\"ReadAction\",\"target\":[\"https:\/\/www.africa-press.net\/tchad\/toutes-les-actualites\/lenvironnement-est-la-vie-de-lhomme\"]}]},{\"@type\":\"ImageObject\",\"inLanguage\":\"fr-FR\",\"@id\":\"https:\/\/www.africa-press.net\/tchad\/toutes-les-actualites\/lenvironnement-est-la-vie-de-lhomme#primaryimage\",\"url\":\"https:\/\/static.africa-press.net\/tchad\/sites\/41\/2023\/11\/sm_1700063120.315598.jpg\",\"contentUrl\":\"https:\/\/static.africa-press.net\/tchad\/sites\/41\/2023\/11\/sm_1700063120.315598.jpg\",\"width\":1080,\"height\":799,\"caption\":\"\u00ab L'environnement est la vie de l'Homme \u00bb\"},{\"@type\":\"BreadcrumbList\",\"@id\":\"https:\/\/www.africa-press.net\/tchad\/toutes-les-actualites\/lenvironnement-est-la-vie-de-lhomme#breadcrumb\",\"itemListElement\":[{\"@type\":\"ListItem\",\"position\":1,\"name\":\"Accueil\",\"item\":\"https:\/\/www.africa-press.net\/tchad\/\"},{\"@type\":\"ListItem\",\"position\":2,\"name\":\"\u00ab L&#8217;environnement est la vie de l&#8217;Homme \u00bb\"}]},{\"@type\":\"WebSite\",\"@id\":\"https:\/\/www.africa-press.net\/tchad\/#website\",\"url\":\"https:\/\/www.africa-press.net\/tchad\/\",\"name\":\"tchad\",\"description\":\"Just another Africa News Agency Sites site\",\"potentialAction\":[{\"@type\":\"SearchAction\",\"target\":{\"@type\":\"EntryPoint\",\"urlTemplate\":\"https:\/\/www.africa-press.net\/tchad\/?s={search_term_string}\"},\"query-input\":{\"@type\":\"PropertyValueSpecification\",\"valueRequired\":true,\"valueName\":\"search_term_string\"}}],\"inLanguage\":\"fr-FR\"},{\"@type\":\"Person\",\"@id\":\"https:\/\/www.africa-press.net\/tchad\/#\/schema\/person\/2b1cf3cd81a31e3cd26889ca66d677f1\",\"name\":\"cfeditorfr\"}]}<\/script>\n<!-- \/ Yoast SEO Premium plugin. -->","yoast_head_json":{"title":"\u00ab L'environnement est la vie de l'Homme \u00bb - tchad","description":"L'histoire tourne elle-me\u0302me pour la re\u0301introduction des, espe\u0300ces originaires du Tchad. A\u0300 un moment donne\u0301, les Emirat ...","robots":{"index":"index","follow":"follow","max-snippet":"max-snippet:-1","max-image-preview":"max-image-preview:large","max-video-preview":"max-video-preview:-1"},"canonical":"https:\/\/www.africa-press.net\/tchad\/toutes-les-actualites\/lenvironnement-est-la-vie-de-lhomme","og_locale":"fr_FR","og_type":"article","og_title":"\u00ab L'environnement est la vie de l'Homme \u00bb","og_description":"L'histoire tourne elle-me\u0302me pour la re\u0301introduction des, espe\u0300ces originaires du Tchad. A\u0300 un moment donne\u0301, les Emirat ...","og_url":"https:\/\/www.africa-press.net\/tchad\/toutes-les-actualites\/lenvironnement-est-la-vie-de-lhomme","og_site_name":"tchad","article_published_time":"2023-11-15T19:05:04+00:00","article_modified_time":"2023-11-15T19:16:40+00:00","og_image":[{"width":1080,"height":799,"url":"https:\/\/static.africa-press.net\/tchad\/sites\/41\/2023\/11\/sm_1700063120.315598.jpg","type":"image\/jpeg"}],"author":"cfeditorfr","twitter_card":"summary_large_image","twitter_misc":{"\u00c9crit par":"cfeditorfr","Dur\u00e9e de lecture estim\u00e9e":"3 minutes"},"schema":{"@context":"https:\/\/schema.org","@graph":[{"@type":"Article","@id":"https:\/\/www.africa-press.net\/tchad\/toutes-les-actualites\/lenvironnement-est-la-vie-de-lhomme#article","isPartOf":{"@id":"https:\/\/www.africa-press.net\/tchad\/toutes-les-actualites\/lenvironnement-est-la-vie-de-lhomme"},"author":{"name":"cfeditorfr","@id":"https:\/\/www.africa-press.net\/tchad\/#\/schema\/person\/2b1cf3cd81a31e3cd26889ca66d677f1"},"headline":"\u00ab L&rsquo;environnement est la vie de l&rsquo;Homme \u00bb","datePublished":"2023-11-15T19:05:04+00:00","dateModified":"2023-11-15T19:16:40+00:00","mainEntityOfPage":{"@id":"https:\/\/www.africa-press.net\/tchad\/toutes-les-actualites\/lenvironnement-est-la-vie-de-lhomme"},"wordCount":543,"commentCount":0,"image":{"@id":"https:\/\/www.africa-press.net\/tchad\/toutes-les-actualites\/lenvironnement-est-la-vie-de-lhomme#primaryimage"},"thumbnailUrl":"https:\/\/static.africa-press.net\/tchad\/sites\/41\/2023\/11\/sm_1700063120.315598.jpg","keywords":["Africa Press","Africa Press-Tchad","Tchad"],"articleSection":["Communaut\u00e9","Toutes les actualit\u00e9s"],"inLanguage":"fr-FR","potentialAction":[{"@type":"CommentAction","name":"Comment","target":["https:\/\/www.africa-press.net\/tchad\/toutes-les-actualites\/lenvironnement-est-la-vie-de-lhomme#respond"]}]},{"@type":"WebPage","@id":"https:\/\/www.africa-press.net\/tchad\/toutes-les-actualites\/lenvironnement-est-la-vie-de-lhomme","url":"https:\/\/www.africa-press.net\/tchad\/toutes-les-actualites\/lenvironnement-est-la-vie-de-lhomme","name":"\u00ab L'environnement est la vie de l'Homme \u00bb - tchad","isPartOf":{"@id":"https:\/\/www.africa-press.net\/tchad\/#website"},"primaryImageOfPage":{"@id":"https:\/\/www.africa-press.net\/tchad\/toutes-les-actualites\/lenvironnement-est-la-vie-de-lhomme#primaryimage"},"image":{"@id":"https:\/\/www.africa-press.net\/tchad\/toutes-les-actualites\/lenvironnement-est-la-vie-de-lhomme#primaryimage"},"thumbnailUrl":"https:\/\/static.africa-press.net\/tchad\/sites\/41\/2023\/11\/sm_1700063120.315598.jpg","datePublished":"2023-11-15T19:05:04+00:00","dateModified":"2023-11-15T19:16:40+00:00","author":{"@id":"https:\/\/www.africa-press.net\/tchad\/#\/schema\/person\/2b1cf3cd81a31e3cd26889ca66d677f1"},"description":"L'histoire tourne elle-me\u0302me pour la re\u0301introduction des, espe\u0300ces originaires du Tchad. A\u0300 un moment donne\u0301, les Emirat ...","breadcrumb":{"@id":"https:\/\/www.africa-press.net\/tchad\/toutes-les-actualites\/lenvironnement-est-la-vie-de-lhomme#breadcrumb"},"inLanguage":"fr-FR","potentialAction":[{"@type":"ReadAction","target":["https:\/\/www.africa-press.net\/tchad\/toutes-les-actualites\/lenvironnement-est-la-vie-de-lhomme"]}]},{"@type":"ImageObject","inLanguage":"fr-FR","@id":"https:\/\/www.africa-press.net\/tchad\/toutes-les-actualites\/lenvironnement-est-la-vie-de-lhomme#primaryimage","url":"https:\/\/static.africa-press.net\/tchad\/sites\/41\/2023\/11\/sm_1700063120.315598.jpg","contentUrl":"https:\/\/static.africa-press.net\/tchad\/sites\/41\/2023\/11\/sm_1700063120.315598.jpg","width":1080,"height":799,"caption":"\u00ab L'environnement est la vie de l'Homme \u00bb"},{"@type":"BreadcrumbList","@id":"https:\/\/www.africa-press.net\/tchad\/toutes-les-actualites\/lenvironnement-est-la-vie-de-lhomme#breadcrumb","itemListElement":[{"@type":"ListItem","position":1,"name":"Accueil","item":"https:\/\/www.africa-press.net\/tchad\/"},{"@type":"ListItem","position":2,"name":"\u00ab L&#8217;environnement est la vie de l&#8217;Homme \u00bb"}]},{"@type":"WebSite","@id":"https:\/\/www.africa-press.net\/tchad\/#website","url":"https:\/\/www.africa-press.net\/tchad\/","name":"tchad","description":"Just another Africa News Agency Sites site","potentialAction":[{"@type":"SearchAction","target":{"@type":"EntryPoint","urlTemplate":"https:\/\/www.africa-press.net\/tchad\/?s={search_term_string}"},"query-input":{"@type":"PropertyValueSpecification","valueRequired":true,"valueName":"search_term_string"}}],"inLanguage":"fr-FR"},{"@type":"Person","@id":"https:\/\/www.africa-press.net\/tchad\/#\/schema\/person\/2b1cf3cd81a31e3cd26889ca66d677f1","name":"cfeditorfr"}]}},"_links":{"self":[{"href":"https:\/\/www.africa-press.net\/tchad\/wp-json\/wp\/v2\/posts\/54040","targetHints":{"allow":["GET"]}}],"collection":[{"href":"https:\/\/www.africa-press.net\/tchad\/wp-json\/wp\/v2\/posts"}],"about":[{"href":"https:\/\/www.africa-press.net\/tchad\/wp-json\/wp\/v2\/types\/post"}],"author":[{"embeddable":true,"href":"https:\/\/www.africa-press.net\/tchad\/wp-json\/wp\/v2\/users\/82"}],"replies":[{"embeddable":true,"href":"https:\/\/www.africa-press.net\/tchad\/wp-json\/wp\/v2\/comments?post=54040"}],"version-history":[{"count":0,"href":"https:\/\/www.africa-press.net\/tchad\/wp-json\/wp\/v2\/posts\/54040\/revisions"}],"wp:featuredmedia":[{"embeddable":true,"href":"https:\/\/www.africa-press.net\/tchad\/wp-json\/wp\/v2\/media\/54039"}],"wp:attachment":[{"href":"https:\/\/www.africa-press.net\/tchad\/wp-json\/wp\/v2\/media?parent=54040"}],"wp:term":[{"taxonomy":"category","embeddable":true,"href":"https:\/\/www.africa-press.net\/tchad\/wp-json\/wp\/v2\/categories?post=54040"},{"taxonomy":"post_tag","embeddable":true,"href":"https:\/\/www.africa-press.net\/tchad\/wp-json\/wp\/v2\/tags?post=54040"}],"curies":[{"name":"wp","href":"https:\/\/api.w.org\/{rel}","templated":true}]}}