{"id":54089,"date":"2023-11-16T16:21:30","date_gmt":"2023-11-16T16:21:30","guid":{"rendered":"https:\/\/www.africa-press.net\/tchad\/politique\/le-ministre-detat-ministre-des-affaires-etrangeres-prend-part-a-la-15eme-edition-du-forum-medays-a-tanger-au-maroc"},"modified":"2023-11-16T17:45:20","modified_gmt":"2023-11-16T17:45:20","slug":"le-ministre-detat-ministre-des-affaires-etrangeres-prend-part-a-la-15eme-edition-du-forum-medays-a-tanger-au-maroc","status":"publish","type":"post","link":"https:\/\/www.africa-press.net\/tchad\/politique\/le-ministre-detat-ministre-des-affaires-etrangeres-prend-part-a-la-15eme-edition-du-forum-medays-a-tanger-au-maroc","title":{"rendered":"Le ministre d\u2019Etat, ministre des Affaires Etrang\u00e8res, prend part \u00e0 la 15\u00e8me \u00e9dition du Forum MEDays \u00e0 Tanger au Maroc"},"content":{"rendered":"<p><span style=\"color: #ff6600\"><strong>Africa-Press &#8211; Tchad. <\/strong><\/span>Le ministe\u0300re des Affaires e\u0301trange\u0300res informe dans un communique\u0301 que le ministre d\u2019Etat, ministre Mahamat Saleh Annadif, a quitte\u0301 hier N\u2019Djame\u0301na pour Tanger au Maroc ou\u0300 il prendra part a\u0300 la 15e\u0300me e\u0301dition du Forum MEDays.<\/p>\n<p>Cette e\u0301dition place\u0301e sous le the\u0300me: \u00ab Polycrise, Polymonde \u00bb et a\u0300 laquelle prendront part le Conseil de se\u0301curite\u0301 des Nations unies, le Conseil Paix et Se\u0301curite\u0301 de l\u2019Union africaine ainsi que les Communaute\u0301s Economiques Re\u0301gionales, se de\u0301roulera du 15 au 18 novembre 2023.<\/p>\n<p>A cet effet, des the\u0301matiques lie\u0301es aux investissements, au de\u0301veloppement durable en Afrique, a\u0300 la protection de l\u2019environnement, a\u0300 l\u2019e\u0301nergie, au se\u0301paratisme, au terrorisme et inge\u0301rence en Afrique, seront aborde\u0301es.<\/p>\n<p>L\u2019Ambassadeur Mahamat Saleh Annadif animera en session ple\u0301nie\u0300re d\u2019ouverture, le 16 novembre, le sous-the\u0300me: \u00ab Se\u0301paratisme, terrorisme, Inge\u0301rences et Instabilite\u0301 politique en Afrique: Sortir de ce terrible nexus fataliste \u00bb et participera entant que pane\u0301liste a\u0300 la table ronde dont le the\u0300me central est:<\/p>\n<p><strong>Pour plus d&rsquo;informations et d&rsquo;analyses sur la <a href=\"https:\/\/www.africa-press.net\/tchad\">Tchad<\/a>, suivez <a href=\"https:\/\/www.africa-press.net\/\">Africa-Press<\/a><\/strong><\/p>\n","protected":false},"excerpt":{"rendered":"<p>Africa-Press &#8211; Tchad. Le ministe\u0300re des Affaires e\u0301trange\u0300res informe dans un communique\u0301 que le ministre d\u2019Etat, ministre Mahamat Saleh Annadif, a quitte\u0301 hier N\u2019Djame\u0301na pour Tanger au Maroc ou\u0300 il prendra part a\u0300 la 15e\u0300me e\u0301dition du Forum MEDays. Cette e\u0301dition place\u0301e sous le the\u0300me: \u00ab Polycrise, Polymonde \u00bb et a\u0300 laquelle prendront part le [&hellip;]<\/p>\n","protected":false},"author":82,"featured_media":54088,"comment_status":"open","ping_status":"closed","sticky":false,"template":"","format":"standard","meta":{"footnotes":""},"categories":[2,20,10],"tags":[37,292,29],"class_list":["post-54089","post","type-post","status-publish","format-standard","has-post-thumbnail","hentry","category-politique","category-top-nouvelles","category-toutes-les-actualites","tag-africa-press","tag-africa-press-tchad","tag-tchad"],"yoast_head":"<!-- This site is optimized with the Yoast SEO Premium plugin v26.1 (Yoast SEO v27.0) - https:\/\/yoast.com\/product\/yoast-seo-premium-wordpress\/ -->\n<title>Le ministre d\u2019Etat, ministre des Affaires Etrang\u00e8res, prend part \u00e0 la 15\u00e8me \u00e9dition du Forum MEDays \u00e0 Tanger au Maroc - tchad<\/title>\n<meta name=\"description\" content=\"Le ministe\u0300re des Affaires e\u0301trange\u0300res informe dans un communique\u0301 que le ministre d\u2019Etat, ministre Mahamat Saleh Annad ...\" \/>\n<meta name=\"robots\" content=\"index, follow, max-snippet:-1, max-image-preview:large, max-video-preview:-1\" \/>\n<link rel=\"canonical\" href=\"https:\/\/www.africa-press.net\/tchad\/politique\/le-ministre-detat-ministre-des-affaires-etrangeres-prend-part-a-la-15eme-edition-du-forum-medays-a-tanger-au-maroc\" \/>\n<meta property=\"og:locale\" content=\"fr_FR\" \/>\n<meta property=\"og:type\" content=\"article\" \/>\n<meta property=\"og:title\" content=\"Le ministre d\u2019Etat, ministre des Affaires Etrang\u00e8res, prend part \u00e0 la 15\u00e8me \u00e9dition du Forum MEDays \u00e0 Tanger au Maroc\" \/>\n<meta property=\"og:description\" content=\"Le ministe\u0300re des Affaires e\u0301trange\u0300res informe dans un communique\u0301 que le ministre d\u2019Etat, ministre Mahamat Saleh Annad ...\" \/>\n<meta property=\"og:url\" content=\"https:\/\/www.africa-press.net\/tchad\/politique\/le-ministre-detat-ministre-des-affaires-etrangeres-prend-part-a-la-15eme-edition-du-forum-medays-a-tanger-au-maroc\" \/>\n<meta property=\"og:site_name\" content=\"tchad\" \/>\n<meta property=\"article:published_time\" content=\"2023-11-16T16:21:30+00:00\" \/>\n<meta property=\"article:modified_time\" content=\"2023-11-16T17:45:20+00:00\" \/>\n<meta property=\"og:image\" content=\"https:\/\/static.africa-press.net\/tchad\/sites\/41\/2023\/11\/sm_1700144066.95422.jpg\" \/>\n\t<meta property=\"og:image:width\" content=\"1280\" \/>\n\t<meta property=\"og:image:height\" content=\"720\" \/>\n\t<meta property=\"og:image:type\" content=\"image\/jpeg\" \/>\n<meta name=\"author\" content=\"cfeditorfr\" \/>\n<meta name=\"twitter:card\" content=\"summary_large_image\" \/>\n<meta name=\"twitter:label1\" content=\"\u00c9crit par\" \/>\n\t<meta name=\"twitter:data1\" content=\"cfeditorfr\" \/>\n\t<meta name=\"twitter:label2\" content=\"Dur\u00e9e de lecture estim\u00e9e\" \/>\n\t<meta name=\"twitter:data2\" content=\"1 minute\" \/>\n<script type=\"application\/ld+json\" class=\"yoast-schema-graph\">{\"@context\":\"https:\/\/schema.org\",\"@graph\":[{\"@type\":\"Article\",\"@id\":\"https:\/\/www.africa-press.net\/tchad\/politique\/le-ministre-detat-ministre-des-affaires-etrangeres-prend-part-a-la-15eme-edition-du-forum-medays-a-tanger-au-maroc#article\",\"isPartOf\":{\"@id\":\"https:\/\/www.africa-press.net\/tchad\/politique\/le-ministre-detat-ministre-des-affaires-etrangeres-prend-part-a-la-15eme-edition-du-forum-medays-a-tanger-au-maroc\"},\"author\":{\"name\":\"cfeditorfr\",\"@id\":\"https:\/\/www.africa-press.net\/tchad\/#\/schema\/person\/2b1cf3cd81a31e3cd26889ca66d677f1\"},\"headline\":\"Le ministre d\u2019Etat, ministre des Affaires Etrang\u00e8res, prend part \u00e0 la 15\u00e8me \u00e9dition du Forum MEDays \u00e0 Tanger au Maroc\",\"datePublished\":\"2023-11-16T16:21:30+00:00\",\"dateModified\":\"2023-11-16T17:45:20+00:00\",\"mainEntityOfPage\":{\"@id\":\"https:\/\/www.africa-press.net\/tchad\/politique\/le-ministre-detat-ministre-des-affaires-etrangeres-prend-part-a-la-15eme-edition-du-forum-medays-a-tanger-au-maroc\"},\"wordCount\":216,\"commentCount\":0,\"image\":{\"@id\":\"https:\/\/www.africa-press.net\/tchad\/politique\/le-ministre-detat-ministre-des-affaires-etrangeres-prend-part-a-la-15eme-edition-du-forum-medays-a-tanger-au-maroc#primaryimage\"},\"thumbnailUrl\":\"https:\/\/static.africa-press.net\/tchad\/sites\/41\/2023\/11\/sm_1700144066.95422.jpg\",\"keywords\":[\"Africa Press\",\"Africa Press-Tchad\",\"Tchad\"],\"articleSection\":[\"Politique\",\"Top Nouvelles\",\"Toutes les actualit\u00e9s\"],\"inLanguage\":\"fr-FR\",\"potentialAction\":[{\"@type\":\"CommentAction\",\"name\":\"Comment\",\"target\":[\"https:\/\/www.africa-press.net\/tchad\/politique\/le-ministre-detat-ministre-des-affaires-etrangeres-prend-part-a-la-15eme-edition-du-forum-medays-a-tanger-au-maroc#respond\"]}]},{\"@type\":\"WebPage\",\"@id\":\"https:\/\/www.africa-press.net\/tchad\/politique\/le-ministre-detat-ministre-des-affaires-etrangeres-prend-part-a-la-15eme-edition-du-forum-medays-a-tanger-au-maroc\",\"url\":\"https:\/\/www.africa-press.net\/tchad\/politique\/le-ministre-detat-ministre-des-affaires-etrangeres-prend-part-a-la-15eme-edition-du-forum-medays-a-tanger-au-maroc\",\"name\":\"Le ministre d\u2019Etat, ministre des Affaires Etrang\u00e8res, prend part \u00e0 la 15\u00e8me \u00e9dition du Forum MEDays \u00e0 Tanger au Maroc - tchad\",\"isPartOf\":{\"@id\":\"https:\/\/www.africa-press.net\/tchad\/#website\"},\"primaryImageOfPage\":{\"@id\":\"https:\/\/www.africa-press.net\/tchad\/politique\/le-ministre-detat-ministre-des-affaires-etrangeres-prend-part-a-la-15eme-edition-du-forum-medays-a-tanger-au-maroc#primaryimage\"},\"image\":{\"@id\":\"https:\/\/www.africa-press.net\/tchad\/politique\/le-ministre-detat-ministre-des-affaires-etrangeres-prend-part-a-la-15eme-edition-du-forum-medays-a-tanger-au-maroc#primaryimage\"},\"thumbnailUrl\":\"https:\/\/static.africa-press.net\/tchad\/sites\/41\/2023\/11\/sm_1700144066.95422.jpg\",\"datePublished\":\"2023-11-16T16:21:30+00:00\",\"dateModified\":\"2023-11-16T17:45:20+00:00\",\"author\":{\"@id\":\"https:\/\/www.africa-press.net\/tchad\/#\/schema\/person\/2b1cf3cd81a31e3cd26889ca66d677f1\"},\"description\":\"Le ministe\u0300re des Affaires e\u0301trange\u0300res informe dans un communique\u0301 que le ministre d\u2019Etat, ministre Mahamat Saleh Annad ...\",\"breadcrumb\":{\"@id\":\"https:\/\/www.africa-press.net\/tchad\/politique\/le-ministre-detat-ministre-des-affaires-etrangeres-prend-part-a-la-15eme-edition-du-forum-medays-a-tanger-au-maroc#breadcrumb\"},\"inLanguage\":\"fr-FR\",\"potentialAction\":[{\"@type\":\"ReadAction\",\"target\":[\"https:\/\/www.africa-press.net\/tchad\/politique\/le-ministre-detat-ministre-des-affaires-etrangeres-prend-part-a-la-15eme-edition-du-forum-medays-a-tanger-au-maroc\"]}]},{\"@type\":\"ImageObject\",\"inLanguage\":\"fr-FR\",\"@id\":\"https:\/\/www.africa-press.net\/tchad\/politique\/le-ministre-detat-ministre-des-affaires-etrangeres-prend-part-a-la-15eme-edition-du-forum-medays-a-tanger-au-maroc#primaryimage\",\"url\":\"https:\/\/static.africa-press.net\/tchad\/sites\/41\/2023\/11\/sm_1700144066.95422.jpg\",\"contentUrl\":\"https:\/\/static.africa-press.net\/tchad\/sites\/41\/2023\/11\/sm_1700144066.95422.jpg\",\"width\":1280,\"height\":720,\"caption\":\"Le ministre d\u2019Etat, ministre des Affaires Etrang\u00e8res, prend part \u00e0 la 15\u00e8me \u00e9dition du Forum MEDays \u00e0 Tanger au Maroc\"},{\"@type\":\"BreadcrumbList\",\"@id\":\"https:\/\/www.africa-press.net\/tchad\/politique\/le-ministre-detat-ministre-des-affaires-etrangeres-prend-part-a-la-15eme-edition-du-forum-medays-a-tanger-au-maroc#breadcrumb\",\"itemListElement\":[{\"@type\":\"ListItem\",\"position\":1,\"name\":\"Accueil\",\"item\":\"https:\/\/www.africa-press.net\/tchad\/\"},{\"@type\":\"ListItem\",\"position\":2,\"name\":\"Le ministre d\u2019Etat, ministre des Affaires Etrang\u00e8res, prend part \u00e0 la 15\u00e8me \u00e9dition du Forum MEDays \u00e0 Tanger au Maroc\"}]},{\"@type\":\"WebSite\",\"@id\":\"https:\/\/www.africa-press.net\/tchad\/#website\",\"url\":\"https:\/\/www.africa-press.net\/tchad\/\",\"name\":\"tchad\",\"description\":\"Just another Africa News Agency Sites site\",\"potentialAction\":[{\"@type\":\"SearchAction\",\"target\":{\"@type\":\"EntryPoint\",\"urlTemplate\":\"https:\/\/www.africa-press.net\/tchad\/?s={search_term_string}\"},\"query-input\":{\"@type\":\"PropertyValueSpecification\",\"valueRequired\":true,\"valueName\":\"search_term_string\"}}],\"inLanguage\":\"fr-FR\"},{\"@type\":\"Person\",\"@id\":\"https:\/\/www.africa-press.net\/tchad\/#\/schema\/person\/2b1cf3cd81a31e3cd26889ca66d677f1\",\"name\":\"cfeditorfr\"}]}<\/script>\n<!-- \/ Yoast SEO Premium plugin. -->","yoast_head_json":{"title":"Le ministre d\u2019Etat, ministre des Affaires Etrang\u00e8res, prend part \u00e0 la 15\u00e8me \u00e9dition du Forum MEDays \u00e0 Tanger au Maroc - tchad","description":"Le ministe\u0300re des Affaires e\u0301trange\u0300res informe dans un communique\u0301 que le ministre d\u2019Etat, ministre Mahamat Saleh Annad ...","robots":{"index":"index","follow":"follow","max-snippet":"max-snippet:-1","max-image-preview":"max-image-preview:large","max-video-preview":"max-video-preview:-1"},"canonical":"https:\/\/www.africa-press.net\/tchad\/politique\/le-ministre-detat-ministre-des-affaires-etrangeres-prend-part-a-la-15eme-edition-du-forum-medays-a-tanger-au-maroc","og_locale":"fr_FR","og_type":"article","og_title":"Le ministre d\u2019Etat, ministre des Affaires Etrang\u00e8res, prend part \u00e0 la 15\u00e8me \u00e9dition du Forum MEDays \u00e0 Tanger au Maroc","og_description":"Le ministe\u0300re des Affaires e\u0301trange\u0300res informe dans un communique\u0301 que le ministre d\u2019Etat, ministre Mahamat Saleh Annad ...","og_url":"https:\/\/www.africa-press.net\/tchad\/politique\/le-ministre-detat-ministre-des-affaires-etrangeres-prend-part-a-la-15eme-edition-du-forum-medays-a-tanger-au-maroc","og_site_name":"tchad","article_published_time":"2023-11-16T16:21:30+00:00","article_modified_time":"2023-11-16T17:45:20+00:00","og_image":[{"width":1280,"height":720,"url":"https:\/\/static.africa-press.net\/tchad\/sites\/41\/2023\/11\/sm_1700144066.95422.jpg","type":"image\/jpeg"}],"author":"cfeditorfr","twitter_card":"summary_large_image","twitter_misc":{"\u00c9crit par":"cfeditorfr","Dur\u00e9e de lecture estim\u00e9e":"1 minute"},"schema":{"@context":"https:\/\/schema.org","@graph":[{"@type":"Article","@id":"https:\/\/www.africa-press.net\/tchad\/politique\/le-ministre-detat-ministre-des-affaires-etrangeres-prend-part-a-la-15eme-edition-du-forum-medays-a-tanger-au-maroc#article","isPartOf":{"@id":"https:\/\/www.africa-press.net\/tchad\/politique\/le-ministre-detat-ministre-des-affaires-etrangeres-prend-part-a-la-15eme-edition-du-forum-medays-a-tanger-au-maroc"},"author":{"name":"cfeditorfr","@id":"https:\/\/www.africa-press.net\/tchad\/#\/schema\/person\/2b1cf3cd81a31e3cd26889ca66d677f1"},"headline":"Le ministre d\u2019Etat, ministre des Affaires Etrang\u00e8res, prend part \u00e0 la 15\u00e8me \u00e9dition du Forum MEDays \u00e0 Tanger au Maroc","datePublished":"2023-11-16T16:21:30+00:00","dateModified":"2023-11-16T17:45:20+00:00","mainEntityOfPage":{"@id":"https:\/\/www.africa-press.net\/tchad\/politique\/le-ministre-detat-ministre-des-affaires-etrangeres-prend-part-a-la-15eme-edition-du-forum-medays-a-tanger-au-maroc"},"wordCount":216,"commentCount":0,"image":{"@id":"https:\/\/www.africa-press.net\/tchad\/politique\/le-ministre-detat-ministre-des-affaires-etrangeres-prend-part-a-la-15eme-edition-du-forum-medays-a-tanger-au-maroc#primaryimage"},"thumbnailUrl":"https:\/\/static.africa-press.net\/tchad\/sites\/41\/2023\/11\/sm_1700144066.95422.jpg","keywords":["Africa Press","Africa Press-Tchad","Tchad"],"articleSection":["Politique","Top Nouvelles","Toutes les actualit\u00e9s"],"inLanguage":"fr-FR","potentialAction":[{"@type":"CommentAction","name":"Comment","target":["https:\/\/www.africa-press.net\/tchad\/politique\/le-ministre-detat-ministre-des-affaires-etrangeres-prend-part-a-la-15eme-edition-du-forum-medays-a-tanger-au-maroc#respond"]}]},{"@type":"WebPage","@id":"https:\/\/www.africa-press.net\/tchad\/politique\/le-ministre-detat-ministre-des-affaires-etrangeres-prend-part-a-la-15eme-edition-du-forum-medays-a-tanger-au-maroc","url":"https:\/\/www.africa-press.net\/tchad\/politique\/le-ministre-detat-ministre-des-affaires-etrangeres-prend-part-a-la-15eme-edition-du-forum-medays-a-tanger-au-maroc","name":"Le ministre d\u2019Etat, ministre des Affaires Etrang\u00e8res, prend part \u00e0 la 15\u00e8me \u00e9dition du Forum MEDays \u00e0 Tanger au Maroc - tchad","isPartOf":{"@id":"https:\/\/www.africa-press.net\/tchad\/#website"},"primaryImageOfPage":{"@id":"https:\/\/www.africa-press.net\/tchad\/politique\/le-ministre-detat-ministre-des-affaires-etrangeres-prend-part-a-la-15eme-edition-du-forum-medays-a-tanger-au-maroc#primaryimage"},"image":{"@id":"https:\/\/www.africa-press.net\/tchad\/politique\/le-ministre-detat-ministre-des-affaires-etrangeres-prend-part-a-la-15eme-edition-du-forum-medays-a-tanger-au-maroc#primaryimage"},"thumbnailUrl":"https:\/\/static.africa-press.net\/tchad\/sites\/41\/2023\/11\/sm_1700144066.95422.jpg","datePublished":"2023-11-16T16:21:30+00:00","dateModified":"2023-11-16T17:45:20+00:00","author":{"@id":"https:\/\/www.africa-press.net\/tchad\/#\/schema\/person\/2b1cf3cd81a31e3cd26889ca66d677f1"},"description":"Le ministe\u0300re des Affaires e\u0301trange\u0300res informe dans un communique\u0301 que le ministre d\u2019Etat, ministre Mahamat Saleh Annad ...","breadcrumb":{"@id":"https:\/\/www.africa-press.net\/tchad\/politique\/le-ministre-detat-ministre-des-affaires-etrangeres-prend-part-a-la-15eme-edition-du-forum-medays-a-tanger-au-maroc#breadcrumb"},"inLanguage":"fr-FR","potentialAction":[{"@type":"ReadAction","target":["https:\/\/www.africa-press.net\/tchad\/politique\/le-ministre-detat-ministre-des-affaires-etrangeres-prend-part-a-la-15eme-edition-du-forum-medays-a-tanger-au-maroc"]}]},{"@type":"ImageObject","inLanguage":"fr-FR","@id":"https:\/\/www.africa-press.net\/tchad\/politique\/le-ministre-detat-ministre-des-affaires-etrangeres-prend-part-a-la-15eme-edition-du-forum-medays-a-tanger-au-maroc#primaryimage","url":"https:\/\/static.africa-press.net\/tchad\/sites\/41\/2023\/11\/sm_1700144066.95422.jpg","contentUrl":"https:\/\/static.africa-press.net\/tchad\/sites\/41\/2023\/11\/sm_1700144066.95422.jpg","width":1280,"height":720,"caption":"Le ministre d\u2019Etat, ministre des Affaires Etrang\u00e8res, prend part \u00e0 la 15\u00e8me \u00e9dition du Forum MEDays \u00e0 Tanger au Maroc"},{"@type":"BreadcrumbList","@id":"https:\/\/www.africa-press.net\/tchad\/politique\/le-ministre-detat-ministre-des-affaires-etrangeres-prend-part-a-la-15eme-edition-du-forum-medays-a-tanger-au-maroc#breadcrumb","itemListElement":[{"@type":"ListItem","position":1,"name":"Accueil","item":"https:\/\/www.africa-press.net\/tchad\/"},{"@type":"ListItem","position":2,"name":"Le ministre d\u2019Etat, ministre des Affaires Etrang\u00e8res, prend part \u00e0 la 15\u00e8me \u00e9dition du Forum MEDays \u00e0 Tanger au Maroc"}]},{"@type":"WebSite","@id":"https:\/\/www.africa-press.net\/tchad\/#website","url":"https:\/\/www.africa-press.net\/tchad\/","name":"tchad","description":"Just another Africa News Agency Sites site","potentialAction":[{"@type":"SearchAction","target":{"@type":"EntryPoint","urlTemplate":"https:\/\/www.africa-press.net\/tchad\/?s={search_term_string}"},"query-input":{"@type":"PropertyValueSpecification","valueRequired":true,"valueName":"search_term_string"}}],"inLanguage":"fr-FR"},{"@type":"Person","@id":"https:\/\/www.africa-press.net\/tchad\/#\/schema\/person\/2b1cf3cd81a31e3cd26889ca66d677f1","name":"cfeditorfr"}]}},"_links":{"self":[{"href":"https:\/\/www.africa-press.net\/tchad\/wp-json\/wp\/v2\/posts\/54089","targetHints":{"allow":["GET"]}}],"collection":[{"href":"https:\/\/www.africa-press.net\/tchad\/wp-json\/wp\/v2\/posts"}],"about":[{"href":"https:\/\/www.africa-press.net\/tchad\/wp-json\/wp\/v2\/types\/post"}],"author":[{"embeddable":true,"href":"https:\/\/www.africa-press.net\/tchad\/wp-json\/wp\/v2\/users\/82"}],"replies":[{"embeddable":true,"href":"https:\/\/www.africa-press.net\/tchad\/wp-json\/wp\/v2\/comments?post=54089"}],"version-history":[{"count":0,"href":"https:\/\/www.africa-press.net\/tchad\/wp-json\/wp\/v2\/posts\/54089\/revisions"}],"wp:featuredmedia":[{"embeddable":true,"href":"https:\/\/www.africa-press.net\/tchad\/wp-json\/wp\/v2\/media\/54088"}],"wp:attachment":[{"href":"https:\/\/www.africa-press.net\/tchad\/wp-json\/wp\/v2\/media?parent=54089"}],"wp:term":[{"taxonomy":"category","embeddable":true,"href":"https:\/\/www.africa-press.net\/tchad\/wp-json\/wp\/v2\/categories?post=54089"},{"taxonomy":"post_tag","embeddable":true,"href":"https:\/\/www.africa-press.net\/tchad\/wp-json\/wp\/v2\/tags?post=54089"}],"curies":[{"name":"wp","href":"https:\/\/api.w.org\/{rel}","templated":true}]}}