{"id":54102,"date":"2023-11-17T07:35:39","date_gmt":"2023-11-17T07:35:39","guid":{"rendered":"https:\/\/www.africa-press.net\/tchad\/politique\/migrations-clandestines-vers-leurope-quel-role-et-quelle-mission-pour-lunion-africaine"},"modified":"2023-11-17T07:58:27","modified_gmt":"2023-11-17T07:58:27","slug":"migrations-clandestines-vers-leurope-quel-role-et-quelle-mission-pour-lunion-africaine","status":"publish","type":"post","link":"https:\/\/www.africa-press.net\/tchad\/dossiers\/migrations-clandestines-vers-leurope-quel-role-et-quelle-mission-pour-lunion-africaine","title":{"rendered":"Migrations clandestines vers l\u2019Europe\u00a0: quel r\u00f4le et quelle mission pour l\u2019Union africaine\u00a0?"},"content":{"rendered":"<p><b>Didja-Maria ONOBIONO<\/b><\/p>\n<p><span style=\"color: #ff6600\"><strong>Africa-Press &#8211; Tchad. <\/strong><\/span>Lors des crises migratoires sur le Vieux Continent, le silence des dirigeants africains est souvent de\u0301nonce\u0301. Pourtant, l\u2019UA dispose d\u2019outils et de programmes, me\u0301connus, pour endiguer le flux sans cesse croissant des de\u0301parts de migrants.<\/p>\n<p>Selon le Haut Commissariat des Nations unies pour les re\u0301fugie\u0301s, plus de 100 000 Africains ont traverse\u0301 la Me\u0301diterrane\u0301e en 2021 en direction de l\u2019Europe. Bien que ce nombre soit infe\u0301rieur aux dizaines de millions de migrants a\u0300 l\u2019inte\u0301rieur de l\u2019Afrique, l\u2019immigration irre\u0301gulie\u0300re des Africains vers l\u2019Europe est un phe\u0301nome\u0300ne croissant.<\/p>\n<p>Les agissements des groupes et des personnes contro\u0302lant les filie\u0300res d\u2019immigration clandestine allant a\u0300 l\u2019encontre des principes fondamentaux des droits humains, l\u2019Union africaine (UA) a e\u0301tabli en 2013, dans son Agenda 2063, plusieurs objectifs et domaines prioritaires, dont celui des \u00ab pratiques de\u0301mocratiques \u00bb et du respect des \u00ab principes universels des droits de l\u2019homme \u00bb.<\/p>\n<p>Mais la mise en \u0153uvre effective de ces principes reste rarement mentionne\u0301e dans l\u2019actualite\u0301 me\u0301diatique ou institutionnelle.<\/p>\n<p><b>Position ferme et assume\u0301e<\/b><\/p>\n<p>L\u2019UA e\u0301tant tenue de respecter ses principes fondateurs, elle s\u2019oppose fermement aux discours et pratiques oppressants et discriminants qui peuvent e\u0302tre porte\u0301s a\u0300 l\u2019encontre des migrants irre\u0301guliers, les privant de leurs droits humains sur le sol africain et me\u0302me en dehors du continent. Pour l\u2019illustrer, le 24 juin 2022, environ 1 500 a\u0300 2 000 migrants irre\u0301guliers ont tente\u0301 de franchir la frontie\u0300re militarise\u0301e se\u0301parant le Maroc de l\u2019enclave espagnole de Melilla. Ils y ont subi la re\u0301action violente des forces arme\u0301es marocaines et espagnoles, et le bilan de ce drame s\u2019est e\u0301leve\u0301 a\u0300 quelque 37 morts, selon l\u2019ONG espagnole Caminando Fronteras. A\u0300 la suite de la condamnation du pre\u0301sident de la Commission de l\u2019UA, la Commission africaine des droits de l\u2019homme et des peuples a exprime\u0301 sa \u00ab consternation \u00bb face a\u0300 ces e\u0301ve\u0301nements, et a rappele\u0301 aux pays membres \u00ab l\u2019importance de respecter les principes fondamentaux du droit international des droits de l\u2019homme \u00bb.<\/p>\n<p>L\u2019UA a donc une position ferme et assume\u0301e, qui l\u2019engage a\u0300 la non-tole\u0301rance des violences a\u0300 l\u2019encontre des migrants clandestins. Pour reme\u0301dier aux mauvaises conditions auxquelles sont soumis ces migrants qui quittent le continent vers l\u2019Europe, l\u2019UA a donc mis en place le Cadre de politiques migratoires pour l\u2019Afrique (MPFA, pour Migration Policy Framework for Africa), ainsi que son Plan d\u2019action. Le dispositif couvre les diffe\u0301rents de\u0301fis du processus migratoire, allant des causes originelles a\u0300 ses interactions avec le de\u0301veloppement. Il fournit un cadre juridique non contraignant, appelant les E\u0301tats membres a\u0300 lier leurs politiques migratoires a\u0300 la protection des droits des migrants. Au niveau national, cela passe par la mise en \u0153uvre de politiques migratoires approprie\u0301es, un meilleur contro\u0302le aux frontie\u0300res, ainsi que par d\u2019autres mesures plus inclusives, notamment en matie\u0300re d\u2019emploi des jeunes, d\u2019e\u0301ducation et de qualite\u0301 des services publics.<\/p>\n<p>Dans le souci de re\u0301soudre le proble\u0300me de la migration clandestine vers l\u2019Europe, le Conseil de se\u0301curite\u0301 de l\u2019UA a reconnu, en 2016, un lien entre la migration clandestine et le crime organise\u0301 transnational. Dans cette perspective, le Conseil a souligne\u0301 la ne\u0301cessite\u0301 de mettre en place des me\u0301canismes efficaces de lutte contre la corruption et la criminalite\u0301 organise\u0301e, y compris la traite et le trafic d\u2019e\u0302tres humains. Ainsi donc, l\u2019UA a mis en place le Me\u0301canisme africain d\u2019e\u0301valuation par les pairs, lequel permet aux pays membres de rester fide\u0300les aux principes et objectifs de l\u2019UA. Cette dernie\u0300re, e\u0301galement consciente du manque de connaissances sur les migrations clandestines vers l\u2019Europe, s\u2019est engage\u0301e a\u0300 renforcer la sensibilisation des diffe\u0301rents segments de l\u2019opinion sur le sujet. Par ailleurs, elle a inaugure\u0301, en 2021, son Centre africain d\u2019e\u0301tudes et de recherche sur la migrations, dont l\u2019objectif principal est de faire progresser la base de connaissances du continent africain sur les questions de migration et de mobilite\u0301.<\/p>\n<p><b>Absence de ressources<\/b><\/p>\n<p>Alors que l\u2019organisation se concentre sur les solutions a\u0300 long terme, l\u2019Union europe\u0301enne (UE) s\u2019inte\u0301resse, elle, aux re\u0301ponses a\u0300 court terme, qui trouvent leur expression la plus manifeste dans l\u2019augmentation des patrouilles aux frontie\u0300res des pays qui la composent. La grande majorite\u0301 des fonds requis pour la mise en \u0153uvre des strate\u0301gies est fournie par la Commission europe\u0301enne, ce qui lui confe\u0300re un pouvoir conside\u0301rable dans les de\u0301cisions concernant les migrations irre\u0301gulie\u0300res.<\/p>\n<p>L\u2019UA ne dispose ni de moyens financiers ni de ressources humaines suffisants pour trouver des solutions a\u0300 court terme a\u0300 la migration clandestine vers l\u2019Europe. Il devient, par conse\u0301quent, plus accommodant pour l\u2019UE de transposer ses objectifs migratoires, davantage centre\u0301s sur le non-accueil des migrants, aux antipodes de la vision et des actions de l\u2019UA. Au titre des quelques suggestions qui pourraient aider l\u2019UA a\u0300 affirmer efficacement ses valeurs relatives a\u0300 la question migratoire vers l\u2019Europe, nous pensons a\u0300 la cre\u0301ation d\u2019un fonds spe\u0301cial auquel les E\u0301tats africains contribueraient annuellement, a\u0300 proportion de leur importance de\u0301mographique et de leur puissance e\u0301conomique. Il faudrait re\u0301fle\u0301chir, en outre, sur les me\u0301canismes de fonctionnement de la Commission de l\u2019UA en matie\u0300re de prise de de\u0301cision, et aux capacite\u0301s de l\u2019institution a\u0300 en assurer la mise en \u0153uvre effective.<\/p>\n<p><b>Source: JeuneAfrique<\/b><\/p>\n<p><strong>Pour plus d&rsquo;informations et d&rsquo;analyses sur la <a href=\"https:\/\/www.africa-press.net\/tchad\">Tchad<\/a>, suivez <a href=\"https:\/\/www.africa-press.net\/\">Africa-Press<\/a><\/strong><\/p>\n","protected":false},"excerpt":{"rendered":"<p>Didja-Maria ONOBIONO Africa-Press &#8211; Tchad. Lors des crises migratoires sur le Vieux Continent, le silence des dirigeants africains est souvent de\u0301nonce\u0301. Pourtant, l\u2019UA dispose d\u2019outils et de programmes, me\u0301connus, pour endiguer le flux sans cesse croissant des de\u0301parts de migrants. Selon le Haut Commissariat des Nations unies pour les re\u0301fugie\u0301s, plus de 100 000 Africains [&hellip;]<\/p>\n","protected":false},"author":82,"featured_media":54101,"comment_status":"open","ping_status":"closed","sticky":false,"template":"","format":"standard","meta":{"footnotes":""},"categories":[7,10],"tags":[37,292,29],"class_list":["post-54102","post","type-post","status-publish","format-standard","has-post-thumbnail","hentry","category-dossiers","category-toutes-les-actualites","tag-africa-press","tag-africa-press-tchad","tag-tchad"],"yoast_head":"<!-- This site is optimized with the Yoast SEO Premium plugin v26.1 (Yoast SEO v27.0) - https:\/\/yoast.com\/product\/yoast-seo-premium-wordpress\/ -->\n<title>Migrations clandestines vers l\u2019Europe\u00a0: quel r\u00f4le et quelle mission pour l\u2019Union africaine\u00a0? - tchad<\/title>\n<meta name=\"description\" content=\"Lors des crises migratoires sur le Vieux Continent, le silence des dirigeants africains est souvent de\u0301nonce\u0301. Pourtant, ...\" \/>\n<meta name=\"robots\" content=\"index, follow, max-snippet:-1, max-image-preview:large, max-video-preview:-1\" \/>\n<link rel=\"canonical\" href=\"https:\/\/www.africa-press.net\/tchad\/dossiers\/migrations-clandestines-vers-leurope-quel-role-et-quelle-mission-pour-lunion-africaine\" \/>\n<meta property=\"og:locale\" content=\"fr_FR\" \/>\n<meta property=\"og:type\" content=\"article\" \/>\n<meta property=\"og:title\" content=\"Migrations clandestines vers l\u2019Europe\u00a0: quel r\u00f4le et quelle mission pour l\u2019Union africaine\u00a0?\" \/>\n<meta property=\"og:description\" content=\"Lors des crises migratoires sur le Vieux Continent, le silence des dirigeants africains est souvent de\u0301nonce\u0301. Pourtant, ...\" \/>\n<meta property=\"og:url\" content=\"https:\/\/www.africa-press.net\/tchad\/dossiers\/migrations-clandestines-vers-leurope-quel-role-et-quelle-mission-pour-lunion-africaine\" \/>\n<meta property=\"og:site_name\" content=\"tchad\" \/>\n<meta property=\"article:published_time\" content=\"2023-11-17T07:35:39+00:00\" \/>\n<meta property=\"article:modified_time\" content=\"2023-11-17T07:58:27+00:00\" \/>\n<meta property=\"og:image\" content=\"https:\/\/static.africa-press.net\/tchad\/sites\/41\/2023\/11\/sm_1700195010.567092.jpg\" \/>\n\t<meta property=\"og:image:width\" content=\"1256\" \/>\n\t<meta property=\"og:image:height\" content=\"628\" \/>\n\t<meta property=\"og:image:type\" content=\"image\/jpeg\" \/>\n<meta name=\"author\" content=\"cfeditorfr\" \/>\n<meta name=\"twitter:card\" content=\"summary_large_image\" \/>\n<meta name=\"twitter:label1\" content=\"\u00c9crit par\" \/>\n\t<meta name=\"twitter:data1\" content=\"cfeditorfr\" \/>\n\t<meta name=\"twitter:label2\" content=\"Dur\u00e9e de lecture estim\u00e9e\" \/>\n\t<meta name=\"twitter:data2\" content=\"5 minutes\" \/>\n<script type=\"application\/ld+json\" class=\"yoast-schema-graph\">{\"@context\":\"https:\/\/schema.org\",\"@graph\":[{\"@type\":\"Article\",\"@id\":\"https:\/\/www.africa-press.net\/tchad\/dossiers\/migrations-clandestines-vers-leurope-quel-role-et-quelle-mission-pour-lunion-africaine#article\",\"isPartOf\":{\"@id\":\"https:\/\/www.africa-press.net\/tchad\/dossiers\/migrations-clandestines-vers-leurope-quel-role-et-quelle-mission-pour-lunion-africaine\"},\"author\":{\"name\":\"cfeditorfr\",\"@id\":\"https:\/\/www.africa-press.net\/tchad\/#\/schema\/person\/2b1cf3cd81a31e3cd26889ca66d677f1\"},\"headline\":\"Migrations clandestines vers l\u2019Europe\u00a0: quel r\u00f4le et quelle mission pour l\u2019Union africaine\u00a0?\",\"datePublished\":\"2023-11-17T07:35:39+00:00\",\"dateModified\":\"2023-11-17T07:58:27+00:00\",\"mainEntityOfPage\":{\"@id\":\"https:\/\/www.africa-press.net\/tchad\/dossiers\/migrations-clandestines-vers-leurope-quel-role-et-quelle-mission-pour-lunion-africaine\"},\"wordCount\":989,\"commentCount\":0,\"image\":{\"@id\":\"https:\/\/www.africa-press.net\/tchad\/dossiers\/migrations-clandestines-vers-leurope-quel-role-et-quelle-mission-pour-lunion-africaine#primaryimage\"},\"thumbnailUrl\":\"https:\/\/static.africa-press.net\/tchad\/sites\/41\/2023\/11\/sm_1700195010.567092.jpg\",\"keywords\":[\"Africa Press\",\"Africa Press-Tchad\",\"Tchad\"],\"articleSection\":[\"Dossiers\",\"Toutes les actualit\u00e9s\"],\"inLanguage\":\"fr-FR\",\"potentialAction\":[{\"@type\":\"CommentAction\",\"name\":\"Comment\",\"target\":[\"https:\/\/www.africa-press.net\/tchad\/dossiers\/migrations-clandestines-vers-leurope-quel-role-et-quelle-mission-pour-lunion-africaine#respond\"]}]},{\"@type\":\"WebPage\",\"@id\":\"https:\/\/www.africa-press.net\/tchad\/dossiers\/migrations-clandestines-vers-leurope-quel-role-et-quelle-mission-pour-lunion-africaine\",\"url\":\"https:\/\/www.africa-press.net\/tchad\/dossiers\/migrations-clandestines-vers-leurope-quel-role-et-quelle-mission-pour-lunion-africaine\",\"name\":\"Migrations clandestines vers l\u2019Europe\u00a0: quel r\u00f4le et quelle mission pour l\u2019Union africaine\u00a0? - tchad\",\"isPartOf\":{\"@id\":\"https:\/\/www.africa-press.net\/tchad\/#website\"},\"primaryImageOfPage\":{\"@id\":\"https:\/\/www.africa-press.net\/tchad\/dossiers\/migrations-clandestines-vers-leurope-quel-role-et-quelle-mission-pour-lunion-africaine#primaryimage\"},\"image\":{\"@id\":\"https:\/\/www.africa-press.net\/tchad\/dossiers\/migrations-clandestines-vers-leurope-quel-role-et-quelle-mission-pour-lunion-africaine#primaryimage\"},\"thumbnailUrl\":\"https:\/\/static.africa-press.net\/tchad\/sites\/41\/2023\/11\/sm_1700195010.567092.jpg\",\"datePublished\":\"2023-11-17T07:35:39+00:00\",\"dateModified\":\"2023-11-17T07:58:27+00:00\",\"author\":{\"@id\":\"https:\/\/www.africa-press.net\/tchad\/#\/schema\/person\/2b1cf3cd81a31e3cd26889ca66d677f1\"},\"description\":\"Lors des crises migratoires sur le Vieux Continent, le silence des dirigeants africains est souvent de\u0301nonce\u0301. Pourtant, ...\",\"breadcrumb\":{\"@id\":\"https:\/\/www.africa-press.net\/tchad\/dossiers\/migrations-clandestines-vers-leurope-quel-role-et-quelle-mission-pour-lunion-africaine#breadcrumb\"},\"inLanguage\":\"fr-FR\",\"potentialAction\":[{\"@type\":\"ReadAction\",\"target\":[\"https:\/\/www.africa-press.net\/tchad\/dossiers\/migrations-clandestines-vers-leurope-quel-role-et-quelle-mission-pour-lunion-africaine\"]}]},{\"@type\":\"ImageObject\",\"inLanguage\":\"fr-FR\",\"@id\":\"https:\/\/www.africa-press.net\/tchad\/dossiers\/migrations-clandestines-vers-leurope-quel-role-et-quelle-mission-pour-lunion-africaine#primaryimage\",\"url\":\"https:\/\/static.africa-press.net\/tchad\/sites\/41\/2023\/11\/sm_1700195010.567092.jpg\",\"contentUrl\":\"https:\/\/static.africa-press.net\/tchad\/sites\/41\/2023\/11\/sm_1700195010.567092.jpg\",\"width\":1256,\"height\":628,\"caption\":\"Migrations clandestines vers l\u2019Europe\u00a0: quel r\u00f4le et quelle mission pour l\u2019Union africaine\u00a0?\"},{\"@type\":\"BreadcrumbList\",\"@id\":\"https:\/\/www.africa-press.net\/tchad\/dossiers\/migrations-clandestines-vers-leurope-quel-role-et-quelle-mission-pour-lunion-africaine#breadcrumb\",\"itemListElement\":[{\"@type\":\"ListItem\",\"position\":1,\"name\":\"Accueil\",\"item\":\"https:\/\/www.africa-press.net\/tchad\/\"},{\"@type\":\"ListItem\",\"position\":2,\"name\":\"Migrations clandestines vers l\u2019Europe\u00a0: quel r\u00f4le et quelle mission pour l\u2019Union africaine\u00a0?\"}]},{\"@type\":\"WebSite\",\"@id\":\"https:\/\/www.africa-press.net\/tchad\/#website\",\"url\":\"https:\/\/www.africa-press.net\/tchad\/\",\"name\":\"tchad\",\"description\":\"Just another Africa News Agency Sites site\",\"potentialAction\":[{\"@type\":\"SearchAction\",\"target\":{\"@type\":\"EntryPoint\",\"urlTemplate\":\"https:\/\/www.africa-press.net\/tchad\/?s={search_term_string}\"},\"query-input\":{\"@type\":\"PropertyValueSpecification\",\"valueRequired\":true,\"valueName\":\"search_term_string\"}}],\"inLanguage\":\"fr-FR\"},{\"@type\":\"Person\",\"@id\":\"https:\/\/www.africa-press.net\/tchad\/#\/schema\/person\/2b1cf3cd81a31e3cd26889ca66d677f1\",\"name\":\"cfeditorfr\"}]}<\/script>\n<!-- \/ Yoast SEO Premium plugin. -->","yoast_head_json":{"title":"Migrations clandestines vers l\u2019Europe\u00a0: quel r\u00f4le et quelle mission pour l\u2019Union africaine\u00a0? - tchad","description":"Lors des crises migratoires sur le Vieux Continent, le silence des dirigeants africains est souvent de\u0301nonce\u0301. Pourtant, ...","robots":{"index":"index","follow":"follow","max-snippet":"max-snippet:-1","max-image-preview":"max-image-preview:large","max-video-preview":"max-video-preview:-1"},"canonical":"https:\/\/www.africa-press.net\/tchad\/dossiers\/migrations-clandestines-vers-leurope-quel-role-et-quelle-mission-pour-lunion-africaine","og_locale":"fr_FR","og_type":"article","og_title":"Migrations clandestines vers l\u2019Europe\u00a0: quel r\u00f4le et quelle mission pour l\u2019Union africaine\u00a0?","og_description":"Lors des crises migratoires sur le Vieux Continent, le silence des dirigeants africains est souvent de\u0301nonce\u0301. Pourtant, ...","og_url":"https:\/\/www.africa-press.net\/tchad\/dossiers\/migrations-clandestines-vers-leurope-quel-role-et-quelle-mission-pour-lunion-africaine","og_site_name":"tchad","article_published_time":"2023-11-17T07:35:39+00:00","article_modified_time":"2023-11-17T07:58:27+00:00","og_image":[{"width":1256,"height":628,"url":"https:\/\/static.africa-press.net\/tchad\/sites\/41\/2023\/11\/sm_1700195010.567092.jpg","type":"image\/jpeg"}],"author":"cfeditorfr","twitter_card":"summary_large_image","twitter_misc":{"\u00c9crit par":"cfeditorfr","Dur\u00e9e de lecture estim\u00e9e":"5 minutes"},"schema":{"@context":"https:\/\/schema.org","@graph":[{"@type":"Article","@id":"https:\/\/www.africa-press.net\/tchad\/dossiers\/migrations-clandestines-vers-leurope-quel-role-et-quelle-mission-pour-lunion-africaine#article","isPartOf":{"@id":"https:\/\/www.africa-press.net\/tchad\/dossiers\/migrations-clandestines-vers-leurope-quel-role-et-quelle-mission-pour-lunion-africaine"},"author":{"name":"cfeditorfr","@id":"https:\/\/www.africa-press.net\/tchad\/#\/schema\/person\/2b1cf3cd81a31e3cd26889ca66d677f1"},"headline":"Migrations clandestines vers l\u2019Europe\u00a0: quel r\u00f4le et quelle mission pour l\u2019Union africaine\u00a0?","datePublished":"2023-11-17T07:35:39+00:00","dateModified":"2023-11-17T07:58:27+00:00","mainEntityOfPage":{"@id":"https:\/\/www.africa-press.net\/tchad\/dossiers\/migrations-clandestines-vers-leurope-quel-role-et-quelle-mission-pour-lunion-africaine"},"wordCount":989,"commentCount":0,"image":{"@id":"https:\/\/www.africa-press.net\/tchad\/dossiers\/migrations-clandestines-vers-leurope-quel-role-et-quelle-mission-pour-lunion-africaine#primaryimage"},"thumbnailUrl":"https:\/\/static.africa-press.net\/tchad\/sites\/41\/2023\/11\/sm_1700195010.567092.jpg","keywords":["Africa Press","Africa Press-Tchad","Tchad"],"articleSection":["Dossiers","Toutes les actualit\u00e9s"],"inLanguage":"fr-FR","potentialAction":[{"@type":"CommentAction","name":"Comment","target":["https:\/\/www.africa-press.net\/tchad\/dossiers\/migrations-clandestines-vers-leurope-quel-role-et-quelle-mission-pour-lunion-africaine#respond"]}]},{"@type":"WebPage","@id":"https:\/\/www.africa-press.net\/tchad\/dossiers\/migrations-clandestines-vers-leurope-quel-role-et-quelle-mission-pour-lunion-africaine","url":"https:\/\/www.africa-press.net\/tchad\/dossiers\/migrations-clandestines-vers-leurope-quel-role-et-quelle-mission-pour-lunion-africaine","name":"Migrations clandestines vers l\u2019Europe\u00a0: quel r\u00f4le et quelle mission pour l\u2019Union africaine\u00a0? - tchad","isPartOf":{"@id":"https:\/\/www.africa-press.net\/tchad\/#website"},"primaryImageOfPage":{"@id":"https:\/\/www.africa-press.net\/tchad\/dossiers\/migrations-clandestines-vers-leurope-quel-role-et-quelle-mission-pour-lunion-africaine#primaryimage"},"image":{"@id":"https:\/\/www.africa-press.net\/tchad\/dossiers\/migrations-clandestines-vers-leurope-quel-role-et-quelle-mission-pour-lunion-africaine#primaryimage"},"thumbnailUrl":"https:\/\/static.africa-press.net\/tchad\/sites\/41\/2023\/11\/sm_1700195010.567092.jpg","datePublished":"2023-11-17T07:35:39+00:00","dateModified":"2023-11-17T07:58:27+00:00","author":{"@id":"https:\/\/www.africa-press.net\/tchad\/#\/schema\/person\/2b1cf3cd81a31e3cd26889ca66d677f1"},"description":"Lors des crises migratoires sur le Vieux Continent, le silence des dirigeants africains est souvent de\u0301nonce\u0301. Pourtant, ...","breadcrumb":{"@id":"https:\/\/www.africa-press.net\/tchad\/dossiers\/migrations-clandestines-vers-leurope-quel-role-et-quelle-mission-pour-lunion-africaine#breadcrumb"},"inLanguage":"fr-FR","potentialAction":[{"@type":"ReadAction","target":["https:\/\/www.africa-press.net\/tchad\/dossiers\/migrations-clandestines-vers-leurope-quel-role-et-quelle-mission-pour-lunion-africaine"]}]},{"@type":"ImageObject","inLanguage":"fr-FR","@id":"https:\/\/www.africa-press.net\/tchad\/dossiers\/migrations-clandestines-vers-leurope-quel-role-et-quelle-mission-pour-lunion-africaine#primaryimage","url":"https:\/\/static.africa-press.net\/tchad\/sites\/41\/2023\/11\/sm_1700195010.567092.jpg","contentUrl":"https:\/\/static.africa-press.net\/tchad\/sites\/41\/2023\/11\/sm_1700195010.567092.jpg","width":1256,"height":628,"caption":"Migrations clandestines vers l\u2019Europe\u00a0: quel r\u00f4le et quelle mission pour l\u2019Union africaine\u00a0?"},{"@type":"BreadcrumbList","@id":"https:\/\/www.africa-press.net\/tchad\/dossiers\/migrations-clandestines-vers-leurope-quel-role-et-quelle-mission-pour-lunion-africaine#breadcrumb","itemListElement":[{"@type":"ListItem","position":1,"name":"Accueil","item":"https:\/\/www.africa-press.net\/tchad\/"},{"@type":"ListItem","position":2,"name":"Migrations clandestines vers l\u2019Europe\u00a0: quel r\u00f4le et quelle mission pour l\u2019Union africaine\u00a0?"}]},{"@type":"WebSite","@id":"https:\/\/www.africa-press.net\/tchad\/#website","url":"https:\/\/www.africa-press.net\/tchad\/","name":"tchad","description":"Just another Africa News Agency Sites site","potentialAction":[{"@type":"SearchAction","target":{"@type":"EntryPoint","urlTemplate":"https:\/\/www.africa-press.net\/tchad\/?s={search_term_string}"},"query-input":{"@type":"PropertyValueSpecification","valueRequired":true,"valueName":"search_term_string"}}],"inLanguage":"fr-FR"},{"@type":"Person","@id":"https:\/\/www.africa-press.net\/tchad\/#\/schema\/person\/2b1cf3cd81a31e3cd26889ca66d677f1","name":"cfeditorfr"}]}},"_links":{"self":[{"href":"https:\/\/www.africa-press.net\/tchad\/wp-json\/wp\/v2\/posts\/54102","targetHints":{"allow":["GET"]}}],"collection":[{"href":"https:\/\/www.africa-press.net\/tchad\/wp-json\/wp\/v2\/posts"}],"about":[{"href":"https:\/\/www.africa-press.net\/tchad\/wp-json\/wp\/v2\/types\/post"}],"author":[{"embeddable":true,"href":"https:\/\/www.africa-press.net\/tchad\/wp-json\/wp\/v2\/users\/82"}],"replies":[{"embeddable":true,"href":"https:\/\/www.africa-press.net\/tchad\/wp-json\/wp\/v2\/comments?post=54102"}],"version-history":[{"count":0,"href":"https:\/\/www.africa-press.net\/tchad\/wp-json\/wp\/v2\/posts\/54102\/revisions"}],"wp:featuredmedia":[{"embeddable":true,"href":"https:\/\/www.africa-press.net\/tchad\/wp-json\/wp\/v2\/media\/54101"}],"wp:attachment":[{"href":"https:\/\/www.africa-press.net\/tchad\/wp-json\/wp\/v2\/media?parent=54102"}],"wp:term":[{"taxonomy":"category","embeddable":true,"href":"https:\/\/www.africa-press.net\/tchad\/wp-json\/wp\/v2\/categories?post=54102"},{"taxonomy":"post_tag","embeddable":true,"href":"https:\/\/www.africa-press.net\/tchad\/wp-json\/wp\/v2\/tags?post=54102"}],"curies":[{"name":"wp","href":"https:\/\/api.w.org\/{rel}","templated":true}]}}