{"id":54110,"date":"2023-11-17T12:44:34","date_gmt":"2023-11-17T12:44:34","guid":{"rendered":"https:\/\/www.africa-press.net\/tchad\/politique\/mission-du-ministere-de-la-reconciliation-nationale-a-lai-en-faveur-de-la-cohesion-sociale"},"modified":"2023-11-17T14:07:24","modified_gmt":"2023-11-17T14:07:24","slug":"mission-du-ministere-de-la-reconciliation-nationale-a-lai-en-faveur-de-la-cohesion-sociale","status":"publish","type":"post","link":"https:\/\/www.africa-press.net\/tchad\/politique\/mission-du-ministere-de-la-reconciliation-nationale-a-lai-en-faveur-de-la-cohesion-sociale","title":{"rendered":"mission du minist\u00e8re de la R\u00e9conciliation nationale \u00e0 La\u00ef en faveur de la coh\u00e9sion sociale"},"content":{"rendered":"<p><span style=\"color: #ff6600\"><strong>Africa-Press &#8211; Tchad. <\/strong><\/span>Depuis ce 16 novembre 2023, une de\u0301le\u0301gation du ministe\u0300re de la Re\u0301conciliation nationale et de la Cohe\u0301sion sociale, conduite par le secre\u0301taire ge\u0301ne\u0301ral adjoint, Ismail Adoum Hamid, est pre\u0301sente a\u0300 Lai\u0308.<\/p>\n<p>Ce jour, l&rsquo;e\u0301quipe a tenu une se\u0301ance de travail avec les diverses strates socioprofessionnelles de la province de la Tandjile\u0301. Conforme\u0301ment au de\u0301cret No 1894 du 3 juillet 2023, signe\u0301 par le pre\u0301sident de Transition, une Commission Nationale de Paix, de Re\u0301conciliation Nationale et de Cohe\u0301sion Sociale (CONAPAR) a e\u0301te\u0301 cre\u0301e\u0301e.<\/p>\n<p>Relevant directement du ministe\u0300re de la Re\u0301conciliation nationale et de la Cohe\u0301sion sociale, la CONAPAR a pour mission de soutenir le processus de re\u0301conciliation, et de renforcer la cohe\u0301sion sociale au Tchad.<\/p>\n<p>Sous la pre\u0301sidence du ministre de la Re\u0301conciliation nationale, cette commission inclut des comite\u0301s provinciaux (COPROPAR) et de\u0301partementaux (CODEPAR), pour \u0153uvrer dans ces domaines. La mission de Lai\u0308 vise a\u0300 informer les autorite\u0301s locales, les ONG et les chefs traditionnels sur le fonctionnement de ces structures.<\/p>\n<p>Ismail Adoum Hamid a explique\u0301 que la commission s&rsquo;engage a\u0300 faciliter le dialogue et la me\u0301diation, pour pre\u0301venir et ge\u0301rer les conflits, a\u0300 proposer des strate\u0301gies pour le retour et la re\u0301inte\u0301gration des exile\u0301s politiques, militaires ou civils, et a\u0300 contribuer a\u0300 la re\u0301solution des tensions menac\u0327ant la paix et la stabilite\u0301 nationales.<\/p>\n<p>Il a e\u0301galement souligne\u0301 le ro\u0302le de la commission dans la promotion de la non-violence, du dialogue inclusif et de la culture civique axe\u0301e sur le me\u0301rite pour le de\u0301veloppement local.<\/p>\n<p>Pour sa part, la gouverneure de la province de la Tandjile\u0301, Ildjima Abdrahman, touche\u0301e par l&rsquo;initiative de la mission, a accueilli favorablement la cre\u0301ation de la CONAPAR. Elle a affirme\u0301 que les comite\u0301s provinciaux et de\u0301partementaux seront constitue\u0301s rapidement pour appuyer la politique du pre\u0301sident en faveur de la paix au Tchad.<\/p>\n<p><strong>Pour plus d&rsquo;informations et d&rsquo;analyses sur la <a href=\"https:\/\/www.africa-press.net\/tchad\">Tchad<\/a>, suivez <a href=\"https:\/\/www.africa-press.net\/\">Africa-Press<\/a><\/strong><\/p>\n","protected":false},"excerpt":{"rendered":"<p>Africa-Press &#8211; Tchad. Depuis ce 16 novembre 2023, une de\u0301le\u0301gation du ministe\u0300re de la Re\u0301conciliation nationale et de la Cohe\u0301sion sociale, conduite par le secre\u0301taire ge\u0301ne\u0301ral adjoint, Ismail Adoum Hamid, est pre\u0301sente a\u0300 Lai\u0308. Ce jour, l&rsquo;e\u0301quipe a tenu une se\u0301ance de travail avec les diverses strates socioprofessionnelles de la province de la Tandjile\u0301. Conforme\u0301ment [&hellip;]<\/p>\n","protected":false},"author":82,"featured_media":54109,"comment_status":"open","ping_status":"closed","sticky":false,"template":"","format":"standard","meta":{"footnotes":""},"categories":[2,10],"tags":[37,292,29],"class_list":["post-54110","post","type-post","status-publish","format-standard","has-post-thumbnail","hentry","category-politique","category-toutes-les-actualites","tag-africa-press","tag-africa-press-tchad","tag-tchad"],"yoast_head":"<!-- This site is optimized with the Yoast SEO Premium plugin v26.1 (Yoast SEO v27.0) - https:\/\/yoast.com\/product\/yoast-seo-premium-wordpress\/ -->\n<title>mission du minist\u00e8re de la R\u00e9conciliation nationale \u00e0 La\u00ef en faveur de la coh\u00e9sion sociale - tchad<\/title>\n<meta name=\"description\" content=\"Depuis ce 16 novembre 2023, une de\u0301le\u0301gation du ministe\u0300re de la Re\u0301conciliation nationale et de la Cohe\u0301sion sociale, c ...\" \/>\n<meta name=\"robots\" content=\"index, follow, max-snippet:-1, max-image-preview:large, max-video-preview:-1\" \/>\n<link rel=\"canonical\" href=\"https:\/\/www.africa-press.net\/tchad\/politique\/mission-du-ministere-de-la-reconciliation-nationale-a-lai-en-faveur-de-la-cohesion-sociale\" \/>\n<meta property=\"og:locale\" content=\"fr_FR\" \/>\n<meta property=\"og:type\" content=\"article\" \/>\n<meta property=\"og:title\" content=\"mission du minist\u00e8re de la R\u00e9conciliation nationale \u00e0 La\u00ef en faveur de la coh\u00e9sion sociale\" \/>\n<meta property=\"og:description\" content=\"Depuis ce 16 novembre 2023, une de\u0301le\u0301gation du ministe\u0300re de la Re\u0301conciliation nationale et de la Cohe\u0301sion sociale, c ...\" \/>\n<meta property=\"og:url\" content=\"https:\/\/www.africa-press.net\/tchad\/politique\/mission-du-ministere-de-la-reconciliation-nationale-a-lai-en-faveur-de-la-cohesion-sociale\" \/>\n<meta property=\"og:site_name\" content=\"tchad\" \/>\n<meta property=\"article:published_time\" content=\"2023-11-17T12:44:34+00:00\" \/>\n<meta property=\"article:modified_time\" content=\"2023-11-17T14:07:24+00:00\" \/>\n<meta property=\"og:image\" content=\"https:\/\/static.africa-press.net\/tchad\/sites\/41\/2023\/11\/sm_1700217337.020213.jpg\" \/>\n\t<meta property=\"og:image:width\" content=\"1024\" \/>\n\t<meta property=\"og:image:height\" content=\"461\" \/>\n\t<meta property=\"og:image:type\" content=\"image\/jpeg\" \/>\n<meta name=\"author\" content=\"cfeditorfr\" \/>\n<meta name=\"twitter:card\" content=\"summary_large_image\" \/>\n<meta name=\"twitter:label1\" content=\"\u00c9crit par\" \/>\n\t<meta name=\"twitter:data1\" content=\"cfeditorfr\" \/>\n\t<meta name=\"twitter:label2\" content=\"Dur\u00e9e de lecture estim\u00e9e\" \/>\n\t<meta name=\"twitter:data2\" content=\"2 minutes\" \/>\n<script type=\"application\/ld+json\" class=\"yoast-schema-graph\">{\"@context\":\"https:\/\/schema.org\",\"@graph\":[{\"@type\":\"Article\",\"@id\":\"https:\/\/www.africa-press.net\/tchad\/politique\/mission-du-ministere-de-la-reconciliation-nationale-a-lai-en-faveur-de-la-cohesion-sociale#article\",\"isPartOf\":{\"@id\":\"https:\/\/www.africa-press.net\/tchad\/politique\/mission-du-ministere-de-la-reconciliation-nationale-a-lai-en-faveur-de-la-cohesion-sociale\"},\"author\":{\"name\":\"cfeditorfr\",\"@id\":\"https:\/\/www.africa-press.net\/tchad\/#\/schema\/person\/2b1cf3cd81a31e3cd26889ca66d677f1\"},\"headline\":\"mission du minist\u00e8re de la R\u00e9conciliation nationale \u00e0 La\u00ef en faveur de la coh\u00e9sion sociale\",\"datePublished\":\"2023-11-17T12:44:34+00:00\",\"dateModified\":\"2023-11-17T14:07:24+00:00\",\"mainEntityOfPage\":{\"@id\":\"https:\/\/www.africa-press.net\/tchad\/politique\/mission-du-ministere-de-la-reconciliation-nationale-a-lai-en-faveur-de-la-cohesion-sociale\"},\"wordCount\":375,\"commentCount\":0,\"image\":{\"@id\":\"https:\/\/www.africa-press.net\/tchad\/politique\/mission-du-ministere-de-la-reconciliation-nationale-a-lai-en-faveur-de-la-cohesion-sociale#primaryimage\"},\"thumbnailUrl\":\"https:\/\/static.africa-press.net\/tchad\/sites\/41\/2023\/11\/sm_1700217337.020213.jpg\",\"keywords\":[\"Africa Press\",\"Africa Press-Tchad\",\"Tchad\"],\"articleSection\":[\"Politique\",\"Toutes les actualit\u00e9s\"],\"inLanguage\":\"fr-FR\",\"potentialAction\":[{\"@type\":\"CommentAction\",\"name\":\"Comment\",\"target\":[\"https:\/\/www.africa-press.net\/tchad\/politique\/mission-du-ministere-de-la-reconciliation-nationale-a-lai-en-faveur-de-la-cohesion-sociale#respond\"]}]},{\"@type\":\"WebPage\",\"@id\":\"https:\/\/www.africa-press.net\/tchad\/politique\/mission-du-ministere-de-la-reconciliation-nationale-a-lai-en-faveur-de-la-cohesion-sociale\",\"url\":\"https:\/\/www.africa-press.net\/tchad\/politique\/mission-du-ministere-de-la-reconciliation-nationale-a-lai-en-faveur-de-la-cohesion-sociale\",\"name\":\"mission du minist\u00e8re de la R\u00e9conciliation nationale \u00e0 La\u00ef en faveur de la coh\u00e9sion sociale - tchad\",\"isPartOf\":{\"@id\":\"https:\/\/www.africa-press.net\/tchad\/#website\"},\"primaryImageOfPage\":{\"@id\":\"https:\/\/www.africa-press.net\/tchad\/politique\/mission-du-ministere-de-la-reconciliation-nationale-a-lai-en-faveur-de-la-cohesion-sociale#primaryimage\"},\"image\":{\"@id\":\"https:\/\/www.africa-press.net\/tchad\/politique\/mission-du-ministere-de-la-reconciliation-nationale-a-lai-en-faveur-de-la-cohesion-sociale#primaryimage\"},\"thumbnailUrl\":\"https:\/\/static.africa-press.net\/tchad\/sites\/41\/2023\/11\/sm_1700217337.020213.jpg\",\"datePublished\":\"2023-11-17T12:44:34+00:00\",\"dateModified\":\"2023-11-17T14:07:24+00:00\",\"author\":{\"@id\":\"https:\/\/www.africa-press.net\/tchad\/#\/schema\/person\/2b1cf3cd81a31e3cd26889ca66d677f1\"},\"description\":\"Depuis ce 16 novembre 2023, une de\u0301le\u0301gation du ministe\u0300re de la Re\u0301conciliation nationale et de la Cohe\u0301sion sociale, c ...\",\"breadcrumb\":{\"@id\":\"https:\/\/www.africa-press.net\/tchad\/politique\/mission-du-ministere-de-la-reconciliation-nationale-a-lai-en-faveur-de-la-cohesion-sociale#breadcrumb\"},\"inLanguage\":\"fr-FR\",\"potentialAction\":[{\"@type\":\"ReadAction\",\"target\":[\"https:\/\/www.africa-press.net\/tchad\/politique\/mission-du-ministere-de-la-reconciliation-nationale-a-lai-en-faveur-de-la-cohesion-sociale\"]}]},{\"@type\":\"ImageObject\",\"inLanguage\":\"fr-FR\",\"@id\":\"https:\/\/www.africa-press.net\/tchad\/politique\/mission-du-ministere-de-la-reconciliation-nationale-a-lai-en-faveur-de-la-cohesion-sociale#primaryimage\",\"url\":\"https:\/\/static.africa-press.net\/tchad\/sites\/41\/2023\/11\/sm_1700217337.020213.jpg\",\"contentUrl\":\"https:\/\/static.africa-press.net\/tchad\/sites\/41\/2023\/11\/sm_1700217337.020213.jpg\",\"width\":1024,\"height\":461,\"caption\":\"mission du minist\u00e8re de la R\u00e9conciliation nationale \u00e0 La\u00ef en faveur de la coh\u00e9sion sociale\"},{\"@type\":\"BreadcrumbList\",\"@id\":\"https:\/\/www.africa-press.net\/tchad\/politique\/mission-du-ministere-de-la-reconciliation-nationale-a-lai-en-faveur-de-la-cohesion-sociale#breadcrumb\",\"itemListElement\":[{\"@type\":\"ListItem\",\"position\":1,\"name\":\"Accueil\",\"item\":\"https:\/\/www.africa-press.net\/tchad\/\"},{\"@type\":\"ListItem\",\"position\":2,\"name\":\"mission du minist\u00e8re de la R\u00e9conciliation nationale \u00e0 La\u00ef en faveur de la coh\u00e9sion sociale\"}]},{\"@type\":\"WebSite\",\"@id\":\"https:\/\/www.africa-press.net\/tchad\/#website\",\"url\":\"https:\/\/www.africa-press.net\/tchad\/\",\"name\":\"tchad\",\"description\":\"Just another Africa News Agency Sites site\",\"potentialAction\":[{\"@type\":\"SearchAction\",\"target\":{\"@type\":\"EntryPoint\",\"urlTemplate\":\"https:\/\/www.africa-press.net\/tchad\/?s={search_term_string}\"},\"query-input\":{\"@type\":\"PropertyValueSpecification\",\"valueRequired\":true,\"valueName\":\"search_term_string\"}}],\"inLanguage\":\"fr-FR\"},{\"@type\":\"Person\",\"@id\":\"https:\/\/www.africa-press.net\/tchad\/#\/schema\/person\/2b1cf3cd81a31e3cd26889ca66d677f1\",\"name\":\"cfeditorfr\"}]}<\/script>\n<!-- \/ Yoast SEO Premium plugin. -->","yoast_head_json":{"title":"mission du minist\u00e8re de la R\u00e9conciliation nationale \u00e0 La\u00ef en faveur de la coh\u00e9sion sociale - tchad","description":"Depuis ce 16 novembre 2023, une de\u0301le\u0301gation du ministe\u0300re de la Re\u0301conciliation nationale et de la Cohe\u0301sion sociale, c ...","robots":{"index":"index","follow":"follow","max-snippet":"max-snippet:-1","max-image-preview":"max-image-preview:large","max-video-preview":"max-video-preview:-1"},"canonical":"https:\/\/www.africa-press.net\/tchad\/politique\/mission-du-ministere-de-la-reconciliation-nationale-a-lai-en-faveur-de-la-cohesion-sociale","og_locale":"fr_FR","og_type":"article","og_title":"mission du minist\u00e8re de la R\u00e9conciliation nationale \u00e0 La\u00ef en faveur de la coh\u00e9sion sociale","og_description":"Depuis ce 16 novembre 2023, une de\u0301le\u0301gation du ministe\u0300re de la Re\u0301conciliation nationale et de la Cohe\u0301sion sociale, c ...","og_url":"https:\/\/www.africa-press.net\/tchad\/politique\/mission-du-ministere-de-la-reconciliation-nationale-a-lai-en-faveur-de-la-cohesion-sociale","og_site_name":"tchad","article_published_time":"2023-11-17T12:44:34+00:00","article_modified_time":"2023-11-17T14:07:24+00:00","og_image":[{"width":1024,"height":461,"url":"https:\/\/static.africa-press.net\/tchad\/sites\/41\/2023\/11\/sm_1700217337.020213.jpg","type":"image\/jpeg"}],"author":"cfeditorfr","twitter_card":"summary_large_image","twitter_misc":{"\u00c9crit par":"cfeditorfr","Dur\u00e9e de lecture estim\u00e9e":"2 minutes"},"schema":{"@context":"https:\/\/schema.org","@graph":[{"@type":"Article","@id":"https:\/\/www.africa-press.net\/tchad\/politique\/mission-du-ministere-de-la-reconciliation-nationale-a-lai-en-faveur-de-la-cohesion-sociale#article","isPartOf":{"@id":"https:\/\/www.africa-press.net\/tchad\/politique\/mission-du-ministere-de-la-reconciliation-nationale-a-lai-en-faveur-de-la-cohesion-sociale"},"author":{"name":"cfeditorfr","@id":"https:\/\/www.africa-press.net\/tchad\/#\/schema\/person\/2b1cf3cd81a31e3cd26889ca66d677f1"},"headline":"mission du minist\u00e8re de la R\u00e9conciliation nationale \u00e0 La\u00ef en faveur de la coh\u00e9sion sociale","datePublished":"2023-11-17T12:44:34+00:00","dateModified":"2023-11-17T14:07:24+00:00","mainEntityOfPage":{"@id":"https:\/\/www.africa-press.net\/tchad\/politique\/mission-du-ministere-de-la-reconciliation-nationale-a-lai-en-faveur-de-la-cohesion-sociale"},"wordCount":375,"commentCount":0,"image":{"@id":"https:\/\/www.africa-press.net\/tchad\/politique\/mission-du-ministere-de-la-reconciliation-nationale-a-lai-en-faveur-de-la-cohesion-sociale#primaryimage"},"thumbnailUrl":"https:\/\/static.africa-press.net\/tchad\/sites\/41\/2023\/11\/sm_1700217337.020213.jpg","keywords":["Africa Press","Africa Press-Tchad","Tchad"],"articleSection":["Politique","Toutes les actualit\u00e9s"],"inLanguage":"fr-FR","potentialAction":[{"@type":"CommentAction","name":"Comment","target":["https:\/\/www.africa-press.net\/tchad\/politique\/mission-du-ministere-de-la-reconciliation-nationale-a-lai-en-faveur-de-la-cohesion-sociale#respond"]}]},{"@type":"WebPage","@id":"https:\/\/www.africa-press.net\/tchad\/politique\/mission-du-ministere-de-la-reconciliation-nationale-a-lai-en-faveur-de-la-cohesion-sociale","url":"https:\/\/www.africa-press.net\/tchad\/politique\/mission-du-ministere-de-la-reconciliation-nationale-a-lai-en-faveur-de-la-cohesion-sociale","name":"mission du minist\u00e8re de la R\u00e9conciliation nationale \u00e0 La\u00ef en faveur de la coh\u00e9sion sociale - tchad","isPartOf":{"@id":"https:\/\/www.africa-press.net\/tchad\/#website"},"primaryImageOfPage":{"@id":"https:\/\/www.africa-press.net\/tchad\/politique\/mission-du-ministere-de-la-reconciliation-nationale-a-lai-en-faveur-de-la-cohesion-sociale#primaryimage"},"image":{"@id":"https:\/\/www.africa-press.net\/tchad\/politique\/mission-du-ministere-de-la-reconciliation-nationale-a-lai-en-faveur-de-la-cohesion-sociale#primaryimage"},"thumbnailUrl":"https:\/\/static.africa-press.net\/tchad\/sites\/41\/2023\/11\/sm_1700217337.020213.jpg","datePublished":"2023-11-17T12:44:34+00:00","dateModified":"2023-11-17T14:07:24+00:00","author":{"@id":"https:\/\/www.africa-press.net\/tchad\/#\/schema\/person\/2b1cf3cd81a31e3cd26889ca66d677f1"},"description":"Depuis ce 16 novembre 2023, une de\u0301le\u0301gation du ministe\u0300re de la Re\u0301conciliation nationale et de la Cohe\u0301sion sociale, c ...","breadcrumb":{"@id":"https:\/\/www.africa-press.net\/tchad\/politique\/mission-du-ministere-de-la-reconciliation-nationale-a-lai-en-faveur-de-la-cohesion-sociale#breadcrumb"},"inLanguage":"fr-FR","potentialAction":[{"@type":"ReadAction","target":["https:\/\/www.africa-press.net\/tchad\/politique\/mission-du-ministere-de-la-reconciliation-nationale-a-lai-en-faveur-de-la-cohesion-sociale"]}]},{"@type":"ImageObject","inLanguage":"fr-FR","@id":"https:\/\/www.africa-press.net\/tchad\/politique\/mission-du-ministere-de-la-reconciliation-nationale-a-lai-en-faveur-de-la-cohesion-sociale#primaryimage","url":"https:\/\/static.africa-press.net\/tchad\/sites\/41\/2023\/11\/sm_1700217337.020213.jpg","contentUrl":"https:\/\/static.africa-press.net\/tchad\/sites\/41\/2023\/11\/sm_1700217337.020213.jpg","width":1024,"height":461,"caption":"mission du minist\u00e8re de la R\u00e9conciliation nationale \u00e0 La\u00ef en faveur de la coh\u00e9sion sociale"},{"@type":"BreadcrumbList","@id":"https:\/\/www.africa-press.net\/tchad\/politique\/mission-du-ministere-de-la-reconciliation-nationale-a-lai-en-faveur-de-la-cohesion-sociale#breadcrumb","itemListElement":[{"@type":"ListItem","position":1,"name":"Accueil","item":"https:\/\/www.africa-press.net\/tchad\/"},{"@type":"ListItem","position":2,"name":"mission du minist\u00e8re de la R\u00e9conciliation nationale \u00e0 La\u00ef en faveur de la coh\u00e9sion sociale"}]},{"@type":"WebSite","@id":"https:\/\/www.africa-press.net\/tchad\/#website","url":"https:\/\/www.africa-press.net\/tchad\/","name":"tchad","description":"Just another Africa News Agency Sites site","potentialAction":[{"@type":"SearchAction","target":{"@type":"EntryPoint","urlTemplate":"https:\/\/www.africa-press.net\/tchad\/?s={search_term_string}"},"query-input":{"@type":"PropertyValueSpecification","valueRequired":true,"valueName":"search_term_string"}}],"inLanguage":"fr-FR"},{"@type":"Person","@id":"https:\/\/www.africa-press.net\/tchad\/#\/schema\/person\/2b1cf3cd81a31e3cd26889ca66d677f1","name":"cfeditorfr"}]}},"_links":{"self":[{"href":"https:\/\/www.africa-press.net\/tchad\/wp-json\/wp\/v2\/posts\/54110","targetHints":{"allow":["GET"]}}],"collection":[{"href":"https:\/\/www.africa-press.net\/tchad\/wp-json\/wp\/v2\/posts"}],"about":[{"href":"https:\/\/www.africa-press.net\/tchad\/wp-json\/wp\/v2\/types\/post"}],"author":[{"embeddable":true,"href":"https:\/\/www.africa-press.net\/tchad\/wp-json\/wp\/v2\/users\/82"}],"replies":[{"embeddable":true,"href":"https:\/\/www.africa-press.net\/tchad\/wp-json\/wp\/v2\/comments?post=54110"}],"version-history":[{"count":0,"href":"https:\/\/www.africa-press.net\/tchad\/wp-json\/wp\/v2\/posts\/54110\/revisions"}],"wp:featuredmedia":[{"embeddable":true,"href":"https:\/\/www.africa-press.net\/tchad\/wp-json\/wp\/v2\/media\/54109"}],"wp:attachment":[{"href":"https:\/\/www.africa-press.net\/tchad\/wp-json\/wp\/v2\/media?parent=54110"}],"wp:term":[{"taxonomy":"category","embeddable":true,"href":"https:\/\/www.africa-press.net\/tchad\/wp-json\/wp\/v2\/categories?post=54110"},{"taxonomy":"post_tag","embeddable":true,"href":"https:\/\/www.africa-press.net\/tchad\/wp-json\/wp\/v2\/tags?post=54110"}],"curies":[{"name":"wp","href":"https:\/\/api.w.org\/{rel}","templated":true}]}}