{"id":54126,"date":"2023-11-17T12:49:15","date_gmt":"2023-11-17T12:49:15","guid":{"rendered":"https:\/\/www.africa-press.net\/tchad\/politique\/le-crodi-inaugure-son-engagement-pour-le-progres-societal"},"modified":"2023-11-17T14:09:48","modified_gmt":"2023-11-17T14:09:48","slug":"le-crodi-inaugure-son-engagement-pour-le-progres-societal","status":"publish","type":"post","link":"https:\/\/www.africa-press.net\/tchad\/toutes-les-actualites\/le-crodi-inaugure-son-engagement-pour-le-progres-societal","title":{"rendered":"le CRODI inaugure son engagement pour le progr\u00e8s soci\u00e9tal"},"content":{"rendered":"<p><span style=\"color: #ff6600\"><strong>Africa-Press &#8211; Tchad. <\/strong><\/span>Dans son discours, le pre\u0301sident du CRODI, Mahamat Gana Gabre, a expose\u0301 les objectifs de l&rsquo;organisation : re\u0301aliser des e\u0301tudes de prospection et de faisabilite\u0301 pour le de\u0301veloppement dans les diffe\u0301rentes provinces du Tchad et fournir des donne\u0301es fiables pour e\u0301clairer les partenaires du Tchad et le gouvernement tchadien dans leurs de\u0301cisions et projets.<\/p>\n<p>Le CRODI vise e\u0301galement a\u0300 collecter des donne\u0301es ge\u0301ographiques et de\u0301mographiques pour mieux diriger les projets, a\u0300 constituer un groupe d&rsquo;observateurs politiques et des droits de l&rsquo;Homme pour promouvoir la bonne gouvernance et les liberte\u0301s fondamentales, a\u0300 agir comme un cadre de re\u0301flexion et d&rsquo;action lors des grandes e\u0301che\u0301ances e\u0301lectorales, a\u0300 renforcer les liens entre l&rsquo;intelligentsia nationale et la diaspora, et a\u0300 conseiller les ONG et organisations internationales de\u0301sireuses d&rsquo;investir au Tchad.<\/p>\n<p>Le CRODI s&rsquo;engage aussi a\u0300 participer activement dans le processus e\u0301lectoral par la mise a\u0300 disposition d&rsquo;observateurs et d&rsquo;experts, a\u0300 promouvoir l&rsquo;e\u0301ducation, la formation et l&#8217;empowerment des jeunes et des femmes, et a\u0300 offrir une expertise en conseils, orientations, propositions et analyses dans les domaines de la gouvernance, de l&rsquo;e\u0301ducation et de l&rsquo;entrepreneuriat.<\/p>\n<p>Il est important de noter que le CRODI re\u0301unit des intellectuels issus de diverses e\u0301coles et universite\u0301s, sans distinction d&rsquo;ethnie, de religion ou d&rsquo;appartenance re\u0301gionale. Les objectifs e\u0301nonce\u0301s sont les de\u0301fis que l&rsquo;organisation s&rsquo;engage a\u0300 relever dans sa que\u0302te du de\u0301veloppement inte\u0301gral.<\/p>\n<p><strong>Pour plus d&rsquo;informations et d&rsquo;analyses sur la <a href=\"https:\/\/www.africa-press.net\/tchad\">Tchad<\/a>, suivez <a href=\"https:\/\/www.africa-press.net\/\">Africa-Press<\/a><\/strong><\/p>\n","protected":false},"excerpt":{"rendered":"<p>Africa-Press &#8211; Tchad. Dans son discours, le pre\u0301sident du CRODI, Mahamat Gana Gabre, a expose\u0301 les objectifs de l&rsquo;organisation : re\u0301aliser des e\u0301tudes de prospection et de faisabilite\u0301 pour le de\u0301veloppement dans les diffe\u0301rentes provinces du Tchad et fournir des donne\u0301es fiables pour e\u0301clairer les partenaires du Tchad et le gouvernement tchadien dans leurs de\u0301cisions [&hellip;]<\/p>\n","protected":false},"author":82,"featured_media":54124,"comment_status":"open","ping_status":"closed","sticky":false,"template":"","format":"standard","meta":{"footnotes":""},"categories":[21,10],"tags":[37,292,29],"class_list":["post-54126","post","type-post","status-publish","format-standard","has-post-thumbnail","hentry","category-communaute","category-toutes-les-actualites","tag-africa-press","tag-africa-press-tchad","tag-tchad"],"yoast_head":"<!-- This site is optimized with the Yoast SEO Premium plugin v26.1 (Yoast SEO v27.0) - https:\/\/yoast.com\/product\/yoast-seo-premium-wordpress\/ -->\n<title>le CRODI inaugure son engagement pour le progr\u00e8s soci\u00e9tal - tchad<\/title>\n<meta name=\"description\" content=\"Dans son discours, le pre\u0301sident du CRODI, Mahamat Gana Gabre, a expose\u0301 les objectifs de l&#039;organisation : re\u0301aliser des ...\" \/>\n<meta name=\"robots\" content=\"index, follow, max-snippet:-1, max-image-preview:large, max-video-preview:-1\" \/>\n<link rel=\"canonical\" href=\"https:\/\/www.africa-press.net\/tchad\/toutes-les-actualites\/le-crodi-inaugure-son-engagement-pour-le-progres-societal\" \/>\n<meta property=\"og:locale\" content=\"fr_FR\" \/>\n<meta property=\"og:type\" content=\"article\" \/>\n<meta property=\"og:title\" content=\"le CRODI inaugure son engagement pour le progr\u00e8s soci\u00e9tal\" \/>\n<meta property=\"og:description\" content=\"Dans son discours, le pre\u0301sident du CRODI, Mahamat Gana Gabre, a expose\u0301 les objectifs de l&#039;organisation : re\u0301aliser des ...\" \/>\n<meta property=\"og:url\" content=\"https:\/\/www.africa-press.net\/tchad\/toutes-les-actualites\/le-crodi-inaugure-son-engagement-pour-le-progres-societal\" \/>\n<meta property=\"og:site_name\" content=\"tchad\" \/>\n<meta property=\"article:published_time\" content=\"2023-11-17T12:49:15+00:00\" \/>\n<meta property=\"article:modified_time\" content=\"2023-11-17T14:09:48+00:00\" \/>\n<meta property=\"og:image\" content=\"https:\/\/static.africa-press.net\/tchad\/sites\/41\/2023\/11\/sm_1700217530.138502.jpg\" \/>\n\t<meta property=\"og:image:width\" content=\"1024\" \/>\n\t<meta property=\"og:image:height\" content=\"726\" \/>\n\t<meta property=\"og:image:type\" content=\"image\/jpeg\" \/>\n<meta name=\"author\" content=\"cfeditorfr\" \/>\n<meta name=\"twitter:card\" content=\"summary_large_image\" \/>\n<meta name=\"twitter:label1\" content=\"\u00c9crit par\" \/>\n\t<meta name=\"twitter:data1\" content=\"cfeditorfr\" \/>\n\t<meta name=\"twitter:label2\" content=\"Dur\u00e9e de lecture estim\u00e9e\" \/>\n\t<meta name=\"twitter:data2\" content=\"2 minutes\" \/>\n<script type=\"application\/ld+json\" class=\"yoast-schema-graph\">{\"@context\":\"https:\/\/schema.org\",\"@graph\":[{\"@type\":\"Article\",\"@id\":\"https:\/\/www.africa-press.net\/tchad\/toutes-les-actualites\/le-crodi-inaugure-son-engagement-pour-le-progres-societal#article\",\"isPartOf\":{\"@id\":\"https:\/\/www.africa-press.net\/tchad\/toutes-les-actualites\/le-crodi-inaugure-son-engagement-pour-le-progres-societal\"},\"author\":{\"name\":\"cfeditorfr\",\"@id\":\"https:\/\/www.africa-press.net\/tchad\/#\/schema\/person\/2b1cf3cd81a31e3cd26889ca66d677f1\"},\"headline\":\"le CRODI inaugure son engagement pour le progr\u00e8s soci\u00e9tal\",\"datePublished\":\"2023-11-17T12:49:15+00:00\",\"dateModified\":\"2023-11-17T14:09:48+00:00\",\"mainEntityOfPage\":{\"@id\":\"https:\/\/www.africa-press.net\/tchad\/toutes-les-actualites\/le-crodi-inaugure-son-engagement-pour-le-progres-societal\"},\"wordCount\":294,\"commentCount\":0,\"image\":{\"@id\":\"https:\/\/www.africa-press.net\/tchad\/toutes-les-actualites\/le-crodi-inaugure-son-engagement-pour-le-progres-societal#primaryimage\"},\"thumbnailUrl\":\"https:\/\/static.africa-press.net\/tchad\/sites\/41\/2023\/11\/sm_1700217530.138502.jpg\",\"keywords\":[\"Africa Press\",\"Africa Press-Tchad\",\"Tchad\"],\"articleSection\":[\"Communaut\u00e9\",\"Toutes les actualit\u00e9s\"],\"inLanguage\":\"fr-FR\",\"potentialAction\":[{\"@type\":\"CommentAction\",\"name\":\"Comment\",\"target\":[\"https:\/\/www.africa-press.net\/tchad\/toutes-les-actualites\/le-crodi-inaugure-son-engagement-pour-le-progres-societal#respond\"]}]},{\"@type\":\"WebPage\",\"@id\":\"https:\/\/www.africa-press.net\/tchad\/toutes-les-actualites\/le-crodi-inaugure-son-engagement-pour-le-progres-societal\",\"url\":\"https:\/\/www.africa-press.net\/tchad\/toutes-les-actualites\/le-crodi-inaugure-son-engagement-pour-le-progres-societal\",\"name\":\"le CRODI inaugure son engagement pour le progr\u00e8s soci\u00e9tal - tchad\",\"isPartOf\":{\"@id\":\"https:\/\/www.africa-press.net\/tchad\/#website\"},\"primaryImageOfPage\":{\"@id\":\"https:\/\/www.africa-press.net\/tchad\/toutes-les-actualites\/le-crodi-inaugure-son-engagement-pour-le-progres-societal#primaryimage\"},\"image\":{\"@id\":\"https:\/\/www.africa-press.net\/tchad\/toutes-les-actualites\/le-crodi-inaugure-son-engagement-pour-le-progres-societal#primaryimage\"},\"thumbnailUrl\":\"https:\/\/static.africa-press.net\/tchad\/sites\/41\/2023\/11\/sm_1700217530.138502.jpg\",\"datePublished\":\"2023-11-17T12:49:15+00:00\",\"dateModified\":\"2023-11-17T14:09:48+00:00\",\"author\":{\"@id\":\"https:\/\/www.africa-press.net\/tchad\/#\/schema\/person\/2b1cf3cd81a31e3cd26889ca66d677f1\"},\"description\":\"Dans son discours, le pre\u0301sident du CRODI, Mahamat Gana Gabre, a expose\u0301 les objectifs de l'organisation : re\u0301aliser des ...\",\"breadcrumb\":{\"@id\":\"https:\/\/www.africa-press.net\/tchad\/toutes-les-actualites\/le-crodi-inaugure-son-engagement-pour-le-progres-societal#breadcrumb\"},\"inLanguage\":\"fr-FR\",\"potentialAction\":[{\"@type\":\"ReadAction\",\"target\":[\"https:\/\/www.africa-press.net\/tchad\/toutes-les-actualites\/le-crodi-inaugure-son-engagement-pour-le-progres-societal\"]}]},{\"@type\":\"ImageObject\",\"inLanguage\":\"fr-FR\",\"@id\":\"https:\/\/www.africa-press.net\/tchad\/toutes-les-actualites\/le-crodi-inaugure-son-engagement-pour-le-progres-societal#primaryimage\",\"url\":\"https:\/\/static.africa-press.net\/tchad\/sites\/41\/2023\/11\/sm_1700217530.138502.jpg\",\"contentUrl\":\"https:\/\/static.africa-press.net\/tchad\/sites\/41\/2023\/11\/sm_1700217530.138502.jpg\",\"width\":1024,\"height\":726,\"caption\":\"le CRODI inaugure son engagement pour le progr\u00e8s soci\u00e9tal\"},{\"@type\":\"BreadcrumbList\",\"@id\":\"https:\/\/www.africa-press.net\/tchad\/toutes-les-actualites\/le-crodi-inaugure-son-engagement-pour-le-progres-societal#breadcrumb\",\"itemListElement\":[{\"@type\":\"ListItem\",\"position\":1,\"name\":\"Accueil\",\"item\":\"https:\/\/www.africa-press.net\/tchad\/\"},{\"@type\":\"ListItem\",\"position\":2,\"name\":\"le CRODI inaugure son engagement pour le progr\u00e8s soci\u00e9tal\"}]},{\"@type\":\"WebSite\",\"@id\":\"https:\/\/www.africa-press.net\/tchad\/#website\",\"url\":\"https:\/\/www.africa-press.net\/tchad\/\",\"name\":\"tchad\",\"description\":\"Just another Africa News Agency Sites site\",\"potentialAction\":[{\"@type\":\"SearchAction\",\"target\":{\"@type\":\"EntryPoint\",\"urlTemplate\":\"https:\/\/www.africa-press.net\/tchad\/?s={search_term_string}\"},\"query-input\":{\"@type\":\"PropertyValueSpecification\",\"valueRequired\":true,\"valueName\":\"search_term_string\"}}],\"inLanguage\":\"fr-FR\"},{\"@type\":\"Person\",\"@id\":\"https:\/\/www.africa-press.net\/tchad\/#\/schema\/person\/2b1cf3cd81a31e3cd26889ca66d677f1\",\"name\":\"cfeditorfr\"}]}<\/script>\n<!-- \/ Yoast SEO Premium plugin. -->","yoast_head_json":{"title":"le CRODI inaugure son engagement pour le progr\u00e8s soci\u00e9tal - tchad","description":"Dans son discours, le pre\u0301sident du CRODI, Mahamat Gana Gabre, a expose\u0301 les objectifs de l'organisation : re\u0301aliser des ...","robots":{"index":"index","follow":"follow","max-snippet":"max-snippet:-1","max-image-preview":"max-image-preview:large","max-video-preview":"max-video-preview:-1"},"canonical":"https:\/\/www.africa-press.net\/tchad\/toutes-les-actualites\/le-crodi-inaugure-son-engagement-pour-le-progres-societal","og_locale":"fr_FR","og_type":"article","og_title":"le CRODI inaugure son engagement pour le progr\u00e8s soci\u00e9tal","og_description":"Dans son discours, le pre\u0301sident du CRODI, Mahamat Gana Gabre, a expose\u0301 les objectifs de l'organisation : re\u0301aliser des ...","og_url":"https:\/\/www.africa-press.net\/tchad\/toutes-les-actualites\/le-crodi-inaugure-son-engagement-pour-le-progres-societal","og_site_name":"tchad","article_published_time":"2023-11-17T12:49:15+00:00","article_modified_time":"2023-11-17T14:09:48+00:00","og_image":[{"width":1024,"height":726,"url":"https:\/\/static.africa-press.net\/tchad\/sites\/41\/2023\/11\/sm_1700217530.138502.jpg","type":"image\/jpeg"}],"author":"cfeditorfr","twitter_card":"summary_large_image","twitter_misc":{"\u00c9crit par":"cfeditorfr","Dur\u00e9e de lecture estim\u00e9e":"2 minutes"},"schema":{"@context":"https:\/\/schema.org","@graph":[{"@type":"Article","@id":"https:\/\/www.africa-press.net\/tchad\/toutes-les-actualites\/le-crodi-inaugure-son-engagement-pour-le-progres-societal#article","isPartOf":{"@id":"https:\/\/www.africa-press.net\/tchad\/toutes-les-actualites\/le-crodi-inaugure-son-engagement-pour-le-progres-societal"},"author":{"name":"cfeditorfr","@id":"https:\/\/www.africa-press.net\/tchad\/#\/schema\/person\/2b1cf3cd81a31e3cd26889ca66d677f1"},"headline":"le CRODI inaugure son engagement pour le progr\u00e8s soci\u00e9tal","datePublished":"2023-11-17T12:49:15+00:00","dateModified":"2023-11-17T14:09:48+00:00","mainEntityOfPage":{"@id":"https:\/\/www.africa-press.net\/tchad\/toutes-les-actualites\/le-crodi-inaugure-son-engagement-pour-le-progres-societal"},"wordCount":294,"commentCount":0,"image":{"@id":"https:\/\/www.africa-press.net\/tchad\/toutes-les-actualites\/le-crodi-inaugure-son-engagement-pour-le-progres-societal#primaryimage"},"thumbnailUrl":"https:\/\/static.africa-press.net\/tchad\/sites\/41\/2023\/11\/sm_1700217530.138502.jpg","keywords":["Africa Press","Africa Press-Tchad","Tchad"],"articleSection":["Communaut\u00e9","Toutes les actualit\u00e9s"],"inLanguage":"fr-FR","potentialAction":[{"@type":"CommentAction","name":"Comment","target":["https:\/\/www.africa-press.net\/tchad\/toutes-les-actualites\/le-crodi-inaugure-son-engagement-pour-le-progres-societal#respond"]}]},{"@type":"WebPage","@id":"https:\/\/www.africa-press.net\/tchad\/toutes-les-actualites\/le-crodi-inaugure-son-engagement-pour-le-progres-societal","url":"https:\/\/www.africa-press.net\/tchad\/toutes-les-actualites\/le-crodi-inaugure-son-engagement-pour-le-progres-societal","name":"le CRODI inaugure son engagement pour le progr\u00e8s soci\u00e9tal - tchad","isPartOf":{"@id":"https:\/\/www.africa-press.net\/tchad\/#website"},"primaryImageOfPage":{"@id":"https:\/\/www.africa-press.net\/tchad\/toutes-les-actualites\/le-crodi-inaugure-son-engagement-pour-le-progres-societal#primaryimage"},"image":{"@id":"https:\/\/www.africa-press.net\/tchad\/toutes-les-actualites\/le-crodi-inaugure-son-engagement-pour-le-progres-societal#primaryimage"},"thumbnailUrl":"https:\/\/static.africa-press.net\/tchad\/sites\/41\/2023\/11\/sm_1700217530.138502.jpg","datePublished":"2023-11-17T12:49:15+00:00","dateModified":"2023-11-17T14:09:48+00:00","author":{"@id":"https:\/\/www.africa-press.net\/tchad\/#\/schema\/person\/2b1cf3cd81a31e3cd26889ca66d677f1"},"description":"Dans son discours, le pre\u0301sident du CRODI, Mahamat Gana Gabre, a expose\u0301 les objectifs de l'organisation : re\u0301aliser des ...","breadcrumb":{"@id":"https:\/\/www.africa-press.net\/tchad\/toutes-les-actualites\/le-crodi-inaugure-son-engagement-pour-le-progres-societal#breadcrumb"},"inLanguage":"fr-FR","potentialAction":[{"@type":"ReadAction","target":["https:\/\/www.africa-press.net\/tchad\/toutes-les-actualites\/le-crodi-inaugure-son-engagement-pour-le-progres-societal"]}]},{"@type":"ImageObject","inLanguage":"fr-FR","@id":"https:\/\/www.africa-press.net\/tchad\/toutes-les-actualites\/le-crodi-inaugure-son-engagement-pour-le-progres-societal#primaryimage","url":"https:\/\/static.africa-press.net\/tchad\/sites\/41\/2023\/11\/sm_1700217530.138502.jpg","contentUrl":"https:\/\/static.africa-press.net\/tchad\/sites\/41\/2023\/11\/sm_1700217530.138502.jpg","width":1024,"height":726,"caption":"le CRODI inaugure son engagement pour le progr\u00e8s soci\u00e9tal"},{"@type":"BreadcrumbList","@id":"https:\/\/www.africa-press.net\/tchad\/toutes-les-actualites\/le-crodi-inaugure-son-engagement-pour-le-progres-societal#breadcrumb","itemListElement":[{"@type":"ListItem","position":1,"name":"Accueil","item":"https:\/\/www.africa-press.net\/tchad\/"},{"@type":"ListItem","position":2,"name":"le CRODI inaugure son engagement pour le progr\u00e8s soci\u00e9tal"}]},{"@type":"WebSite","@id":"https:\/\/www.africa-press.net\/tchad\/#website","url":"https:\/\/www.africa-press.net\/tchad\/","name":"tchad","description":"Just another Africa News Agency Sites site","potentialAction":[{"@type":"SearchAction","target":{"@type":"EntryPoint","urlTemplate":"https:\/\/www.africa-press.net\/tchad\/?s={search_term_string}"},"query-input":{"@type":"PropertyValueSpecification","valueRequired":true,"valueName":"search_term_string"}}],"inLanguage":"fr-FR"},{"@type":"Person","@id":"https:\/\/www.africa-press.net\/tchad\/#\/schema\/person\/2b1cf3cd81a31e3cd26889ca66d677f1","name":"cfeditorfr"}]}},"_links":{"self":[{"href":"https:\/\/www.africa-press.net\/tchad\/wp-json\/wp\/v2\/posts\/54126","targetHints":{"allow":["GET"]}}],"collection":[{"href":"https:\/\/www.africa-press.net\/tchad\/wp-json\/wp\/v2\/posts"}],"about":[{"href":"https:\/\/www.africa-press.net\/tchad\/wp-json\/wp\/v2\/types\/post"}],"author":[{"embeddable":true,"href":"https:\/\/www.africa-press.net\/tchad\/wp-json\/wp\/v2\/users\/82"}],"replies":[{"embeddable":true,"href":"https:\/\/www.africa-press.net\/tchad\/wp-json\/wp\/v2\/comments?post=54126"}],"version-history":[{"count":0,"href":"https:\/\/www.africa-press.net\/tchad\/wp-json\/wp\/v2\/posts\/54126\/revisions"}],"wp:featuredmedia":[{"embeddable":true,"href":"https:\/\/www.africa-press.net\/tchad\/wp-json\/wp\/v2\/media\/54124"}],"wp:attachment":[{"href":"https:\/\/www.africa-press.net\/tchad\/wp-json\/wp\/v2\/media?parent=54126"}],"wp:term":[{"taxonomy":"category","embeddable":true,"href":"https:\/\/www.africa-press.net\/tchad\/wp-json\/wp\/v2\/categories?post=54126"},{"taxonomy":"post_tag","embeddable":true,"href":"https:\/\/www.africa-press.net\/tchad\/wp-json\/wp\/v2\/tags?post=54126"}],"curies":[{"name":"wp","href":"https:\/\/api.w.org\/{rel}","templated":true}]}}