{"id":54132,"date":"2023-11-17T12:49:59","date_gmt":"2023-11-17T12:49:59","guid":{"rendered":"https:\/\/www.africa-press.net\/tchad\/politique\/transition-au-le-representant-special-du-sg-de-lonu-pour-lafrique-centrale-recu-par-le-president-de-la-transition"},"modified":"2023-11-17T14:10:51","modified_gmt":"2023-11-17T14:10:51","slug":"transition-au-le-representant-special-du-sg-de-lonu-pour-lafrique-centrale-recu-par-le-president-de-la-transition","status":"publish","type":"post","link":"https:\/\/www.africa-press.net\/tchad\/politique\/transition-au-le-representant-special-du-sg-de-lonu-pour-lafrique-centrale-recu-par-le-president-de-la-transition","title":{"rendered":"Transition au  Le Repr\u00e9sentant Sp\u00e9cial du SG de l\u2019ONU pour l\u2019Afrique Centrale re\u00e7u par le  Pr\u00e9sident de la Transition"},"content":{"rendered":"<p><span style=\"color: #ff6600\"><strong>Africa-Press &#8211; Tchad. <\/strong><\/span>Les e\u0301changes du Chef de l\u2019Etat avec le diplomate onusien ont porte\u0301 sur la conduite de la transition et la situation humanitaire dans l\u2019est du pays, suite a\u0300 l\u2019afflux des re\u0301fugie\u0301s soudanais \u00bb a\u0300 l\u2019est du Tchad, a souligne\u0301 la pre\u0301sidence.<\/p>\n<p>D\u2019apre\u0300s la me\u0302me source, le Repre\u0301sentant Spe\u0301cial du Secre\u0301taire Ge\u0301ne\u0301ral et Chef du Bureau Re\u0301gional des Nations Unies pour l\u2019Afrique Centrale, est a\u0300 N\u2019Djame\u0301na \u00ab notamment pour le suivi de la mise en \u0153uvre de la feuille de route de la transition \u00bb, qui amorce son ultime e\u0301tape avec le re\u0301fe\u0301rendum du 17 de\u0301cembre prochain.<\/p>\n<p>\u00ab Le Pre\u0301sident de Transition, Ge\u0301ne\u0301ral Mahamat Idriss Deby Itno a partage\u0301 les de\u0301tails sur les e\u0301tapes franchies jusqu\u2019a\u0300 pre\u0301sent dans le processus de transition, marque\u0301 a\u0300 l\u2019heure actuelle, par les pre\u0301paratifs du re\u0301fe\u0301rendum constitutionnel en insistant sur les de\u0301fis et les progre\u0300s re\u0301alise\u0301s. Un processus salue\u0301 par le diplomate onusien qui exprime e\u0301galement son appre\u0301ciation pour la transparence dont fait preuve le Tchad dans cette e\u0301tape de\u0301licate \u00bb, a souligne\u0301 Ndjamena.<\/p>\n<p>\u00ab Un autre point majeur des e\u0301changes entre le Chef de l\u2019Etat et son ho\u0302te est la crise humanitaire, re\u0301sultant de l\u2019afflux massif de re\u0301fugie\u0301s soudanais a\u0300 l\u2019est du pays. Le Chef de l\u2019Etat a informe\u0301 Abdou Abarry des mesures prises pour re\u0301pondre a\u0300 cette crise, et a re\u0301ite\u0301re\u0301 son appel a\u0300 la solidarite\u0301 internationale dans la gestion de cette situation humanitaire complexe \u00bb, a ajoute\u0301 la pre\u0301sidence.<\/p>\n<p>\u00ab Le diplomate onusien a salue\u0301 les efforts du Tchad dans ce contexte difficile et a renouvele\u0301 la disponibilite\u0301 des Nations Unies a\u0300 soutenir les initiatives visant a\u0300 re\u0301soudre la crise humanitaire \u00bb que subie le Tchad depuis le de\u0301but du conflit au Soudan.<\/p>\n<p><strong>Pour plus d&rsquo;informations et d&rsquo;analyses sur la <a href=\"https:\/\/www.africa-press.net\/tchad\">Tchad<\/a>, suivez <a href=\"https:\/\/www.africa-press.net\/\">Africa-Press<\/a><\/strong><\/p>\n","protected":false},"excerpt":{"rendered":"<p>Africa-Press &#8211; Tchad. Les e\u0301changes du Chef de l\u2019Etat avec le diplomate onusien ont porte\u0301 sur la conduite de la transition et la situation humanitaire dans l\u2019est du pays, suite a\u0300 l\u2019afflux des re\u0301fugie\u0301s soudanais \u00bb a\u0300 l\u2019est du Tchad, a souligne\u0301 la pre\u0301sidence. D\u2019apre\u0300s la me\u0302me source, le Repre\u0301sentant Spe\u0301cial du Secre\u0301taire Ge\u0301ne\u0301ral et [&hellip;]<\/p>\n","protected":false},"author":82,"featured_media":54130,"comment_status":"open","ping_status":"closed","sticky":false,"template":"","format":"standard","meta":{"footnotes":""},"categories":[2,426,20,10],"tags":[37,292,29],"class_list":["post-54132","post","type-post","status-publish","format-standard","has-post-thumbnail","hentry","category-politique","category-to-homepage","category-top-nouvelles","category-toutes-les-actualites","tag-africa-press","tag-africa-press-tchad","tag-tchad"],"yoast_head":"<!-- This site is optimized with the Yoast SEO Premium plugin v26.1 (Yoast SEO v27.0) - https:\/\/yoast.com\/product\/yoast-seo-premium-wordpress\/ -->\n<title>Transition au Le Repr\u00e9sentant Sp\u00e9cial du SG de l\u2019ONU pour l\u2019Afrique Centrale re\u00e7u par le Pr\u00e9sident de la Transition - tchad<\/title>\n<meta name=\"description\" content=\"Les e\u0301changes du Chef de l\u2019Etat avec le diplomate onusien ont porte\u0301 sur la conduite de la transition et la situation hu ...\" \/>\n<meta name=\"robots\" content=\"index, follow, max-snippet:-1, max-image-preview:large, max-video-preview:-1\" \/>\n<link rel=\"canonical\" href=\"https:\/\/www.africa-press.net\/tchad\/politique\/transition-au-le-representant-special-du-sg-de-lonu-pour-lafrique-centrale-recu-par-le-president-de-la-transition\" \/>\n<meta property=\"og:locale\" content=\"fr_FR\" \/>\n<meta property=\"og:type\" content=\"article\" \/>\n<meta property=\"og:title\" content=\"Transition au Le Repr\u00e9sentant Sp\u00e9cial du SG de l\u2019ONU pour l\u2019Afrique Centrale re\u00e7u par le Pr\u00e9sident de la Transition\" \/>\n<meta property=\"og:description\" content=\"Les e\u0301changes du Chef de l\u2019Etat avec le diplomate onusien ont porte\u0301 sur la conduite de la transition et la situation hu ...\" \/>\n<meta property=\"og:url\" content=\"https:\/\/www.africa-press.net\/tchad\/politique\/transition-au-le-representant-special-du-sg-de-lonu-pour-lafrique-centrale-recu-par-le-president-de-la-transition\" \/>\n<meta property=\"og:site_name\" content=\"tchad\" \/>\n<meta property=\"article:published_time\" content=\"2023-11-17T12:49:59+00:00\" \/>\n<meta property=\"article:modified_time\" content=\"2023-11-17T14:10:51+00:00\" \/>\n<meta property=\"og:image\" content=\"https:\/\/static.africa-press.net\/tchad\/sites\/41\/2023\/11\/sm_1700217578.536946.jpg\" \/>\n\t<meta property=\"og:image:width\" content=\"1022\" \/>\n\t<meta property=\"og:image:height\" content=\"621\" \/>\n\t<meta property=\"og:image:type\" content=\"image\/jpeg\" \/>\n<meta name=\"author\" content=\"cfeditorfr\" \/>\n<meta name=\"twitter:card\" content=\"summary_large_image\" \/>\n<meta name=\"twitter:label1\" content=\"\u00c9crit par\" \/>\n\t<meta name=\"twitter:data1\" content=\"cfeditorfr\" \/>\n\t<meta name=\"twitter:label2\" content=\"Dur\u00e9e de lecture estim\u00e9e\" \/>\n\t<meta name=\"twitter:data2\" content=\"2 minutes\" \/>\n<script type=\"application\/ld+json\" class=\"yoast-schema-graph\">{\"@context\":\"https:\/\/schema.org\",\"@graph\":[{\"@type\":\"Article\",\"@id\":\"https:\/\/www.africa-press.net\/tchad\/politique\/transition-au-le-representant-special-du-sg-de-lonu-pour-lafrique-centrale-recu-par-le-president-de-la-transition#article\",\"isPartOf\":{\"@id\":\"https:\/\/www.africa-press.net\/tchad\/politique\/transition-au-le-representant-special-du-sg-de-lonu-pour-lafrique-centrale-recu-par-le-president-de-la-transition\"},\"author\":{\"name\":\"cfeditorfr\",\"@id\":\"https:\/\/www.africa-press.net\/tchad\/#\/schema\/person\/2b1cf3cd81a31e3cd26889ca66d677f1\"},\"headline\":\"Transition au Le Repr\u00e9sentant Sp\u00e9cial du SG de l\u2019ONU pour l\u2019Afrique Centrale re\u00e7u par le Pr\u00e9sident de la Transition\",\"datePublished\":\"2023-11-17T12:49:59+00:00\",\"dateModified\":\"2023-11-17T14:10:51+00:00\",\"mainEntityOfPage\":{\"@id\":\"https:\/\/www.africa-press.net\/tchad\/politique\/transition-au-le-representant-special-du-sg-de-lonu-pour-lafrique-centrale-recu-par-le-president-de-la-transition\"},\"wordCount\":368,\"commentCount\":0,\"image\":{\"@id\":\"https:\/\/www.africa-press.net\/tchad\/politique\/transition-au-le-representant-special-du-sg-de-lonu-pour-lafrique-centrale-recu-par-le-president-de-la-transition#primaryimage\"},\"thumbnailUrl\":\"https:\/\/static.africa-press.net\/tchad\/sites\/41\/2023\/11\/sm_1700217578.536946.jpg\",\"keywords\":[\"Africa Press\",\"Africa Press-Tchad\",\"Tchad\"],\"articleSection\":[\"Politique\",\"to-homepage\",\"Top Nouvelles\",\"Toutes les actualit\u00e9s\"],\"inLanguage\":\"fr-FR\",\"potentialAction\":[{\"@type\":\"CommentAction\",\"name\":\"Comment\",\"target\":[\"https:\/\/www.africa-press.net\/tchad\/politique\/transition-au-le-representant-special-du-sg-de-lonu-pour-lafrique-centrale-recu-par-le-president-de-la-transition#respond\"]}]},{\"@type\":\"WebPage\",\"@id\":\"https:\/\/www.africa-press.net\/tchad\/politique\/transition-au-le-representant-special-du-sg-de-lonu-pour-lafrique-centrale-recu-par-le-president-de-la-transition\",\"url\":\"https:\/\/www.africa-press.net\/tchad\/politique\/transition-au-le-representant-special-du-sg-de-lonu-pour-lafrique-centrale-recu-par-le-president-de-la-transition\",\"name\":\"Transition au Le Repr\u00e9sentant Sp\u00e9cial du SG de l\u2019ONU pour l\u2019Afrique Centrale re\u00e7u par le Pr\u00e9sident de la Transition - tchad\",\"isPartOf\":{\"@id\":\"https:\/\/www.africa-press.net\/tchad\/#website\"},\"primaryImageOfPage\":{\"@id\":\"https:\/\/www.africa-press.net\/tchad\/politique\/transition-au-le-representant-special-du-sg-de-lonu-pour-lafrique-centrale-recu-par-le-president-de-la-transition#primaryimage\"},\"image\":{\"@id\":\"https:\/\/www.africa-press.net\/tchad\/politique\/transition-au-le-representant-special-du-sg-de-lonu-pour-lafrique-centrale-recu-par-le-president-de-la-transition#primaryimage\"},\"thumbnailUrl\":\"https:\/\/static.africa-press.net\/tchad\/sites\/41\/2023\/11\/sm_1700217578.536946.jpg\",\"datePublished\":\"2023-11-17T12:49:59+00:00\",\"dateModified\":\"2023-11-17T14:10:51+00:00\",\"author\":{\"@id\":\"https:\/\/www.africa-press.net\/tchad\/#\/schema\/person\/2b1cf3cd81a31e3cd26889ca66d677f1\"},\"description\":\"Les e\u0301changes du Chef de l\u2019Etat avec le diplomate onusien ont porte\u0301 sur la conduite de la transition et la situation hu ...\",\"breadcrumb\":{\"@id\":\"https:\/\/www.africa-press.net\/tchad\/politique\/transition-au-le-representant-special-du-sg-de-lonu-pour-lafrique-centrale-recu-par-le-president-de-la-transition#breadcrumb\"},\"inLanguage\":\"fr-FR\",\"potentialAction\":[{\"@type\":\"ReadAction\",\"target\":[\"https:\/\/www.africa-press.net\/tchad\/politique\/transition-au-le-representant-special-du-sg-de-lonu-pour-lafrique-centrale-recu-par-le-president-de-la-transition\"]}]},{\"@type\":\"ImageObject\",\"inLanguage\":\"fr-FR\",\"@id\":\"https:\/\/www.africa-press.net\/tchad\/politique\/transition-au-le-representant-special-du-sg-de-lonu-pour-lafrique-centrale-recu-par-le-president-de-la-transition#primaryimage\",\"url\":\"https:\/\/static.africa-press.net\/tchad\/sites\/41\/2023\/11\/sm_1700217578.536946.jpg\",\"contentUrl\":\"https:\/\/static.africa-press.net\/tchad\/sites\/41\/2023\/11\/sm_1700217578.536946.jpg\",\"width\":1022,\"height\":621,\"caption\":\"Transition au Le Repr\u00e9sentant Sp\u00e9cial du SG de l\u2019ONU pour l\u2019Afrique Centrale re\u00e7u par le Pr\u00e9sident de la Transition\"},{\"@type\":\"BreadcrumbList\",\"@id\":\"https:\/\/www.africa-press.net\/tchad\/politique\/transition-au-le-representant-special-du-sg-de-lonu-pour-lafrique-centrale-recu-par-le-president-de-la-transition#breadcrumb\",\"itemListElement\":[{\"@type\":\"ListItem\",\"position\":1,\"name\":\"Accueil\",\"item\":\"https:\/\/www.africa-press.net\/tchad\/\"},{\"@type\":\"ListItem\",\"position\":2,\"name\":\"Transition au Le Repr\u00e9sentant Sp\u00e9cial du SG de l\u2019ONU pour l\u2019Afrique Centrale re\u00e7u par le Pr\u00e9sident de la Transition\"}]},{\"@type\":\"WebSite\",\"@id\":\"https:\/\/www.africa-press.net\/tchad\/#website\",\"url\":\"https:\/\/www.africa-press.net\/tchad\/\",\"name\":\"tchad\",\"description\":\"Just another Africa News Agency Sites site\",\"potentialAction\":[{\"@type\":\"SearchAction\",\"target\":{\"@type\":\"EntryPoint\",\"urlTemplate\":\"https:\/\/www.africa-press.net\/tchad\/?s={search_term_string}\"},\"query-input\":{\"@type\":\"PropertyValueSpecification\",\"valueRequired\":true,\"valueName\":\"search_term_string\"}}],\"inLanguage\":\"fr-FR\"},{\"@type\":\"Person\",\"@id\":\"https:\/\/www.africa-press.net\/tchad\/#\/schema\/person\/2b1cf3cd81a31e3cd26889ca66d677f1\",\"name\":\"cfeditorfr\"}]}<\/script>\n<!-- \/ Yoast SEO Premium plugin. -->","yoast_head_json":{"title":"Transition au Le Repr\u00e9sentant Sp\u00e9cial du SG de l\u2019ONU pour l\u2019Afrique Centrale re\u00e7u par le Pr\u00e9sident de la Transition - tchad","description":"Les e\u0301changes du Chef de l\u2019Etat avec le diplomate onusien ont porte\u0301 sur la conduite de la transition et la situation hu ...","robots":{"index":"index","follow":"follow","max-snippet":"max-snippet:-1","max-image-preview":"max-image-preview:large","max-video-preview":"max-video-preview:-1"},"canonical":"https:\/\/www.africa-press.net\/tchad\/politique\/transition-au-le-representant-special-du-sg-de-lonu-pour-lafrique-centrale-recu-par-le-president-de-la-transition","og_locale":"fr_FR","og_type":"article","og_title":"Transition au Le Repr\u00e9sentant Sp\u00e9cial du SG de l\u2019ONU pour l\u2019Afrique Centrale re\u00e7u par le Pr\u00e9sident de la Transition","og_description":"Les e\u0301changes du Chef de l\u2019Etat avec le diplomate onusien ont porte\u0301 sur la conduite de la transition et la situation hu ...","og_url":"https:\/\/www.africa-press.net\/tchad\/politique\/transition-au-le-representant-special-du-sg-de-lonu-pour-lafrique-centrale-recu-par-le-president-de-la-transition","og_site_name":"tchad","article_published_time":"2023-11-17T12:49:59+00:00","article_modified_time":"2023-11-17T14:10:51+00:00","og_image":[{"width":1022,"height":621,"url":"https:\/\/static.africa-press.net\/tchad\/sites\/41\/2023\/11\/sm_1700217578.536946.jpg","type":"image\/jpeg"}],"author":"cfeditorfr","twitter_card":"summary_large_image","twitter_misc":{"\u00c9crit par":"cfeditorfr","Dur\u00e9e de lecture estim\u00e9e":"2 minutes"},"schema":{"@context":"https:\/\/schema.org","@graph":[{"@type":"Article","@id":"https:\/\/www.africa-press.net\/tchad\/politique\/transition-au-le-representant-special-du-sg-de-lonu-pour-lafrique-centrale-recu-par-le-president-de-la-transition#article","isPartOf":{"@id":"https:\/\/www.africa-press.net\/tchad\/politique\/transition-au-le-representant-special-du-sg-de-lonu-pour-lafrique-centrale-recu-par-le-president-de-la-transition"},"author":{"name":"cfeditorfr","@id":"https:\/\/www.africa-press.net\/tchad\/#\/schema\/person\/2b1cf3cd81a31e3cd26889ca66d677f1"},"headline":"Transition au Le Repr\u00e9sentant Sp\u00e9cial du SG de l\u2019ONU pour l\u2019Afrique Centrale re\u00e7u par le Pr\u00e9sident de la Transition","datePublished":"2023-11-17T12:49:59+00:00","dateModified":"2023-11-17T14:10:51+00:00","mainEntityOfPage":{"@id":"https:\/\/www.africa-press.net\/tchad\/politique\/transition-au-le-representant-special-du-sg-de-lonu-pour-lafrique-centrale-recu-par-le-president-de-la-transition"},"wordCount":368,"commentCount":0,"image":{"@id":"https:\/\/www.africa-press.net\/tchad\/politique\/transition-au-le-representant-special-du-sg-de-lonu-pour-lafrique-centrale-recu-par-le-president-de-la-transition#primaryimage"},"thumbnailUrl":"https:\/\/static.africa-press.net\/tchad\/sites\/41\/2023\/11\/sm_1700217578.536946.jpg","keywords":["Africa Press","Africa Press-Tchad","Tchad"],"articleSection":["Politique","to-homepage","Top Nouvelles","Toutes les actualit\u00e9s"],"inLanguage":"fr-FR","potentialAction":[{"@type":"CommentAction","name":"Comment","target":["https:\/\/www.africa-press.net\/tchad\/politique\/transition-au-le-representant-special-du-sg-de-lonu-pour-lafrique-centrale-recu-par-le-president-de-la-transition#respond"]}]},{"@type":"WebPage","@id":"https:\/\/www.africa-press.net\/tchad\/politique\/transition-au-le-representant-special-du-sg-de-lonu-pour-lafrique-centrale-recu-par-le-president-de-la-transition","url":"https:\/\/www.africa-press.net\/tchad\/politique\/transition-au-le-representant-special-du-sg-de-lonu-pour-lafrique-centrale-recu-par-le-president-de-la-transition","name":"Transition au Le Repr\u00e9sentant Sp\u00e9cial du SG de l\u2019ONU pour l\u2019Afrique Centrale re\u00e7u par le Pr\u00e9sident de la Transition - tchad","isPartOf":{"@id":"https:\/\/www.africa-press.net\/tchad\/#website"},"primaryImageOfPage":{"@id":"https:\/\/www.africa-press.net\/tchad\/politique\/transition-au-le-representant-special-du-sg-de-lonu-pour-lafrique-centrale-recu-par-le-president-de-la-transition#primaryimage"},"image":{"@id":"https:\/\/www.africa-press.net\/tchad\/politique\/transition-au-le-representant-special-du-sg-de-lonu-pour-lafrique-centrale-recu-par-le-president-de-la-transition#primaryimage"},"thumbnailUrl":"https:\/\/static.africa-press.net\/tchad\/sites\/41\/2023\/11\/sm_1700217578.536946.jpg","datePublished":"2023-11-17T12:49:59+00:00","dateModified":"2023-11-17T14:10:51+00:00","author":{"@id":"https:\/\/www.africa-press.net\/tchad\/#\/schema\/person\/2b1cf3cd81a31e3cd26889ca66d677f1"},"description":"Les e\u0301changes du Chef de l\u2019Etat avec le diplomate onusien ont porte\u0301 sur la conduite de la transition et la situation hu ...","breadcrumb":{"@id":"https:\/\/www.africa-press.net\/tchad\/politique\/transition-au-le-representant-special-du-sg-de-lonu-pour-lafrique-centrale-recu-par-le-president-de-la-transition#breadcrumb"},"inLanguage":"fr-FR","potentialAction":[{"@type":"ReadAction","target":["https:\/\/www.africa-press.net\/tchad\/politique\/transition-au-le-representant-special-du-sg-de-lonu-pour-lafrique-centrale-recu-par-le-president-de-la-transition"]}]},{"@type":"ImageObject","inLanguage":"fr-FR","@id":"https:\/\/www.africa-press.net\/tchad\/politique\/transition-au-le-representant-special-du-sg-de-lonu-pour-lafrique-centrale-recu-par-le-president-de-la-transition#primaryimage","url":"https:\/\/static.africa-press.net\/tchad\/sites\/41\/2023\/11\/sm_1700217578.536946.jpg","contentUrl":"https:\/\/static.africa-press.net\/tchad\/sites\/41\/2023\/11\/sm_1700217578.536946.jpg","width":1022,"height":621,"caption":"Transition au Le Repr\u00e9sentant Sp\u00e9cial du SG de l\u2019ONU pour l\u2019Afrique Centrale re\u00e7u par le Pr\u00e9sident de la Transition"},{"@type":"BreadcrumbList","@id":"https:\/\/www.africa-press.net\/tchad\/politique\/transition-au-le-representant-special-du-sg-de-lonu-pour-lafrique-centrale-recu-par-le-president-de-la-transition#breadcrumb","itemListElement":[{"@type":"ListItem","position":1,"name":"Accueil","item":"https:\/\/www.africa-press.net\/tchad\/"},{"@type":"ListItem","position":2,"name":"Transition au Le Repr\u00e9sentant Sp\u00e9cial du SG de l\u2019ONU pour l\u2019Afrique Centrale re\u00e7u par le Pr\u00e9sident de la Transition"}]},{"@type":"WebSite","@id":"https:\/\/www.africa-press.net\/tchad\/#website","url":"https:\/\/www.africa-press.net\/tchad\/","name":"tchad","description":"Just another Africa News Agency Sites site","potentialAction":[{"@type":"SearchAction","target":{"@type":"EntryPoint","urlTemplate":"https:\/\/www.africa-press.net\/tchad\/?s={search_term_string}"},"query-input":{"@type":"PropertyValueSpecification","valueRequired":true,"valueName":"search_term_string"}}],"inLanguage":"fr-FR"},{"@type":"Person","@id":"https:\/\/www.africa-press.net\/tchad\/#\/schema\/person\/2b1cf3cd81a31e3cd26889ca66d677f1","name":"cfeditorfr"}]}},"_links":{"self":[{"href":"https:\/\/www.africa-press.net\/tchad\/wp-json\/wp\/v2\/posts\/54132","targetHints":{"allow":["GET"]}}],"collection":[{"href":"https:\/\/www.africa-press.net\/tchad\/wp-json\/wp\/v2\/posts"}],"about":[{"href":"https:\/\/www.africa-press.net\/tchad\/wp-json\/wp\/v2\/types\/post"}],"author":[{"embeddable":true,"href":"https:\/\/www.africa-press.net\/tchad\/wp-json\/wp\/v2\/users\/82"}],"replies":[{"embeddable":true,"href":"https:\/\/www.africa-press.net\/tchad\/wp-json\/wp\/v2\/comments?post=54132"}],"version-history":[{"count":0,"href":"https:\/\/www.africa-press.net\/tchad\/wp-json\/wp\/v2\/posts\/54132\/revisions"}],"wp:featuredmedia":[{"embeddable":true,"href":"https:\/\/www.africa-press.net\/tchad\/wp-json\/wp\/v2\/media\/54130"}],"wp:attachment":[{"href":"https:\/\/www.africa-press.net\/tchad\/wp-json\/wp\/v2\/media?parent=54132"}],"wp:term":[{"taxonomy":"category","embeddable":true,"href":"https:\/\/www.africa-press.net\/tchad\/wp-json\/wp\/v2\/categories?post=54132"},{"taxonomy":"post_tag","embeddable":true,"href":"https:\/\/www.africa-press.net\/tchad\/wp-json\/wp\/v2\/tags?post=54132"}],"curies":[{"name":"wp","href":"https:\/\/api.w.org\/{rel}","templated":true}]}}