{"id":54138,"date":"2023-11-17T12:51:31","date_gmt":"2023-11-17T12:51:31","guid":{"rendered":"https:\/\/www.africa-press.net\/tchad\/politique\/le-controleur-general-brahim-ahmat-gorou-prend-fonction-a-la-tete-de-la-police"},"modified":"2023-11-17T14:12:00","modified_gmt":"2023-11-17T14:12:00","slug":"le-controleur-general-brahim-ahmat-gorou-prend-fonction-a-la-tete-de-la-police","status":"publish","type":"post","link":"https:\/\/www.africa-press.net\/tchad\/politique\/le-controleur-general-brahim-ahmat-gorou-prend-fonction-a-la-tete-de-la-police","title":{"rendered":"le contr\u00f4leur g\u00e9n\u00e9ral Brahim Ahmat Gorou prend fonction \u00e0 la t\u00eate de la Police"},"content":{"rendered":"<p><span style=\"color: #ff6600\"><strong>Africa-Press &#8211; Tchad. <\/strong><\/span>Le 17 novembre 2023 marque une nouvelle e\u0300re pour la Police nationale tchadienne, avec la prise de fonction officielle du contro\u0302leur ge\u0301ne\u0301ral, Brahim Ahmat Gorou, en tant que directeur ge\u0301ne\u0301ral.<\/p>\n<p>Le secre\u0301tariat ge\u0301ne\u0301ral du gouvernement a annonce\u0301 cette nomination au sein de la direction, par le de\u0301cret N\u00b03529\/PT\/PM\/MSPI\/2023 date\u0301 du 15 novembre 2023.<\/p>\n<p>Dans le cadre de cette re\u0301organisation, le contro\u0302leur ge\u0301ne\u0301ral Brahim Ahmat Gorou prend la rele\u0300ve du contro\u0302leur ge\u0301ne\u0301ral Ali Adoum Tolly.<\/p>\n<p>Le nouveau directeur ge\u0301ne\u0301ral sera e\u0301paule\u0301 par deux adjoints, e\u0301galement installe\u0301s dans leurs fonctions : le contro\u0302leur ge\u0301ne\u0301ral Tala Mbaiornom Cleopas, nomme\u0301 premier adjoint, succe\u0300de au contro\u0302leur ge\u0301ne\u0301ral Baharadine Djerni Beira, tandis que le contro\u0302leur ge\u0301ne\u0301ral Mahamat Korde Kossenie, second adjoint, remplace le contro\u0302leur ge\u0301ne\u0301ral Ramadji Nangar.<\/p>\n<p><strong>Pour plus d&rsquo;informations et d&rsquo;analyses sur la <a href=\"https:\/\/www.africa-press.net\/tchad\">Tchad<\/a>, suivez <a href=\"https:\/\/www.africa-press.net\/\">Africa-Press<\/a><\/strong><\/p>\n","protected":false},"excerpt":{"rendered":"<p>Africa-Press &#8211; Tchad. Le 17 novembre 2023 marque une nouvelle e\u0300re pour la Police nationale tchadienne, avec la prise de fonction officielle du contro\u0302leur ge\u0301ne\u0301ral, Brahim Ahmat Gorou, en tant que directeur ge\u0301ne\u0301ral. Le secre\u0301tariat ge\u0301ne\u0301ral du gouvernement a annonce\u0301 cette nomination au sein de la direction, par le de\u0301cret N\u00b03529\/PT\/PM\/MSPI\/2023 date\u0301 du 15 novembre [&hellip;]<\/p>\n","protected":false},"author":82,"featured_media":54136,"comment_status":"open","ping_status":"closed","sticky":false,"template":"","format":"standard","meta":{"footnotes":""},"categories":[2,10],"tags":[37,292,29],"class_list":["post-54138","post","type-post","status-publish","format-standard","has-post-thumbnail","hentry","category-politique","category-toutes-les-actualites","tag-africa-press","tag-africa-press-tchad","tag-tchad"],"yoast_head":"<!-- This site is optimized with the Yoast SEO Premium plugin v26.1 (Yoast SEO v27.0) - https:\/\/yoast.com\/product\/yoast-seo-premium-wordpress\/ -->\n<title>le contr\u00f4leur g\u00e9n\u00e9ral Brahim Ahmat Gorou prend fonction \u00e0 la t\u00eate de la Police - tchad<\/title>\n<meta name=\"description\" content=\"Le 17 novembre 2023 marque une nouvelle e\u0300re pour la Police nationale tchadienne, avec la prise de fonction officielle d ...\" \/>\n<meta name=\"robots\" content=\"index, follow, max-snippet:-1, max-image-preview:large, max-video-preview:-1\" \/>\n<link rel=\"canonical\" href=\"https:\/\/www.africa-press.net\/tchad\/politique\/le-controleur-general-brahim-ahmat-gorou-prend-fonction-a-la-tete-de-la-police\" \/>\n<meta property=\"og:locale\" content=\"fr_FR\" \/>\n<meta property=\"og:type\" content=\"article\" \/>\n<meta property=\"og:title\" content=\"le contr\u00f4leur g\u00e9n\u00e9ral Brahim Ahmat Gorou prend fonction \u00e0 la t\u00eate de la Police\" \/>\n<meta property=\"og:description\" content=\"Le 17 novembre 2023 marque une nouvelle e\u0300re pour la Police nationale tchadienne, avec la prise de fonction officielle d ...\" \/>\n<meta property=\"og:url\" content=\"https:\/\/www.africa-press.net\/tchad\/politique\/le-controleur-general-brahim-ahmat-gorou-prend-fonction-a-la-tete-de-la-police\" \/>\n<meta property=\"og:site_name\" content=\"tchad\" \/>\n<meta property=\"article:published_time\" content=\"2023-11-17T12:51:31+00:00\" \/>\n<meta property=\"article:modified_time\" content=\"2023-11-17T14:12:00+00:00\" \/>\n<meta property=\"og:image\" content=\"https:\/\/static.africa-press.net\/tchad\/sites\/41\/2023\/11\/sm_1700217639.938775.jpg\" \/>\n\t<meta property=\"og:image:width\" content=\"1280\" \/>\n\t<meta property=\"og:image:height\" content=\"720\" \/>\n\t<meta property=\"og:image:type\" content=\"image\/jpeg\" \/>\n<meta name=\"author\" content=\"cfeditorfr\" \/>\n<meta name=\"twitter:card\" content=\"summary_large_image\" \/>\n<meta name=\"twitter:label1\" content=\"\u00c9crit par\" \/>\n\t<meta name=\"twitter:data1\" content=\"cfeditorfr\" \/>\n\t<meta name=\"twitter:label2\" content=\"Dur\u00e9e de lecture estim\u00e9e\" \/>\n\t<meta name=\"twitter:data2\" content=\"1 minute\" \/>\n<script type=\"application\/ld+json\" class=\"yoast-schema-graph\">{\"@context\":\"https:\/\/schema.org\",\"@graph\":[{\"@type\":\"Article\",\"@id\":\"https:\/\/www.africa-press.net\/tchad\/politique\/le-controleur-general-brahim-ahmat-gorou-prend-fonction-a-la-tete-de-la-police#article\",\"isPartOf\":{\"@id\":\"https:\/\/www.africa-press.net\/tchad\/politique\/le-controleur-general-brahim-ahmat-gorou-prend-fonction-a-la-tete-de-la-police\"},\"author\":{\"name\":\"cfeditorfr\",\"@id\":\"https:\/\/www.africa-press.net\/tchad\/#\/schema\/person\/2b1cf3cd81a31e3cd26889ca66d677f1\"},\"headline\":\"le contr\u00f4leur g\u00e9n\u00e9ral Brahim Ahmat Gorou prend fonction \u00e0 la t\u00eate de la Police\",\"datePublished\":\"2023-11-17T12:51:31+00:00\",\"dateModified\":\"2023-11-17T14:12:00+00:00\",\"mainEntityOfPage\":{\"@id\":\"https:\/\/www.africa-press.net\/tchad\/politique\/le-controleur-general-brahim-ahmat-gorou-prend-fonction-a-la-tete-de-la-police\"},\"wordCount\":187,\"commentCount\":0,\"image\":{\"@id\":\"https:\/\/www.africa-press.net\/tchad\/politique\/le-controleur-general-brahim-ahmat-gorou-prend-fonction-a-la-tete-de-la-police#primaryimage\"},\"thumbnailUrl\":\"https:\/\/static.africa-press.net\/tchad\/sites\/41\/2023\/11\/sm_1700217639.938775.jpg\",\"keywords\":[\"Africa Press\",\"Africa Press-Tchad\",\"Tchad\"],\"articleSection\":[\"Politique\",\"Toutes les actualit\u00e9s\"],\"inLanguage\":\"fr-FR\",\"potentialAction\":[{\"@type\":\"CommentAction\",\"name\":\"Comment\",\"target\":[\"https:\/\/www.africa-press.net\/tchad\/politique\/le-controleur-general-brahim-ahmat-gorou-prend-fonction-a-la-tete-de-la-police#respond\"]}]},{\"@type\":\"WebPage\",\"@id\":\"https:\/\/www.africa-press.net\/tchad\/politique\/le-controleur-general-brahim-ahmat-gorou-prend-fonction-a-la-tete-de-la-police\",\"url\":\"https:\/\/www.africa-press.net\/tchad\/politique\/le-controleur-general-brahim-ahmat-gorou-prend-fonction-a-la-tete-de-la-police\",\"name\":\"le contr\u00f4leur g\u00e9n\u00e9ral Brahim Ahmat Gorou prend fonction \u00e0 la t\u00eate de la Police - tchad\",\"isPartOf\":{\"@id\":\"https:\/\/www.africa-press.net\/tchad\/#website\"},\"primaryImageOfPage\":{\"@id\":\"https:\/\/www.africa-press.net\/tchad\/politique\/le-controleur-general-brahim-ahmat-gorou-prend-fonction-a-la-tete-de-la-police#primaryimage\"},\"image\":{\"@id\":\"https:\/\/www.africa-press.net\/tchad\/politique\/le-controleur-general-brahim-ahmat-gorou-prend-fonction-a-la-tete-de-la-police#primaryimage\"},\"thumbnailUrl\":\"https:\/\/static.africa-press.net\/tchad\/sites\/41\/2023\/11\/sm_1700217639.938775.jpg\",\"datePublished\":\"2023-11-17T12:51:31+00:00\",\"dateModified\":\"2023-11-17T14:12:00+00:00\",\"author\":{\"@id\":\"https:\/\/www.africa-press.net\/tchad\/#\/schema\/person\/2b1cf3cd81a31e3cd26889ca66d677f1\"},\"description\":\"Le 17 novembre 2023 marque une nouvelle e\u0300re pour la Police nationale tchadienne, avec la prise de fonction officielle d ...\",\"breadcrumb\":{\"@id\":\"https:\/\/www.africa-press.net\/tchad\/politique\/le-controleur-general-brahim-ahmat-gorou-prend-fonction-a-la-tete-de-la-police#breadcrumb\"},\"inLanguage\":\"fr-FR\",\"potentialAction\":[{\"@type\":\"ReadAction\",\"target\":[\"https:\/\/www.africa-press.net\/tchad\/politique\/le-controleur-general-brahim-ahmat-gorou-prend-fonction-a-la-tete-de-la-police\"]}]},{\"@type\":\"ImageObject\",\"inLanguage\":\"fr-FR\",\"@id\":\"https:\/\/www.africa-press.net\/tchad\/politique\/le-controleur-general-brahim-ahmat-gorou-prend-fonction-a-la-tete-de-la-police#primaryimage\",\"url\":\"https:\/\/static.africa-press.net\/tchad\/sites\/41\/2023\/11\/sm_1700217639.938775.jpg\",\"contentUrl\":\"https:\/\/static.africa-press.net\/tchad\/sites\/41\/2023\/11\/sm_1700217639.938775.jpg\",\"width\":1280,\"height\":720,\"caption\":\"le contr\u00f4leur g\u00e9n\u00e9ral Brahim Ahmat Gorou prend fonction \u00e0 la t\u00eate de la Police\"},{\"@type\":\"BreadcrumbList\",\"@id\":\"https:\/\/www.africa-press.net\/tchad\/politique\/le-controleur-general-brahim-ahmat-gorou-prend-fonction-a-la-tete-de-la-police#breadcrumb\",\"itemListElement\":[{\"@type\":\"ListItem\",\"position\":1,\"name\":\"Accueil\",\"item\":\"https:\/\/www.africa-press.net\/tchad\/\"},{\"@type\":\"ListItem\",\"position\":2,\"name\":\"le contr\u00f4leur g\u00e9n\u00e9ral Brahim Ahmat Gorou prend fonction \u00e0 la t\u00eate de la Police\"}]},{\"@type\":\"WebSite\",\"@id\":\"https:\/\/www.africa-press.net\/tchad\/#website\",\"url\":\"https:\/\/www.africa-press.net\/tchad\/\",\"name\":\"tchad\",\"description\":\"Just another Africa News Agency Sites site\",\"potentialAction\":[{\"@type\":\"SearchAction\",\"target\":{\"@type\":\"EntryPoint\",\"urlTemplate\":\"https:\/\/www.africa-press.net\/tchad\/?s={search_term_string}\"},\"query-input\":{\"@type\":\"PropertyValueSpecification\",\"valueRequired\":true,\"valueName\":\"search_term_string\"}}],\"inLanguage\":\"fr-FR\"},{\"@type\":\"Person\",\"@id\":\"https:\/\/www.africa-press.net\/tchad\/#\/schema\/person\/2b1cf3cd81a31e3cd26889ca66d677f1\",\"name\":\"cfeditorfr\"}]}<\/script>\n<!-- \/ Yoast SEO Premium plugin. -->","yoast_head_json":{"title":"le contr\u00f4leur g\u00e9n\u00e9ral Brahim Ahmat Gorou prend fonction \u00e0 la t\u00eate de la Police - tchad","description":"Le 17 novembre 2023 marque une nouvelle e\u0300re pour la Police nationale tchadienne, avec la prise de fonction officielle d ...","robots":{"index":"index","follow":"follow","max-snippet":"max-snippet:-1","max-image-preview":"max-image-preview:large","max-video-preview":"max-video-preview:-1"},"canonical":"https:\/\/www.africa-press.net\/tchad\/politique\/le-controleur-general-brahim-ahmat-gorou-prend-fonction-a-la-tete-de-la-police","og_locale":"fr_FR","og_type":"article","og_title":"le contr\u00f4leur g\u00e9n\u00e9ral Brahim Ahmat Gorou prend fonction \u00e0 la t\u00eate de la Police","og_description":"Le 17 novembre 2023 marque une nouvelle e\u0300re pour la Police nationale tchadienne, avec la prise de fonction officielle d ...","og_url":"https:\/\/www.africa-press.net\/tchad\/politique\/le-controleur-general-brahim-ahmat-gorou-prend-fonction-a-la-tete-de-la-police","og_site_name":"tchad","article_published_time":"2023-11-17T12:51:31+00:00","article_modified_time":"2023-11-17T14:12:00+00:00","og_image":[{"width":1280,"height":720,"url":"https:\/\/static.africa-press.net\/tchad\/sites\/41\/2023\/11\/sm_1700217639.938775.jpg","type":"image\/jpeg"}],"author":"cfeditorfr","twitter_card":"summary_large_image","twitter_misc":{"\u00c9crit par":"cfeditorfr","Dur\u00e9e de lecture estim\u00e9e":"1 minute"},"schema":{"@context":"https:\/\/schema.org","@graph":[{"@type":"Article","@id":"https:\/\/www.africa-press.net\/tchad\/politique\/le-controleur-general-brahim-ahmat-gorou-prend-fonction-a-la-tete-de-la-police#article","isPartOf":{"@id":"https:\/\/www.africa-press.net\/tchad\/politique\/le-controleur-general-brahim-ahmat-gorou-prend-fonction-a-la-tete-de-la-police"},"author":{"name":"cfeditorfr","@id":"https:\/\/www.africa-press.net\/tchad\/#\/schema\/person\/2b1cf3cd81a31e3cd26889ca66d677f1"},"headline":"le contr\u00f4leur g\u00e9n\u00e9ral Brahim Ahmat Gorou prend fonction \u00e0 la t\u00eate de la Police","datePublished":"2023-11-17T12:51:31+00:00","dateModified":"2023-11-17T14:12:00+00:00","mainEntityOfPage":{"@id":"https:\/\/www.africa-press.net\/tchad\/politique\/le-controleur-general-brahim-ahmat-gorou-prend-fonction-a-la-tete-de-la-police"},"wordCount":187,"commentCount":0,"image":{"@id":"https:\/\/www.africa-press.net\/tchad\/politique\/le-controleur-general-brahim-ahmat-gorou-prend-fonction-a-la-tete-de-la-police#primaryimage"},"thumbnailUrl":"https:\/\/static.africa-press.net\/tchad\/sites\/41\/2023\/11\/sm_1700217639.938775.jpg","keywords":["Africa Press","Africa Press-Tchad","Tchad"],"articleSection":["Politique","Toutes les actualit\u00e9s"],"inLanguage":"fr-FR","potentialAction":[{"@type":"CommentAction","name":"Comment","target":["https:\/\/www.africa-press.net\/tchad\/politique\/le-controleur-general-brahim-ahmat-gorou-prend-fonction-a-la-tete-de-la-police#respond"]}]},{"@type":"WebPage","@id":"https:\/\/www.africa-press.net\/tchad\/politique\/le-controleur-general-brahim-ahmat-gorou-prend-fonction-a-la-tete-de-la-police","url":"https:\/\/www.africa-press.net\/tchad\/politique\/le-controleur-general-brahim-ahmat-gorou-prend-fonction-a-la-tete-de-la-police","name":"le contr\u00f4leur g\u00e9n\u00e9ral Brahim Ahmat Gorou prend fonction \u00e0 la t\u00eate de la Police - tchad","isPartOf":{"@id":"https:\/\/www.africa-press.net\/tchad\/#website"},"primaryImageOfPage":{"@id":"https:\/\/www.africa-press.net\/tchad\/politique\/le-controleur-general-brahim-ahmat-gorou-prend-fonction-a-la-tete-de-la-police#primaryimage"},"image":{"@id":"https:\/\/www.africa-press.net\/tchad\/politique\/le-controleur-general-brahim-ahmat-gorou-prend-fonction-a-la-tete-de-la-police#primaryimage"},"thumbnailUrl":"https:\/\/static.africa-press.net\/tchad\/sites\/41\/2023\/11\/sm_1700217639.938775.jpg","datePublished":"2023-11-17T12:51:31+00:00","dateModified":"2023-11-17T14:12:00+00:00","author":{"@id":"https:\/\/www.africa-press.net\/tchad\/#\/schema\/person\/2b1cf3cd81a31e3cd26889ca66d677f1"},"description":"Le 17 novembre 2023 marque une nouvelle e\u0300re pour la Police nationale tchadienne, avec la prise de fonction officielle d ...","breadcrumb":{"@id":"https:\/\/www.africa-press.net\/tchad\/politique\/le-controleur-general-brahim-ahmat-gorou-prend-fonction-a-la-tete-de-la-police#breadcrumb"},"inLanguage":"fr-FR","potentialAction":[{"@type":"ReadAction","target":["https:\/\/www.africa-press.net\/tchad\/politique\/le-controleur-general-brahim-ahmat-gorou-prend-fonction-a-la-tete-de-la-police"]}]},{"@type":"ImageObject","inLanguage":"fr-FR","@id":"https:\/\/www.africa-press.net\/tchad\/politique\/le-controleur-general-brahim-ahmat-gorou-prend-fonction-a-la-tete-de-la-police#primaryimage","url":"https:\/\/static.africa-press.net\/tchad\/sites\/41\/2023\/11\/sm_1700217639.938775.jpg","contentUrl":"https:\/\/static.africa-press.net\/tchad\/sites\/41\/2023\/11\/sm_1700217639.938775.jpg","width":1280,"height":720,"caption":"le contr\u00f4leur g\u00e9n\u00e9ral Brahim Ahmat Gorou prend fonction \u00e0 la t\u00eate de la Police"},{"@type":"BreadcrumbList","@id":"https:\/\/www.africa-press.net\/tchad\/politique\/le-controleur-general-brahim-ahmat-gorou-prend-fonction-a-la-tete-de-la-police#breadcrumb","itemListElement":[{"@type":"ListItem","position":1,"name":"Accueil","item":"https:\/\/www.africa-press.net\/tchad\/"},{"@type":"ListItem","position":2,"name":"le contr\u00f4leur g\u00e9n\u00e9ral Brahim Ahmat Gorou prend fonction \u00e0 la t\u00eate de la Police"}]},{"@type":"WebSite","@id":"https:\/\/www.africa-press.net\/tchad\/#website","url":"https:\/\/www.africa-press.net\/tchad\/","name":"tchad","description":"Just another Africa News Agency Sites site","potentialAction":[{"@type":"SearchAction","target":{"@type":"EntryPoint","urlTemplate":"https:\/\/www.africa-press.net\/tchad\/?s={search_term_string}"},"query-input":{"@type":"PropertyValueSpecification","valueRequired":true,"valueName":"search_term_string"}}],"inLanguage":"fr-FR"},{"@type":"Person","@id":"https:\/\/www.africa-press.net\/tchad\/#\/schema\/person\/2b1cf3cd81a31e3cd26889ca66d677f1","name":"cfeditorfr"}]}},"_links":{"self":[{"href":"https:\/\/www.africa-press.net\/tchad\/wp-json\/wp\/v2\/posts\/54138","targetHints":{"allow":["GET"]}}],"collection":[{"href":"https:\/\/www.africa-press.net\/tchad\/wp-json\/wp\/v2\/posts"}],"about":[{"href":"https:\/\/www.africa-press.net\/tchad\/wp-json\/wp\/v2\/types\/post"}],"author":[{"embeddable":true,"href":"https:\/\/www.africa-press.net\/tchad\/wp-json\/wp\/v2\/users\/82"}],"replies":[{"embeddable":true,"href":"https:\/\/www.africa-press.net\/tchad\/wp-json\/wp\/v2\/comments?post=54138"}],"version-history":[{"count":0,"href":"https:\/\/www.africa-press.net\/tchad\/wp-json\/wp\/v2\/posts\/54138\/revisions"}],"wp:featuredmedia":[{"embeddable":true,"href":"https:\/\/www.africa-press.net\/tchad\/wp-json\/wp\/v2\/media\/54136"}],"wp:attachment":[{"href":"https:\/\/www.africa-press.net\/tchad\/wp-json\/wp\/v2\/media?parent=54138"}],"wp:term":[{"taxonomy":"category","embeddable":true,"href":"https:\/\/www.africa-press.net\/tchad\/wp-json\/wp\/v2\/categories?post=54138"},{"taxonomy":"post_tag","embeddable":true,"href":"https:\/\/www.africa-press.net\/tchad\/wp-json\/wp\/v2\/tags?post=54138"}],"curies":[{"name":"wp","href":"https:\/\/api.w.org\/{rel}","templated":true}]}}