{"id":54142,"date":"2023-11-17T12:52:37","date_gmt":"2023-11-17T12:52:37","guid":{"rendered":"https:\/\/www.africa-press.net\/tchad\/politique\/me-jean-bernard-padare-appelle-a-la-lutte-contre-linsecurite-au-mayo-kebbi-ouest"},"modified":"2023-11-17T14:13:42","modified_gmt":"2023-11-17T14:13:42","slug":"me-jean-bernard-padare-appelle-a-la-lutte-contre-linsecurite-au-mayo-kebbi-ouest","status":"publish","type":"post","link":"https:\/\/www.africa-press.net\/tchad\/toutes-les-actualites\/me-jean-bernard-padare-appelle-a-la-lutte-contre-linsecurite-au-mayo-kebbi-ouest","title":{"rendered":"Me Jean Bernard Padar\u00e9 appelle \u00e0 la lutte contre l&rsquo;ins\u00e9curit\u00e9 au Mayo Kebbi Ouest"},"content":{"rendered":"<p><span style=\"color: #ff6600\"><strong>Africa-Press &#8211; Tchad. <\/strong><\/span>En mission politique dans la province du Mayo Kebbi-Ouest, le secre\u0301taire ge\u0301ne\u0301ral, 2e\u0300me adjoint du Mouvement Patriotique du Salut (MPS), Me Jean Bernard Padare\u0301, a eu une rencontre publique avec les autorite\u0301s traditionnelles notamment les chefs de cantons et des villages du de\u0301partement de Mayo-Dallah, ce jeudi 16 novembre 2023 dans les locaux de la mairie de Pala.<\/p>\n<p>Me Jean Bernard Padare\u0301 a saisi cette occasion pour appeler les autorite\u0301s traditionnelles a\u0300 prendre leurs responsabilite\u0301s, face aux cas d&rsquo;inse\u0301curite\u0301, mais aussi et surtout, face au phe\u0301nome\u0300ne de prise d&rsquo;otages contre ranc\u0327on qui devient chronique dans la province.<\/p>\n<p>Il souhaite une franche collaboration avec les agents de se\u0301curite\u0301s, afin de mener une lutte commune. Le secre\u0301taire ge\u0301ne\u0301ral, 2e\u0300me adjoint du Mouvement Patriotique du Salut (MPS) exhorte la population a\u0300 sortir massivement pour voter lors du re\u0301fe\u0301rendum constitutionnel, le 17 de\u0301cembre prochain. Pour lui, le Mayo Kebbi est un havre de paix.<\/p>\n<p>Ainsi, la culture de la cohe\u0301sion sociale doit e\u0302tre incarne\u0301e par tous. La ne\u0301cessite\u0301 pour lui, c&rsquo;est de voter Oui, pour un Etat unitaire car les innovations favorisent la mise en place d&rsquo;un conseil provincial qui sera e\u0301lu au niveau local.<\/p>\n<p>Toutes les affaires de la province seront ge\u0301re\u0301es par le gouvernement du conseil provincial. Me Jean Bernard Padare\u0301 dit qu&rsquo;il faut toujours garder l&rsquo;unite\u0301 de la province du Mayo Kebbi-Ouest.<\/p>\n<p><strong>Pour plus d&rsquo;informations et d&rsquo;analyses sur la <a href=\"https:\/\/www.africa-press.net\/tchad\">Tchad<\/a>, suivez <a href=\"https:\/\/www.africa-press.net\/\">Africa-Press<\/a><\/strong><\/p>\n","protected":false},"excerpt":{"rendered":"<p>Africa-Press &#8211; Tchad. En mission politique dans la province du Mayo Kebbi-Ouest, le secre\u0301taire ge\u0301ne\u0301ral, 2e\u0300me adjoint du Mouvement Patriotique du Salut (MPS), Me Jean Bernard Padare\u0301, a eu une rencontre publique avec les autorite\u0301s traditionnelles notamment les chefs de cantons et des villages du de\u0301partement de Mayo-Dallah, ce jeudi 16 novembre 2023 dans les [&hellip;]<\/p>\n","protected":false},"author":82,"featured_media":54141,"comment_status":"open","ping_status":"closed","sticky":false,"template":"","format":"standard","meta":{"footnotes":""},"categories":[21,10],"tags":[37,292,29],"class_list":["post-54142","post","type-post","status-publish","format-standard","has-post-thumbnail","hentry","category-communaute","category-toutes-les-actualites","tag-africa-press","tag-africa-press-tchad","tag-tchad"],"yoast_head":"<!-- This site is optimized with the Yoast SEO Premium plugin v26.1 (Yoast SEO v27.0) - https:\/\/yoast.com\/product\/yoast-seo-premium-wordpress\/ -->\n<title>Me Jean Bernard Padar\u00e9 appelle \u00e0 la lutte contre l&#039;ins\u00e9curit\u00e9 au Mayo Kebbi Ouest - tchad<\/title>\n<meta name=\"description\" content=\"En mission politique dans la province du Mayo Kebbi-Ouest, le secre\u0301taire ge\u0301ne\u0301ral, 2e\u0300me adjoint du Mouvement Patrioti ...\" \/>\n<meta name=\"robots\" content=\"index, follow, max-snippet:-1, max-image-preview:large, max-video-preview:-1\" \/>\n<link rel=\"canonical\" href=\"https:\/\/www.africa-press.net\/tchad\/toutes-les-actualites\/me-jean-bernard-padare-appelle-a-la-lutte-contre-linsecurite-au-mayo-kebbi-ouest\" \/>\n<meta property=\"og:locale\" content=\"fr_FR\" \/>\n<meta property=\"og:type\" content=\"article\" \/>\n<meta property=\"og:title\" content=\"Me Jean Bernard Padar\u00e9 appelle \u00e0 la lutte contre l&#039;ins\u00e9curit\u00e9 au Mayo Kebbi Ouest\" \/>\n<meta property=\"og:description\" content=\"En mission politique dans la province du Mayo Kebbi-Ouest, le secre\u0301taire ge\u0301ne\u0301ral, 2e\u0300me adjoint du Mouvement Patrioti ...\" \/>\n<meta property=\"og:url\" content=\"https:\/\/www.africa-press.net\/tchad\/toutes-les-actualites\/me-jean-bernard-padare-appelle-a-la-lutte-contre-linsecurite-au-mayo-kebbi-ouest\" \/>\n<meta property=\"og:site_name\" content=\"tchad\" \/>\n<meta property=\"article:published_time\" content=\"2023-11-17T12:52:37+00:00\" \/>\n<meta property=\"article:modified_time\" content=\"2023-11-17T14:13:42+00:00\" \/>\n<meta property=\"og:image\" content=\"https:\/\/static.africa-press.net\/tchad\/sites\/41\/2023\/11\/sm_1700217747.015198.jpg\" \/>\n\t<meta property=\"og:image:width\" content=\"1080\" \/>\n\t<meta property=\"og:image:height\" content=\"809\" \/>\n\t<meta property=\"og:image:type\" content=\"image\/jpeg\" \/>\n<meta name=\"author\" content=\"cfeditorfr\" \/>\n<meta name=\"twitter:card\" content=\"summary_large_image\" \/>\n<meta name=\"twitter:label1\" content=\"\u00c9crit par\" \/>\n\t<meta name=\"twitter:data1\" content=\"cfeditorfr\" \/>\n\t<meta name=\"twitter:label2\" content=\"Dur\u00e9e de lecture estim\u00e9e\" \/>\n\t<meta name=\"twitter:data2\" content=\"1 minute\" \/>\n<script type=\"application\/ld+json\" class=\"yoast-schema-graph\">{\"@context\":\"https:\/\/schema.org\",\"@graph\":[{\"@type\":\"Article\",\"@id\":\"https:\/\/www.africa-press.net\/tchad\/toutes-les-actualites\/me-jean-bernard-padare-appelle-a-la-lutte-contre-linsecurite-au-mayo-kebbi-ouest#article\",\"isPartOf\":{\"@id\":\"https:\/\/www.africa-press.net\/tchad\/toutes-les-actualites\/me-jean-bernard-padare-appelle-a-la-lutte-contre-linsecurite-au-mayo-kebbi-ouest\"},\"author\":{\"name\":\"cfeditorfr\",\"@id\":\"https:\/\/www.africa-press.net\/tchad\/#\/schema\/person\/2b1cf3cd81a31e3cd26889ca66d677f1\"},\"headline\":\"Me Jean Bernard Padar\u00e9 appelle \u00e0 la lutte contre l&rsquo;ins\u00e9curit\u00e9 au Mayo Kebbi Ouest\",\"datePublished\":\"2023-11-17T12:52:37+00:00\",\"dateModified\":\"2023-11-17T14:13:42+00:00\",\"mainEntityOfPage\":{\"@id\":\"https:\/\/www.africa-press.net\/tchad\/toutes-les-actualites\/me-jean-bernard-padare-appelle-a-la-lutte-contre-linsecurite-au-mayo-kebbi-ouest\"},\"wordCount\":282,\"commentCount\":0,\"image\":{\"@id\":\"https:\/\/www.africa-press.net\/tchad\/toutes-les-actualites\/me-jean-bernard-padare-appelle-a-la-lutte-contre-linsecurite-au-mayo-kebbi-ouest#primaryimage\"},\"thumbnailUrl\":\"https:\/\/static.africa-press.net\/tchad\/sites\/41\/2023\/11\/sm_1700217747.015198.jpg\",\"keywords\":[\"Africa Press\",\"Africa Press-Tchad\",\"Tchad\"],\"articleSection\":[\"Communaut\u00e9\",\"Toutes les actualit\u00e9s\"],\"inLanguage\":\"fr-FR\",\"potentialAction\":[{\"@type\":\"CommentAction\",\"name\":\"Comment\",\"target\":[\"https:\/\/www.africa-press.net\/tchad\/toutes-les-actualites\/me-jean-bernard-padare-appelle-a-la-lutte-contre-linsecurite-au-mayo-kebbi-ouest#respond\"]}]},{\"@type\":\"WebPage\",\"@id\":\"https:\/\/www.africa-press.net\/tchad\/toutes-les-actualites\/me-jean-bernard-padare-appelle-a-la-lutte-contre-linsecurite-au-mayo-kebbi-ouest\",\"url\":\"https:\/\/www.africa-press.net\/tchad\/toutes-les-actualites\/me-jean-bernard-padare-appelle-a-la-lutte-contre-linsecurite-au-mayo-kebbi-ouest\",\"name\":\"Me Jean Bernard Padar\u00e9 appelle \u00e0 la lutte contre l'ins\u00e9curit\u00e9 au Mayo Kebbi Ouest - tchad\",\"isPartOf\":{\"@id\":\"https:\/\/www.africa-press.net\/tchad\/#website\"},\"primaryImageOfPage\":{\"@id\":\"https:\/\/www.africa-press.net\/tchad\/toutes-les-actualites\/me-jean-bernard-padare-appelle-a-la-lutte-contre-linsecurite-au-mayo-kebbi-ouest#primaryimage\"},\"image\":{\"@id\":\"https:\/\/www.africa-press.net\/tchad\/toutes-les-actualites\/me-jean-bernard-padare-appelle-a-la-lutte-contre-linsecurite-au-mayo-kebbi-ouest#primaryimage\"},\"thumbnailUrl\":\"https:\/\/static.africa-press.net\/tchad\/sites\/41\/2023\/11\/sm_1700217747.015198.jpg\",\"datePublished\":\"2023-11-17T12:52:37+00:00\",\"dateModified\":\"2023-11-17T14:13:42+00:00\",\"author\":{\"@id\":\"https:\/\/www.africa-press.net\/tchad\/#\/schema\/person\/2b1cf3cd81a31e3cd26889ca66d677f1\"},\"description\":\"En mission politique dans la province du Mayo Kebbi-Ouest, le secre\u0301taire ge\u0301ne\u0301ral, 2e\u0300me adjoint du Mouvement Patrioti ...\",\"breadcrumb\":{\"@id\":\"https:\/\/www.africa-press.net\/tchad\/toutes-les-actualites\/me-jean-bernard-padare-appelle-a-la-lutte-contre-linsecurite-au-mayo-kebbi-ouest#breadcrumb\"},\"inLanguage\":\"fr-FR\",\"potentialAction\":[{\"@type\":\"ReadAction\",\"target\":[\"https:\/\/www.africa-press.net\/tchad\/toutes-les-actualites\/me-jean-bernard-padare-appelle-a-la-lutte-contre-linsecurite-au-mayo-kebbi-ouest\"]}]},{\"@type\":\"ImageObject\",\"inLanguage\":\"fr-FR\",\"@id\":\"https:\/\/www.africa-press.net\/tchad\/toutes-les-actualites\/me-jean-bernard-padare-appelle-a-la-lutte-contre-linsecurite-au-mayo-kebbi-ouest#primaryimage\",\"url\":\"https:\/\/static.africa-press.net\/tchad\/sites\/41\/2023\/11\/sm_1700217747.015198.jpg\",\"contentUrl\":\"https:\/\/static.africa-press.net\/tchad\/sites\/41\/2023\/11\/sm_1700217747.015198.jpg\",\"width\":1080,\"height\":809,\"caption\":\"Me Jean Bernard Padar\u00e9 appelle \u00e0 la lutte contre l'ins\u00e9curit\u00e9 au Mayo Kebbi Ouest\"},{\"@type\":\"BreadcrumbList\",\"@id\":\"https:\/\/www.africa-press.net\/tchad\/toutes-les-actualites\/me-jean-bernard-padare-appelle-a-la-lutte-contre-linsecurite-au-mayo-kebbi-ouest#breadcrumb\",\"itemListElement\":[{\"@type\":\"ListItem\",\"position\":1,\"name\":\"Accueil\",\"item\":\"https:\/\/www.africa-press.net\/tchad\/\"},{\"@type\":\"ListItem\",\"position\":2,\"name\":\"Me Jean Bernard Padar\u00e9 appelle \u00e0 la lutte contre l&#8217;ins\u00e9curit\u00e9 au Mayo Kebbi Ouest\"}]},{\"@type\":\"WebSite\",\"@id\":\"https:\/\/www.africa-press.net\/tchad\/#website\",\"url\":\"https:\/\/www.africa-press.net\/tchad\/\",\"name\":\"tchad\",\"description\":\"Just another Africa News Agency Sites site\",\"potentialAction\":[{\"@type\":\"SearchAction\",\"target\":{\"@type\":\"EntryPoint\",\"urlTemplate\":\"https:\/\/www.africa-press.net\/tchad\/?s={search_term_string}\"},\"query-input\":{\"@type\":\"PropertyValueSpecification\",\"valueRequired\":true,\"valueName\":\"search_term_string\"}}],\"inLanguage\":\"fr-FR\"},{\"@type\":\"Person\",\"@id\":\"https:\/\/www.africa-press.net\/tchad\/#\/schema\/person\/2b1cf3cd81a31e3cd26889ca66d677f1\",\"name\":\"cfeditorfr\"}]}<\/script>\n<!-- \/ Yoast SEO Premium plugin. -->","yoast_head_json":{"title":"Me Jean Bernard Padar\u00e9 appelle \u00e0 la lutte contre l'ins\u00e9curit\u00e9 au Mayo Kebbi Ouest - tchad","description":"En mission politique dans la province du Mayo Kebbi-Ouest, le secre\u0301taire ge\u0301ne\u0301ral, 2e\u0300me adjoint du Mouvement Patrioti ...","robots":{"index":"index","follow":"follow","max-snippet":"max-snippet:-1","max-image-preview":"max-image-preview:large","max-video-preview":"max-video-preview:-1"},"canonical":"https:\/\/www.africa-press.net\/tchad\/toutes-les-actualites\/me-jean-bernard-padare-appelle-a-la-lutte-contre-linsecurite-au-mayo-kebbi-ouest","og_locale":"fr_FR","og_type":"article","og_title":"Me Jean Bernard Padar\u00e9 appelle \u00e0 la lutte contre l'ins\u00e9curit\u00e9 au Mayo Kebbi Ouest","og_description":"En mission politique dans la province du Mayo Kebbi-Ouest, le secre\u0301taire ge\u0301ne\u0301ral, 2e\u0300me adjoint du Mouvement Patrioti ...","og_url":"https:\/\/www.africa-press.net\/tchad\/toutes-les-actualites\/me-jean-bernard-padare-appelle-a-la-lutte-contre-linsecurite-au-mayo-kebbi-ouest","og_site_name":"tchad","article_published_time":"2023-11-17T12:52:37+00:00","article_modified_time":"2023-11-17T14:13:42+00:00","og_image":[{"width":1080,"height":809,"url":"https:\/\/static.africa-press.net\/tchad\/sites\/41\/2023\/11\/sm_1700217747.015198.jpg","type":"image\/jpeg"}],"author":"cfeditorfr","twitter_card":"summary_large_image","twitter_misc":{"\u00c9crit par":"cfeditorfr","Dur\u00e9e de lecture estim\u00e9e":"1 minute"},"schema":{"@context":"https:\/\/schema.org","@graph":[{"@type":"Article","@id":"https:\/\/www.africa-press.net\/tchad\/toutes-les-actualites\/me-jean-bernard-padare-appelle-a-la-lutte-contre-linsecurite-au-mayo-kebbi-ouest#article","isPartOf":{"@id":"https:\/\/www.africa-press.net\/tchad\/toutes-les-actualites\/me-jean-bernard-padare-appelle-a-la-lutte-contre-linsecurite-au-mayo-kebbi-ouest"},"author":{"name":"cfeditorfr","@id":"https:\/\/www.africa-press.net\/tchad\/#\/schema\/person\/2b1cf3cd81a31e3cd26889ca66d677f1"},"headline":"Me Jean Bernard Padar\u00e9 appelle \u00e0 la lutte contre l&rsquo;ins\u00e9curit\u00e9 au Mayo Kebbi Ouest","datePublished":"2023-11-17T12:52:37+00:00","dateModified":"2023-11-17T14:13:42+00:00","mainEntityOfPage":{"@id":"https:\/\/www.africa-press.net\/tchad\/toutes-les-actualites\/me-jean-bernard-padare-appelle-a-la-lutte-contre-linsecurite-au-mayo-kebbi-ouest"},"wordCount":282,"commentCount":0,"image":{"@id":"https:\/\/www.africa-press.net\/tchad\/toutes-les-actualites\/me-jean-bernard-padare-appelle-a-la-lutte-contre-linsecurite-au-mayo-kebbi-ouest#primaryimage"},"thumbnailUrl":"https:\/\/static.africa-press.net\/tchad\/sites\/41\/2023\/11\/sm_1700217747.015198.jpg","keywords":["Africa Press","Africa Press-Tchad","Tchad"],"articleSection":["Communaut\u00e9","Toutes les actualit\u00e9s"],"inLanguage":"fr-FR","potentialAction":[{"@type":"CommentAction","name":"Comment","target":["https:\/\/www.africa-press.net\/tchad\/toutes-les-actualites\/me-jean-bernard-padare-appelle-a-la-lutte-contre-linsecurite-au-mayo-kebbi-ouest#respond"]}]},{"@type":"WebPage","@id":"https:\/\/www.africa-press.net\/tchad\/toutes-les-actualites\/me-jean-bernard-padare-appelle-a-la-lutte-contre-linsecurite-au-mayo-kebbi-ouest","url":"https:\/\/www.africa-press.net\/tchad\/toutes-les-actualites\/me-jean-bernard-padare-appelle-a-la-lutte-contre-linsecurite-au-mayo-kebbi-ouest","name":"Me Jean Bernard Padar\u00e9 appelle \u00e0 la lutte contre l'ins\u00e9curit\u00e9 au Mayo Kebbi Ouest - tchad","isPartOf":{"@id":"https:\/\/www.africa-press.net\/tchad\/#website"},"primaryImageOfPage":{"@id":"https:\/\/www.africa-press.net\/tchad\/toutes-les-actualites\/me-jean-bernard-padare-appelle-a-la-lutte-contre-linsecurite-au-mayo-kebbi-ouest#primaryimage"},"image":{"@id":"https:\/\/www.africa-press.net\/tchad\/toutes-les-actualites\/me-jean-bernard-padare-appelle-a-la-lutte-contre-linsecurite-au-mayo-kebbi-ouest#primaryimage"},"thumbnailUrl":"https:\/\/static.africa-press.net\/tchad\/sites\/41\/2023\/11\/sm_1700217747.015198.jpg","datePublished":"2023-11-17T12:52:37+00:00","dateModified":"2023-11-17T14:13:42+00:00","author":{"@id":"https:\/\/www.africa-press.net\/tchad\/#\/schema\/person\/2b1cf3cd81a31e3cd26889ca66d677f1"},"description":"En mission politique dans la province du Mayo Kebbi-Ouest, le secre\u0301taire ge\u0301ne\u0301ral, 2e\u0300me adjoint du Mouvement Patrioti ...","breadcrumb":{"@id":"https:\/\/www.africa-press.net\/tchad\/toutes-les-actualites\/me-jean-bernard-padare-appelle-a-la-lutte-contre-linsecurite-au-mayo-kebbi-ouest#breadcrumb"},"inLanguage":"fr-FR","potentialAction":[{"@type":"ReadAction","target":["https:\/\/www.africa-press.net\/tchad\/toutes-les-actualites\/me-jean-bernard-padare-appelle-a-la-lutte-contre-linsecurite-au-mayo-kebbi-ouest"]}]},{"@type":"ImageObject","inLanguage":"fr-FR","@id":"https:\/\/www.africa-press.net\/tchad\/toutes-les-actualites\/me-jean-bernard-padare-appelle-a-la-lutte-contre-linsecurite-au-mayo-kebbi-ouest#primaryimage","url":"https:\/\/static.africa-press.net\/tchad\/sites\/41\/2023\/11\/sm_1700217747.015198.jpg","contentUrl":"https:\/\/static.africa-press.net\/tchad\/sites\/41\/2023\/11\/sm_1700217747.015198.jpg","width":1080,"height":809,"caption":"Me Jean Bernard Padar\u00e9 appelle \u00e0 la lutte contre l'ins\u00e9curit\u00e9 au Mayo Kebbi Ouest"},{"@type":"BreadcrumbList","@id":"https:\/\/www.africa-press.net\/tchad\/toutes-les-actualites\/me-jean-bernard-padare-appelle-a-la-lutte-contre-linsecurite-au-mayo-kebbi-ouest#breadcrumb","itemListElement":[{"@type":"ListItem","position":1,"name":"Accueil","item":"https:\/\/www.africa-press.net\/tchad\/"},{"@type":"ListItem","position":2,"name":"Me Jean Bernard Padar\u00e9 appelle \u00e0 la lutte contre l&#8217;ins\u00e9curit\u00e9 au Mayo Kebbi Ouest"}]},{"@type":"WebSite","@id":"https:\/\/www.africa-press.net\/tchad\/#website","url":"https:\/\/www.africa-press.net\/tchad\/","name":"tchad","description":"Just another Africa News Agency Sites site","potentialAction":[{"@type":"SearchAction","target":{"@type":"EntryPoint","urlTemplate":"https:\/\/www.africa-press.net\/tchad\/?s={search_term_string}"},"query-input":{"@type":"PropertyValueSpecification","valueRequired":true,"valueName":"search_term_string"}}],"inLanguage":"fr-FR"},{"@type":"Person","@id":"https:\/\/www.africa-press.net\/tchad\/#\/schema\/person\/2b1cf3cd81a31e3cd26889ca66d677f1","name":"cfeditorfr"}]}},"_links":{"self":[{"href":"https:\/\/www.africa-press.net\/tchad\/wp-json\/wp\/v2\/posts\/54142","targetHints":{"allow":["GET"]}}],"collection":[{"href":"https:\/\/www.africa-press.net\/tchad\/wp-json\/wp\/v2\/posts"}],"about":[{"href":"https:\/\/www.africa-press.net\/tchad\/wp-json\/wp\/v2\/types\/post"}],"author":[{"embeddable":true,"href":"https:\/\/www.africa-press.net\/tchad\/wp-json\/wp\/v2\/users\/82"}],"replies":[{"embeddable":true,"href":"https:\/\/www.africa-press.net\/tchad\/wp-json\/wp\/v2\/comments?post=54142"}],"version-history":[{"count":0,"href":"https:\/\/www.africa-press.net\/tchad\/wp-json\/wp\/v2\/posts\/54142\/revisions"}],"wp:featuredmedia":[{"embeddable":true,"href":"https:\/\/www.africa-press.net\/tchad\/wp-json\/wp\/v2\/media\/54141"}],"wp:attachment":[{"href":"https:\/\/www.africa-press.net\/tchad\/wp-json\/wp\/v2\/media?parent=54142"}],"wp:term":[{"taxonomy":"category","embeddable":true,"href":"https:\/\/www.africa-press.net\/tchad\/wp-json\/wp\/v2\/categories?post=54142"},{"taxonomy":"post_tag","embeddable":true,"href":"https:\/\/www.africa-press.net\/tchad\/wp-json\/wp\/v2\/tags?post=54142"}],"curies":[{"name":"wp","href":"https:\/\/api.w.org\/{rel}","templated":true}]}}