{"id":54144,"date":"2023-11-17T12:53:19","date_gmt":"2023-11-17T12:53:19","guid":{"rendered":"https:\/\/www.africa-press.net\/tchad\/politique\/le-nouveau-ministre-de-la-defense-annonce-a-budapest-en-hongrie-fin-novembre"},"modified":"2023-11-17T14:14:06","modified_gmt":"2023-11-17T14:14:06","slug":"le-nouveau-ministre-de-la-defense-annonce-a-budapest-en-hongrie-fin-novembre","status":"publish","type":"post","link":"https:\/\/www.africa-press.net\/tchad\/politique\/le-nouveau-ministre-de-la-defense-annonce-a-budapest-en-hongrie-fin-novembre","title":{"rendered":"Le nouveau ministre de la D\u00e9fense annonc\u00e9 \u00e0 Budapest en Hongrie fin novembre"},"content":{"rendered":"<p><span style=\"color: #ff6600\"><strong>Africa-Press &#8211; Tchad. <\/strong><\/span>N&rsquo;Djamena et Budapest se rapprochent \u00bb, a releve\u0301, vendredi, <b>Africa Intelligence<\/b>.<\/p>\n<p>\u00ab Dago Yacouba, le nouveau ministre de la de\u0301fense, se rendra dans la capitale hongroise fin novembre. Le pays de Viktor Orban a pour projet de de\u0301ployer 200 militaires sur le territoire tchadien \u00bb, a souligne\u0301 le journal.<\/p>\n<p>Le Parlement a donne\u0301 son feu vert (143 pour, 30 contre), le 6 novembre 2023 d&rsquo;envoyer 200 soldats au Tchad, en tant que \u00ab seul E\u0301tat stable du Sahel \u00bb, pour aider a\u0300 mettre fin a\u0300 l\u2019immigration ille\u0301gale et a\u0300 lutter contre le terrorisme. Avant le feu vert du Parlement, l&rsquo;annonce avait e\u0301te\u0301 faite le 25 octobre par le ministre de la De\u0301fense, Kristo\u0301f Szalay-Bobrovniczky, qui avait pre\u0301cise\u0301 que cette mission avait e\u0301te\u0301 de\u0301cide\u0301e \u00ab a\u0300 l&rsquo;invitation du Tchad \u00bb.<\/p>\n<p>Il est a\u0300 rappeler que la Hongrie a aussi annonce\u0301 l&rsquo;installation a\u0300 N&rsquo;Djamena au Tchad d&rsquo;un centre pour les ope\u0301rations humanitaires et le de\u0301veloppement dans le cadre du programme HungaryHelps. Ce programme de de\u0301veloppement qui avait e\u0301te\u0301 lance\u0301 en 2019, vise a\u0300 re\u0301duire les migrations vers l&rsquo;Europe. HungaryHelps est de\u0301ja\u0300 tre\u0300s actif en Afrique: au Kenya, au Nigeria, au Mozambique, en Ethiopie (deux douzaines de pays au total).<\/p>\n<p><strong>Pour plus d&rsquo;informations et d&rsquo;analyses sur la <a href=\"https:\/\/www.africa-press.net\/tchad\">Tchad<\/a>, suivez <a href=\"https:\/\/www.africa-press.net\/\">Africa-Press<\/a><\/strong><\/p>\n","protected":false},"excerpt":{"rendered":"<p>Africa-Press &#8211; Tchad. N&rsquo;Djamena et Budapest se rapprochent \u00bb, a releve\u0301, vendredi, Africa Intelligence. \u00ab Dago Yacouba, le nouveau ministre de la de\u0301fense, se rendra dans la capitale hongroise fin novembre. Le pays de Viktor Orban a pour projet de de\u0301ployer 200 militaires sur le territoire tchadien \u00bb, a souligne\u0301 le journal. Le Parlement a [&hellip;]<\/p>\n","protected":false},"author":82,"featured_media":54143,"comment_status":"open","ping_status":"closed","sticky":false,"template":"","format":"standard","meta":{"footnotes":""},"categories":[2,10],"tags":[37,292,29],"class_list":["post-54144","post","type-post","status-publish","format-standard","has-post-thumbnail","hentry","category-politique","category-toutes-les-actualites","tag-africa-press","tag-africa-press-tchad","tag-tchad"],"yoast_head":"<!-- This site is optimized with the Yoast SEO Premium plugin v26.1 (Yoast SEO v27.0) - https:\/\/yoast.com\/product\/yoast-seo-premium-wordpress\/ -->\n<title>Le nouveau ministre de la D\u00e9fense annonc\u00e9 \u00e0 Budapest en Hongrie fin novembre - tchad<\/title>\n<meta name=\"description\" content=\"N&#039;Djamena et Budapest se rapprochent \u00bb, a releve\u0301, vendredi, Africa Intelligence. \u00ab Dago Yacouba, le nouveau min ...\" \/>\n<meta name=\"robots\" content=\"index, follow, max-snippet:-1, max-image-preview:large, max-video-preview:-1\" \/>\n<link rel=\"canonical\" href=\"https:\/\/www.africa-press.net\/tchad\/politique\/le-nouveau-ministre-de-la-defense-annonce-a-budapest-en-hongrie-fin-novembre\" \/>\n<meta property=\"og:locale\" content=\"fr_FR\" \/>\n<meta property=\"og:type\" content=\"article\" \/>\n<meta property=\"og:title\" content=\"Le nouveau ministre de la D\u00e9fense annonc\u00e9 \u00e0 Budapest en Hongrie fin novembre\" \/>\n<meta property=\"og:description\" content=\"N&#039;Djamena et Budapest se rapprochent \u00bb, a releve\u0301, vendredi, Africa Intelligence. \u00ab Dago Yacouba, le nouveau min ...\" \/>\n<meta property=\"og:url\" content=\"https:\/\/www.africa-press.net\/tchad\/politique\/le-nouveau-ministre-de-la-defense-annonce-a-budapest-en-hongrie-fin-novembre\" \/>\n<meta property=\"og:site_name\" content=\"tchad\" \/>\n<meta property=\"article:published_time\" content=\"2023-11-17T12:53:19+00:00\" \/>\n<meta property=\"article:modified_time\" content=\"2023-11-17T14:14:06+00:00\" \/>\n<meta property=\"og:image\" content=\"https:\/\/static.africa-press.net\/tchad\/sites\/41\/2023\/11\/sm_1700217775.319476.jpg\" \/>\n\t<meta property=\"og:image:width\" content=\"1280\" \/>\n\t<meta property=\"og:image:height\" content=\"720\" \/>\n\t<meta property=\"og:image:type\" content=\"image\/jpeg\" \/>\n<meta name=\"author\" content=\"cfeditorfr\" \/>\n<meta name=\"twitter:card\" content=\"summary_large_image\" \/>\n<meta name=\"twitter:label1\" content=\"\u00c9crit par\" \/>\n\t<meta name=\"twitter:data1\" content=\"cfeditorfr\" \/>\n\t<meta name=\"twitter:label2\" content=\"Dur\u00e9e de lecture estim\u00e9e\" \/>\n\t<meta name=\"twitter:data2\" content=\"1 minute\" \/>\n<script type=\"application\/ld+json\" class=\"yoast-schema-graph\">{\"@context\":\"https:\/\/schema.org\",\"@graph\":[{\"@type\":\"Article\",\"@id\":\"https:\/\/www.africa-press.net\/tchad\/politique\/le-nouveau-ministre-de-la-defense-annonce-a-budapest-en-hongrie-fin-novembre#article\",\"isPartOf\":{\"@id\":\"https:\/\/www.africa-press.net\/tchad\/politique\/le-nouveau-ministre-de-la-defense-annonce-a-budapest-en-hongrie-fin-novembre\"},\"author\":{\"name\":\"cfeditorfr\",\"@id\":\"https:\/\/www.africa-press.net\/tchad\/#\/schema\/person\/2b1cf3cd81a31e3cd26889ca66d677f1\"},\"headline\":\"Le nouveau ministre de la D\u00e9fense annonc\u00e9 \u00e0 Budapest en Hongrie fin novembre\",\"datePublished\":\"2023-11-17T12:53:19+00:00\",\"dateModified\":\"2023-11-17T14:14:06+00:00\",\"mainEntityOfPage\":{\"@id\":\"https:\/\/www.africa-press.net\/tchad\/politique\/le-nouveau-ministre-de-la-defense-annonce-a-budapest-en-hongrie-fin-novembre\"},\"wordCount\":237,\"commentCount\":0,\"image\":{\"@id\":\"https:\/\/www.africa-press.net\/tchad\/politique\/le-nouveau-ministre-de-la-defense-annonce-a-budapest-en-hongrie-fin-novembre#primaryimage\"},\"thumbnailUrl\":\"https:\/\/static.africa-press.net\/tchad\/sites\/41\/2023\/11\/sm_1700217775.319476.jpg\",\"keywords\":[\"Africa Press\",\"Africa Press-Tchad\",\"Tchad\"],\"articleSection\":[\"Politique\",\"Toutes les actualit\u00e9s\"],\"inLanguage\":\"fr-FR\",\"potentialAction\":[{\"@type\":\"CommentAction\",\"name\":\"Comment\",\"target\":[\"https:\/\/www.africa-press.net\/tchad\/politique\/le-nouveau-ministre-de-la-defense-annonce-a-budapest-en-hongrie-fin-novembre#respond\"]}]},{\"@type\":\"WebPage\",\"@id\":\"https:\/\/www.africa-press.net\/tchad\/politique\/le-nouveau-ministre-de-la-defense-annonce-a-budapest-en-hongrie-fin-novembre\",\"url\":\"https:\/\/www.africa-press.net\/tchad\/politique\/le-nouveau-ministre-de-la-defense-annonce-a-budapest-en-hongrie-fin-novembre\",\"name\":\"Le nouveau ministre de la D\u00e9fense annonc\u00e9 \u00e0 Budapest en Hongrie fin novembre - tchad\",\"isPartOf\":{\"@id\":\"https:\/\/www.africa-press.net\/tchad\/#website\"},\"primaryImageOfPage\":{\"@id\":\"https:\/\/www.africa-press.net\/tchad\/politique\/le-nouveau-ministre-de-la-defense-annonce-a-budapest-en-hongrie-fin-novembre#primaryimage\"},\"image\":{\"@id\":\"https:\/\/www.africa-press.net\/tchad\/politique\/le-nouveau-ministre-de-la-defense-annonce-a-budapest-en-hongrie-fin-novembre#primaryimage\"},\"thumbnailUrl\":\"https:\/\/static.africa-press.net\/tchad\/sites\/41\/2023\/11\/sm_1700217775.319476.jpg\",\"datePublished\":\"2023-11-17T12:53:19+00:00\",\"dateModified\":\"2023-11-17T14:14:06+00:00\",\"author\":{\"@id\":\"https:\/\/www.africa-press.net\/tchad\/#\/schema\/person\/2b1cf3cd81a31e3cd26889ca66d677f1\"},\"description\":\"N'Djamena et Budapest se rapprochent \u00bb, a releve\u0301, vendredi, Africa Intelligence. \u00ab Dago Yacouba, le nouveau min ...\",\"breadcrumb\":{\"@id\":\"https:\/\/www.africa-press.net\/tchad\/politique\/le-nouveau-ministre-de-la-defense-annonce-a-budapest-en-hongrie-fin-novembre#breadcrumb\"},\"inLanguage\":\"fr-FR\",\"potentialAction\":[{\"@type\":\"ReadAction\",\"target\":[\"https:\/\/www.africa-press.net\/tchad\/politique\/le-nouveau-ministre-de-la-defense-annonce-a-budapest-en-hongrie-fin-novembre\"]}]},{\"@type\":\"ImageObject\",\"inLanguage\":\"fr-FR\",\"@id\":\"https:\/\/www.africa-press.net\/tchad\/politique\/le-nouveau-ministre-de-la-defense-annonce-a-budapest-en-hongrie-fin-novembre#primaryimage\",\"url\":\"https:\/\/static.africa-press.net\/tchad\/sites\/41\/2023\/11\/sm_1700217775.319476.jpg\",\"contentUrl\":\"https:\/\/static.africa-press.net\/tchad\/sites\/41\/2023\/11\/sm_1700217775.319476.jpg\",\"width\":1280,\"height\":720,\"caption\":\"Le nouveau ministre de la D\u00e9fense annonc\u00e9 \u00e0 Budapest en Hongrie fin novembre\"},{\"@type\":\"BreadcrumbList\",\"@id\":\"https:\/\/www.africa-press.net\/tchad\/politique\/le-nouveau-ministre-de-la-defense-annonce-a-budapest-en-hongrie-fin-novembre#breadcrumb\",\"itemListElement\":[{\"@type\":\"ListItem\",\"position\":1,\"name\":\"Accueil\",\"item\":\"https:\/\/www.africa-press.net\/tchad\/\"},{\"@type\":\"ListItem\",\"position\":2,\"name\":\"Le nouveau ministre de la D\u00e9fense annonc\u00e9 \u00e0 Budapest en Hongrie fin novembre\"}]},{\"@type\":\"WebSite\",\"@id\":\"https:\/\/www.africa-press.net\/tchad\/#website\",\"url\":\"https:\/\/www.africa-press.net\/tchad\/\",\"name\":\"tchad\",\"description\":\"Just another Africa News Agency Sites site\",\"potentialAction\":[{\"@type\":\"SearchAction\",\"target\":{\"@type\":\"EntryPoint\",\"urlTemplate\":\"https:\/\/www.africa-press.net\/tchad\/?s={search_term_string}\"},\"query-input\":{\"@type\":\"PropertyValueSpecification\",\"valueRequired\":true,\"valueName\":\"search_term_string\"}}],\"inLanguage\":\"fr-FR\"},{\"@type\":\"Person\",\"@id\":\"https:\/\/www.africa-press.net\/tchad\/#\/schema\/person\/2b1cf3cd81a31e3cd26889ca66d677f1\",\"name\":\"cfeditorfr\"}]}<\/script>\n<!-- \/ Yoast SEO Premium plugin. -->","yoast_head_json":{"title":"Le nouveau ministre de la D\u00e9fense annonc\u00e9 \u00e0 Budapest en Hongrie fin novembre - tchad","description":"N'Djamena et Budapest se rapprochent \u00bb, a releve\u0301, vendredi, Africa Intelligence. \u00ab Dago Yacouba, le nouveau min ...","robots":{"index":"index","follow":"follow","max-snippet":"max-snippet:-1","max-image-preview":"max-image-preview:large","max-video-preview":"max-video-preview:-1"},"canonical":"https:\/\/www.africa-press.net\/tchad\/politique\/le-nouveau-ministre-de-la-defense-annonce-a-budapest-en-hongrie-fin-novembre","og_locale":"fr_FR","og_type":"article","og_title":"Le nouveau ministre de la D\u00e9fense annonc\u00e9 \u00e0 Budapest en Hongrie fin novembre","og_description":"N'Djamena et Budapest se rapprochent \u00bb, a releve\u0301, vendredi, Africa Intelligence. \u00ab Dago Yacouba, le nouveau min ...","og_url":"https:\/\/www.africa-press.net\/tchad\/politique\/le-nouveau-ministre-de-la-defense-annonce-a-budapest-en-hongrie-fin-novembre","og_site_name":"tchad","article_published_time":"2023-11-17T12:53:19+00:00","article_modified_time":"2023-11-17T14:14:06+00:00","og_image":[{"width":1280,"height":720,"url":"https:\/\/static.africa-press.net\/tchad\/sites\/41\/2023\/11\/sm_1700217775.319476.jpg","type":"image\/jpeg"}],"author":"cfeditorfr","twitter_card":"summary_large_image","twitter_misc":{"\u00c9crit par":"cfeditorfr","Dur\u00e9e de lecture estim\u00e9e":"1 minute"},"schema":{"@context":"https:\/\/schema.org","@graph":[{"@type":"Article","@id":"https:\/\/www.africa-press.net\/tchad\/politique\/le-nouveau-ministre-de-la-defense-annonce-a-budapest-en-hongrie-fin-novembre#article","isPartOf":{"@id":"https:\/\/www.africa-press.net\/tchad\/politique\/le-nouveau-ministre-de-la-defense-annonce-a-budapest-en-hongrie-fin-novembre"},"author":{"name":"cfeditorfr","@id":"https:\/\/www.africa-press.net\/tchad\/#\/schema\/person\/2b1cf3cd81a31e3cd26889ca66d677f1"},"headline":"Le nouveau ministre de la D\u00e9fense annonc\u00e9 \u00e0 Budapest en Hongrie fin novembre","datePublished":"2023-11-17T12:53:19+00:00","dateModified":"2023-11-17T14:14:06+00:00","mainEntityOfPage":{"@id":"https:\/\/www.africa-press.net\/tchad\/politique\/le-nouveau-ministre-de-la-defense-annonce-a-budapest-en-hongrie-fin-novembre"},"wordCount":237,"commentCount":0,"image":{"@id":"https:\/\/www.africa-press.net\/tchad\/politique\/le-nouveau-ministre-de-la-defense-annonce-a-budapest-en-hongrie-fin-novembre#primaryimage"},"thumbnailUrl":"https:\/\/static.africa-press.net\/tchad\/sites\/41\/2023\/11\/sm_1700217775.319476.jpg","keywords":["Africa Press","Africa Press-Tchad","Tchad"],"articleSection":["Politique","Toutes les actualit\u00e9s"],"inLanguage":"fr-FR","potentialAction":[{"@type":"CommentAction","name":"Comment","target":["https:\/\/www.africa-press.net\/tchad\/politique\/le-nouveau-ministre-de-la-defense-annonce-a-budapest-en-hongrie-fin-novembre#respond"]}]},{"@type":"WebPage","@id":"https:\/\/www.africa-press.net\/tchad\/politique\/le-nouveau-ministre-de-la-defense-annonce-a-budapest-en-hongrie-fin-novembre","url":"https:\/\/www.africa-press.net\/tchad\/politique\/le-nouveau-ministre-de-la-defense-annonce-a-budapest-en-hongrie-fin-novembre","name":"Le nouveau ministre de la D\u00e9fense annonc\u00e9 \u00e0 Budapest en Hongrie fin novembre - tchad","isPartOf":{"@id":"https:\/\/www.africa-press.net\/tchad\/#website"},"primaryImageOfPage":{"@id":"https:\/\/www.africa-press.net\/tchad\/politique\/le-nouveau-ministre-de-la-defense-annonce-a-budapest-en-hongrie-fin-novembre#primaryimage"},"image":{"@id":"https:\/\/www.africa-press.net\/tchad\/politique\/le-nouveau-ministre-de-la-defense-annonce-a-budapest-en-hongrie-fin-novembre#primaryimage"},"thumbnailUrl":"https:\/\/static.africa-press.net\/tchad\/sites\/41\/2023\/11\/sm_1700217775.319476.jpg","datePublished":"2023-11-17T12:53:19+00:00","dateModified":"2023-11-17T14:14:06+00:00","author":{"@id":"https:\/\/www.africa-press.net\/tchad\/#\/schema\/person\/2b1cf3cd81a31e3cd26889ca66d677f1"},"description":"N'Djamena et Budapest se rapprochent \u00bb, a releve\u0301, vendredi, Africa Intelligence. \u00ab Dago Yacouba, le nouveau min ...","breadcrumb":{"@id":"https:\/\/www.africa-press.net\/tchad\/politique\/le-nouveau-ministre-de-la-defense-annonce-a-budapest-en-hongrie-fin-novembre#breadcrumb"},"inLanguage":"fr-FR","potentialAction":[{"@type":"ReadAction","target":["https:\/\/www.africa-press.net\/tchad\/politique\/le-nouveau-ministre-de-la-defense-annonce-a-budapest-en-hongrie-fin-novembre"]}]},{"@type":"ImageObject","inLanguage":"fr-FR","@id":"https:\/\/www.africa-press.net\/tchad\/politique\/le-nouveau-ministre-de-la-defense-annonce-a-budapest-en-hongrie-fin-novembre#primaryimage","url":"https:\/\/static.africa-press.net\/tchad\/sites\/41\/2023\/11\/sm_1700217775.319476.jpg","contentUrl":"https:\/\/static.africa-press.net\/tchad\/sites\/41\/2023\/11\/sm_1700217775.319476.jpg","width":1280,"height":720,"caption":"Le nouveau ministre de la D\u00e9fense annonc\u00e9 \u00e0 Budapest en Hongrie fin novembre"},{"@type":"BreadcrumbList","@id":"https:\/\/www.africa-press.net\/tchad\/politique\/le-nouveau-ministre-de-la-defense-annonce-a-budapest-en-hongrie-fin-novembre#breadcrumb","itemListElement":[{"@type":"ListItem","position":1,"name":"Accueil","item":"https:\/\/www.africa-press.net\/tchad\/"},{"@type":"ListItem","position":2,"name":"Le nouveau ministre de la D\u00e9fense annonc\u00e9 \u00e0 Budapest en Hongrie fin novembre"}]},{"@type":"WebSite","@id":"https:\/\/www.africa-press.net\/tchad\/#website","url":"https:\/\/www.africa-press.net\/tchad\/","name":"tchad","description":"Just another Africa News Agency Sites site","potentialAction":[{"@type":"SearchAction","target":{"@type":"EntryPoint","urlTemplate":"https:\/\/www.africa-press.net\/tchad\/?s={search_term_string}"},"query-input":{"@type":"PropertyValueSpecification","valueRequired":true,"valueName":"search_term_string"}}],"inLanguage":"fr-FR"},{"@type":"Person","@id":"https:\/\/www.africa-press.net\/tchad\/#\/schema\/person\/2b1cf3cd81a31e3cd26889ca66d677f1","name":"cfeditorfr"}]}},"_links":{"self":[{"href":"https:\/\/www.africa-press.net\/tchad\/wp-json\/wp\/v2\/posts\/54144","targetHints":{"allow":["GET"]}}],"collection":[{"href":"https:\/\/www.africa-press.net\/tchad\/wp-json\/wp\/v2\/posts"}],"about":[{"href":"https:\/\/www.africa-press.net\/tchad\/wp-json\/wp\/v2\/types\/post"}],"author":[{"embeddable":true,"href":"https:\/\/www.africa-press.net\/tchad\/wp-json\/wp\/v2\/users\/82"}],"replies":[{"embeddable":true,"href":"https:\/\/www.africa-press.net\/tchad\/wp-json\/wp\/v2\/comments?post=54144"}],"version-history":[{"count":0,"href":"https:\/\/www.africa-press.net\/tchad\/wp-json\/wp\/v2\/posts\/54144\/revisions"}],"wp:featuredmedia":[{"embeddable":true,"href":"https:\/\/www.africa-press.net\/tchad\/wp-json\/wp\/v2\/media\/54143"}],"wp:attachment":[{"href":"https:\/\/www.africa-press.net\/tchad\/wp-json\/wp\/v2\/media?parent=54144"}],"wp:term":[{"taxonomy":"category","embeddable":true,"href":"https:\/\/www.africa-press.net\/tchad\/wp-json\/wp\/v2\/categories?post=54144"},{"taxonomy":"post_tag","embeddable":true,"href":"https:\/\/www.africa-press.net\/tchad\/wp-json\/wp\/v2\/tags?post=54144"}],"curies":[{"name":"wp","href":"https:\/\/api.w.org\/{rel}","templated":true}]}}