{"id":54146,"date":"2023-11-17T12:53:35","date_gmt":"2023-11-17T12:53:35","guid":{"rendered":"https:\/\/www.africa-press.net\/tchad\/politique\/le-maire-appelle-aux-vivres-ensemble-entre-eleveurs-et-agriculteurs-dans-la-commune-de-kelo"},"modified":"2023-11-17T14:14:34","modified_gmt":"2023-11-17T14:14:34","slug":"le-maire-appelle-aux-vivres-ensemble-entre-eleveurs-et-agriculteurs-dans-la-commune-de-kelo","status":"publish","type":"post","link":"https:\/\/www.africa-press.net\/tchad\/toutes-les-actualites\/le-maire-appelle-aux-vivres-ensemble-entre-eleveurs-et-agriculteurs-dans-la-commune-de-kelo","title":{"rendered":"Le maire appelle aux vivres ensemble entre \u00e9leveurs et agriculteurs dans la commune de Kelo"},"content":{"rendered":"<p><span style=\"color: #ff6600\"><strong>Africa-Press &#8211; Tchad. <\/strong><\/span>L&rsquo;objectif de ces assises est d&rsquo;appeler les deux parties a\u0300 cultiver la paix. C&rsquo;e\u0301tait sur la base d&rsquo;un constat fait sur le terrain et des plaintes des agriculteurs que le maire a convoque\u0301 cette rencontre.<\/p>\n<p>Apre\u0300s plusieurs interventions des uns et des autres, le maire a conclu que les agriculteurs doivent faire de leur mieux pour ramener leur re\u0301colte a\u0300 domicile dans un de\u0301lai n&rsquo;exce\u0301dant pas un mois. Les e\u0301leveurs quant a\u0300 eux doivent sensibiliser leurs bouviers de bien garder les be\u0301tails.<\/p>\n<p><strong>Pour plus d&rsquo;informations et d&rsquo;analyses sur la <a href=\"https:\/\/www.africa-press.net\/tchad\">Tchad<\/a>, suivez <a href=\"https:\/\/www.africa-press.net\/\">Africa-Press<\/a><\/strong><\/p>\n","protected":false},"excerpt":{"rendered":"<p>Africa-Press &#8211; Tchad. L&rsquo;objectif de ces assises est d&rsquo;appeler les deux parties a\u0300 cultiver la paix. C&rsquo;e\u0301tait sur la base d&rsquo;un constat fait sur le terrain et des plaintes des agriculteurs que le maire a convoque\u0301 cette rencontre. Apre\u0300s plusieurs interventions des uns et des autres, le maire a conclu que les agriculteurs doivent faire [&hellip;]<\/p>\n","protected":false},"author":82,"featured_media":54145,"comment_status":"open","ping_status":"closed","sticky":false,"template":"","format":"standard","meta":{"footnotes":""},"categories":[21,10],"tags":[37,292,29],"class_list":["post-54146","post","type-post","status-publish","format-standard","has-post-thumbnail","hentry","category-communaute","category-toutes-les-actualites","tag-africa-press","tag-africa-press-tchad","tag-tchad"],"yoast_head":"<!-- This site is optimized with the Yoast SEO Premium plugin v26.1 (Yoast SEO v27.0) - https:\/\/yoast.com\/product\/yoast-seo-premium-wordpress\/ -->\n<title>Le maire appelle aux vivres ensemble entre \u00e9leveurs et agriculteurs dans la commune de Kelo - tchad<\/title>\n<meta name=\"description\" content=\"L&#039;objectif de ces assises est d&#039;appeler les deux parties a\u0300 cultiver la paix. C&#039;e\u0301tait sur la base d&#039;un constat fait sur ...\" \/>\n<meta name=\"robots\" content=\"index, follow, max-snippet:-1, max-image-preview:large, max-video-preview:-1\" \/>\n<link rel=\"canonical\" href=\"https:\/\/www.africa-press.net\/tchad\/toutes-les-actualites\/le-maire-appelle-aux-vivres-ensemble-entre-eleveurs-et-agriculteurs-dans-la-commune-de-kelo\" \/>\n<meta property=\"og:locale\" content=\"fr_FR\" \/>\n<meta property=\"og:type\" content=\"article\" \/>\n<meta property=\"og:title\" content=\"Le maire appelle aux vivres ensemble entre \u00e9leveurs et agriculteurs dans la commune de Kelo\" \/>\n<meta property=\"og:description\" content=\"L&#039;objectif de ces assises est d&#039;appeler les deux parties a\u0300 cultiver la paix. C&#039;e\u0301tait sur la base d&#039;un constat fait sur ...\" \/>\n<meta property=\"og:url\" content=\"https:\/\/www.africa-press.net\/tchad\/toutes-les-actualites\/le-maire-appelle-aux-vivres-ensemble-entre-eleveurs-et-agriculteurs-dans-la-commune-de-kelo\" \/>\n<meta property=\"og:site_name\" content=\"tchad\" \/>\n<meta property=\"article:published_time\" content=\"2023-11-17T12:53:35+00:00\" \/>\n<meta property=\"article:modified_time\" content=\"2023-11-17T14:14:34+00:00\" \/>\n<meta property=\"og:image\" content=\"https:\/\/static.africa-press.net\/tchad\/sites\/41\/2023\/11\/sm_1700217801.83691.jpg\" \/>\n\t<meta property=\"og:image:width\" content=\"984\" \/>\n\t<meta property=\"og:image:height\" content=\"432\" \/>\n\t<meta property=\"og:image:type\" content=\"image\/jpeg\" \/>\n<meta name=\"author\" content=\"cfeditorfr\" \/>\n<meta name=\"twitter:card\" content=\"summary_large_image\" \/>\n<meta name=\"twitter:label1\" content=\"\u00c9crit par\" \/>\n\t<meta name=\"twitter:data1\" content=\"cfeditorfr\" \/>\n\t<meta name=\"twitter:label2\" content=\"Dur\u00e9e de lecture estim\u00e9e\" \/>\n\t<meta name=\"twitter:data2\" content=\"1 minute\" \/>\n<script type=\"application\/ld+json\" class=\"yoast-schema-graph\">{\"@context\":\"https:\/\/schema.org\",\"@graph\":[{\"@type\":\"Article\",\"@id\":\"https:\/\/www.africa-press.net\/tchad\/toutes-les-actualites\/le-maire-appelle-aux-vivres-ensemble-entre-eleveurs-et-agriculteurs-dans-la-commune-de-kelo#article\",\"isPartOf\":{\"@id\":\"https:\/\/www.africa-press.net\/tchad\/toutes-les-actualites\/le-maire-appelle-aux-vivres-ensemble-entre-eleveurs-et-agriculteurs-dans-la-commune-de-kelo\"},\"author\":{\"name\":\"cfeditorfr\",\"@id\":\"https:\/\/www.africa-press.net\/tchad\/#\/schema\/person\/2b1cf3cd81a31e3cd26889ca66d677f1\"},\"headline\":\"Le maire appelle aux vivres ensemble entre \u00e9leveurs et agriculteurs dans la commune de Kelo\",\"datePublished\":\"2023-11-17T12:53:35+00:00\",\"dateModified\":\"2023-11-17T14:14:34+00:00\",\"mainEntityOfPage\":{\"@id\":\"https:\/\/www.africa-press.net\/tchad\/toutes-les-actualites\/le-maire-appelle-aux-vivres-ensemble-entre-eleveurs-et-agriculteurs-dans-la-commune-de-kelo\"},\"wordCount\":124,\"commentCount\":0,\"image\":{\"@id\":\"https:\/\/www.africa-press.net\/tchad\/toutes-les-actualites\/le-maire-appelle-aux-vivres-ensemble-entre-eleveurs-et-agriculteurs-dans-la-commune-de-kelo#primaryimage\"},\"thumbnailUrl\":\"https:\/\/static.africa-press.net\/tchad\/sites\/41\/2023\/11\/sm_1700217801.83691.jpg\",\"keywords\":[\"Africa Press\",\"Africa Press-Tchad\",\"Tchad\"],\"articleSection\":[\"Communaut\u00e9\",\"Toutes les actualit\u00e9s\"],\"inLanguage\":\"fr-FR\",\"potentialAction\":[{\"@type\":\"CommentAction\",\"name\":\"Comment\",\"target\":[\"https:\/\/www.africa-press.net\/tchad\/toutes-les-actualites\/le-maire-appelle-aux-vivres-ensemble-entre-eleveurs-et-agriculteurs-dans-la-commune-de-kelo#respond\"]}]},{\"@type\":\"WebPage\",\"@id\":\"https:\/\/www.africa-press.net\/tchad\/toutes-les-actualites\/le-maire-appelle-aux-vivres-ensemble-entre-eleveurs-et-agriculteurs-dans-la-commune-de-kelo\",\"url\":\"https:\/\/www.africa-press.net\/tchad\/toutes-les-actualites\/le-maire-appelle-aux-vivres-ensemble-entre-eleveurs-et-agriculteurs-dans-la-commune-de-kelo\",\"name\":\"Le maire appelle aux vivres ensemble entre \u00e9leveurs et agriculteurs dans la commune de Kelo - tchad\",\"isPartOf\":{\"@id\":\"https:\/\/www.africa-press.net\/tchad\/#website\"},\"primaryImageOfPage\":{\"@id\":\"https:\/\/www.africa-press.net\/tchad\/toutes-les-actualites\/le-maire-appelle-aux-vivres-ensemble-entre-eleveurs-et-agriculteurs-dans-la-commune-de-kelo#primaryimage\"},\"image\":{\"@id\":\"https:\/\/www.africa-press.net\/tchad\/toutes-les-actualites\/le-maire-appelle-aux-vivres-ensemble-entre-eleveurs-et-agriculteurs-dans-la-commune-de-kelo#primaryimage\"},\"thumbnailUrl\":\"https:\/\/static.africa-press.net\/tchad\/sites\/41\/2023\/11\/sm_1700217801.83691.jpg\",\"datePublished\":\"2023-11-17T12:53:35+00:00\",\"dateModified\":\"2023-11-17T14:14:34+00:00\",\"author\":{\"@id\":\"https:\/\/www.africa-press.net\/tchad\/#\/schema\/person\/2b1cf3cd81a31e3cd26889ca66d677f1\"},\"description\":\"L'objectif de ces assises est d'appeler les deux parties a\u0300 cultiver la paix. C'e\u0301tait sur la base d'un constat fait sur ...\",\"breadcrumb\":{\"@id\":\"https:\/\/www.africa-press.net\/tchad\/toutes-les-actualites\/le-maire-appelle-aux-vivres-ensemble-entre-eleveurs-et-agriculteurs-dans-la-commune-de-kelo#breadcrumb\"},\"inLanguage\":\"fr-FR\",\"potentialAction\":[{\"@type\":\"ReadAction\",\"target\":[\"https:\/\/www.africa-press.net\/tchad\/toutes-les-actualites\/le-maire-appelle-aux-vivres-ensemble-entre-eleveurs-et-agriculteurs-dans-la-commune-de-kelo\"]}]},{\"@type\":\"ImageObject\",\"inLanguage\":\"fr-FR\",\"@id\":\"https:\/\/www.africa-press.net\/tchad\/toutes-les-actualites\/le-maire-appelle-aux-vivres-ensemble-entre-eleveurs-et-agriculteurs-dans-la-commune-de-kelo#primaryimage\",\"url\":\"https:\/\/static.africa-press.net\/tchad\/sites\/41\/2023\/11\/sm_1700217801.83691.jpg\",\"contentUrl\":\"https:\/\/static.africa-press.net\/tchad\/sites\/41\/2023\/11\/sm_1700217801.83691.jpg\",\"width\":984,\"height\":432,\"caption\":\"Le maire appelle aux vivres ensemble entre \u00e9leveurs et agriculteurs dans la commune de Kelo\"},{\"@type\":\"BreadcrumbList\",\"@id\":\"https:\/\/www.africa-press.net\/tchad\/toutes-les-actualites\/le-maire-appelle-aux-vivres-ensemble-entre-eleveurs-et-agriculteurs-dans-la-commune-de-kelo#breadcrumb\",\"itemListElement\":[{\"@type\":\"ListItem\",\"position\":1,\"name\":\"Accueil\",\"item\":\"https:\/\/www.africa-press.net\/tchad\/\"},{\"@type\":\"ListItem\",\"position\":2,\"name\":\"Le maire appelle aux vivres ensemble entre \u00e9leveurs et agriculteurs dans la commune de Kelo\"}]},{\"@type\":\"WebSite\",\"@id\":\"https:\/\/www.africa-press.net\/tchad\/#website\",\"url\":\"https:\/\/www.africa-press.net\/tchad\/\",\"name\":\"tchad\",\"description\":\"Just another Africa News Agency Sites site\",\"potentialAction\":[{\"@type\":\"SearchAction\",\"target\":{\"@type\":\"EntryPoint\",\"urlTemplate\":\"https:\/\/www.africa-press.net\/tchad\/?s={search_term_string}\"},\"query-input\":{\"@type\":\"PropertyValueSpecification\",\"valueRequired\":true,\"valueName\":\"search_term_string\"}}],\"inLanguage\":\"fr-FR\"},{\"@type\":\"Person\",\"@id\":\"https:\/\/www.africa-press.net\/tchad\/#\/schema\/person\/2b1cf3cd81a31e3cd26889ca66d677f1\",\"name\":\"cfeditorfr\"}]}<\/script>\n<!-- \/ Yoast SEO Premium plugin. -->","yoast_head_json":{"title":"Le maire appelle aux vivres ensemble entre \u00e9leveurs et agriculteurs dans la commune de Kelo - tchad","description":"L'objectif de ces assises est d'appeler les deux parties a\u0300 cultiver la paix. C'e\u0301tait sur la base d'un constat fait sur ...","robots":{"index":"index","follow":"follow","max-snippet":"max-snippet:-1","max-image-preview":"max-image-preview:large","max-video-preview":"max-video-preview:-1"},"canonical":"https:\/\/www.africa-press.net\/tchad\/toutes-les-actualites\/le-maire-appelle-aux-vivres-ensemble-entre-eleveurs-et-agriculteurs-dans-la-commune-de-kelo","og_locale":"fr_FR","og_type":"article","og_title":"Le maire appelle aux vivres ensemble entre \u00e9leveurs et agriculteurs dans la commune de Kelo","og_description":"L'objectif de ces assises est d'appeler les deux parties a\u0300 cultiver la paix. C'e\u0301tait sur la base d'un constat fait sur ...","og_url":"https:\/\/www.africa-press.net\/tchad\/toutes-les-actualites\/le-maire-appelle-aux-vivres-ensemble-entre-eleveurs-et-agriculteurs-dans-la-commune-de-kelo","og_site_name":"tchad","article_published_time":"2023-11-17T12:53:35+00:00","article_modified_time":"2023-11-17T14:14:34+00:00","og_image":[{"width":984,"height":432,"url":"https:\/\/static.africa-press.net\/tchad\/sites\/41\/2023\/11\/sm_1700217801.83691.jpg","type":"image\/jpeg"}],"author":"cfeditorfr","twitter_card":"summary_large_image","twitter_misc":{"\u00c9crit par":"cfeditorfr","Dur\u00e9e de lecture estim\u00e9e":"1 minute"},"schema":{"@context":"https:\/\/schema.org","@graph":[{"@type":"Article","@id":"https:\/\/www.africa-press.net\/tchad\/toutes-les-actualites\/le-maire-appelle-aux-vivres-ensemble-entre-eleveurs-et-agriculteurs-dans-la-commune-de-kelo#article","isPartOf":{"@id":"https:\/\/www.africa-press.net\/tchad\/toutes-les-actualites\/le-maire-appelle-aux-vivres-ensemble-entre-eleveurs-et-agriculteurs-dans-la-commune-de-kelo"},"author":{"name":"cfeditorfr","@id":"https:\/\/www.africa-press.net\/tchad\/#\/schema\/person\/2b1cf3cd81a31e3cd26889ca66d677f1"},"headline":"Le maire appelle aux vivres ensemble entre \u00e9leveurs et agriculteurs dans la commune de Kelo","datePublished":"2023-11-17T12:53:35+00:00","dateModified":"2023-11-17T14:14:34+00:00","mainEntityOfPage":{"@id":"https:\/\/www.africa-press.net\/tchad\/toutes-les-actualites\/le-maire-appelle-aux-vivres-ensemble-entre-eleveurs-et-agriculteurs-dans-la-commune-de-kelo"},"wordCount":124,"commentCount":0,"image":{"@id":"https:\/\/www.africa-press.net\/tchad\/toutes-les-actualites\/le-maire-appelle-aux-vivres-ensemble-entre-eleveurs-et-agriculteurs-dans-la-commune-de-kelo#primaryimage"},"thumbnailUrl":"https:\/\/static.africa-press.net\/tchad\/sites\/41\/2023\/11\/sm_1700217801.83691.jpg","keywords":["Africa Press","Africa Press-Tchad","Tchad"],"articleSection":["Communaut\u00e9","Toutes les actualit\u00e9s"],"inLanguage":"fr-FR","potentialAction":[{"@type":"CommentAction","name":"Comment","target":["https:\/\/www.africa-press.net\/tchad\/toutes-les-actualites\/le-maire-appelle-aux-vivres-ensemble-entre-eleveurs-et-agriculteurs-dans-la-commune-de-kelo#respond"]}]},{"@type":"WebPage","@id":"https:\/\/www.africa-press.net\/tchad\/toutes-les-actualites\/le-maire-appelle-aux-vivres-ensemble-entre-eleveurs-et-agriculteurs-dans-la-commune-de-kelo","url":"https:\/\/www.africa-press.net\/tchad\/toutes-les-actualites\/le-maire-appelle-aux-vivres-ensemble-entre-eleveurs-et-agriculteurs-dans-la-commune-de-kelo","name":"Le maire appelle aux vivres ensemble entre \u00e9leveurs et agriculteurs dans la commune de Kelo - tchad","isPartOf":{"@id":"https:\/\/www.africa-press.net\/tchad\/#website"},"primaryImageOfPage":{"@id":"https:\/\/www.africa-press.net\/tchad\/toutes-les-actualites\/le-maire-appelle-aux-vivres-ensemble-entre-eleveurs-et-agriculteurs-dans-la-commune-de-kelo#primaryimage"},"image":{"@id":"https:\/\/www.africa-press.net\/tchad\/toutes-les-actualites\/le-maire-appelle-aux-vivres-ensemble-entre-eleveurs-et-agriculteurs-dans-la-commune-de-kelo#primaryimage"},"thumbnailUrl":"https:\/\/static.africa-press.net\/tchad\/sites\/41\/2023\/11\/sm_1700217801.83691.jpg","datePublished":"2023-11-17T12:53:35+00:00","dateModified":"2023-11-17T14:14:34+00:00","author":{"@id":"https:\/\/www.africa-press.net\/tchad\/#\/schema\/person\/2b1cf3cd81a31e3cd26889ca66d677f1"},"description":"L'objectif de ces assises est d'appeler les deux parties a\u0300 cultiver la paix. C'e\u0301tait sur la base d'un constat fait sur ...","breadcrumb":{"@id":"https:\/\/www.africa-press.net\/tchad\/toutes-les-actualites\/le-maire-appelle-aux-vivres-ensemble-entre-eleveurs-et-agriculteurs-dans-la-commune-de-kelo#breadcrumb"},"inLanguage":"fr-FR","potentialAction":[{"@type":"ReadAction","target":["https:\/\/www.africa-press.net\/tchad\/toutes-les-actualites\/le-maire-appelle-aux-vivres-ensemble-entre-eleveurs-et-agriculteurs-dans-la-commune-de-kelo"]}]},{"@type":"ImageObject","inLanguage":"fr-FR","@id":"https:\/\/www.africa-press.net\/tchad\/toutes-les-actualites\/le-maire-appelle-aux-vivres-ensemble-entre-eleveurs-et-agriculteurs-dans-la-commune-de-kelo#primaryimage","url":"https:\/\/static.africa-press.net\/tchad\/sites\/41\/2023\/11\/sm_1700217801.83691.jpg","contentUrl":"https:\/\/static.africa-press.net\/tchad\/sites\/41\/2023\/11\/sm_1700217801.83691.jpg","width":984,"height":432,"caption":"Le maire appelle aux vivres ensemble entre \u00e9leveurs et agriculteurs dans la commune de Kelo"},{"@type":"BreadcrumbList","@id":"https:\/\/www.africa-press.net\/tchad\/toutes-les-actualites\/le-maire-appelle-aux-vivres-ensemble-entre-eleveurs-et-agriculteurs-dans-la-commune-de-kelo#breadcrumb","itemListElement":[{"@type":"ListItem","position":1,"name":"Accueil","item":"https:\/\/www.africa-press.net\/tchad\/"},{"@type":"ListItem","position":2,"name":"Le maire appelle aux vivres ensemble entre \u00e9leveurs et agriculteurs dans la commune de Kelo"}]},{"@type":"WebSite","@id":"https:\/\/www.africa-press.net\/tchad\/#website","url":"https:\/\/www.africa-press.net\/tchad\/","name":"tchad","description":"Just another Africa News Agency Sites site","potentialAction":[{"@type":"SearchAction","target":{"@type":"EntryPoint","urlTemplate":"https:\/\/www.africa-press.net\/tchad\/?s={search_term_string}"},"query-input":{"@type":"PropertyValueSpecification","valueRequired":true,"valueName":"search_term_string"}}],"inLanguage":"fr-FR"},{"@type":"Person","@id":"https:\/\/www.africa-press.net\/tchad\/#\/schema\/person\/2b1cf3cd81a31e3cd26889ca66d677f1","name":"cfeditorfr"}]}},"_links":{"self":[{"href":"https:\/\/www.africa-press.net\/tchad\/wp-json\/wp\/v2\/posts\/54146","targetHints":{"allow":["GET"]}}],"collection":[{"href":"https:\/\/www.africa-press.net\/tchad\/wp-json\/wp\/v2\/posts"}],"about":[{"href":"https:\/\/www.africa-press.net\/tchad\/wp-json\/wp\/v2\/types\/post"}],"author":[{"embeddable":true,"href":"https:\/\/www.africa-press.net\/tchad\/wp-json\/wp\/v2\/users\/82"}],"replies":[{"embeddable":true,"href":"https:\/\/www.africa-press.net\/tchad\/wp-json\/wp\/v2\/comments?post=54146"}],"version-history":[{"count":0,"href":"https:\/\/www.africa-press.net\/tchad\/wp-json\/wp\/v2\/posts\/54146\/revisions"}],"wp:featuredmedia":[{"embeddable":true,"href":"https:\/\/www.africa-press.net\/tchad\/wp-json\/wp\/v2\/media\/54145"}],"wp:attachment":[{"href":"https:\/\/www.africa-press.net\/tchad\/wp-json\/wp\/v2\/media?parent=54146"}],"wp:term":[{"taxonomy":"category","embeddable":true,"href":"https:\/\/www.africa-press.net\/tchad\/wp-json\/wp\/v2\/categories?post=54146"},{"taxonomy":"post_tag","embeddable":true,"href":"https:\/\/www.africa-press.net\/tchad\/wp-json\/wp\/v2\/tags?post=54146"}],"curies":[{"name":"wp","href":"https:\/\/api.w.org\/{rel}","templated":true}]}}