{"id":54151,"date":"2023-11-17T13:25:39","date_gmt":"2023-11-17T13:25:39","guid":{"rendered":"https:\/\/www.africa-press.net\/tchad\/politique\/la-represente-speciale-du-secretaire-general-des-nations-unies-et-cheffe-de-la-minusca-recue-par-le-chef-de-la-diplomatie-tchadienne"},"modified":"2023-11-17T14:44:47","modified_gmt":"2023-11-17T14:44:47","slug":"la-represente-speciale-du-secretaire-general-des-nations-unies-et-cheffe-de-la-minusca-recue-par-le-chef-de-la-diplomatie-tchadienne","status":"publish","type":"post","link":"https:\/\/www.africa-press.net\/tchad\/politique\/la-represente-speciale-du-secretaire-general-des-nations-unies-et-cheffe-de-la-minusca-recue-par-le-chef-de-la-diplomatie-tchadienne","title":{"rendered":"La Repr\u00e9sente Sp\u00e9ciale du Secr\u00e9taire g\u00e9n\u00e9ral des Nations Unies et Cheffe de la Minusca re\u00e7ue par le chef de la diplomatie tchadienne"},"content":{"rendered":"<p><span style=\"color: #ff6600\"><strong>Africa-Press &#8211; Tchad. <\/strong><\/span>Ce jeudi 16 novembre 2023, le ministre des Affaires E\u0301trange\u0300res, des Tchadiens de l&rsquo;e\u0301tranger et de la Coope\u0301ration internationale a accorde\u0301 une audience a\u0300 Mme Valintine Rugwabiza, Repre\u0301sente Spe\u0301ciale du Secre\u0301taire ge\u0301ne\u0301ral des Nations Unies et Cheffe de la Mission de l\u2019ONU en RCA (Minusca), en marge du forum de Tanger, a rapporte\u0301, jeudi, le ministe\u0300re des Affaires e\u0301trange\u0300res du Tchad, (MAETECI).<\/p>\n<p>\u00ab Les deux personnalite\u0301s ont discute\u0301 de la situation se\u0301curitaire en Re\u0301publique Centrafricaine et de la coope\u0301ration entre le Tchad et le syste\u0300me des Nations unies \u00bb, a souligne\u0301 le MAETECI.<\/p>\n<p><strong>Pour plus d&rsquo;informations et d&rsquo;analyses sur la <a href=\"https:\/\/www.africa-press.net\/tchad\">Tchad<\/a>, suivez <a href=\"https:\/\/www.africa-press.net\/\">Africa-Press<\/a><\/strong><\/p>\n","protected":false},"excerpt":{"rendered":"<p>Africa-Press &#8211; Tchad. Ce jeudi 16 novembre 2023, le ministre des Affaires E\u0301trange\u0300res, des Tchadiens de l&rsquo;e\u0301tranger et de la Coope\u0301ration internationale a accorde\u0301 une audience a\u0300 Mme Valintine Rugwabiza, Repre\u0301sente Spe\u0301ciale du Secre\u0301taire ge\u0301ne\u0301ral des Nations Unies et Cheffe de la Mission de l\u2019ONU en RCA (Minusca), en marge du forum de Tanger, a [&hellip;]<\/p>\n","protected":false},"author":82,"featured_media":54150,"comment_status":"open","ping_status":"closed","sticky":false,"template":"","format":"standard","meta":{"footnotes":""},"categories":[2,10],"tags":[37,292,29],"class_list":["post-54151","post","type-post","status-publish","format-standard","has-post-thumbnail","hentry","category-politique","category-toutes-les-actualites","tag-africa-press","tag-africa-press-tchad","tag-tchad"],"yoast_head":"<!-- This site is optimized with the Yoast SEO Premium plugin v26.1 (Yoast SEO v27.0) - https:\/\/yoast.com\/product\/yoast-seo-premium-wordpress\/ -->\n<title>La Repr\u00e9sente Sp\u00e9ciale du Secr\u00e9taire g\u00e9n\u00e9ral des Nations Unies et Cheffe de la Minusca re\u00e7ue par le chef de la diplomatie tchadienne - tchad<\/title>\n<meta name=\"description\" content=\"Ce jeudi 16 novembre 2023, le ministre des Affaires E\u0301trange\u0300res, des Tchadiens de l&#039;e\u0301tranger et de la Coope\u0301ration int ...\" \/>\n<meta name=\"robots\" content=\"index, follow, max-snippet:-1, max-image-preview:large, max-video-preview:-1\" \/>\n<link rel=\"canonical\" href=\"https:\/\/www.africa-press.net\/tchad\/politique\/la-represente-speciale-du-secretaire-general-des-nations-unies-et-cheffe-de-la-minusca-recue-par-le-chef-de-la-diplomatie-tchadienne\" \/>\n<meta property=\"og:locale\" content=\"fr_FR\" \/>\n<meta property=\"og:type\" content=\"article\" \/>\n<meta property=\"og:title\" content=\"La Repr\u00e9sente Sp\u00e9ciale du Secr\u00e9taire g\u00e9n\u00e9ral des Nations Unies et Cheffe de la Minusca re\u00e7ue par le chef de la diplomatie tchadienne\" \/>\n<meta property=\"og:description\" content=\"Ce jeudi 16 novembre 2023, le ministre des Affaires E\u0301trange\u0300res, des Tchadiens de l&#039;e\u0301tranger et de la Coope\u0301ration int ...\" \/>\n<meta property=\"og:url\" content=\"https:\/\/www.africa-press.net\/tchad\/politique\/la-represente-speciale-du-secretaire-general-des-nations-unies-et-cheffe-de-la-minusca-recue-par-le-chef-de-la-diplomatie-tchadienne\" \/>\n<meta property=\"og:site_name\" content=\"tchad\" \/>\n<meta property=\"article:published_time\" content=\"2023-11-17T13:25:39+00:00\" \/>\n<meta property=\"article:modified_time\" content=\"2023-11-17T14:44:47+00:00\" \/>\n<meta property=\"og:image\" content=\"https:\/\/static.africa-press.net\/tchad\/sites\/41\/2023\/11\/sm_1700219631.880664.jpg\" \/>\n\t<meta property=\"og:image:width\" content=\"720\" \/>\n\t<meta property=\"og:image:height\" content=\"540\" \/>\n\t<meta property=\"og:image:type\" content=\"image\/jpeg\" \/>\n<meta name=\"author\" content=\"cfeditorfr\" \/>\n<meta name=\"twitter:card\" content=\"summary_large_image\" \/>\n<meta name=\"twitter:label1\" content=\"\u00c9crit par\" \/>\n\t<meta name=\"twitter:data1\" content=\"cfeditorfr\" \/>\n\t<meta name=\"twitter:label2\" content=\"Dur\u00e9e de lecture estim\u00e9e\" \/>\n\t<meta name=\"twitter:data2\" content=\"1 minute\" \/>\n<script type=\"application\/ld+json\" class=\"yoast-schema-graph\">{\"@context\":\"https:\/\/schema.org\",\"@graph\":[{\"@type\":\"Article\",\"@id\":\"https:\/\/www.africa-press.net\/tchad\/politique\/la-represente-speciale-du-secretaire-general-des-nations-unies-et-cheffe-de-la-minusca-recue-par-le-chef-de-la-diplomatie-tchadienne#article\",\"isPartOf\":{\"@id\":\"https:\/\/www.africa-press.net\/tchad\/politique\/la-represente-speciale-du-secretaire-general-des-nations-unies-et-cheffe-de-la-minusca-recue-par-le-chef-de-la-diplomatie-tchadienne\"},\"author\":{\"name\":\"cfeditorfr\",\"@id\":\"https:\/\/www.africa-press.net\/tchad\/#\/schema\/person\/2b1cf3cd81a31e3cd26889ca66d677f1\"},\"headline\":\"La Repr\u00e9sente Sp\u00e9ciale du Secr\u00e9taire g\u00e9n\u00e9ral des Nations Unies et Cheffe de la Minusca re\u00e7ue par le chef de la diplomatie tchadienne\",\"datePublished\":\"2023-11-17T13:25:39+00:00\",\"dateModified\":\"2023-11-17T14:44:47+00:00\",\"mainEntityOfPage\":{\"@id\":\"https:\/\/www.africa-press.net\/tchad\/politique\/la-represente-speciale-du-secretaire-general-des-nations-unies-et-cheffe-de-la-minusca-recue-par-le-chef-de-la-diplomatie-tchadienne\"},\"wordCount\":151,\"commentCount\":0,\"image\":{\"@id\":\"https:\/\/www.africa-press.net\/tchad\/politique\/la-represente-speciale-du-secretaire-general-des-nations-unies-et-cheffe-de-la-minusca-recue-par-le-chef-de-la-diplomatie-tchadienne#primaryimage\"},\"thumbnailUrl\":\"https:\/\/static.africa-press.net\/tchad\/sites\/41\/2023\/11\/sm_1700219631.880664.jpg\",\"keywords\":[\"Africa Press\",\"Africa Press-Tchad\",\"Tchad\"],\"articleSection\":[\"Politique\",\"Toutes les actualit\u00e9s\"],\"inLanguage\":\"fr-FR\",\"potentialAction\":[{\"@type\":\"CommentAction\",\"name\":\"Comment\",\"target\":[\"https:\/\/www.africa-press.net\/tchad\/politique\/la-represente-speciale-du-secretaire-general-des-nations-unies-et-cheffe-de-la-minusca-recue-par-le-chef-de-la-diplomatie-tchadienne#respond\"]}]},{\"@type\":\"WebPage\",\"@id\":\"https:\/\/www.africa-press.net\/tchad\/politique\/la-represente-speciale-du-secretaire-general-des-nations-unies-et-cheffe-de-la-minusca-recue-par-le-chef-de-la-diplomatie-tchadienne\",\"url\":\"https:\/\/www.africa-press.net\/tchad\/politique\/la-represente-speciale-du-secretaire-general-des-nations-unies-et-cheffe-de-la-minusca-recue-par-le-chef-de-la-diplomatie-tchadienne\",\"name\":\"La Repr\u00e9sente Sp\u00e9ciale du Secr\u00e9taire g\u00e9n\u00e9ral des Nations Unies et Cheffe de la Minusca re\u00e7ue par le chef de la diplomatie tchadienne - tchad\",\"isPartOf\":{\"@id\":\"https:\/\/www.africa-press.net\/tchad\/#website\"},\"primaryImageOfPage\":{\"@id\":\"https:\/\/www.africa-press.net\/tchad\/politique\/la-represente-speciale-du-secretaire-general-des-nations-unies-et-cheffe-de-la-minusca-recue-par-le-chef-de-la-diplomatie-tchadienne#primaryimage\"},\"image\":{\"@id\":\"https:\/\/www.africa-press.net\/tchad\/politique\/la-represente-speciale-du-secretaire-general-des-nations-unies-et-cheffe-de-la-minusca-recue-par-le-chef-de-la-diplomatie-tchadienne#primaryimage\"},\"thumbnailUrl\":\"https:\/\/static.africa-press.net\/tchad\/sites\/41\/2023\/11\/sm_1700219631.880664.jpg\",\"datePublished\":\"2023-11-17T13:25:39+00:00\",\"dateModified\":\"2023-11-17T14:44:47+00:00\",\"author\":{\"@id\":\"https:\/\/www.africa-press.net\/tchad\/#\/schema\/person\/2b1cf3cd81a31e3cd26889ca66d677f1\"},\"description\":\"Ce jeudi 16 novembre 2023, le ministre des Affaires E\u0301trange\u0300res, des Tchadiens de l'e\u0301tranger et de la Coope\u0301ration int ...\",\"breadcrumb\":{\"@id\":\"https:\/\/www.africa-press.net\/tchad\/politique\/la-represente-speciale-du-secretaire-general-des-nations-unies-et-cheffe-de-la-minusca-recue-par-le-chef-de-la-diplomatie-tchadienne#breadcrumb\"},\"inLanguage\":\"fr-FR\",\"potentialAction\":[{\"@type\":\"ReadAction\",\"target\":[\"https:\/\/www.africa-press.net\/tchad\/politique\/la-represente-speciale-du-secretaire-general-des-nations-unies-et-cheffe-de-la-minusca-recue-par-le-chef-de-la-diplomatie-tchadienne\"]}]},{\"@type\":\"ImageObject\",\"inLanguage\":\"fr-FR\",\"@id\":\"https:\/\/www.africa-press.net\/tchad\/politique\/la-represente-speciale-du-secretaire-general-des-nations-unies-et-cheffe-de-la-minusca-recue-par-le-chef-de-la-diplomatie-tchadienne#primaryimage\",\"url\":\"https:\/\/static.africa-press.net\/tchad\/sites\/41\/2023\/11\/sm_1700219631.880664.jpg\",\"contentUrl\":\"https:\/\/static.africa-press.net\/tchad\/sites\/41\/2023\/11\/sm_1700219631.880664.jpg\",\"width\":720,\"height\":540,\"caption\":\"La Repr\u00e9sente Sp\u00e9ciale du Secr\u00e9taire g\u00e9n\u00e9ral des Nations Unies et Cheffe de la Minusca re\u00e7ue par le chef de la diplomatie tchadienne\"},{\"@type\":\"BreadcrumbList\",\"@id\":\"https:\/\/www.africa-press.net\/tchad\/politique\/la-represente-speciale-du-secretaire-general-des-nations-unies-et-cheffe-de-la-minusca-recue-par-le-chef-de-la-diplomatie-tchadienne#breadcrumb\",\"itemListElement\":[{\"@type\":\"ListItem\",\"position\":1,\"name\":\"Accueil\",\"item\":\"https:\/\/www.africa-press.net\/tchad\/\"},{\"@type\":\"ListItem\",\"position\":2,\"name\":\"La Repr\u00e9sente Sp\u00e9ciale du Secr\u00e9taire g\u00e9n\u00e9ral des Nations Unies et Cheffe de la Minusca re\u00e7ue par le chef de la diplomatie tchadienne\"}]},{\"@type\":\"WebSite\",\"@id\":\"https:\/\/www.africa-press.net\/tchad\/#website\",\"url\":\"https:\/\/www.africa-press.net\/tchad\/\",\"name\":\"tchad\",\"description\":\"Just another Africa News Agency Sites site\",\"potentialAction\":[{\"@type\":\"SearchAction\",\"target\":{\"@type\":\"EntryPoint\",\"urlTemplate\":\"https:\/\/www.africa-press.net\/tchad\/?s={search_term_string}\"},\"query-input\":{\"@type\":\"PropertyValueSpecification\",\"valueRequired\":true,\"valueName\":\"search_term_string\"}}],\"inLanguage\":\"fr-FR\"},{\"@type\":\"Person\",\"@id\":\"https:\/\/www.africa-press.net\/tchad\/#\/schema\/person\/2b1cf3cd81a31e3cd26889ca66d677f1\",\"name\":\"cfeditorfr\"}]}<\/script>\n<!-- \/ Yoast SEO Premium plugin. -->","yoast_head_json":{"title":"La Repr\u00e9sente Sp\u00e9ciale du Secr\u00e9taire g\u00e9n\u00e9ral des Nations Unies et Cheffe de la Minusca re\u00e7ue par le chef de la diplomatie tchadienne - tchad","description":"Ce jeudi 16 novembre 2023, le ministre des Affaires E\u0301trange\u0300res, des Tchadiens de l'e\u0301tranger et de la Coope\u0301ration int ...","robots":{"index":"index","follow":"follow","max-snippet":"max-snippet:-1","max-image-preview":"max-image-preview:large","max-video-preview":"max-video-preview:-1"},"canonical":"https:\/\/www.africa-press.net\/tchad\/politique\/la-represente-speciale-du-secretaire-general-des-nations-unies-et-cheffe-de-la-minusca-recue-par-le-chef-de-la-diplomatie-tchadienne","og_locale":"fr_FR","og_type":"article","og_title":"La Repr\u00e9sente Sp\u00e9ciale du Secr\u00e9taire g\u00e9n\u00e9ral des Nations Unies et Cheffe de la Minusca re\u00e7ue par le chef de la diplomatie tchadienne","og_description":"Ce jeudi 16 novembre 2023, le ministre des Affaires E\u0301trange\u0300res, des Tchadiens de l'e\u0301tranger et de la Coope\u0301ration int ...","og_url":"https:\/\/www.africa-press.net\/tchad\/politique\/la-represente-speciale-du-secretaire-general-des-nations-unies-et-cheffe-de-la-minusca-recue-par-le-chef-de-la-diplomatie-tchadienne","og_site_name":"tchad","article_published_time":"2023-11-17T13:25:39+00:00","article_modified_time":"2023-11-17T14:44:47+00:00","og_image":[{"width":720,"height":540,"url":"https:\/\/static.africa-press.net\/tchad\/sites\/41\/2023\/11\/sm_1700219631.880664.jpg","type":"image\/jpeg"}],"author":"cfeditorfr","twitter_card":"summary_large_image","twitter_misc":{"\u00c9crit par":"cfeditorfr","Dur\u00e9e de lecture estim\u00e9e":"1 minute"},"schema":{"@context":"https:\/\/schema.org","@graph":[{"@type":"Article","@id":"https:\/\/www.africa-press.net\/tchad\/politique\/la-represente-speciale-du-secretaire-general-des-nations-unies-et-cheffe-de-la-minusca-recue-par-le-chef-de-la-diplomatie-tchadienne#article","isPartOf":{"@id":"https:\/\/www.africa-press.net\/tchad\/politique\/la-represente-speciale-du-secretaire-general-des-nations-unies-et-cheffe-de-la-minusca-recue-par-le-chef-de-la-diplomatie-tchadienne"},"author":{"name":"cfeditorfr","@id":"https:\/\/www.africa-press.net\/tchad\/#\/schema\/person\/2b1cf3cd81a31e3cd26889ca66d677f1"},"headline":"La Repr\u00e9sente Sp\u00e9ciale du Secr\u00e9taire g\u00e9n\u00e9ral des Nations Unies et Cheffe de la Minusca re\u00e7ue par le chef de la diplomatie tchadienne","datePublished":"2023-11-17T13:25:39+00:00","dateModified":"2023-11-17T14:44:47+00:00","mainEntityOfPage":{"@id":"https:\/\/www.africa-press.net\/tchad\/politique\/la-represente-speciale-du-secretaire-general-des-nations-unies-et-cheffe-de-la-minusca-recue-par-le-chef-de-la-diplomatie-tchadienne"},"wordCount":151,"commentCount":0,"image":{"@id":"https:\/\/www.africa-press.net\/tchad\/politique\/la-represente-speciale-du-secretaire-general-des-nations-unies-et-cheffe-de-la-minusca-recue-par-le-chef-de-la-diplomatie-tchadienne#primaryimage"},"thumbnailUrl":"https:\/\/static.africa-press.net\/tchad\/sites\/41\/2023\/11\/sm_1700219631.880664.jpg","keywords":["Africa Press","Africa Press-Tchad","Tchad"],"articleSection":["Politique","Toutes les actualit\u00e9s"],"inLanguage":"fr-FR","potentialAction":[{"@type":"CommentAction","name":"Comment","target":["https:\/\/www.africa-press.net\/tchad\/politique\/la-represente-speciale-du-secretaire-general-des-nations-unies-et-cheffe-de-la-minusca-recue-par-le-chef-de-la-diplomatie-tchadienne#respond"]}]},{"@type":"WebPage","@id":"https:\/\/www.africa-press.net\/tchad\/politique\/la-represente-speciale-du-secretaire-general-des-nations-unies-et-cheffe-de-la-minusca-recue-par-le-chef-de-la-diplomatie-tchadienne","url":"https:\/\/www.africa-press.net\/tchad\/politique\/la-represente-speciale-du-secretaire-general-des-nations-unies-et-cheffe-de-la-minusca-recue-par-le-chef-de-la-diplomatie-tchadienne","name":"La Repr\u00e9sente Sp\u00e9ciale du Secr\u00e9taire g\u00e9n\u00e9ral des Nations Unies et Cheffe de la Minusca re\u00e7ue par le chef de la diplomatie tchadienne - tchad","isPartOf":{"@id":"https:\/\/www.africa-press.net\/tchad\/#website"},"primaryImageOfPage":{"@id":"https:\/\/www.africa-press.net\/tchad\/politique\/la-represente-speciale-du-secretaire-general-des-nations-unies-et-cheffe-de-la-minusca-recue-par-le-chef-de-la-diplomatie-tchadienne#primaryimage"},"image":{"@id":"https:\/\/www.africa-press.net\/tchad\/politique\/la-represente-speciale-du-secretaire-general-des-nations-unies-et-cheffe-de-la-minusca-recue-par-le-chef-de-la-diplomatie-tchadienne#primaryimage"},"thumbnailUrl":"https:\/\/static.africa-press.net\/tchad\/sites\/41\/2023\/11\/sm_1700219631.880664.jpg","datePublished":"2023-11-17T13:25:39+00:00","dateModified":"2023-11-17T14:44:47+00:00","author":{"@id":"https:\/\/www.africa-press.net\/tchad\/#\/schema\/person\/2b1cf3cd81a31e3cd26889ca66d677f1"},"description":"Ce jeudi 16 novembre 2023, le ministre des Affaires E\u0301trange\u0300res, des Tchadiens de l'e\u0301tranger et de la Coope\u0301ration int ...","breadcrumb":{"@id":"https:\/\/www.africa-press.net\/tchad\/politique\/la-represente-speciale-du-secretaire-general-des-nations-unies-et-cheffe-de-la-minusca-recue-par-le-chef-de-la-diplomatie-tchadienne#breadcrumb"},"inLanguage":"fr-FR","potentialAction":[{"@type":"ReadAction","target":["https:\/\/www.africa-press.net\/tchad\/politique\/la-represente-speciale-du-secretaire-general-des-nations-unies-et-cheffe-de-la-minusca-recue-par-le-chef-de-la-diplomatie-tchadienne"]}]},{"@type":"ImageObject","inLanguage":"fr-FR","@id":"https:\/\/www.africa-press.net\/tchad\/politique\/la-represente-speciale-du-secretaire-general-des-nations-unies-et-cheffe-de-la-minusca-recue-par-le-chef-de-la-diplomatie-tchadienne#primaryimage","url":"https:\/\/static.africa-press.net\/tchad\/sites\/41\/2023\/11\/sm_1700219631.880664.jpg","contentUrl":"https:\/\/static.africa-press.net\/tchad\/sites\/41\/2023\/11\/sm_1700219631.880664.jpg","width":720,"height":540,"caption":"La Repr\u00e9sente Sp\u00e9ciale du Secr\u00e9taire g\u00e9n\u00e9ral des Nations Unies et Cheffe de la Minusca re\u00e7ue par le chef de la diplomatie tchadienne"},{"@type":"BreadcrumbList","@id":"https:\/\/www.africa-press.net\/tchad\/politique\/la-represente-speciale-du-secretaire-general-des-nations-unies-et-cheffe-de-la-minusca-recue-par-le-chef-de-la-diplomatie-tchadienne#breadcrumb","itemListElement":[{"@type":"ListItem","position":1,"name":"Accueil","item":"https:\/\/www.africa-press.net\/tchad\/"},{"@type":"ListItem","position":2,"name":"La Repr\u00e9sente Sp\u00e9ciale du Secr\u00e9taire g\u00e9n\u00e9ral des Nations Unies et Cheffe de la Minusca re\u00e7ue par le chef de la diplomatie tchadienne"}]},{"@type":"WebSite","@id":"https:\/\/www.africa-press.net\/tchad\/#website","url":"https:\/\/www.africa-press.net\/tchad\/","name":"tchad","description":"Just another Africa News Agency Sites site","potentialAction":[{"@type":"SearchAction","target":{"@type":"EntryPoint","urlTemplate":"https:\/\/www.africa-press.net\/tchad\/?s={search_term_string}"},"query-input":{"@type":"PropertyValueSpecification","valueRequired":true,"valueName":"search_term_string"}}],"inLanguage":"fr-FR"},{"@type":"Person","@id":"https:\/\/www.africa-press.net\/tchad\/#\/schema\/person\/2b1cf3cd81a31e3cd26889ca66d677f1","name":"cfeditorfr"}]}},"_links":{"self":[{"href":"https:\/\/www.africa-press.net\/tchad\/wp-json\/wp\/v2\/posts\/54151","targetHints":{"allow":["GET"]}}],"collection":[{"href":"https:\/\/www.africa-press.net\/tchad\/wp-json\/wp\/v2\/posts"}],"about":[{"href":"https:\/\/www.africa-press.net\/tchad\/wp-json\/wp\/v2\/types\/post"}],"author":[{"embeddable":true,"href":"https:\/\/www.africa-press.net\/tchad\/wp-json\/wp\/v2\/users\/82"}],"replies":[{"embeddable":true,"href":"https:\/\/www.africa-press.net\/tchad\/wp-json\/wp\/v2\/comments?post=54151"}],"version-history":[{"count":0,"href":"https:\/\/www.africa-press.net\/tchad\/wp-json\/wp\/v2\/posts\/54151\/revisions"}],"wp:featuredmedia":[{"embeddable":true,"href":"https:\/\/www.africa-press.net\/tchad\/wp-json\/wp\/v2\/media\/54150"}],"wp:attachment":[{"href":"https:\/\/www.africa-press.net\/tchad\/wp-json\/wp\/v2\/media?parent=54151"}],"wp:term":[{"taxonomy":"category","embeddable":true,"href":"https:\/\/www.africa-press.net\/tchad\/wp-json\/wp\/v2\/categories?post=54151"},{"taxonomy":"post_tag","embeddable":true,"href":"https:\/\/www.africa-press.net\/tchad\/wp-json\/wp\/v2\/tags?post=54151"}],"curies":[{"name":"wp","href":"https:\/\/api.w.org\/{rel}","templated":true}]}}