{"id":54164,"date":"2023-11-17T13:53:17","date_gmt":"2023-11-17T13:53:17","guid":{"rendered":"https:\/\/www.africa-press.net\/tchad\/politique\/le-programme-youth-connekt-tchad-a-lance-les-assises-de-la-consultation-nationale-des-jeunes-tchadiens"},"modified":"2023-11-17T15:12:01","modified_gmt":"2023-11-17T15:12:01","slug":"le-programme-youth-connekt-tchad-a-lance-les-assises-de-la-consultation-nationale-des-jeunes-tchadiens","status":"publish","type":"post","link":"https:\/\/www.africa-press.net\/tchad\/toutes-les-actualites\/le-programme-youth-connekt-tchad-a-lance-les-assises-de-la-consultation-nationale-des-jeunes-tchadiens","title":{"rendered":"Le programme Youth Connekt-Tchad a lanc\u00e9 les assises de la consultation nationale des jeunes tchadiens"},"content":{"rendered":"<p><span style=\"color: #ff6600\"><strong>Africa-Press &#8211; Tchad. <\/strong><\/span>La ce\u0301re\u0301monie a e\u0301te\u0301 pre\u0301side\u0301e par la secre\u0301taire d&rsquo;E\u0301tat a\u0300 la Jeunesse et au Leadership Entrepreneurial, Mme Fatime\u0301 Boukar Kossei, dans les locaux de l&rsquo;Office National des Me\u0301dia et Audiovisuel ( ONAMA ).<\/p>\n<p>En effet, le Tchad a\u0300 l&rsquo;image de nombreux autres pays africains est constitue\u0301 majoritairement de jeunes et au regard des de\u0301fis multiples, le Programme Youth Connekt, initiative lance\u0301e en 2012 par le gouvernement rwandais de concert avec le PNUD, s&rsquo;est fixe\u0301 une ambition qui est celle de connecter les jeunes africains a\u0300 diverses opportunite\u0301s socioe\u0301conomiques, civiques et politiques. Il constitue un mode\u0300le multidimensionnel de promotion des jeunes permettant d&rsquo;accroi\u0302tre l&#8217;employabilite\u0301 de ceux-ci, de favoriser l&rsquo;entrepreneuriat, l&rsquo;engagement civique a\u0300 travers la vision articule\u0301e pour soutenir l&rsquo;interconnexion des jeunes africains pour une transformation socioe\u0301conomique.<\/p>\n<p>La Coordonnatrice Nationale de Youth Connekt-Tchad, Madina Gombo Abderaman, a indique\u0301 que cette consultation consistera a\u0300 transformer les de\u0301fis en actions concre\u0300tes afin que la jeunesse tchadienne puisse s&rsquo;e\u0301panouir pleinement, que c\u0327a soit en tant que diplo\u0302me\u0301s, chercheurs d&#8217;emploi ou entrepreneurs. En outre, elle a indique\u0301 que cette assise vise a\u0300 valoriser les initiatives et les innovations des jeunes dans les domaines de l&rsquo;e\u0301ducation, de l&#8217;emploi, de l&rsquo;entrepreneuriat, du leadership, du Genre et ainsi que les TIC. Pour sa part, le Repre\u0301sentant re\u0301sident du PNUD au Tchad, Kamil Kamaluddeen, a souligne\u0301 que cette formation offre une opportunite\u0301 permettant a\u0300 la jeunesse tchadienne de se saisir de son ro\u0302le dans la transformation de la socie\u0301te\u0301 gra\u0302ce a\u0300 la formation de son leadership politique, e\u0301conomique et sociale. Par ailleurs, il invite la jeunesse tchadienne a\u0300 participer activement au prochain Forum Youth Connekt Afrique pre\u0301vu a\u0300 Nairobi.<\/p>\n<p>Dans son discours d&rsquo;ouverture, la secre\u0301taire d&rsquo;E\u0301tat a\u0300 la Jeunesse et au Leadership Entrepreneurial, Fatime\u0301 Boukar Kossei a exprime\u0301 le besoin selon lequel, les participants seront a\u0300 mesure de contribuer a\u0300 l&rsquo;e\u0301laboration de la feuille de route pouvant favoriser la mise en place d&rsquo;un Youth Connekt-Tchad, construit par les jeunes et pour les jeunes, a\u0300 la fin des travaux. Par la me\u0302me occasion, elle a e\u0301galement profite\u0301 pour exhorter les jeunes a\u0300 retirer leurs cartes d&rsquo;e\u0301lecteurs en vue du futur re\u0301fe\u0301rendum.<\/p>\n<p><strong>Pour plus d&rsquo;informations et d&rsquo;analyses sur la <a href=\"https:\/\/www.africa-press.net\/tchad\">Tchad<\/a>, suivez <a href=\"https:\/\/www.africa-press.net\/\">Africa-Press<\/a><\/strong><\/p>\n","protected":false},"excerpt":{"rendered":"<p>Africa-Press &#8211; Tchad. La ce\u0301re\u0301monie a e\u0301te\u0301 pre\u0301side\u0301e par la secre\u0301taire d&rsquo;E\u0301tat a\u0300 la Jeunesse et au Leadership Entrepreneurial, Mme Fatime\u0301 Boukar Kossei, dans les locaux de l&rsquo;Office National des Me\u0301dia et Audiovisuel ( ONAMA ). En effet, le Tchad a\u0300 l&rsquo;image de nombreux autres pays africains est constitue\u0301 majoritairement de jeunes et au regard [&hellip;]<\/p>\n","protected":false},"author":82,"featured_media":54163,"comment_status":"open","ping_status":"closed","sticky":false,"template":"","format":"standard","meta":{"footnotes":""},"categories":[21,10],"tags":[37,292,29],"class_list":["post-54164","post","type-post","status-publish","format-standard","has-post-thumbnail","hentry","category-communaute","category-toutes-les-actualites","tag-africa-press","tag-africa-press-tchad","tag-tchad"],"yoast_head":"<!-- This site is optimized with the Yoast SEO Premium plugin v26.1 (Yoast SEO v27.0) - https:\/\/yoast.com\/product\/yoast-seo-premium-wordpress\/ -->\n<title>Le programme Youth Connekt-Tchad a lanc\u00e9 les assises de la consultation nationale des jeunes tchadiens - tchad<\/title>\n<meta name=\"description\" content=\"La ce\u0301re\u0301monie a e\u0301te\u0301 pre\u0301side\u0301e par la secre\u0301taire d&#039;E\u0301tat a\u0300 la Jeunesse et au Leadership Entrepreneurial, Mme Fatime ...\" \/>\n<meta name=\"robots\" content=\"index, follow, max-snippet:-1, max-image-preview:large, max-video-preview:-1\" \/>\n<link rel=\"canonical\" href=\"https:\/\/www.africa-press.net\/tchad\/toutes-les-actualites\/le-programme-youth-connekt-tchad-a-lance-les-assises-de-la-consultation-nationale-des-jeunes-tchadiens\" \/>\n<meta property=\"og:locale\" content=\"fr_FR\" \/>\n<meta property=\"og:type\" content=\"article\" \/>\n<meta property=\"og:title\" content=\"Le programme Youth Connekt-Tchad a lanc\u00e9 les assises de la consultation nationale des jeunes tchadiens\" \/>\n<meta property=\"og:description\" content=\"La ce\u0301re\u0301monie a e\u0301te\u0301 pre\u0301side\u0301e par la secre\u0301taire d&#039;E\u0301tat a\u0300 la Jeunesse et au Leadership Entrepreneurial, Mme Fatime ...\" \/>\n<meta property=\"og:url\" content=\"https:\/\/www.africa-press.net\/tchad\/toutes-les-actualites\/le-programme-youth-connekt-tchad-a-lance-les-assises-de-la-consultation-nationale-des-jeunes-tchadiens\" \/>\n<meta property=\"og:site_name\" content=\"tchad\" \/>\n<meta property=\"article:published_time\" content=\"2023-11-17T13:53:17+00:00\" \/>\n<meta property=\"article:modified_time\" content=\"2023-11-17T15:12:01+00:00\" \/>\n<meta property=\"og:image\" content=\"https:\/\/static.africa-press.net\/tchad\/sites\/41\/2023\/11\/sm_1700221278.142883.jpg\" \/>\n\t<meta property=\"og:image:width\" content=\"1080\" \/>\n\t<meta property=\"og:image:height\" content=\"810\" \/>\n\t<meta property=\"og:image:type\" content=\"image\/jpeg\" \/>\n<meta name=\"author\" content=\"cfeditorfr\" \/>\n<meta name=\"twitter:card\" content=\"summary_large_image\" \/>\n<meta name=\"twitter:label1\" content=\"\u00c9crit par\" \/>\n\t<meta name=\"twitter:data1\" content=\"cfeditorfr\" \/>\n\t<meta name=\"twitter:label2\" content=\"Dur\u00e9e de lecture estim\u00e9e\" \/>\n\t<meta name=\"twitter:data2\" content=\"2 minutes\" \/>\n<script type=\"application\/ld+json\" class=\"yoast-schema-graph\">{\"@context\":\"https:\/\/schema.org\",\"@graph\":[{\"@type\":\"Article\",\"@id\":\"https:\/\/www.africa-press.net\/tchad\/toutes-les-actualites\/le-programme-youth-connekt-tchad-a-lance-les-assises-de-la-consultation-nationale-des-jeunes-tchadiens#article\",\"isPartOf\":{\"@id\":\"https:\/\/www.africa-press.net\/tchad\/toutes-les-actualites\/le-programme-youth-connekt-tchad-a-lance-les-assises-de-la-consultation-nationale-des-jeunes-tchadiens\"},\"author\":{\"name\":\"cfeditorfr\",\"@id\":\"https:\/\/www.africa-press.net\/tchad\/#\/schema\/person\/2b1cf3cd81a31e3cd26889ca66d677f1\"},\"headline\":\"Le programme Youth Connekt-Tchad a lanc\u00e9 les assises de la consultation nationale des jeunes tchadiens\",\"datePublished\":\"2023-11-17T13:53:17+00:00\",\"dateModified\":\"2023-11-17T15:12:01+00:00\",\"mainEntityOfPage\":{\"@id\":\"https:\/\/www.africa-press.net\/tchad\/toutes-les-actualites\/le-programme-youth-connekt-tchad-a-lance-les-assises-de-la-consultation-nationale-des-jeunes-tchadiens\"},\"wordCount\":434,\"commentCount\":0,\"image\":{\"@id\":\"https:\/\/www.africa-press.net\/tchad\/toutes-les-actualites\/le-programme-youth-connekt-tchad-a-lance-les-assises-de-la-consultation-nationale-des-jeunes-tchadiens#primaryimage\"},\"thumbnailUrl\":\"https:\/\/static.africa-press.net\/tchad\/sites\/41\/2023\/11\/sm_1700221278.142883.jpg\",\"keywords\":[\"Africa Press\",\"Africa Press-Tchad\",\"Tchad\"],\"articleSection\":[\"Communaut\u00e9\",\"Toutes les actualit\u00e9s\"],\"inLanguage\":\"fr-FR\",\"potentialAction\":[{\"@type\":\"CommentAction\",\"name\":\"Comment\",\"target\":[\"https:\/\/www.africa-press.net\/tchad\/toutes-les-actualites\/le-programme-youth-connekt-tchad-a-lance-les-assises-de-la-consultation-nationale-des-jeunes-tchadiens#respond\"]}]},{\"@type\":\"WebPage\",\"@id\":\"https:\/\/www.africa-press.net\/tchad\/toutes-les-actualites\/le-programme-youth-connekt-tchad-a-lance-les-assises-de-la-consultation-nationale-des-jeunes-tchadiens\",\"url\":\"https:\/\/www.africa-press.net\/tchad\/toutes-les-actualites\/le-programme-youth-connekt-tchad-a-lance-les-assises-de-la-consultation-nationale-des-jeunes-tchadiens\",\"name\":\"Le programme Youth Connekt-Tchad a lanc\u00e9 les assises de la consultation nationale des jeunes tchadiens - tchad\",\"isPartOf\":{\"@id\":\"https:\/\/www.africa-press.net\/tchad\/#website\"},\"primaryImageOfPage\":{\"@id\":\"https:\/\/www.africa-press.net\/tchad\/toutes-les-actualites\/le-programme-youth-connekt-tchad-a-lance-les-assises-de-la-consultation-nationale-des-jeunes-tchadiens#primaryimage\"},\"image\":{\"@id\":\"https:\/\/www.africa-press.net\/tchad\/toutes-les-actualites\/le-programme-youth-connekt-tchad-a-lance-les-assises-de-la-consultation-nationale-des-jeunes-tchadiens#primaryimage\"},\"thumbnailUrl\":\"https:\/\/static.africa-press.net\/tchad\/sites\/41\/2023\/11\/sm_1700221278.142883.jpg\",\"datePublished\":\"2023-11-17T13:53:17+00:00\",\"dateModified\":\"2023-11-17T15:12:01+00:00\",\"author\":{\"@id\":\"https:\/\/www.africa-press.net\/tchad\/#\/schema\/person\/2b1cf3cd81a31e3cd26889ca66d677f1\"},\"description\":\"La ce\u0301re\u0301monie a e\u0301te\u0301 pre\u0301side\u0301e par la secre\u0301taire d'E\u0301tat a\u0300 la Jeunesse et au Leadership Entrepreneurial, Mme Fatime ...\",\"breadcrumb\":{\"@id\":\"https:\/\/www.africa-press.net\/tchad\/toutes-les-actualites\/le-programme-youth-connekt-tchad-a-lance-les-assises-de-la-consultation-nationale-des-jeunes-tchadiens#breadcrumb\"},\"inLanguage\":\"fr-FR\",\"potentialAction\":[{\"@type\":\"ReadAction\",\"target\":[\"https:\/\/www.africa-press.net\/tchad\/toutes-les-actualites\/le-programme-youth-connekt-tchad-a-lance-les-assises-de-la-consultation-nationale-des-jeunes-tchadiens\"]}]},{\"@type\":\"ImageObject\",\"inLanguage\":\"fr-FR\",\"@id\":\"https:\/\/www.africa-press.net\/tchad\/toutes-les-actualites\/le-programme-youth-connekt-tchad-a-lance-les-assises-de-la-consultation-nationale-des-jeunes-tchadiens#primaryimage\",\"url\":\"https:\/\/static.africa-press.net\/tchad\/sites\/41\/2023\/11\/sm_1700221278.142883.jpg\",\"contentUrl\":\"https:\/\/static.africa-press.net\/tchad\/sites\/41\/2023\/11\/sm_1700221278.142883.jpg\",\"width\":1080,\"height\":810,\"caption\":\"Le programme Youth Connekt-Tchad a lanc\u00e9 les assises de la consultation nationale des jeunes tchadiens\"},{\"@type\":\"BreadcrumbList\",\"@id\":\"https:\/\/www.africa-press.net\/tchad\/toutes-les-actualites\/le-programme-youth-connekt-tchad-a-lance-les-assises-de-la-consultation-nationale-des-jeunes-tchadiens#breadcrumb\",\"itemListElement\":[{\"@type\":\"ListItem\",\"position\":1,\"name\":\"Accueil\",\"item\":\"https:\/\/www.africa-press.net\/tchad\/\"},{\"@type\":\"ListItem\",\"position\":2,\"name\":\"Le programme Youth Connekt-Tchad a lanc\u00e9 les assises de la consultation nationale des jeunes tchadiens\"}]},{\"@type\":\"WebSite\",\"@id\":\"https:\/\/www.africa-press.net\/tchad\/#website\",\"url\":\"https:\/\/www.africa-press.net\/tchad\/\",\"name\":\"tchad\",\"description\":\"Just another Africa News Agency Sites site\",\"potentialAction\":[{\"@type\":\"SearchAction\",\"target\":{\"@type\":\"EntryPoint\",\"urlTemplate\":\"https:\/\/www.africa-press.net\/tchad\/?s={search_term_string}\"},\"query-input\":{\"@type\":\"PropertyValueSpecification\",\"valueRequired\":true,\"valueName\":\"search_term_string\"}}],\"inLanguage\":\"fr-FR\"},{\"@type\":\"Person\",\"@id\":\"https:\/\/www.africa-press.net\/tchad\/#\/schema\/person\/2b1cf3cd81a31e3cd26889ca66d677f1\",\"name\":\"cfeditorfr\"}]}<\/script>\n<!-- \/ Yoast SEO Premium plugin. -->","yoast_head_json":{"title":"Le programme Youth Connekt-Tchad a lanc\u00e9 les assises de la consultation nationale des jeunes tchadiens - tchad","description":"La ce\u0301re\u0301monie a e\u0301te\u0301 pre\u0301side\u0301e par la secre\u0301taire d'E\u0301tat a\u0300 la Jeunesse et au Leadership Entrepreneurial, Mme Fatime ...","robots":{"index":"index","follow":"follow","max-snippet":"max-snippet:-1","max-image-preview":"max-image-preview:large","max-video-preview":"max-video-preview:-1"},"canonical":"https:\/\/www.africa-press.net\/tchad\/toutes-les-actualites\/le-programme-youth-connekt-tchad-a-lance-les-assises-de-la-consultation-nationale-des-jeunes-tchadiens","og_locale":"fr_FR","og_type":"article","og_title":"Le programme Youth Connekt-Tchad a lanc\u00e9 les assises de la consultation nationale des jeunes tchadiens","og_description":"La ce\u0301re\u0301monie a e\u0301te\u0301 pre\u0301side\u0301e par la secre\u0301taire d'E\u0301tat a\u0300 la Jeunesse et au Leadership Entrepreneurial, Mme Fatime ...","og_url":"https:\/\/www.africa-press.net\/tchad\/toutes-les-actualites\/le-programme-youth-connekt-tchad-a-lance-les-assises-de-la-consultation-nationale-des-jeunes-tchadiens","og_site_name":"tchad","article_published_time":"2023-11-17T13:53:17+00:00","article_modified_time":"2023-11-17T15:12:01+00:00","og_image":[{"width":1080,"height":810,"url":"https:\/\/static.africa-press.net\/tchad\/sites\/41\/2023\/11\/sm_1700221278.142883.jpg","type":"image\/jpeg"}],"author":"cfeditorfr","twitter_card":"summary_large_image","twitter_misc":{"\u00c9crit par":"cfeditorfr","Dur\u00e9e de lecture estim\u00e9e":"2 minutes"},"schema":{"@context":"https:\/\/schema.org","@graph":[{"@type":"Article","@id":"https:\/\/www.africa-press.net\/tchad\/toutes-les-actualites\/le-programme-youth-connekt-tchad-a-lance-les-assises-de-la-consultation-nationale-des-jeunes-tchadiens#article","isPartOf":{"@id":"https:\/\/www.africa-press.net\/tchad\/toutes-les-actualites\/le-programme-youth-connekt-tchad-a-lance-les-assises-de-la-consultation-nationale-des-jeunes-tchadiens"},"author":{"name":"cfeditorfr","@id":"https:\/\/www.africa-press.net\/tchad\/#\/schema\/person\/2b1cf3cd81a31e3cd26889ca66d677f1"},"headline":"Le programme Youth Connekt-Tchad a lanc\u00e9 les assises de la consultation nationale des jeunes tchadiens","datePublished":"2023-11-17T13:53:17+00:00","dateModified":"2023-11-17T15:12:01+00:00","mainEntityOfPage":{"@id":"https:\/\/www.africa-press.net\/tchad\/toutes-les-actualites\/le-programme-youth-connekt-tchad-a-lance-les-assises-de-la-consultation-nationale-des-jeunes-tchadiens"},"wordCount":434,"commentCount":0,"image":{"@id":"https:\/\/www.africa-press.net\/tchad\/toutes-les-actualites\/le-programme-youth-connekt-tchad-a-lance-les-assises-de-la-consultation-nationale-des-jeunes-tchadiens#primaryimage"},"thumbnailUrl":"https:\/\/static.africa-press.net\/tchad\/sites\/41\/2023\/11\/sm_1700221278.142883.jpg","keywords":["Africa Press","Africa Press-Tchad","Tchad"],"articleSection":["Communaut\u00e9","Toutes les actualit\u00e9s"],"inLanguage":"fr-FR","potentialAction":[{"@type":"CommentAction","name":"Comment","target":["https:\/\/www.africa-press.net\/tchad\/toutes-les-actualites\/le-programme-youth-connekt-tchad-a-lance-les-assises-de-la-consultation-nationale-des-jeunes-tchadiens#respond"]}]},{"@type":"WebPage","@id":"https:\/\/www.africa-press.net\/tchad\/toutes-les-actualites\/le-programme-youth-connekt-tchad-a-lance-les-assises-de-la-consultation-nationale-des-jeunes-tchadiens","url":"https:\/\/www.africa-press.net\/tchad\/toutes-les-actualites\/le-programme-youth-connekt-tchad-a-lance-les-assises-de-la-consultation-nationale-des-jeunes-tchadiens","name":"Le programme Youth Connekt-Tchad a lanc\u00e9 les assises de la consultation nationale des jeunes tchadiens - tchad","isPartOf":{"@id":"https:\/\/www.africa-press.net\/tchad\/#website"},"primaryImageOfPage":{"@id":"https:\/\/www.africa-press.net\/tchad\/toutes-les-actualites\/le-programme-youth-connekt-tchad-a-lance-les-assises-de-la-consultation-nationale-des-jeunes-tchadiens#primaryimage"},"image":{"@id":"https:\/\/www.africa-press.net\/tchad\/toutes-les-actualites\/le-programme-youth-connekt-tchad-a-lance-les-assises-de-la-consultation-nationale-des-jeunes-tchadiens#primaryimage"},"thumbnailUrl":"https:\/\/static.africa-press.net\/tchad\/sites\/41\/2023\/11\/sm_1700221278.142883.jpg","datePublished":"2023-11-17T13:53:17+00:00","dateModified":"2023-11-17T15:12:01+00:00","author":{"@id":"https:\/\/www.africa-press.net\/tchad\/#\/schema\/person\/2b1cf3cd81a31e3cd26889ca66d677f1"},"description":"La ce\u0301re\u0301monie a e\u0301te\u0301 pre\u0301side\u0301e par la secre\u0301taire d'E\u0301tat a\u0300 la Jeunesse et au Leadership Entrepreneurial, Mme Fatime ...","breadcrumb":{"@id":"https:\/\/www.africa-press.net\/tchad\/toutes-les-actualites\/le-programme-youth-connekt-tchad-a-lance-les-assises-de-la-consultation-nationale-des-jeunes-tchadiens#breadcrumb"},"inLanguage":"fr-FR","potentialAction":[{"@type":"ReadAction","target":["https:\/\/www.africa-press.net\/tchad\/toutes-les-actualites\/le-programme-youth-connekt-tchad-a-lance-les-assises-de-la-consultation-nationale-des-jeunes-tchadiens"]}]},{"@type":"ImageObject","inLanguage":"fr-FR","@id":"https:\/\/www.africa-press.net\/tchad\/toutes-les-actualites\/le-programme-youth-connekt-tchad-a-lance-les-assises-de-la-consultation-nationale-des-jeunes-tchadiens#primaryimage","url":"https:\/\/static.africa-press.net\/tchad\/sites\/41\/2023\/11\/sm_1700221278.142883.jpg","contentUrl":"https:\/\/static.africa-press.net\/tchad\/sites\/41\/2023\/11\/sm_1700221278.142883.jpg","width":1080,"height":810,"caption":"Le programme Youth Connekt-Tchad a lanc\u00e9 les assises de la consultation nationale des jeunes tchadiens"},{"@type":"BreadcrumbList","@id":"https:\/\/www.africa-press.net\/tchad\/toutes-les-actualites\/le-programme-youth-connekt-tchad-a-lance-les-assises-de-la-consultation-nationale-des-jeunes-tchadiens#breadcrumb","itemListElement":[{"@type":"ListItem","position":1,"name":"Accueil","item":"https:\/\/www.africa-press.net\/tchad\/"},{"@type":"ListItem","position":2,"name":"Le programme Youth Connekt-Tchad a lanc\u00e9 les assises de la consultation nationale des jeunes tchadiens"}]},{"@type":"WebSite","@id":"https:\/\/www.africa-press.net\/tchad\/#website","url":"https:\/\/www.africa-press.net\/tchad\/","name":"tchad","description":"Just another Africa News Agency Sites site","potentialAction":[{"@type":"SearchAction","target":{"@type":"EntryPoint","urlTemplate":"https:\/\/www.africa-press.net\/tchad\/?s={search_term_string}"},"query-input":{"@type":"PropertyValueSpecification","valueRequired":true,"valueName":"search_term_string"}}],"inLanguage":"fr-FR"},{"@type":"Person","@id":"https:\/\/www.africa-press.net\/tchad\/#\/schema\/person\/2b1cf3cd81a31e3cd26889ca66d677f1","name":"cfeditorfr"}]}},"_links":{"self":[{"href":"https:\/\/www.africa-press.net\/tchad\/wp-json\/wp\/v2\/posts\/54164","targetHints":{"allow":["GET"]}}],"collection":[{"href":"https:\/\/www.africa-press.net\/tchad\/wp-json\/wp\/v2\/posts"}],"about":[{"href":"https:\/\/www.africa-press.net\/tchad\/wp-json\/wp\/v2\/types\/post"}],"author":[{"embeddable":true,"href":"https:\/\/www.africa-press.net\/tchad\/wp-json\/wp\/v2\/users\/82"}],"replies":[{"embeddable":true,"href":"https:\/\/www.africa-press.net\/tchad\/wp-json\/wp\/v2\/comments?post=54164"}],"version-history":[{"count":0,"href":"https:\/\/www.africa-press.net\/tchad\/wp-json\/wp\/v2\/posts\/54164\/revisions"}],"wp:featuredmedia":[{"embeddable":true,"href":"https:\/\/www.africa-press.net\/tchad\/wp-json\/wp\/v2\/media\/54163"}],"wp:attachment":[{"href":"https:\/\/www.africa-press.net\/tchad\/wp-json\/wp\/v2\/media?parent=54164"}],"wp:term":[{"taxonomy":"category","embeddable":true,"href":"https:\/\/www.africa-press.net\/tchad\/wp-json\/wp\/v2\/categories?post=54164"},{"taxonomy":"post_tag","embeddable":true,"href":"https:\/\/www.africa-press.net\/tchad\/wp-json\/wp\/v2\/tags?post=54164"}],"curies":[{"name":"wp","href":"https:\/\/api.w.org\/{rel}","templated":true}]}}