{"id":54185,"date":"2023-11-18T16:33:21","date_gmt":"2023-11-18T16:33:21","guid":{"rendered":"https:\/\/www.africa-press.net\/tchad\/politique\/retrait-des-cartes-delecteur-le-president-de-la-transition-preche-par-lexemple"},"modified":"2023-11-18T16:41:12","modified_gmt":"2023-11-18T16:41:12","slug":"retrait-des-cartes-delecteur-le-president-de-la-transition-preche-par-lexemple","status":"publish","type":"post","link":"https:\/\/www.africa-press.net\/tchad\/politique\/retrait-des-cartes-delecteur-le-president-de-la-transition-preche-par-lexemple","title":{"rendered":"Retrait des cartes d\u2019\u00e9lecteur : Le Pr\u00e9sident de la transition pr\u00eache par l&rsquo;exemple"},"content":{"rendered":"<p><span style=\"color: #ff6600\"><strong>Africa-Press &#8211; Tchad. <\/strong><\/span>Comme pour dire que l&rsquo;exemple doit toujours venir d&rsquo;en haut, le Pr\u00e9sident de la transition, le G\u00e9n\u00e9ral Mahamat Idriss Deby Itno, est humblement parti du palais pr\u00e9sidentiel pour son bureau de vote au quartier Djambal-Gato \u00e0 Ndjamena o\u00f9 il retir\u00e9 sa carte d\u2019\u00e9lecteur ce vendredi 17 novembre 2023, a annonc\u00e9 la pr\u00e9sidence.<\/p>\n<p>Le Pre\u0301sident de Transition \u00ab a retire\u0301 ce matin, sa carte d\u2019e\u0301lecteur donnant ainsi le coup d\u2019envoi officiel de l\u2019ope\u0301ration de distribution des cartes d\u2019e\u0301lecteurs, pre\u0301lude au re\u0301fe\u0301rendum constitutionnel \u00bb, a annonce\u0301 la pre\u0301sidence.<\/p>\n<p>Selon la me\u0302me source, c\u2019est \u00ab dans cette perspective et en application des dispositions du de\u0301cret du 07 novembre 2023, portant convocation du corps e\u0301lectoral \u00bb que le Pre\u0301sident de Transition \u00ab a fait ce vendredi, 17 novembre 2023, le de\u0301placement du bureau ou\u0300 il s\u2019est fait enro\u0302ler pour retirer sa carte d\u2019e\u0301lecteur \u00bb \u00ab au quartier Djambal-Gato dans la commune du 2e\u0300me arrondissement municipal de la capitale \u00bb, Ndjamena.<\/p>\n<p>Pour accompagner le Chef de l\u2019Etat dans ce pe\u0301riple, il y avaient des membres du Gouvernement, ceux de la Commission Nationale charge\u0301e de l\u2019Organisation du Re\u0301fe\u0301rendum Constitutionnel (CONOREC), la De\u0301le\u0301gue\u0301e Ge\u0301ne\u0301rale du Gouvernement aupre\u0300s de la Commune de N\u2019Djame\u0301na, Maire de la Ville, quelques Conseillers Nationaux de Transition, Maires des Communes et proches collaborateurs du Pre\u0301sident de la transition.<\/p>\n<p>Apre\u0300s ce geste exemplaire du Pre\u0301sident de la transition, \u00ab les Tchadiens de l\u2019inte\u0301rieur et de l\u2019exte\u0301rieur, inscrits sur les listes e\u0301lectorales, sont de\u0301sormais invite\u0301s a\u0300 sortir massivement retirer leurs cartes d\u2019e\u0301lecteurs pour se prononcer librement sur le projet de constitution le 17 de\u0301cembre prochain \u00bb, a plaide\u0301 la pre\u0301sidence.<\/p>\n<p>Le dimanche 17 de\u0301cembre 2023, les Tchadiens de deux sexes, inscrits sur les listes e\u0301lectorales seront consulte\u0301s par voie re\u0301fe\u0301rendaire en vue de l\u2019adoption de la nouvelle loi fondamentale, une e\u0301tape cle\u0301 pour le retour du Tchad a\u0300 la normalite\u0301 constitutionnelle.<\/p>\n<p><strong>Pour plus d&rsquo;informations et d&rsquo;analyses sur la <a href=\"https:\/\/www.africa-press.net\/tchad\">Tchad<\/a>, suivez <a href=\"https:\/\/www.africa-press.net\/\">Africa-Press<\/a><\/strong><\/p>\n","protected":false},"excerpt":{"rendered":"<p>Africa-Press &#8211; Tchad. Comme pour dire que l&rsquo;exemple doit toujours venir d&rsquo;en haut, le Pr\u00e9sident de la transition, le G\u00e9n\u00e9ral Mahamat Idriss Deby Itno, est humblement parti du palais pr\u00e9sidentiel pour son bureau de vote au quartier Djambal-Gato \u00e0 Ndjamena o\u00f9 il retir\u00e9 sa carte d\u2019\u00e9lecteur ce vendredi 17 novembre 2023, a annonc\u00e9 la pr\u00e9sidence. [&hellip;]<\/p>\n","protected":false},"author":82,"featured_media":54183,"comment_status":"open","ping_status":"closed","sticky":false,"template":"","format":"standard","meta":{"footnotes":""},"categories":[2,20,10],"tags":[37,292,29],"class_list":["post-54185","post","type-post","status-publish","format-standard","has-post-thumbnail","hentry","category-politique","category-top-nouvelles","category-toutes-les-actualites","tag-africa-press","tag-africa-press-tchad","tag-tchad"],"yoast_head":"<!-- This site is optimized with the Yoast SEO Premium plugin v26.1 (Yoast SEO v27.0) - https:\/\/yoast.com\/product\/yoast-seo-premium-wordpress\/ -->\n<title>Retrait des cartes d\u2019\u00e9lecteur : Le Pr\u00e9sident de la transition pr\u00eache par l&#039;exemple - tchad<\/title>\n<meta name=\"description\" content=\"Comme pour dire que l&#039;exemple doit toujours venir d&#039;en haut, le Pre\u0301sident de la transition, le Ge\u0301ne\u0301ral Mahamat Idriss De ...\" \/>\n<meta name=\"robots\" content=\"index, follow, max-snippet:-1, max-image-preview:large, max-video-preview:-1\" \/>\n<link rel=\"canonical\" href=\"https:\/\/www.africa-press.net\/tchad\/politique\/retrait-des-cartes-delecteur-le-president-de-la-transition-preche-par-lexemple\" \/>\n<meta property=\"og:locale\" content=\"fr_FR\" \/>\n<meta property=\"og:type\" content=\"article\" \/>\n<meta property=\"og:title\" content=\"Retrait des cartes d\u2019\u00e9lecteur : Le Pr\u00e9sident de la transition pr\u00eache par l&#039;exemple\" \/>\n<meta property=\"og:description\" content=\"Comme pour dire que l&#039;exemple doit toujours venir d&#039;en haut, le Pre\u0301sident de la transition, le Ge\u0301ne\u0301ral Mahamat Idriss De ...\" \/>\n<meta property=\"og:url\" content=\"https:\/\/www.africa-press.net\/tchad\/politique\/retrait-des-cartes-delecteur-le-president-de-la-transition-preche-par-lexemple\" \/>\n<meta property=\"og:site_name\" content=\"tchad\" \/>\n<meta property=\"article:published_time\" content=\"2023-11-18T16:33:21+00:00\" \/>\n<meta property=\"article:modified_time\" content=\"2023-11-18T16:41:12+00:00\" \/>\n<meta property=\"og:image\" content=\"https:\/\/static.africa-press.net\/tchad\/sites\/41\/2023\/11\/sm_1700313003.637264.jpg\" \/>\n\t<meta property=\"og:image:width\" content=\"1530\" \/>\n\t<meta property=\"og:image:height\" content=\"933\" \/>\n\t<meta property=\"og:image:type\" content=\"image\/jpeg\" \/>\n<meta name=\"author\" content=\"cfeditorfr\" \/>\n<meta name=\"twitter:card\" content=\"summary_large_image\" \/>\n<meta name=\"twitter:label1\" content=\"\u00c9crit par\" \/>\n\t<meta name=\"twitter:data1\" content=\"cfeditorfr\" \/>\n\t<meta name=\"twitter:label2\" content=\"Dur\u00e9e de lecture estim\u00e9e\" \/>\n\t<meta name=\"twitter:data2\" content=\"2 minutes\" \/>\n<script type=\"application\/ld+json\" class=\"yoast-schema-graph\">{\"@context\":\"https:\/\/schema.org\",\"@graph\":[{\"@type\":\"Article\",\"@id\":\"https:\/\/www.africa-press.net\/tchad\/politique\/retrait-des-cartes-delecteur-le-president-de-la-transition-preche-par-lexemple#article\",\"isPartOf\":{\"@id\":\"https:\/\/www.africa-press.net\/tchad\/politique\/retrait-des-cartes-delecteur-le-president-de-la-transition-preche-par-lexemple\"},\"author\":{\"name\":\"cfeditorfr\",\"@id\":\"https:\/\/www.africa-press.net\/tchad\/#\/schema\/person\/2b1cf3cd81a31e3cd26889ca66d677f1\"},\"headline\":\"Retrait des cartes d\u2019\u00e9lecteur : Le Pr\u00e9sident de la transition pr\u00eache par l&rsquo;exemple\",\"datePublished\":\"2023-11-18T16:33:21+00:00\",\"dateModified\":\"2023-11-18T16:41:12+00:00\",\"mainEntityOfPage\":{\"@id\":\"https:\/\/www.africa-press.net\/tchad\/politique\/retrait-des-cartes-delecteur-le-president-de-la-transition-preche-par-lexemple\"},\"wordCount\":383,\"commentCount\":0,\"image\":{\"@id\":\"https:\/\/www.africa-press.net\/tchad\/politique\/retrait-des-cartes-delecteur-le-president-de-la-transition-preche-par-lexemple#primaryimage\"},\"thumbnailUrl\":\"https:\/\/static.africa-press.net\/tchad\/sites\/41\/2023\/11\/sm_1700313003.637264.jpg\",\"keywords\":[\"Africa Press\",\"Africa Press-Tchad\",\"Tchad\"],\"articleSection\":[\"Politique\",\"Top Nouvelles\",\"Toutes les actualit\u00e9s\"],\"inLanguage\":\"fr-FR\",\"potentialAction\":[{\"@type\":\"CommentAction\",\"name\":\"Comment\",\"target\":[\"https:\/\/www.africa-press.net\/tchad\/politique\/retrait-des-cartes-delecteur-le-president-de-la-transition-preche-par-lexemple#respond\"]}]},{\"@type\":\"WebPage\",\"@id\":\"https:\/\/www.africa-press.net\/tchad\/politique\/retrait-des-cartes-delecteur-le-president-de-la-transition-preche-par-lexemple\",\"url\":\"https:\/\/www.africa-press.net\/tchad\/politique\/retrait-des-cartes-delecteur-le-president-de-la-transition-preche-par-lexemple\",\"name\":\"Retrait des cartes d\u2019\u00e9lecteur : Le Pr\u00e9sident de la transition pr\u00eache par l'exemple - tchad\",\"isPartOf\":{\"@id\":\"https:\/\/www.africa-press.net\/tchad\/#website\"},\"primaryImageOfPage\":{\"@id\":\"https:\/\/www.africa-press.net\/tchad\/politique\/retrait-des-cartes-delecteur-le-president-de-la-transition-preche-par-lexemple#primaryimage\"},\"image\":{\"@id\":\"https:\/\/www.africa-press.net\/tchad\/politique\/retrait-des-cartes-delecteur-le-president-de-la-transition-preche-par-lexemple#primaryimage\"},\"thumbnailUrl\":\"https:\/\/static.africa-press.net\/tchad\/sites\/41\/2023\/11\/sm_1700313003.637264.jpg\",\"datePublished\":\"2023-11-18T16:33:21+00:00\",\"dateModified\":\"2023-11-18T16:41:12+00:00\",\"author\":{\"@id\":\"https:\/\/www.africa-press.net\/tchad\/#\/schema\/person\/2b1cf3cd81a31e3cd26889ca66d677f1\"},\"description\":\"Comme pour dire que l'exemple doit toujours venir d'en haut, le Pre\u0301sident de la transition, le Ge\u0301ne\u0301ral Mahamat Idriss De ...\",\"breadcrumb\":{\"@id\":\"https:\/\/www.africa-press.net\/tchad\/politique\/retrait-des-cartes-delecteur-le-president-de-la-transition-preche-par-lexemple#breadcrumb\"},\"inLanguage\":\"fr-FR\",\"potentialAction\":[{\"@type\":\"ReadAction\",\"target\":[\"https:\/\/www.africa-press.net\/tchad\/politique\/retrait-des-cartes-delecteur-le-president-de-la-transition-preche-par-lexemple\"]}]},{\"@type\":\"ImageObject\",\"inLanguage\":\"fr-FR\",\"@id\":\"https:\/\/www.africa-press.net\/tchad\/politique\/retrait-des-cartes-delecteur-le-president-de-la-transition-preche-par-lexemple#primaryimage\",\"url\":\"https:\/\/static.africa-press.net\/tchad\/sites\/41\/2023\/11\/sm_1700313003.637264.jpg\",\"contentUrl\":\"https:\/\/static.africa-press.net\/tchad\/sites\/41\/2023\/11\/sm_1700313003.637264.jpg\",\"width\":1530,\"height\":933,\"caption\":\"Retrait des cartes d\u2019\u00e9lecteur : Le Pr\u00e9sident de la transition pr\u00eache par l'exemple\"},{\"@type\":\"BreadcrumbList\",\"@id\":\"https:\/\/www.africa-press.net\/tchad\/politique\/retrait-des-cartes-delecteur-le-president-de-la-transition-preche-par-lexemple#breadcrumb\",\"itemListElement\":[{\"@type\":\"ListItem\",\"position\":1,\"name\":\"Accueil\",\"item\":\"https:\/\/www.africa-press.net\/tchad\/\"},{\"@type\":\"ListItem\",\"position\":2,\"name\":\"Retrait des cartes d\u2019\u00e9lecteur : Le Pr\u00e9sident de la transition pr\u00eache par l&#8217;exemple\"}]},{\"@type\":\"WebSite\",\"@id\":\"https:\/\/www.africa-press.net\/tchad\/#website\",\"url\":\"https:\/\/www.africa-press.net\/tchad\/\",\"name\":\"tchad\",\"description\":\"Just another Africa News Agency Sites site\",\"potentialAction\":[{\"@type\":\"SearchAction\",\"target\":{\"@type\":\"EntryPoint\",\"urlTemplate\":\"https:\/\/www.africa-press.net\/tchad\/?s={search_term_string}\"},\"query-input\":{\"@type\":\"PropertyValueSpecification\",\"valueRequired\":true,\"valueName\":\"search_term_string\"}}],\"inLanguage\":\"fr-FR\"},{\"@type\":\"Person\",\"@id\":\"https:\/\/www.africa-press.net\/tchad\/#\/schema\/person\/2b1cf3cd81a31e3cd26889ca66d677f1\",\"name\":\"cfeditorfr\"}]}<\/script>\n<!-- \/ Yoast SEO Premium plugin. -->","yoast_head_json":{"title":"Retrait des cartes d\u2019\u00e9lecteur : Le Pr\u00e9sident de la transition pr\u00eache par l'exemple - tchad","description":"Comme pour dire que l'exemple doit toujours venir d'en haut, le Pre\u0301sident de la transition, le Ge\u0301ne\u0301ral Mahamat Idriss De ...","robots":{"index":"index","follow":"follow","max-snippet":"max-snippet:-1","max-image-preview":"max-image-preview:large","max-video-preview":"max-video-preview:-1"},"canonical":"https:\/\/www.africa-press.net\/tchad\/politique\/retrait-des-cartes-delecteur-le-president-de-la-transition-preche-par-lexemple","og_locale":"fr_FR","og_type":"article","og_title":"Retrait des cartes d\u2019\u00e9lecteur : Le Pr\u00e9sident de la transition pr\u00eache par l'exemple","og_description":"Comme pour dire que l'exemple doit toujours venir d'en haut, le Pre\u0301sident de la transition, le Ge\u0301ne\u0301ral Mahamat Idriss De ...","og_url":"https:\/\/www.africa-press.net\/tchad\/politique\/retrait-des-cartes-delecteur-le-president-de-la-transition-preche-par-lexemple","og_site_name":"tchad","article_published_time":"2023-11-18T16:33:21+00:00","article_modified_time":"2023-11-18T16:41:12+00:00","og_image":[{"width":1530,"height":933,"url":"https:\/\/static.africa-press.net\/tchad\/sites\/41\/2023\/11\/sm_1700313003.637264.jpg","type":"image\/jpeg"}],"author":"cfeditorfr","twitter_card":"summary_large_image","twitter_misc":{"\u00c9crit par":"cfeditorfr","Dur\u00e9e de lecture estim\u00e9e":"2 minutes"},"schema":{"@context":"https:\/\/schema.org","@graph":[{"@type":"Article","@id":"https:\/\/www.africa-press.net\/tchad\/politique\/retrait-des-cartes-delecteur-le-president-de-la-transition-preche-par-lexemple#article","isPartOf":{"@id":"https:\/\/www.africa-press.net\/tchad\/politique\/retrait-des-cartes-delecteur-le-president-de-la-transition-preche-par-lexemple"},"author":{"name":"cfeditorfr","@id":"https:\/\/www.africa-press.net\/tchad\/#\/schema\/person\/2b1cf3cd81a31e3cd26889ca66d677f1"},"headline":"Retrait des cartes d\u2019\u00e9lecteur : Le Pr\u00e9sident de la transition pr\u00eache par l&rsquo;exemple","datePublished":"2023-11-18T16:33:21+00:00","dateModified":"2023-11-18T16:41:12+00:00","mainEntityOfPage":{"@id":"https:\/\/www.africa-press.net\/tchad\/politique\/retrait-des-cartes-delecteur-le-president-de-la-transition-preche-par-lexemple"},"wordCount":383,"commentCount":0,"image":{"@id":"https:\/\/www.africa-press.net\/tchad\/politique\/retrait-des-cartes-delecteur-le-president-de-la-transition-preche-par-lexemple#primaryimage"},"thumbnailUrl":"https:\/\/static.africa-press.net\/tchad\/sites\/41\/2023\/11\/sm_1700313003.637264.jpg","keywords":["Africa Press","Africa Press-Tchad","Tchad"],"articleSection":["Politique","Top Nouvelles","Toutes les actualit\u00e9s"],"inLanguage":"fr-FR","potentialAction":[{"@type":"CommentAction","name":"Comment","target":["https:\/\/www.africa-press.net\/tchad\/politique\/retrait-des-cartes-delecteur-le-president-de-la-transition-preche-par-lexemple#respond"]}]},{"@type":"WebPage","@id":"https:\/\/www.africa-press.net\/tchad\/politique\/retrait-des-cartes-delecteur-le-president-de-la-transition-preche-par-lexemple","url":"https:\/\/www.africa-press.net\/tchad\/politique\/retrait-des-cartes-delecteur-le-president-de-la-transition-preche-par-lexemple","name":"Retrait des cartes d\u2019\u00e9lecteur : Le Pr\u00e9sident de la transition pr\u00eache par l'exemple - tchad","isPartOf":{"@id":"https:\/\/www.africa-press.net\/tchad\/#website"},"primaryImageOfPage":{"@id":"https:\/\/www.africa-press.net\/tchad\/politique\/retrait-des-cartes-delecteur-le-president-de-la-transition-preche-par-lexemple#primaryimage"},"image":{"@id":"https:\/\/www.africa-press.net\/tchad\/politique\/retrait-des-cartes-delecteur-le-president-de-la-transition-preche-par-lexemple#primaryimage"},"thumbnailUrl":"https:\/\/static.africa-press.net\/tchad\/sites\/41\/2023\/11\/sm_1700313003.637264.jpg","datePublished":"2023-11-18T16:33:21+00:00","dateModified":"2023-11-18T16:41:12+00:00","author":{"@id":"https:\/\/www.africa-press.net\/tchad\/#\/schema\/person\/2b1cf3cd81a31e3cd26889ca66d677f1"},"description":"Comme pour dire que l'exemple doit toujours venir d'en haut, le Pre\u0301sident de la transition, le Ge\u0301ne\u0301ral Mahamat Idriss De ...","breadcrumb":{"@id":"https:\/\/www.africa-press.net\/tchad\/politique\/retrait-des-cartes-delecteur-le-president-de-la-transition-preche-par-lexemple#breadcrumb"},"inLanguage":"fr-FR","potentialAction":[{"@type":"ReadAction","target":["https:\/\/www.africa-press.net\/tchad\/politique\/retrait-des-cartes-delecteur-le-president-de-la-transition-preche-par-lexemple"]}]},{"@type":"ImageObject","inLanguage":"fr-FR","@id":"https:\/\/www.africa-press.net\/tchad\/politique\/retrait-des-cartes-delecteur-le-president-de-la-transition-preche-par-lexemple#primaryimage","url":"https:\/\/static.africa-press.net\/tchad\/sites\/41\/2023\/11\/sm_1700313003.637264.jpg","contentUrl":"https:\/\/static.africa-press.net\/tchad\/sites\/41\/2023\/11\/sm_1700313003.637264.jpg","width":1530,"height":933,"caption":"Retrait des cartes d\u2019\u00e9lecteur : Le Pr\u00e9sident de la transition pr\u00eache par l'exemple"},{"@type":"BreadcrumbList","@id":"https:\/\/www.africa-press.net\/tchad\/politique\/retrait-des-cartes-delecteur-le-president-de-la-transition-preche-par-lexemple#breadcrumb","itemListElement":[{"@type":"ListItem","position":1,"name":"Accueil","item":"https:\/\/www.africa-press.net\/tchad\/"},{"@type":"ListItem","position":2,"name":"Retrait des cartes d\u2019\u00e9lecteur : Le Pr\u00e9sident de la transition pr\u00eache par l&#8217;exemple"}]},{"@type":"WebSite","@id":"https:\/\/www.africa-press.net\/tchad\/#website","url":"https:\/\/www.africa-press.net\/tchad\/","name":"tchad","description":"Just another Africa News Agency Sites site","potentialAction":[{"@type":"SearchAction","target":{"@type":"EntryPoint","urlTemplate":"https:\/\/www.africa-press.net\/tchad\/?s={search_term_string}"},"query-input":{"@type":"PropertyValueSpecification","valueRequired":true,"valueName":"search_term_string"}}],"inLanguage":"fr-FR"},{"@type":"Person","@id":"https:\/\/www.africa-press.net\/tchad\/#\/schema\/person\/2b1cf3cd81a31e3cd26889ca66d677f1","name":"cfeditorfr"}]}},"_links":{"self":[{"href":"https:\/\/www.africa-press.net\/tchad\/wp-json\/wp\/v2\/posts\/54185","targetHints":{"allow":["GET"]}}],"collection":[{"href":"https:\/\/www.africa-press.net\/tchad\/wp-json\/wp\/v2\/posts"}],"about":[{"href":"https:\/\/www.africa-press.net\/tchad\/wp-json\/wp\/v2\/types\/post"}],"author":[{"embeddable":true,"href":"https:\/\/www.africa-press.net\/tchad\/wp-json\/wp\/v2\/users\/82"}],"replies":[{"embeddable":true,"href":"https:\/\/www.africa-press.net\/tchad\/wp-json\/wp\/v2\/comments?post=54185"}],"version-history":[{"count":0,"href":"https:\/\/www.africa-press.net\/tchad\/wp-json\/wp\/v2\/posts\/54185\/revisions"}],"wp:featuredmedia":[{"embeddable":true,"href":"https:\/\/www.africa-press.net\/tchad\/wp-json\/wp\/v2\/media\/54183"}],"wp:attachment":[{"href":"https:\/\/www.africa-press.net\/tchad\/wp-json\/wp\/v2\/media?parent=54185"}],"wp:term":[{"taxonomy":"category","embeddable":true,"href":"https:\/\/www.africa-press.net\/tchad\/wp-json\/wp\/v2\/categories?post=54185"},{"taxonomy":"post_tag","embeddable":true,"href":"https:\/\/www.africa-press.net\/tchad\/wp-json\/wp\/v2\/tags?post=54185"}],"curies":[{"name":"wp","href":"https:\/\/api.w.org\/{rel}","templated":true}]}}