{"id":54194,"date":"2023-11-18T16:35:16","date_gmt":"2023-11-18T16:35:16","guid":{"rendered":"https:\/\/www.africa-press.net\/tchad\/politique\/le-controleur-general-de-police-brahim-ahmat-gorou-est-le-nouveau-patron-de-la-police"},"modified":"2023-11-18T16:42:48","modified_gmt":"2023-11-18T16:42:48","slug":"le-controleur-general-de-police-brahim-ahmat-gorou-est-le-nouveau-patron-de-la-police","status":"publish","type":"post","link":"https:\/\/www.africa-press.net\/tchad\/politique\/le-controleur-general-de-police-brahim-ahmat-gorou-est-le-nouveau-patron-de-la-police","title":{"rendered":"le contr\u00f4leur g\u00e9n\u00e9ral de police Brahim Ahmat Gorou est le nouveau patron de la police"},"content":{"rendered":"<p><span style=\"color: #ff6600\"><strong>Africa-Press &#8211; Tchad. <\/strong><\/span>Le nouveau directeur ge\u0301ne\u0301ral de la police nationale, Brahim Ahmat Gorou, a lors de son intervention souligne\u0301 qu&rsquo;en prenant la pleine mesure des de\u0301fis se\u0301curitaires durant la pe\u0301riode de transition que traverse le pays, il appre\u0301hende le poid de sa responsabilite\u0301 et l&rsquo;ampleur de la ta\u0302che qui lui est a\u0300 pre\u0301sent.<\/p>\n<p>Par essence, la police e\u0301tant l&rsquo;un des fondements d&rsquo;une socie\u0301te\u0301 civilise\u0301, le nouveau DG de la police nationale s&rsquo;engage a\u0300 assumer ses nouvelles fonctions dans la plus grande rigueur avec une ferme volonte\u0301 de la que\u0302te de l&rsquo;excellence.<\/p>\n<p>A cet effet, il a rassure\u0301 qu&rsquo;ensemble avec le personnel du Corps de la Police Nationale, ils seront prompts a\u0300 re\u0301pondre aux attentes le\u0301gitimes de la population, notamment en matie\u0300re de la protection des personnes et de leurs biens ainsi que des institutions de l&rsquo;E\u0301tat.<\/p>\n<p>Le ministre de la se\u0301curite\u0301 publique et de l&rsquo;immigration, a quant a\u0300 lui releve\u0301 que dans toute administration, la nomination d&rsquo;un nouveau directeur ge\u0301ne\u0301ral, en particulier lorsqu&rsquo;elle s&rsquo;accompagne de mouvements d&rsquo;ensemble de l&rsquo;e\u0301quipe de direction (ce qui est le cas ici), constitue un moment fort de sa vie interne.<\/p>\n<p>Toutefois, la spe\u0301cificite\u0301 de l&rsquo;acte de ce jour est qu&rsquo;il intervient a\u0300 un moment crucial de la vie du Ministe\u0300re de la Se\u0301curite\u0301 Publique et de l&rsquo;immigration. C&rsquo;est pourquoi, il a tenu a\u0300 ce qu&rsquo;il reve\u0302te une dimension particulie\u0300re dit-il.<\/p>\n<p>Selon lui, le pays est aujourd&rsquo;hui engage\u0301 dans un processus e\u0301lectoral d&rsquo;une importance majeure pour son avenir, qui marquera la fin du processus de transition actuellement en cours.<\/p>\n<p>Le ministre de poursuivre que dans moins d&rsquo;un mois, les tchadiens et tchadiennes s&rsquo;exprimeront sur les institutions dont ils entendent doter le pays. Il importe que ce choix soit e\u0301claire\u0301 par une campagne apaise\u0301e et respectueuse de toutes les opinions et que le jour du scrutin, il puisse s&rsquo;exprimer dans une parfaite se\u0301re\u0301nite\u0301.<\/p>\n<p>Il a instruit le directeur ge\u0301ne\u0301ral entrant de garantir, la se\u0301curite\u0301 avec le concours de ses<\/p>\n<p>colle\u0300gues de la Garde Nationale et Nomade et de la Gendarmerie Nationale ainsi que les autres forces de de\u0301fense et de se\u0301curite\u0301.<\/p>\n<p><strong>Pour plus d&rsquo;informations et d&rsquo;analyses sur la <a href=\"https:\/\/www.africa-press.net\/tchad\">Tchad<\/a>, suivez <a href=\"https:\/\/www.africa-press.net\/\">Africa-Press<\/a><\/strong><\/p>\n","protected":false},"excerpt":{"rendered":"<p>Africa-Press &#8211; Tchad. Le nouveau directeur ge\u0301ne\u0301ral de la police nationale, Brahim Ahmat Gorou, a lors de son intervention souligne\u0301 qu&rsquo;en prenant la pleine mesure des de\u0301fis se\u0301curitaires durant la pe\u0301riode de transition que traverse le pays, il appre\u0301hende le poid de sa responsabilite\u0301 et l&rsquo;ampleur de la ta\u0302che qui lui est a\u0300 pre\u0301sent. Par [&hellip;]<\/p>\n","protected":false},"author":82,"featured_media":54192,"comment_status":"open","ping_status":"closed","sticky":false,"template":"","format":"standard","meta":{"footnotes":""},"categories":[2,10],"tags":[37,292,29],"class_list":["post-54194","post","type-post","status-publish","format-standard","has-post-thumbnail","hentry","category-politique","category-toutes-les-actualites","tag-africa-press","tag-africa-press-tchad","tag-tchad"],"yoast_head":"<!-- This site is optimized with the Yoast SEO Premium plugin v26.1 (Yoast SEO v27.0) - https:\/\/yoast.com\/product\/yoast-seo-premium-wordpress\/ -->\n<title>le contr\u00f4leur g\u00e9n\u00e9ral de police Brahim Ahmat Gorou est le nouveau patron de la police - tchad<\/title>\n<meta name=\"description\" content=\"Le nouveau directeur ge\u0301ne\u0301ral de la police nationale, Brahim Ahmat Gorou, a lors de son intervention souligne\u0301 qu&#039;en pr ...\" \/>\n<meta name=\"robots\" content=\"index, follow, max-snippet:-1, max-image-preview:large, max-video-preview:-1\" \/>\n<link rel=\"canonical\" href=\"https:\/\/www.africa-press.net\/tchad\/politique\/le-controleur-general-de-police-brahim-ahmat-gorou-est-le-nouveau-patron-de-la-police\" \/>\n<meta property=\"og:locale\" content=\"fr_FR\" \/>\n<meta property=\"og:type\" content=\"article\" \/>\n<meta property=\"og:title\" content=\"le contr\u00f4leur g\u00e9n\u00e9ral de police Brahim Ahmat Gorou est le nouveau patron de la police\" \/>\n<meta property=\"og:description\" content=\"Le nouveau directeur ge\u0301ne\u0301ral de la police nationale, Brahim Ahmat Gorou, a lors de son intervention souligne\u0301 qu&#039;en pr ...\" \/>\n<meta property=\"og:url\" content=\"https:\/\/www.africa-press.net\/tchad\/politique\/le-controleur-general-de-police-brahim-ahmat-gorou-est-le-nouveau-patron-de-la-police\" \/>\n<meta property=\"og:site_name\" content=\"tchad\" \/>\n<meta property=\"article:published_time\" content=\"2023-11-18T16:35:16+00:00\" \/>\n<meta property=\"article:modified_time\" content=\"2023-11-18T16:42:48+00:00\" \/>\n<meta property=\"og:image\" content=\"https:\/\/static.africa-press.net\/tchad\/sites\/41\/2023\/11\/sm_1700313122.855458.jpg\" \/>\n\t<meta property=\"og:image:width\" content=\"1040\" \/>\n\t<meta property=\"og:image:height\" content=\"780\" \/>\n\t<meta property=\"og:image:type\" content=\"image\/jpeg\" \/>\n<meta name=\"author\" content=\"cfeditorfr\" \/>\n<meta name=\"twitter:card\" content=\"summary_large_image\" \/>\n<meta name=\"twitter:label1\" content=\"\u00c9crit par\" \/>\n\t<meta name=\"twitter:data1\" content=\"cfeditorfr\" \/>\n\t<meta name=\"twitter:label2\" content=\"Dur\u00e9e de lecture estim\u00e9e\" \/>\n\t<meta name=\"twitter:data2\" content=\"2 minutes\" \/>\n<script type=\"application\/ld+json\" class=\"yoast-schema-graph\">{\"@context\":\"https:\/\/schema.org\",\"@graph\":[{\"@type\":\"Article\",\"@id\":\"https:\/\/www.africa-press.net\/tchad\/politique\/le-controleur-general-de-police-brahim-ahmat-gorou-est-le-nouveau-patron-de-la-police#article\",\"isPartOf\":{\"@id\":\"https:\/\/www.africa-press.net\/tchad\/politique\/le-controleur-general-de-police-brahim-ahmat-gorou-est-le-nouveau-patron-de-la-police\"},\"author\":{\"name\":\"cfeditorfr\",\"@id\":\"https:\/\/www.africa-press.net\/tchad\/#\/schema\/person\/2b1cf3cd81a31e3cd26889ca66d677f1\"},\"headline\":\"le contr\u00f4leur g\u00e9n\u00e9ral de police Brahim Ahmat Gorou est le nouveau patron de la police\",\"datePublished\":\"2023-11-18T16:35:16+00:00\",\"dateModified\":\"2023-11-18T16:42:48+00:00\",\"mainEntityOfPage\":{\"@id\":\"https:\/\/www.africa-press.net\/tchad\/politique\/le-controleur-general-de-police-brahim-ahmat-gorou-est-le-nouveau-patron-de-la-police\"},\"wordCount\":434,\"commentCount\":0,\"image\":{\"@id\":\"https:\/\/www.africa-press.net\/tchad\/politique\/le-controleur-general-de-police-brahim-ahmat-gorou-est-le-nouveau-patron-de-la-police#primaryimage\"},\"thumbnailUrl\":\"https:\/\/static.africa-press.net\/tchad\/sites\/41\/2023\/11\/sm_1700313122.855458.jpg\",\"keywords\":[\"Africa Press\",\"Africa Press-Tchad\",\"Tchad\"],\"articleSection\":[\"Politique\",\"Toutes les actualit\u00e9s\"],\"inLanguage\":\"fr-FR\",\"potentialAction\":[{\"@type\":\"CommentAction\",\"name\":\"Comment\",\"target\":[\"https:\/\/www.africa-press.net\/tchad\/politique\/le-controleur-general-de-police-brahim-ahmat-gorou-est-le-nouveau-patron-de-la-police#respond\"]}]},{\"@type\":\"WebPage\",\"@id\":\"https:\/\/www.africa-press.net\/tchad\/politique\/le-controleur-general-de-police-brahim-ahmat-gorou-est-le-nouveau-patron-de-la-police\",\"url\":\"https:\/\/www.africa-press.net\/tchad\/politique\/le-controleur-general-de-police-brahim-ahmat-gorou-est-le-nouveau-patron-de-la-police\",\"name\":\"le contr\u00f4leur g\u00e9n\u00e9ral de police Brahim Ahmat Gorou est le nouveau patron de la police - tchad\",\"isPartOf\":{\"@id\":\"https:\/\/www.africa-press.net\/tchad\/#website\"},\"primaryImageOfPage\":{\"@id\":\"https:\/\/www.africa-press.net\/tchad\/politique\/le-controleur-general-de-police-brahim-ahmat-gorou-est-le-nouveau-patron-de-la-police#primaryimage\"},\"image\":{\"@id\":\"https:\/\/www.africa-press.net\/tchad\/politique\/le-controleur-general-de-police-brahim-ahmat-gorou-est-le-nouveau-patron-de-la-police#primaryimage\"},\"thumbnailUrl\":\"https:\/\/static.africa-press.net\/tchad\/sites\/41\/2023\/11\/sm_1700313122.855458.jpg\",\"datePublished\":\"2023-11-18T16:35:16+00:00\",\"dateModified\":\"2023-11-18T16:42:48+00:00\",\"author\":{\"@id\":\"https:\/\/www.africa-press.net\/tchad\/#\/schema\/person\/2b1cf3cd81a31e3cd26889ca66d677f1\"},\"description\":\"Le nouveau directeur ge\u0301ne\u0301ral de la police nationale, Brahim Ahmat Gorou, a lors de son intervention souligne\u0301 qu'en pr ...\",\"breadcrumb\":{\"@id\":\"https:\/\/www.africa-press.net\/tchad\/politique\/le-controleur-general-de-police-brahim-ahmat-gorou-est-le-nouveau-patron-de-la-police#breadcrumb\"},\"inLanguage\":\"fr-FR\",\"potentialAction\":[{\"@type\":\"ReadAction\",\"target\":[\"https:\/\/www.africa-press.net\/tchad\/politique\/le-controleur-general-de-police-brahim-ahmat-gorou-est-le-nouveau-patron-de-la-police\"]}]},{\"@type\":\"ImageObject\",\"inLanguage\":\"fr-FR\",\"@id\":\"https:\/\/www.africa-press.net\/tchad\/politique\/le-controleur-general-de-police-brahim-ahmat-gorou-est-le-nouveau-patron-de-la-police#primaryimage\",\"url\":\"https:\/\/static.africa-press.net\/tchad\/sites\/41\/2023\/11\/sm_1700313122.855458.jpg\",\"contentUrl\":\"https:\/\/static.africa-press.net\/tchad\/sites\/41\/2023\/11\/sm_1700313122.855458.jpg\",\"width\":1040,\"height\":780,\"caption\":\"le contr\u00f4leur g\u00e9n\u00e9ral de police Brahim Ahmat Gorou est le nouveau patron de la police\"},{\"@type\":\"BreadcrumbList\",\"@id\":\"https:\/\/www.africa-press.net\/tchad\/politique\/le-controleur-general-de-police-brahim-ahmat-gorou-est-le-nouveau-patron-de-la-police#breadcrumb\",\"itemListElement\":[{\"@type\":\"ListItem\",\"position\":1,\"name\":\"Accueil\",\"item\":\"https:\/\/www.africa-press.net\/tchad\/\"},{\"@type\":\"ListItem\",\"position\":2,\"name\":\"le contr\u00f4leur g\u00e9n\u00e9ral de police Brahim Ahmat Gorou est le nouveau patron de la police\"}]},{\"@type\":\"WebSite\",\"@id\":\"https:\/\/www.africa-press.net\/tchad\/#website\",\"url\":\"https:\/\/www.africa-press.net\/tchad\/\",\"name\":\"tchad\",\"description\":\"Just another Africa News Agency Sites site\",\"potentialAction\":[{\"@type\":\"SearchAction\",\"target\":{\"@type\":\"EntryPoint\",\"urlTemplate\":\"https:\/\/www.africa-press.net\/tchad\/?s={search_term_string}\"},\"query-input\":{\"@type\":\"PropertyValueSpecification\",\"valueRequired\":true,\"valueName\":\"search_term_string\"}}],\"inLanguage\":\"fr-FR\"},{\"@type\":\"Person\",\"@id\":\"https:\/\/www.africa-press.net\/tchad\/#\/schema\/person\/2b1cf3cd81a31e3cd26889ca66d677f1\",\"name\":\"cfeditorfr\"}]}<\/script>\n<!-- \/ Yoast SEO Premium plugin. -->","yoast_head_json":{"title":"le contr\u00f4leur g\u00e9n\u00e9ral de police Brahim Ahmat Gorou est le nouveau patron de la police - tchad","description":"Le nouveau directeur ge\u0301ne\u0301ral de la police nationale, Brahim Ahmat Gorou, a lors de son intervention souligne\u0301 qu'en pr ...","robots":{"index":"index","follow":"follow","max-snippet":"max-snippet:-1","max-image-preview":"max-image-preview:large","max-video-preview":"max-video-preview:-1"},"canonical":"https:\/\/www.africa-press.net\/tchad\/politique\/le-controleur-general-de-police-brahim-ahmat-gorou-est-le-nouveau-patron-de-la-police","og_locale":"fr_FR","og_type":"article","og_title":"le contr\u00f4leur g\u00e9n\u00e9ral de police Brahim Ahmat Gorou est le nouveau patron de la police","og_description":"Le nouveau directeur ge\u0301ne\u0301ral de la police nationale, Brahim Ahmat Gorou, a lors de son intervention souligne\u0301 qu'en pr ...","og_url":"https:\/\/www.africa-press.net\/tchad\/politique\/le-controleur-general-de-police-brahim-ahmat-gorou-est-le-nouveau-patron-de-la-police","og_site_name":"tchad","article_published_time":"2023-11-18T16:35:16+00:00","article_modified_time":"2023-11-18T16:42:48+00:00","og_image":[{"width":1040,"height":780,"url":"https:\/\/static.africa-press.net\/tchad\/sites\/41\/2023\/11\/sm_1700313122.855458.jpg","type":"image\/jpeg"}],"author":"cfeditorfr","twitter_card":"summary_large_image","twitter_misc":{"\u00c9crit par":"cfeditorfr","Dur\u00e9e de lecture estim\u00e9e":"2 minutes"},"schema":{"@context":"https:\/\/schema.org","@graph":[{"@type":"Article","@id":"https:\/\/www.africa-press.net\/tchad\/politique\/le-controleur-general-de-police-brahim-ahmat-gorou-est-le-nouveau-patron-de-la-police#article","isPartOf":{"@id":"https:\/\/www.africa-press.net\/tchad\/politique\/le-controleur-general-de-police-brahim-ahmat-gorou-est-le-nouveau-patron-de-la-police"},"author":{"name":"cfeditorfr","@id":"https:\/\/www.africa-press.net\/tchad\/#\/schema\/person\/2b1cf3cd81a31e3cd26889ca66d677f1"},"headline":"le contr\u00f4leur g\u00e9n\u00e9ral de police Brahim Ahmat Gorou est le nouveau patron de la police","datePublished":"2023-11-18T16:35:16+00:00","dateModified":"2023-11-18T16:42:48+00:00","mainEntityOfPage":{"@id":"https:\/\/www.africa-press.net\/tchad\/politique\/le-controleur-general-de-police-brahim-ahmat-gorou-est-le-nouveau-patron-de-la-police"},"wordCount":434,"commentCount":0,"image":{"@id":"https:\/\/www.africa-press.net\/tchad\/politique\/le-controleur-general-de-police-brahim-ahmat-gorou-est-le-nouveau-patron-de-la-police#primaryimage"},"thumbnailUrl":"https:\/\/static.africa-press.net\/tchad\/sites\/41\/2023\/11\/sm_1700313122.855458.jpg","keywords":["Africa Press","Africa Press-Tchad","Tchad"],"articleSection":["Politique","Toutes les actualit\u00e9s"],"inLanguage":"fr-FR","potentialAction":[{"@type":"CommentAction","name":"Comment","target":["https:\/\/www.africa-press.net\/tchad\/politique\/le-controleur-general-de-police-brahim-ahmat-gorou-est-le-nouveau-patron-de-la-police#respond"]}]},{"@type":"WebPage","@id":"https:\/\/www.africa-press.net\/tchad\/politique\/le-controleur-general-de-police-brahim-ahmat-gorou-est-le-nouveau-patron-de-la-police","url":"https:\/\/www.africa-press.net\/tchad\/politique\/le-controleur-general-de-police-brahim-ahmat-gorou-est-le-nouveau-patron-de-la-police","name":"le contr\u00f4leur g\u00e9n\u00e9ral de police Brahim Ahmat Gorou est le nouveau patron de la police - tchad","isPartOf":{"@id":"https:\/\/www.africa-press.net\/tchad\/#website"},"primaryImageOfPage":{"@id":"https:\/\/www.africa-press.net\/tchad\/politique\/le-controleur-general-de-police-brahim-ahmat-gorou-est-le-nouveau-patron-de-la-police#primaryimage"},"image":{"@id":"https:\/\/www.africa-press.net\/tchad\/politique\/le-controleur-general-de-police-brahim-ahmat-gorou-est-le-nouveau-patron-de-la-police#primaryimage"},"thumbnailUrl":"https:\/\/static.africa-press.net\/tchad\/sites\/41\/2023\/11\/sm_1700313122.855458.jpg","datePublished":"2023-11-18T16:35:16+00:00","dateModified":"2023-11-18T16:42:48+00:00","author":{"@id":"https:\/\/www.africa-press.net\/tchad\/#\/schema\/person\/2b1cf3cd81a31e3cd26889ca66d677f1"},"description":"Le nouveau directeur ge\u0301ne\u0301ral de la police nationale, Brahim Ahmat Gorou, a lors de son intervention souligne\u0301 qu'en pr ...","breadcrumb":{"@id":"https:\/\/www.africa-press.net\/tchad\/politique\/le-controleur-general-de-police-brahim-ahmat-gorou-est-le-nouveau-patron-de-la-police#breadcrumb"},"inLanguage":"fr-FR","potentialAction":[{"@type":"ReadAction","target":["https:\/\/www.africa-press.net\/tchad\/politique\/le-controleur-general-de-police-brahim-ahmat-gorou-est-le-nouveau-patron-de-la-police"]}]},{"@type":"ImageObject","inLanguage":"fr-FR","@id":"https:\/\/www.africa-press.net\/tchad\/politique\/le-controleur-general-de-police-brahim-ahmat-gorou-est-le-nouveau-patron-de-la-police#primaryimage","url":"https:\/\/static.africa-press.net\/tchad\/sites\/41\/2023\/11\/sm_1700313122.855458.jpg","contentUrl":"https:\/\/static.africa-press.net\/tchad\/sites\/41\/2023\/11\/sm_1700313122.855458.jpg","width":1040,"height":780,"caption":"le contr\u00f4leur g\u00e9n\u00e9ral de police Brahim Ahmat Gorou est le nouveau patron de la police"},{"@type":"BreadcrumbList","@id":"https:\/\/www.africa-press.net\/tchad\/politique\/le-controleur-general-de-police-brahim-ahmat-gorou-est-le-nouveau-patron-de-la-police#breadcrumb","itemListElement":[{"@type":"ListItem","position":1,"name":"Accueil","item":"https:\/\/www.africa-press.net\/tchad\/"},{"@type":"ListItem","position":2,"name":"le contr\u00f4leur g\u00e9n\u00e9ral de police Brahim Ahmat Gorou est le nouveau patron de la police"}]},{"@type":"WebSite","@id":"https:\/\/www.africa-press.net\/tchad\/#website","url":"https:\/\/www.africa-press.net\/tchad\/","name":"tchad","description":"Just another Africa News Agency Sites site","potentialAction":[{"@type":"SearchAction","target":{"@type":"EntryPoint","urlTemplate":"https:\/\/www.africa-press.net\/tchad\/?s={search_term_string}"},"query-input":{"@type":"PropertyValueSpecification","valueRequired":true,"valueName":"search_term_string"}}],"inLanguage":"fr-FR"},{"@type":"Person","@id":"https:\/\/www.africa-press.net\/tchad\/#\/schema\/person\/2b1cf3cd81a31e3cd26889ca66d677f1","name":"cfeditorfr"}]}},"_links":{"self":[{"href":"https:\/\/www.africa-press.net\/tchad\/wp-json\/wp\/v2\/posts\/54194","targetHints":{"allow":["GET"]}}],"collection":[{"href":"https:\/\/www.africa-press.net\/tchad\/wp-json\/wp\/v2\/posts"}],"about":[{"href":"https:\/\/www.africa-press.net\/tchad\/wp-json\/wp\/v2\/types\/post"}],"author":[{"embeddable":true,"href":"https:\/\/www.africa-press.net\/tchad\/wp-json\/wp\/v2\/users\/82"}],"replies":[{"embeddable":true,"href":"https:\/\/www.africa-press.net\/tchad\/wp-json\/wp\/v2\/comments?post=54194"}],"version-history":[{"count":0,"href":"https:\/\/www.africa-press.net\/tchad\/wp-json\/wp\/v2\/posts\/54194\/revisions"}],"wp:featuredmedia":[{"embeddable":true,"href":"https:\/\/www.africa-press.net\/tchad\/wp-json\/wp\/v2\/media\/54192"}],"wp:attachment":[{"href":"https:\/\/www.africa-press.net\/tchad\/wp-json\/wp\/v2\/media?parent=54194"}],"wp:term":[{"taxonomy":"category","embeddable":true,"href":"https:\/\/www.africa-press.net\/tchad\/wp-json\/wp\/v2\/categories?post=54194"},{"taxonomy":"post_tag","embeddable":true,"href":"https:\/\/www.africa-press.net\/tchad\/wp-json\/wp\/v2\/tags?post=54194"}],"curies":[{"name":"wp","href":"https:\/\/api.w.org\/{rel}","templated":true}]}}