{"id":54207,"date":"2023-11-18T16:37:10","date_gmt":"2023-11-18T16:37:10","guid":{"rendered":"https:\/\/www.africa-press.net\/tchad\/politique\/deux-hommes-tues-dans-une-attaque-pres-dadde-au-sila"},"modified":"2023-11-18T16:45:41","modified_gmt":"2023-11-18T16:45:41","slug":"deux-hommes-tues-dans-une-attaque-pres-dadde-au-sila","status":"publish","type":"post","link":"https:\/\/www.africa-press.net\/tchad\/toutes-les-actualites\/deux-hommes-tues-dans-une-attaque-pres-dadde-au-sila","title":{"rendered":"deux hommes tu\u00e9s dans une attaque pr\u00e8s d&rsquo;Add\u00e9 au Sila"},"content":{"rendered":"<p><span style=\"color: #ff6600\"><strong>Africa-Press &#8211; Tchad. <\/strong><\/span>Dans la province de Sila, deux hommes ont tragiquement perdu la vie apr\u00e8s une attaque survenue pr\u00e8s de la ville d&rsquo;Add\u00e9, situ\u00e9e \u00e0 environ 70 km de Goz-Be\u00efda, le chef-lieu de la province.<\/p>\n<p>Selon des te\u0301moignages concordants, le 15 novembre au soir, apre\u0300s avoir fre\u0301quente\u0301 le marche\u0301 hebdomadaire d&rsquo;Adde\u0301, les deux hommes ont e\u0301te\u0301 pris pour cibles et froidement abattus par des agresseurs non identifie\u0301s, arme\u0301s d&rsquo;un fusil Kalachnikov et d&rsquo;un Famas. L&rsquo;attaque s&rsquo;est produite a\u0300 la sortie de la ville, lors du retour des victimes chez elles. Une altercation a pre\u0301ce\u0301de\u0301 les coups de feu qui ont cou\u0302te\u0301 la vie aux deux hommes.<\/p>\n<p>La me\u0302me nuit, les assaillants ont e\u0301galement braque\u0301 deux autres personnes et vole\u0301 leur moto dans le village de Hadjar Marfai\u0308ne, situe\u0301 a\u0300 la pe\u0301riphe\u0301rie d&rsquo;Adde\u0301.<\/p>\n<p>Cette se\u0301rie d&rsquo;attaques marque une escalade de la violence dans la re\u0301gion d&rsquo;Adde\u0301, ou\u0300 l&rsquo;inse\u0301curite\u0301 s&rsquo;est intensifie\u0301e ces dernie\u0300res semaines, affectant la quie\u0301tude des habitants et leur acce\u0300s aux champs.<\/p>\n<p>Face a\u0300 cette vague de criminalite\u0301, la population locale appelle a\u0300 un renforcement urgent des mesures de se\u0301curite\u0301 pour e\u0301viter des trage\u0301dies supple\u0301mentaires. Les autorite\u0301s locales et le gouvernement de transition sont presse\u0301s d&rsquo;agir pour contrer cette menace se\u0301curitaire, notamment en raison de la proximite\u0301 de la zone avec le Soudan, ce qui augmente le risque d&rsquo;une de\u0301te\u0301rioration de la situation.<\/p>\n<p><strong>Pour plus d&rsquo;informations et d&rsquo;analyses sur la <a href=\"https:\/\/www.africa-press.net\/tchad\">Tchad<\/a>, suivez <a href=\"https:\/\/www.africa-press.net\/\">Africa-Press<\/a><\/strong><\/p>\n","protected":false},"excerpt":{"rendered":"<p>Africa-Press &#8211; Tchad. Dans la province de Sila, deux hommes ont tragiquement perdu la vie apr\u00e8s une attaque survenue pr\u00e8s de la ville d&rsquo;Add\u00e9, situ\u00e9e \u00e0 environ 70 km de Goz-Be\u00efda, le chef-lieu de la province. Selon des te\u0301moignages concordants, le 15 novembre au soir, apre\u0300s avoir fre\u0301quente\u0301 le marche\u0301 hebdomadaire d&rsquo;Adde\u0301, les deux hommes [&hellip;]<\/p>\n","protected":false},"author":82,"featured_media":54206,"comment_status":"open","ping_status":"closed","sticky":false,"template":"","format":"standard","meta":{"footnotes":""},"categories":[21,10],"tags":[37,292,29],"class_list":["post-54207","post","type-post","status-publish","format-standard","has-post-thumbnail","hentry","category-communaute","category-toutes-les-actualites","tag-africa-press","tag-africa-press-tchad","tag-tchad"],"yoast_head":"<!-- This site is optimized with the Yoast SEO Premium plugin v26.1 (Yoast SEO v27.0) - https:\/\/yoast.com\/product\/yoast-seo-premium-wordpress\/ -->\n<title>deux hommes tu\u00e9s dans une attaque pr\u00e8s d&#039;Add\u00e9 au Sila - tchad<\/title>\n<meta name=\"description\" content=\"Dans la province de Sila, deux hommes ont tragiquement perdu la vie apre\u0300s une attaque survenue pre\u0300s de la ville d&#039;Adde\u0301, ...\" \/>\n<meta name=\"robots\" content=\"index, follow, max-snippet:-1, max-image-preview:large, max-video-preview:-1\" \/>\n<link rel=\"canonical\" href=\"https:\/\/www.africa-press.net\/tchad\/toutes-les-actualites\/deux-hommes-tues-dans-une-attaque-pres-dadde-au-sila\" \/>\n<meta property=\"og:locale\" content=\"fr_FR\" \/>\n<meta property=\"og:type\" content=\"article\" \/>\n<meta property=\"og:title\" content=\"deux hommes tu\u00e9s dans une attaque pr\u00e8s d&#039;Add\u00e9 au Sila\" \/>\n<meta property=\"og:description\" content=\"Dans la province de Sila, deux hommes ont tragiquement perdu la vie apre\u0300s une attaque survenue pre\u0300s de la ville d&#039;Adde\u0301, ...\" \/>\n<meta property=\"og:url\" content=\"https:\/\/www.africa-press.net\/tchad\/toutes-les-actualites\/deux-hommes-tues-dans-une-attaque-pres-dadde-au-sila\" \/>\n<meta property=\"og:site_name\" content=\"tchad\" \/>\n<meta property=\"article:published_time\" content=\"2023-11-18T16:37:10+00:00\" \/>\n<meta property=\"article:modified_time\" content=\"2023-11-18T16:45:41+00:00\" \/>\n<meta property=\"og:image\" content=\"https:\/\/static.africa-press.net\/tchad\/sites\/41\/2023\/11\/sm_1700313288.926335.jpg\" \/>\n\t<meta property=\"og:image:width\" content=\"1080\" \/>\n\t<meta property=\"og:image:height\" content=\"810\" \/>\n\t<meta property=\"og:image:type\" content=\"image\/jpeg\" \/>\n<meta name=\"author\" content=\"cfeditorfr\" \/>\n<meta name=\"twitter:card\" content=\"summary_large_image\" \/>\n<meta name=\"twitter:label1\" content=\"\u00c9crit par\" \/>\n\t<meta name=\"twitter:data1\" content=\"cfeditorfr\" \/>\n\t<meta name=\"twitter:label2\" content=\"Dur\u00e9e de lecture estim\u00e9e\" \/>\n\t<meta name=\"twitter:data2\" content=\"1 minute\" \/>\n<script type=\"application\/ld+json\" class=\"yoast-schema-graph\">{\"@context\":\"https:\/\/schema.org\",\"@graph\":[{\"@type\":\"Article\",\"@id\":\"https:\/\/www.africa-press.net\/tchad\/toutes-les-actualites\/deux-hommes-tues-dans-une-attaque-pres-dadde-au-sila#article\",\"isPartOf\":{\"@id\":\"https:\/\/www.africa-press.net\/tchad\/toutes-les-actualites\/deux-hommes-tues-dans-une-attaque-pres-dadde-au-sila\"},\"author\":{\"name\":\"cfeditorfr\",\"@id\":\"https:\/\/www.africa-press.net\/tchad\/#\/schema\/person\/2b1cf3cd81a31e3cd26889ca66d677f1\"},\"headline\":\"deux hommes tu\u00e9s dans une attaque pr\u00e8s d&rsquo;Add\u00e9 au Sila\",\"datePublished\":\"2023-11-18T16:37:10+00:00\",\"dateModified\":\"2023-11-18T16:45:41+00:00\",\"mainEntityOfPage\":{\"@id\":\"https:\/\/www.africa-press.net\/tchad\/toutes-les-actualites\/deux-hommes-tues-dans-une-attaque-pres-dadde-au-sila\"},\"wordCount\":293,\"commentCount\":0,\"image\":{\"@id\":\"https:\/\/www.africa-press.net\/tchad\/toutes-les-actualites\/deux-hommes-tues-dans-une-attaque-pres-dadde-au-sila#primaryimage\"},\"thumbnailUrl\":\"https:\/\/static.africa-press.net\/tchad\/sites\/41\/2023\/11\/sm_1700313288.926335.jpg\",\"keywords\":[\"Africa Press\",\"Africa Press-Tchad\",\"Tchad\"],\"articleSection\":[\"Communaut\u00e9\",\"Toutes les actualit\u00e9s\"],\"inLanguage\":\"fr-FR\",\"potentialAction\":[{\"@type\":\"CommentAction\",\"name\":\"Comment\",\"target\":[\"https:\/\/www.africa-press.net\/tchad\/toutes-les-actualites\/deux-hommes-tues-dans-une-attaque-pres-dadde-au-sila#respond\"]}]},{\"@type\":\"WebPage\",\"@id\":\"https:\/\/www.africa-press.net\/tchad\/toutes-les-actualites\/deux-hommes-tues-dans-une-attaque-pres-dadde-au-sila\",\"url\":\"https:\/\/www.africa-press.net\/tchad\/toutes-les-actualites\/deux-hommes-tues-dans-une-attaque-pres-dadde-au-sila\",\"name\":\"deux hommes tu\u00e9s dans une attaque pr\u00e8s d'Add\u00e9 au Sila - tchad\",\"isPartOf\":{\"@id\":\"https:\/\/www.africa-press.net\/tchad\/#website\"},\"primaryImageOfPage\":{\"@id\":\"https:\/\/www.africa-press.net\/tchad\/toutes-les-actualites\/deux-hommes-tues-dans-une-attaque-pres-dadde-au-sila#primaryimage\"},\"image\":{\"@id\":\"https:\/\/www.africa-press.net\/tchad\/toutes-les-actualites\/deux-hommes-tues-dans-une-attaque-pres-dadde-au-sila#primaryimage\"},\"thumbnailUrl\":\"https:\/\/static.africa-press.net\/tchad\/sites\/41\/2023\/11\/sm_1700313288.926335.jpg\",\"datePublished\":\"2023-11-18T16:37:10+00:00\",\"dateModified\":\"2023-11-18T16:45:41+00:00\",\"author\":{\"@id\":\"https:\/\/www.africa-press.net\/tchad\/#\/schema\/person\/2b1cf3cd81a31e3cd26889ca66d677f1\"},\"description\":\"Dans la province de Sila, deux hommes ont tragiquement perdu la vie apre\u0300s une attaque survenue pre\u0300s de la ville d'Adde\u0301, ...\",\"breadcrumb\":{\"@id\":\"https:\/\/www.africa-press.net\/tchad\/toutes-les-actualites\/deux-hommes-tues-dans-une-attaque-pres-dadde-au-sila#breadcrumb\"},\"inLanguage\":\"fr-FR\",\"potentialAction\":[{\"@type\":\"ReadAction\",\"target\":[\"https:\/\/www.africa-press.net\/tchad\/toutes-les-actualites\/deux-hommes-tues-dans-une-attaque-pres-dadde-au-sila\"]}]},{\"@type\":\"ImageObject\",\"inLanguage\":\"fr-FR\",\"@id\":\"https:\/\/www.africa-press.net\/tchad\/toutes-les-actualites\/deux-hommes-tues-dans-une-attaque-pres-dadde-au-sila#primaryimage\",\"url\":\"https:\/\/static.africa-press.net\/tchad\/sites\/41\/2023\/11\/sm_1700313288.926335.jpg\",\"contentUrl\":\"https:\/\/static.africa-press.net\/tchad\/sites\/41\/2023\/11\/sm_1700313288.926335.jpg\",\"width\":1080,\"height\":810,\"caption\":\"deux hommes tu\u00e9s dans une attaque pr\u00e8s d'Add\u00e9 au Sila\"},{\"@type\":\"BreadcrumbList\",\"@id\":\"https:\/\/www.africa-press.net\/tchad\/toutes-les-actualites\/deux-hommes-tues-dans-une-attaque-pres-dadde-au-sila#breadcrumb\",\"itemListElement\":[{\"@type\":\"ListItem\",\"position\":1,\"name\":\"Accueil\",\"item\":\"https:\/\/www.africa-press.net\/tchad\/\"},{\"@type\":\"ListItem\",\"position\":2,\"name\":\"deux hommes tu\u00e9s dans une attaque pr\u00e8s d&#8217;Add\u00e9 au Sila\"}]},{\"@type\":\"WebSite\",\"@id\":\"https:\/\/www.africa-press.net\/tchad\/#website\",\"url\":\"https:\/\/www.africa-press.net\/tchad\/\",\"name\":\"tchad\",\"description\":\"Just another Africa News Agency Sites site\",\"potentialAction\":[{\"@type\":\"SearchAction\",\"target\":{\"@type\":\"EntryPoint\",\"urlTemplate\":\"https:\/\/www.africa-press.net\/tchad\/?s={search_term_string}\"},\"query-input\":{\"@type\":\"PropertyValueSpecification\",\"valueRequired\":true,\"valueName\":\"search_term_string\"}}],\"inLanguage\":\"fr-FR\"},{\"@type\":\"Person\",\"@id\":\"https:\/\/www.africa-press.net\/tchad\/#\/schema\/person\/2b1cf3cd81a31e3cd26889ca66d677f1\",\"name\":\"cfeditorfr\"}]}<\/script>\n<!-- \/ Yoast SEO Premium plugin. -->","yoast_head_json":{"title":"deux hommes tu\u00e9s dans une attaque pr\u00e8s d'Add\u00e9 au Sila - tchad","description":"Dans la province de Sila, deux hommes ont tragiquement perdu la vie apre\u0300s une attaque survenue pre\u0300s de la ville d'Adde\u0301, ...","robots":{"index":"index","follow":"follow","max-snippet":"max-snippet:-1","max-image-preview":"max-image-preview:large","max-video-preview":"max-video-preview:-1"},"canonical":"https:\/\/www.africa-press.net\/tchad\/toutes-les-actualites\/deux-hommes-tues-dans-une-attaque-pres-dadde-au-sila","og_locale":"fr_FR","og_type":"article","og_title":"deux hommes tu\u00e9s dans une attaque pr\u00e8s d'Add\u00e9 au Sila","og_description":"Dans la province de Sila, deux hommes ont tragiquement perdu la vie apre\u0300s une attaque survenue pre\u0300s de la ville d'Adde\u0301, ...","og_url":"https:\/\/www.africa-press.net\/tchad\/toutes-les-actualites\/deux-hommes-tues-dans-une-attaque-pres-dadde-au-sila","og_site_name":"tchad","article_published_time":"2023-11-18T16:37:10+00:00","article_modified_time":"2023-11-18T16:45:41+00:00","og_image":[{"width":1080,"height":810,"url":"https:\/\/static.africa-press.net\/tchad\/sites\/41\/2023\/11\/sm_1700313288.926335.jpg","type":"image\/jpeg"}],"author":"cfeditorfr","twitter_card":"summary_large_image","twitter_misc":{"\u00c9crit par":"cfeditorfr","Dur\u00e9e de lecture estim\u00e9e":"1 minute"},"schema":{"@context":"https:\/\/schema.org","@graph":[{"@type":"Article","@id":"https:\/\/www.africa-press.net\/tchad\/toutes-les-actualites\/deux-hommes-tues-dans-une-attaque-pres-dadde-au-sila#article","isPartOf":{"@id":"https:\/\/www.africa-press.net\/tchad\/toutes-les-actualites\/deux-hommes-tues-dans-une-attaque-pres-dadde-au-sila"},"author":{"name":"cfeditorfr","@id":"https:\/\/www.africa-press.net\/tchad\/#\/schema\/person\/2b1cf3cd81a31e3cd26889ca66d677f1"},"headline":"deux hommes tu\u00e9s dans une attaque pr\u00e8s d&rsquo;Add\u00e9 au Sila","datePublished":"2023-11-18T16:37:10+00:00","dateModified":"2023-11-18T16:45:41+00:00","mainEntityOfPage":{"@id":"https:\/\/www.africa-press.net\/tchad\/toutes-les-actualites\/deux-hommes-tues-dans-une-attaque-pres-dadde-au-sila"},"wordCount":293,"commentCount":0,"image":{"@id":"https:\/\/www.africa-press.net\/tchad\/toutes-les-actualites\/deux-hommes-tues-dans-une-attaque-pres-dadde-au-sila#primaryimage"},"thumbnailUrl":"https:\/\/static.africa-press.net\/tchad\/sites\/41\/2023\/11\/sm_1700313288.926335.jpg","keywords":["Africa Press","Africa Press-Tchad","Tchad"],"articleSection":["Communaut\u00e9","Toutes les actualit\u00e9s"],"inLanguage":"fr-FR","potentialAction":[{"@type":"CommentAction","name":"Comment","target":["https:\/\/www.africa-press.net\/tchad\/toutes-les-actualites\/deux-hommes-tues-dans-une-attaque-pres-dadde-au-sila#respond"]}]},{"@type":"WebPage","@id":"https:\/\/www.africa-press.net\/tchad\/toutes-les-actualites\/deux-hommes-tues-dans-une-attaque-pres-dadde-au-sila","url":"https:\/\/www.africa-press.net\/tchad\/toutes-les-actualites\/deux-hommes-tues-dans-une-attaque-pres-dadde-au-sila","name":"deux hommes tu\u00e9s dans une attaque pr\u00e8s d'Add\u00e9 au Sila - tchad","isPartOf":{"@id":"https:\/\/www.africa-press.net\/tchad\/#website"},"primaryImageOfPage":{"@id":"https:\/\/www.africa-press.net\/tchad\/toutes-les-actualites\/deux-hommes-tues-dans-une-attaque-pres-dadde-au-sila#primaryimage"},"image":{"@id":"https:\/\/www.africa-press.net\/tchad\/toutes-les-actualites\/deux-hommes-tues-dans-une-attaque-pres-dadde-au-sila#primaryimage"},"thumbnailUrl":"https:\/\/static.africa-press.net\/tchad\/sites\/41\/2023\/11\/sm_1700313288.926335.jpg","datePublished":"2023-11-18T16:37:10+00:00","dateModified":"2023-11-18T16:45:41+00:00","author":{"@id":"https:\/\/www.africa-press.net\/tchad\/#\/schema\/person\/2b1cf3cd81a31e3cd26889ca66d677f1"},"description":"Dans la province de Sila, deux hommes ont tragiquement perdu la vie apre\u0300s une attaque survenue pre\u0300s de la ville d'Adde\u0301, ...","breadcrumb":{"@id":"https:\/\/www.africa-press.net\/tchad\/toutes-les-actualites\/deux-hommes-tues-dans-une-attaque-pres-dadde-au-sila#breadcrumb"},"inLanguage":"fr-FR","potentialAction":[{"@type":"ReadAction","target":["https:\/\/www.africa-press.net\/tchad\/toutes-les-actualites\/deux-hommes-tues-dans-une-attaque-pres-dadde-au-sila"]}]},{"@type":"ImageObject","inLanguage":"fr-FR","@id":"https:\/\/www.africa-press.net\/tchad\/toutes-les-actualites\/deux-hommes-tues-dans-une-attaque-pres-dadde-au-sila#primaryimage","url":"https:\/\/static.africa-press.net\/tchad\/sites\/41\/2023\/11\/sm_1700313288.926335.jpg","contentUrl":"https:\/\/static.africa-press.net\/tchad\/sites\/41\/2023\/11\/sm_1700313288.926335.jpg","width":1080,"height":810,"caption":"deux hommes tu\u00e9s dans une attaque pr\u00e8s d'Add\u00e9 au Sila"},{"@type":"BreadcrumbList","@id":"https:\/\/www.africa-press.net\/tchad\/toutes-les-actualites\/deux-hommes-tues-dans-une-attaque-pres-dadde-au-sila#breadcrumb","itemListElement":[{"@type":"ListItem","position":1,"name":"Accueil","item":"https:\/\/www.africa-press.net\/tchad\/"},{"@type":"ListItem","position":2,"name":"deux hommes tu\u00e9s dans une attaque pr\u00e8s d&#8217;Add\u00e9 au Sila"}]},{"@type":"WebSite","@id":"https:\/\/www.africa-press.net\/tchad\/#website","url":"https:\/\/www.africa-press.net\/tchad\/","name":"tchad","description":"Just another Africa News Agency Sites site","potentialAction":[{"@type":"SearchAction","target":{"@type":"EntryPoint","urlTemplate":"https:\/\/www.africa-press.net\/tchad\/?s={search_term_string}"},"query-input":{"@type":"PropertyValueSpecification","valueRequired":true,"valueName":"search_term_string"}}],"inLanguage":"fr-FR"},{"@type":"Person","@id":"https:\/\/www.africa-press.net\/tchad\/#\/schema\/person\/2b1cf3cd81a31e3cd26889ca66d677f1","name":"cfeditorfr"}]}},"_links":{"self":[{"href":"https:\/\/www.africa-press.net\/tchad\/wp-json\/wp\/v2\/posts\/54207","targetHints":{"allow":["GET"]}}],"collection":[{"href":"https:\/\/www.africa-press.net\/tchad\/wp-json\/wp\/v2\/posts"}],"about":[{"href":"https:\/\/www.africa-press.net\/tchad\/wp-json\/wp\/v2\/types\/post"}],"author":[{"embeddable":true,"href":"https:\/\/www.africa-press.net\/tchad\/wp-json\/wp\/v2\/users\/82"}],"replies":[{"embeddable":true,"href":"https:\/\/www.africa-press.net\/tchad\/wp-json\/wp\/v2\/comments?post=54207"}],"version-history":[{"count":0,"href":"https:\/\/www.africa-press.net\/tchad\/wp-json\/wp\/v2\/posts\/54207\/revisions"}],"wp:featuredmedia":[{"embeddable":true,"href":"https:\/\/www.africa-press.net\/tchad\/wp-json\/wp\/v2\/media\/54206"}],"wp:attachment":[{"href":"https:\/\/www.africa-press.net\/tchad\/wp-json\/wp\/v2\/media?parent=54207"}],"wp:term":[{"taxonomy":"category","embeddable":true,"href":"https:\/\/www.africa-press.net\/tchad\/wp-json\/wp\/v2\/categories?post=54207"},{"taxonomy":"post_tag","embeddable":true,"href":"https:\/\/www.africa-press.net\/tchad\/wp-json\/wp\/v2\/tags?post=54207"}],"curies":[{"name":"wp","href":"https:\/\/api.w.org\/{rel}","templated":true}]}}