{"id":54211,"date":"2023-11-18T16:38:10","date_gmt":"2023-11-18T16:38:10","guid":{"rendered":"https:\/\/www.africa-press.net\/tchad\/politique\/limportance-de-la-gestion-communautaire-des-risques-climatiques-mise-en-lumiere"},"modified":"2023-11-18T16:47:37","modified_gmt":"2023-11-18T16:47:37","slug":"limportance-de-la-gestion-communautaire-des-risques-climatiques-mise-en-lumiere","status":"publish","type":"post","link":"https:\/\/www.africa-press.net\/tchad\/toutes-les-actualites\/limportance-de-la-gestion-communautaire-des-risques-climatiques-mise-en-lumiere","title":{"rendered":"L&rsquo;importance de la gestion communautaire des risques climatiques mise en lumi\u00e8re"},"content":{"rendered":"<p><span style=\"color: #ff6600\"><strong>Africa-Press &#8211; Tchad. <\/strong><\/span>Dans le cadre d&rsquo;un atelier organise\u0301 dans les deux re\u0301gions de Logone par l&rsquo;e\u0301quipe technique du PNUD et l&rsquo;ONG ESEDD, le coordonnateur national du projet Gestion communautaire des risques climatiques, Abraham Allonanga, a clarifie\u0301 les objectifs et les me\u0301canismes du projet aux communaute\u0301s locales lors d&rsquo;un entretien avec le correspondant d&rsquo;Alwihda Info. Allonanga a indique\u0301 que ce projet, initie\u0301 par le gouvernement tchadien, vise a\u0300 sensibiliser et pre\u0301parer les communaute\u0301s a\u0300 affronter et s&rsquo;adapter aux conse\u0301quences du changement climatique.<\/p>\n<p>Selon Allonanga, les activite\u0301s sur le terrain jouent un ro\u0302le crucial en permettant aux communaute\u0301s de se pre\u0301parer et de re\u0301agir proactivement aux risques climatiques gra\u0302ce a\u0300 des syste\u0300mes d&rsquo;alerte pre\u0301coce.<\/p>\n<p>Il a e\u0301galement discute\u0301 de l\u2019assurance agricole indicielle comme un outil de gestion des risques lie\u0301s aux pratiques agricoles, en mettant l\u2019accent sur la protection contre des phe\u0301nome\u0300nes spe\u0301cifiques tels que la se\u0301cheresse et les pre\u0301cipitations excessives.<\/p>\n<p>Allonanga a explique\u0301 que l\u2019assurance indicielle permet aux communaute\u0301s de mieux se pre\u0301munir contre les catastrophes naturelles. Il a clarifie\u0301 le concept de prime d\u2019assurance, qui de\u0301pend du cou\u0302t de production et du revenu global attendu, permettant aux agriculteurs de souscrire a\u0300 une assurance base\u0301e sur des indices climatiques pour prote\u0301ger leurs cultures.<\/p>\n<p>Enfin, il a souligne\u0301 que les producteurs doivent assurer leurs champs en tenant compte des indices climatiques choisis, ce qui offre une couverture en cas de se\u0301cheresse ou de pluies excessives.<\/p>\n<p><strong>Pour plus d&rsquo;informations et d&rsquo;analyses sur la <a href=\"https:\/\/www.africa-press.net\/tchad\">Tchad<\/a>, suivez <a href=\"https:\/\/www.africa-press.net\/\">Africa-Press<\/a><\/strong><\/p>\n","protected":false},"excerpt":{"rendered":"<p>Africa-Press &#8211; Tchad. Dans le cadre d&rsquo;un atelier organise\u0301 dans les deux re\u0301gions de Logone par l&rsquo;e\u0301quipe technique du PNUD et l&rsquo;ONG ESEDD, le coordonnateur national du projet Gestion communautaire des risques climatiques, Abraham Allonanga, a clarifie\u0301 les objectifs et les me\u0301canismes du projet aux communaute\u0301s locales lors d&rsquo;un entretien avec le correspondant d&rsquo;Alwihda Info. [&hellip;]<\/p>\n","protected":false},"author":82,"featured_media":54210,"comment_status":"open","ping_status":"closed","sticky":false,"template":"","format":"standard","meta":{"footnotes":""},"categories":[21,10],"tags":[37,292,29],"class_list":["post-54211","post","type-post","status-publish","format-standard","has-post-thumbnail","hentry","category-communaute","category-toutes-les-actualites","tag-africa-press","tag-africa-press-tchad","tag-tchad"],"yoast_head":"<!-- This site is optimized with the Yoast SEO Premium plugin v26.1 (Yoast SEO v27.0) - https:\/\/yoast.com\/product\/yoast-seo-premium-wordpress\/ -->\n<title>L&#039;importance de la gestion communautaire des risques climatiques mise en lumi\u00e8re - tchad<\/title>\n<meta name=\"description\" content=\"Dans le cadre d&#039;un atelier organise\u0301 dans les deux re\u0301gions de Logone par l&#039;e\u0301quipe technique du PNUD et l&#039;ONG ESEDD, le ...\" \/>\n<meta name=\"robots\" content=\"index, follow, max-snippet:-1, max-image-preview:large, max-video-preview:-1\" \/>\n<link rel=\"canonical\" href=\"https:\/\/www.africa-press.net\/tchad\/toutes-les-actualites\/limportance-de-la-gestion-communautaire-des-risques-climatiques-mise-en-lumiere\" \/>\n<meta property=\"og:locale\" content=\"fr_FR\" \/>\n<meta property=\"og:type\" content=\"article\" \/>\n<meta property=\"og:title\" content=\"L&#039;importance de la gestion communautaire des risques climatiques mise en lumi\u00e8re\" \/>\n<meta property=\"og:description\" content=\"Dans le cadre d&#039;un atelier organise\u0301 dans les deux re\u0301gions de Logone par l&#039;e\u0301quipe technique du PNUD et l&#039;ONG ESEDD, le ...\" \/>\n<meta property=\"og:url\" content=\"https:\/\/www.africa-press.net\/tchad\/toutes-les-actualites\/limportance-de-la-gestion-communautaire-des-risques-climatiques-mise-en-lumiere\" \/>\n<meta property=\"og:site_name\" content=\"tchad\" \/>\n<meta property=\"article:published_time\" content=\"2023-11-18T16:38:10+00:00\" \/>\n<meta property=\"article:modified_time\" content=\"2023-11-18T16:47:37+00:00\" \/>\n<meta property=\"og:image\" content=\"https:\/\/static.africa-press.net\/tchad\/sites\/41\/2023\/11\/sm_1700313390.025164.jpg\" \/>\n\t<meta property=\"og:image:width\" content=\"1280\" \/>\n\t<meta property=\"og:image:height\" content=\"720\" \/>\n\t<meta property=\"og:image:type\" content=\"image\/jpeg\" \/>\n<meta name=\"author\" content=\"cfeditorfr\" \/>\n<meta name=\"twitter:card\" content=\"summary_large_image\" \/>\n<meta name=\"twitter:label1\" content=\"\u00c9crit par\" \/>\n\t<meta name=\"twitter:data1\" content=\"cfeditorfr\" \/>\n\t<meta name=\"twitter:label2\" content=\"Dur\u00e9e de lecture estim\u00e9e\" \/>\n\t<meta name=\"twitter:data2\" content=\"2 minutes\" \/>\n<script type=\"application\/ld+json\" class=\"yoast-schema-graph\">{\"@context\":\"https:\/\/schema.org\",\"@graph\":[{\"@type\":\"Article\",\"@id\":\"https:\/\/www.africa-press.net\/tchad\/toutes-les-actualites\/limportance-de-la-gestion-communautaire-des-risques-climatiques-mise-en-lumiere#article\",\"isPartOf\":{\"@id\":\"https:\/\/www.africa-press.net\/tchad\/toutes-les-actualites\/limportance-de-la-gestion-communautaire-des-risques-climatiques-mise-en-lumiere\"},\"author\":{\"name\":\"cfeditorfr\",\"@id\":\"https:\/\/www.africa-press.net\/tchad\/#\/schema\/person\/2b1cf3cd81a31e3cd26889ca66d677f1\"},\"headline\":\"L&rsquo;importance de la gestion communautaire des risques climatiques mise en lumi\u00e8re\",\"datePublished\":\"2023-11-18T16:38:10+00:00\",\"dateModified\":\"2023-11-18T16:47:37+00:00\",\"mainEntityOfPage\":{\"@id\":\"https:\/\/www.africa-press.net\/tchad\/toutes-les-actualites\/limportance-de-la-gestion-communautaire-des-risques-climatiques-mise-en-lumiere\"},\"wordCount\":299,\"commentCount\":0,\"image\":{\"@id\":\"https:\/\/www.africa-press.net\/tchad\/toutes-les-actualites\/limportance-de-la-gestion-communautaire-des-risques-climatiques-mise-en-lumiere#primaryimage\"},\"thumbnailUrl\":\"https:\/\/static.africa-press.net\/tchad\/sites\/41\/2023\/11\/sm_1700313390.025164.jpg\",\"keywords\":[\"Africa Press\",\"Africa Press-Tchad\",\"Tchad\"],\"articleSection\":[\"Communaut\u00e9\",\"Toutes les actualit\u00e9s\"],\"inLanguage\":\"fr-FR\",\"potentialAction\":[{\"@type\":\"CommentAction\",\"name\":\"Comment\",\"target\":[\"https:\/\/www.africa-press.net\/tchad\/toutes-les-actualites\/limportance-de-la-gestion-communautaire-des-risques-climatiques-mise-en-lumiere#respond\"]}]},{\"@type\":\"WebPage\",\"@id\":\"https:\/\/www.africa-press.net\/tchad\/toutes-les-actualites\/limportance-de-la-gestion-communautaire-des-risques-climatiques-mise-en-lumiere\",\"url\":\"https:\/\/www.africa-press.net\/tchad\/toutes-les-actualites\/limportance-de-la-gestion-communautaire-des-risques-climatiques-mise-en-lumiere\",\"name\":\"L'importance de la gestion communautaire des risques climatiques mise en lumi\u00e8re - tchad\",\"isPartOf\":{\"@id\":\"https:\/\/www.africa-press.net\/tchad\/#website\"},\"primaryImageOfPage\":{\"@id\":\"https:\/\/www.africa-press.net\/tchad\/toutes-les-actualites\/limportance-de-la-gestion-communautaire-des-risques-climatiques-mise-en-lumiere#primaryimage\"},\"image\":{\"@id\":\"https:\/\/www.africa-press.net\/tchad\/toutes-les-actualites\/limportance-de-la-gestion-communautaire-des-risques-climatiques-mise-en-lumiere#primaryimage\"},\"thumbnailUrl\":\"https:\/\/static.africa-press.net\/tchad\/sites\/41\/2023\/11\/sm_1700313390.025164.jpg\",\"datePublished\":\"2023-11-18T16:38:10+00:00\",\"dateModified\":\"2023-11-18T16:47:37+00:00\",\"author\":{\"@id\":\"https:\/\/www.africa-press.net\/tchad\/#\/schema\/person\/2b1cf3cd81a31e3cd26889ca66d677f1\"},\"description\":\"Dans le cadre d'un atelier organise\u0301 dans les deux re\u0301gions de Logone par l'e\u0301quipe technique du PNUD et l'ONG ESEDD, le ...\",\"breadcrumb\":{\"@id\":\"https:\/\/www.africa-press.net\/tchad\/toutes-les-actualites\/limportance-de-la-gestion-communautaire-des-risques-climatiques-mise-en-lumiere#breadcrumb\"},\"inLanguage\":\"fr-FR\",\"potentialAction\":[{\"@type\":\"ReadAction\",\"target\":[\"https:\/\/www.africa-press.net\/tchad\/toutes-les-actualites\/limportance-de-la-gestion-communautaire-des-risques-climatiques-mise-en-lumiere\"]}]},{\"@type\":\"ImageObject\",\"inLanguage\":\"fr-FR\",\"@id\":\"https:\/\/www.africa-press.net\/tchad\/toutes-les-actualites\/limportance-de-la-gestion-communautaire-des-risques-climatiques-mise-en-lumiere#primaryimage\",\"url\":\"https:\/\/static.africa-press.net\/tchad\/sites\/41\/2023\/11\/sm_1700313390.025164.jpg\",\"contentUrl\":\"https:\/\/static.africa-press.net\/tchad\/sites\/41\/2023\/11\/sm_1700313390.025164.jpg\",\"width\":1280,\"height\":720,\"caption\":\"L'importance de la gestion communautaire des risques climatiques mise en lumi\u00e8re\"},{\"@type\":\"BreadcrumbList\",\"@id\":\"https:\/\/www.africa-press.net\/tchad\/toutes-les-actualites\/limportance-de-la-gestion-communautaire-des-risques-climatiques-mise-en-lumiere#breadcrumb\",\"itemListElement\":[{\"@type\":\"ListItem\",\"position\":1,\"name\":\"Accueil\",\"item\":\"https:\/\/www.africa-press.net\/tchad\/\"},{\"@type\":\"ListItem\",\"position\":2,\"name\":\"L&#8217;importance de la gestion communautaire des risques climatiques mise en lumi\u00e8re\"}]},{\"@type\":\"WebSite\",\"@id\":\"https:\/\/www.africa-press.net\/tchad\/#website\",\"url\":\"https:\/\/www.africa-press.net\/tchad\/\",\"name\":\"tchad\",\"description\":\"Just another Africa News Agency Sites site\",\"potentialAction\":[{\"@type\":\"SearchAction\",\"target\":{\"@type\":\"EntryPoint\",\"urlTemplate\":\"https:\/\/www.africa-press.net\/tchad\/?s={search_term_string}\"},\"query-input\":{\"@type\":\"PropertyValueSpecification\",\"valueRequired\":true,\"valueName\":\"search_term_string\"}}],\"inLanguage\":\"fr-FR\"},{\"@type\":\"Person\",\"@id\":\"https:\/\/www.africa-press.net\/tchad\/#\/schema\/person\/2b1cf3cd81a31e3cd26889ca66d677f1\",\"name\":\"cfeditorfr\"}]}<\/script>\n<!-- \/ Yoast SEO Premium plugin. -->","yoast_head_json":{"title":"L'importance de la gestion communautaire des risques climatiques mise en lumi\u00e8re - tchad","description":"Dans le cadre d'un atelier organise\u0301 dans les deux re\u0301gions de Logone par l'e\u0301quipe technique du PNUD et l'ONG ESEDD, le ...","robots":{"index":"index","follow":"follow","max-snippet":"max-snippet:-1","max-image-preview":"max-image-preview:large","max-video-preview":"max-video-preview:-1"},"canonical":"https:\/\/www.africa-press.net\/tchad\/toutes-les-actualites\/limportance-de-la-gestion-communautaire-des-risques-climatiques-mise-en-lumiere","og_locale":"fr_FR","og_type":"article","og_title":"L'importance de la gestion communautaire des risques climatiques mise en lumi\u00e8re","og_description":"Dans le cadre d'un atelier organise\u0301 dans les deux re\u0301gions de Logone par l'e\u0301quipe technique du PNUD et l'ONG ESEDD, le ...","og_url":"https:\/\/www.africa-press.net\/tchad\/toutes-les-actualites\/limportance-de-la-gestion-communautaire-des-risques-climatiques-mise-en-lumiere","og_site_name":"tchad","article_published_time":"2023-11-18T16:38:10+00:00","article_modified_time":"2023-11-18T16:47:37+00:00","og_image":[{"width":1280,"height":720,"url":"https:\/\/static.africa-press.net\/tchad\/sites\/41\/2023\/11\/sm_1700313390.025164.jpg","type":"image\/jpeg"}],"author":"cfeditorfr","twitter_card":"summary_large_image","twitter_misc":{"\u00c9crit par":"cfeditorfr","Dur\u00e9e de lecture estim\u00e9e":"2 minutes"},"schema":{"@context":"https:\/\/schema.org","@graph":[{"@type":"Article","@id":"https:\/\/www.africa-press.net\/tchad\/toutes-les-actualites\/limportance-de-la-gestion-communautaire-des-risques-climatiques-mise-en-lumiere#article","isPartOf":{"@id":"https:\/\/www.africa-press.net\/tchad\/toutes-les-actualites\/limportance-de-la-gestion-communautaire-des-risques-climatiques-mise-en-lumiere"},"author":{"name":"cfeditorfr","@id":"https:\/\/www.africa-press.net\/tchad\/#\/schema\/person\/2b1cf3cd81a31e3cd26889ca66d677f1"},"headline":"L&rsquo;importance de la gestion communautaire des risques climatiques mise en lumi\u00e8re","datePublished":"2023-11-18T16:38:10+00:00","dateModified":"2023-11-18T16:47:37+00:00","mainEntityOfPage":{"@id":"https:\/\/www.africa-press.net\/tchad\/toutes-les-actualites\/limportance-de-la-gestion-communautaire-des-risques-climatiques-mise-en-lumiere"},"wordCount":299,"commentCount":0,"image":{"@id":"https:\/\/www.africa-press.net\/tchad\/toutes-les-actualites\/limportance-de-la-gestion-communautaire-des-risques-climatiques-mise-en-lumiere#primaryimage"},"thumbnailUrl":"https:\/\/static.africa-press.net\/tchad\/sites\/41\/2023\/11\/sm_1700313390.025164.jpg","keywords":["Africa Press","Africa Press-Tchad","Tchad"],"articleSection":["Communaut\u00e9","Toutes les actualit\u00e9s"],"inLanguage":"fr-FR","potentialAction":[{"@type":"CommentAction","name":"Comment","target":["https:\/\/www.africa-press.net\/tchad\/toutes-les-actualites\/limportance-de-la-gestion-communautaire-des-risques-climatiques-mise-en-lumiere#respond"]}]},{"@type":"WebPage","@id":"https:\/\/www.africa-press.net\/tchad\/toutes-les-actualites\/limportance-de-la-gestion-communautaire-des-risques-climatiques-mise-en-lumiere","url":"https:\/\/www.africa-press.net\/tchad\/toutes-les-actualites\/limportance-de-la-gestion-communautaire-des-risques-climatiques-mise-en-lumiere","name":"L'importance de la gestion communautaire des risques climatiques mise en lumi\u00e8re - tchad","isPartOf":{"@id":"https:\/\/www.africa-press.net\/tchad\/#website"},"primaryImageOfPage":{"@id":"https:\/\/www.africa-press.net\/tchad\/toutes-les-actualites\/limportance-de-la-gestion-communautaire-des-risques-climatiques-mise-en-lumiere#primaryimage"},"image":{"@id":"https:\/\/www.africa-press.net\/tchad\/toutes-les-actualites\/limportance-de-la-gestion-communautaire-des-risques-climatiques-mise-en-lumiere#primaryimage"},"thumbnailUrl":"https:\/\/static.africa-press.net\/tchad\/sites\/41\/2023\/11\/sm_1700313390.025164.jpg","datePublished":"2023-11-18T16:38:10+00:00","dateModified":"2023-11-18T16:47:37+00:00","author":{"@id":"https:\/\/www.africa-press.net\/tchad\/#\/schema\/person\/2b1cf3cd81a31e3cd26889ca66d677f1"},"description":"Dans le cadre d'un atelier organise\u0301 dans les deux re\u0301gions de Logone par l'e\u0301quipe technique du PNUD et l'ONG ESEDD, le ...","breadcrumb":{"@id":"https:\/\/www.africa-press.net\/tchad\/toutes-les-actualites\/limportance-de-la-gestion-communautaire-des-risques-climatiques-mise-en-lumiere#breadcrumb"},"inLanguage":"fr-FR","potentialAction":[{"@type":"ReadAction","target":["https:\/\/www.africa-press.net\/tchad\/toutes-les-actualites\/limportance-de-la-gestion-communautaire-des-risques-climatiques-mise-en-lumiere"]}]},{"@type":"ImageObject","inLanguage":"fr-FR","@id":"https:\/\/www.africa-press.net\/tchad\/toutes-les-actualites\/limportance-de-la-gestion-communautaire-des-risques-climatiques-mise-en-lumiere#primaryimage","url":"https:\/\/static.africa-press.net\/tchad\/sites\/41\/2023\/11\/sm_1700313390.025164.jpg","contentUrl":"https:\/\/static.africa-press.net\/tchad\/sites\/41\/2023\/11\/sm_1700313390.025164.jpg","width":1280,"height":720,"caption":"L'importance de la gestion communautaire des risques climatiques mise en lumi\u00e8re"},{"@type":"BreadcrumbList","@id":"https:\/\/www.africa-press.net\/tchad\/toutes-les-actualites\/limportance-de-la-gestion-communautaire-des-risques-climatiques-mise-en-lumiere#breadcrumb","itemListElement":[{"@type":"ListItem","position":1,"name":"Accueil","item":"https:\/\/www.africa-press.net\/tchad\/"},{"@type":"ListItem","position":2,"name":"L&#8217;importance de la gestion communautaire des risques climatiques mise en lumi\u00e8re"}]},{"@type":"WebSite","@id":"https:\/\/www.africa-press.net\/tchad\/#website","url":"https:\/\/www.africa-press.net\/tchad\/","name":"tchad","description":"Just another Africa News Agency Sites site","potentialAction":[{"@type":"SearchAction","target":{"@type":"EntryPoint","urlTemplate":"https:\/\/www.africa-press.net\/tchad\/?s={search_term_string}"},"query-input":{"@type":"PropertyValueSpecification","valueRequired":true,"valueName":"search_term_string"}}],"inLanguage":"fr-FR"},{"@type":"Person","@id":"https:\/\/www.africa-press.net\/tchad\/#\/schema\/person\/2b1cf3cd81a31e3cd26889ca66d677f1","name":"cfeditorfr"}]}},"_links":{"self":[{"href":"https:\/\/www.africa-press.net\/tchad\/wp-json\/wp\/v2\/posts\/54211","targetHints":{"allow":["GET"]}}],"collection":[{"href":"https:\/\/www.africa-press.net\/tchad\/wp-json\/wp\/v2\/posts"}],"about":[{"href":"https:\/\/www.africa-press.net\/tchad\/wp-json\/wp\/v2\/types\/post"}],"author":[{"embeddable":true,"href":"https:\/\/www.africa-press.net\/tchad\/wp-json\/wp\/v2\/users\/82"}],"replies":[{"embeddable":true,"href":"https:\/\/www.africa-press.net\/tchad\/wp-json\/wp\/v2\/comments?post=54211"}],"version-history":[{"count":0,"href":"https:\/\/www.africa-press.net\/tchad\/wp-json\/wp\/v2\/posts\/54211\/revisions"}],"wp:featuredmedia":[{"embeddable":true,"href":"https:\/\/www.africa-press.net\/tchad\/wp-json\/wp\/v2\/media\/54210"}],"wp:attachment":[{"href":"https:\/\/www.africa-press.net\/tchad\/wp-json\/wp\/v2\/media?parent=54211"}],"wp:term":[{"taxonomy":"category","embeddable":true,"href":"https:\/\/www.africa-press.net\/tchad\/wp-json\/wp\/v2\/categories?post=54211"},{"taxonomy":"post_tag","embeddable":true,"href":"https:\/\/www.africa-press.net\/tchad\/wp-json\/wp\/v2\/tags?post=54211"}],"curies":[{"name":"wp","href":"https:\/\/api.w.org\/{rel}","templated":true}]}}