{"id":54236,"date":"2023-11-19T17:30:37","date_gmt":"2023-11-19T17:30:37","guid":{"rendered":"https:\/\/www.africa-press.net\/tchad\/politique\/lancement-du-projet-de-sante-maternelle-et-infantile-dans-la-province-de-hadjar-lamis"},"modified":"2023-11-19T17:53:02","modified_gmt":"2023-11-19T17:53:02","slug":"lancement-du-projet-de-sante-maternelle-et-infantile-dans-la-province-de-hadjar-lamis","status":"publish","type":"post","link":"https:\/\/www.africa-press.net\/tchad\/toutes-les-actualites\/lancement-du-projet-de-sante-maternelle-et-infantile-dans-la-province-de-hadjar-lamis","title":{"rendered":"lancement du projet de sant\u00e9 maternelle et infantile dans la province de Hadjar-Lamis"},"content":{"rendered":"<p><span style=\"color: #ff6600\"><strong>Africa-Press &#8211; Tchad. <\/strong><\/span>Une ce\u0301re\u0301monie a marque\u0301 le lancement du projet de renforcement de la sante\u0301 maternelle et infantile au Tchad, ainsi que la re\u0301ception de 27 nouveaux centres de sante\u0301, dans le canton d&rsquo;Afrouk de la province de Hadjar-Lamis. Cette initiative, cruciale pour le de\u0301veloppement des services de sante\u0301 primaire dans la re\u0301gion, a re\u0301uni divers responsables militaires, civils et partenaires internationaux.<\/p>\n<p>Dans son discours, le pre\u0301sident du comite\u0301 d&rsquo;organisation, Mourtada Hassan Babikir, a souligne\u0301 l&rsquo;importance du projet visant a\u0300 ame\u0301liorer la couverture sanitaire des populations vulne\u0301rables, avec pour but ultime de re\u0301duire le taux de mortalite\u0301 et de morbidite\u0301.<\/p>\n<p>Le projet, finance\u0301 conjointement par la Banque Islamique de De\u0301veloppement (BID), l&rsquo;E\u0301tat tchadien et l&rsquo;UNICEF, repre\u0301sente un investissement total de 48,4 millions de dollars sur cinq ans. Il vise a\u0300 fournir un acce\u0300s universel a\u0300 des soins de sante\u0301 complets et de qualite\u0301 dans les provinces de l&rsquo;Ennedi Est, de Mandoul et de Salamat, et a\u0300 soutenir le de\u0301veloppement socio-e\u0301conomique du pays d&rsquo;ici 2030.<\/p>\n<p>Le ministre de la Sante\u0301 Publique et de la Pre\u0301vention, Dr Abdelmadjid Abderahim, a assure\u0301 que le projet respecterait les normes les plus e\u0301leve\u0301es et les de\u0301lais impartis, refle\u0301tant l&rsquo;engagement des autorite\u0301s tchadiennes et des partenaires internationaux en faveur de la sante\u0301 maternelle et infantile.<\/p>\n<p>Le secre\u0301taire ge\u0301ne\u0301ral de la province de Hadjar-Lamis, Ahmat Mahamat Tolly, a rappele\u0301 l&rsquo;objectif du gouvernement tchadien et de ses partenaires de rendre les services de sante\u0301 plus accessibles a\u0300 tous, en particulier dans le canton d&rsquo;Afrouck. Il a exprime\u0301 sa gratitude envers tous les contributeurs du projet pour leur travail essentiel et a souligne\u0301 l&rsquo;importance de cette avance\u0301e pour la sante\u0301 quotidienne de la population, en mettant l&rsquo;accent sur les soins du \u00ab couple me\u0300re-enfant \u00bb.<\/p>\n<p><strong>Pour plus d&rsquo;informations et d&rsquo;analyses sur la <a href=\"https:\/\/www.africa-press.net\/tchad\">Tchad<\/a>, suivez <a href=\"https:\/\/www.africa-press.net\/\">Africa-Press<\/a><\/strong><\/p>\n","protected":false},"excerpt":{"rendered":"<p>Africa-Press &#8211; Tchad. Une ce\u0301re\u0301monie a marque\u0301 le lancement du projet de renforcement de la sante\u0301 maternelle et infantile au Tchad, ainsi que la re\u0301ception de 27 nouveaux centres de sante\u0301, dans le canton d&rsquo;Afrouk de la province de Hadjar-Lamis. Cette initiative, cruciale pour le de\u0301veloppement des services de sante\u0301 primaire dans la re\u0301gion, a [&hellip;]<\/p>\n","protected":false},"author":82,"featured_media":54234,"comment_status":"open","ping_status":"closed","sticky":false,"template":"","format":"standard","meta":{"footnotes":""},"categories":[21,10],"tags":[37,292,29],"class_list":["post-54236","post","type-post","status-publish","format-standard","has-post-thumbnail","hentry","category-communaute","category-toutes-les-actualites","tag-africa-press","tag-africa-press-tchad","tag-tchad"],"yoast_head":"<!-- This site is optimized with the Yoast SEO Premium plugin v26.1 (Yoast SEO v27.0) - https:\/\/yoast.com\/product\/yoast-seo-premium-wordpress\/ -->\n<title>lancement du projet de sant\u00e9 maternelle et infantile dans la province de Hadjar-Lamis - tchad<\/title>\n<meta name=\"description\" content=\"Une ce\u0301re\u0301monie a marque\u0301 le lancement du projet de renforcement de la sante\u0301 maternelle et infantile au Tchad, ainsi qu ...\" \/>\n<meta name=\"robots\" content=\"index, follow, max-snippet:-1, max-image-preview:large, max-video-preview:-1\" \/>\n<link rel=\"canonical\" href=\"https:\/\/www.africa-press.net\/tchad\/toutes-les-actualites\/lancement-du-projet-de-sante-maternelle-et-infantile-dans-la-province-de-hadjar-lamis\" \/>\n<meta property=\"og:locale\" content=\"fr_FR\" \/>\n<meta property=\"og:type\" content=\"article\" \/>\n<meta property=\"og:title\" content=\"lancement du projet de sant\u00e9 maternelle et infantile dans la province de Hadjar-Lamis\" \/>\n<meta property=\"og:description\" content=\"Une ce\u0301re\u0301monie a marque\u0301 le lancement du projet de renforcement de la sante\u0301 maternelle et infantile au Tchad, ainsi qu ...\" \/>\n<meta property=\"og:url\" content=\"https:\/\/www.africa-press.net\/tchad\/toutes-les-actualites\/lancement-du-projet-de-sante-maternelle-et-infantile-dans-la-province-de-hadjar-lamis\" \/>\n<meta property=\"og:site_name\" content=\"tchad\" \/>\n<meta property=\"article:published_time\" content=\"2023-11-19T17:30:37+00:00\" \/>\n<meta property=\"article:modified_time\" content=\"2023-11-19T17:53:02+00:00\" \/>\n<meta property=\"og:image\" content=\"https:\/\/static.africa-press.net\/tchad\/sites\/41\/2023\/11\/sm_1700403734.852883.jpg\" \/>\n\t<meta property=\"og:image:width\" content=\"1024\" \/>\n\t<meta property=\"og:image:height\" content=\"768\" \/>\n\t<meta property=\"og:image:type\" content=\"image\/jpeg\" \/>\n<meta name=\"author\" content=\"cfeditorfr\" \/>\n<meta name=\"twitter:card\" content=\"summary_large_image\" \/>\n<meta name=\"twitter:label1\" content=\"\u00c9crit par\" \/>\n\t<meta name=\"twitter:data1\" content=\"cfeditorfr\" \/>\n\t<meta name=\"twitter:label2\" content=\"Dur\u00e9e de lecture estim\u00e9e\" \/>\n\t<meta name=\"twitter:data2\" content=\"2 minutes\" \/>\n<script type=\"application\/ld+json\" class=\"yoast-schema-graph\">{\"@context\":\"https:\/\/schema.org\",\"@graph\":[{\"@type\":\"Article\",\"@id\":\"https:\/\/www.africa-press.net\/tchad\/toutes-les-actualites\/lancement-du-projet-de-sante-maternelle-et-infantile-dans-la-province-de-hadjar-lamis#article\",\"isPartOf\":{\"@id\":\"https:\/\/www.africa-press.net\/tchad\/toutes-les-actualites\/lancement-du-projet-de-sante-maternelle-et-infantile-dans-la-province-de-hadjar-lamis\"},\"author\":{\"name\":\"cfeditorfr\",\"@id\":\"https:\/\/www.africa-press.net\/tchad\/#\/schema\/person\/2b1cf3cd81a31e3cd26889ca66d677f1\"},\"headline\":\"lancement du projet de sant\u00e9 maternelle et infantile dans la province de Hadjar-Lamis\",\"datePublished\":\"2023-11-19T17:30:37+00:00\",\"dateModified\":\"2023-11-19T17:53:02+00:00\",\"mainEntityOfPage\":{\"@id\":\"https:\/\/www.africa-press.net\/tchad\/toutes-les-actualites\/lancement-du-projet-de-sante-maternelle-et-infantile-dans-la-province-de-hadjar-lamis\"},\"wordCount\":346,\"commentCount\":0,\"image\":{\"@id\":\"https:\/\/www.africa-press.net\/tchad\/toutes-les-actualites\/lancement-du-projet-de-sante-maternelle-et-infantile-dans-la-province-de-hadjar-lamis#primaryimage\"},\"thumbnailUrl\":\"https:\/\/static.africa-press.net\/tchad\/sites\/41\/2023\/11\/sm_1700403734.852883.jpg\",\"keywords\":[\"Africa Press\",\"Africa Press-Tchad\",\"Tchad\"],\"articleSection\":[\"Communaut\u00e9\",\"Toutes les actualit\u00e9s\"],\"inLanguage\":\"fr-FR\",\"potentialAction\":[{\"@type\":\"CommentAction\",\"name\":\"Comment\",\"target\":[\"https:\/\/www.africa-press.net\/tchad\/toutes-les-actualites\/lancement-du-projet-de-sante-maternelle-et-infantile-dans-la-province-de-hadjar-lamis#respond\"]}]},{\"@type\":\"WebPage\",\"@id\":\"https:\/\/www.africa-press.net\/tchad\/toutes-les-actualites\/lancement-du-projet-de-sante-maternelle-et-infantile-dans-la-province-de-hadjar-lamis\",\"url\":\"https:\/\/www.africa-press.net\/tchad\/toutes-les-actualites\/lancement-du-projet-de-sante-maternelle-et-infantile-dans-la-province-de-hadjar-lamis\",\"name\":\"lancement du projet de sant\u00e9 maternelle et infantile dans la province de Hadjar-Lamis - tchad\",\"isPartOf\":{\"@id\":\"https:\/\/www.africa-press.net\/tchad\/#website\"},\"primaryImageOfPage\":{\"@id\":\"https:\/\/www.africa-press.net\/tchad\/toutes-les-actualites\/lancement-du-projet-de-sante-maternelle-et-infantile-dans-la-province-de-hadjar-lamis#primaryimage\"},\"image\":{\"@id\":\"https:\/\/www.africa-press.net\/tchad\/toutes-les-actualites\/lancement-du-projet-de-sante-maternelle-et-infantile-dans-la-province-de-hadjar-lamis#primaryimage\"},\"thumbnailUrl\":\"https:\/\/static.africa-press.net\/tchad\/sites\/41\/2023\/11\/sm_1700403734.852883.jpg\",\"datePublished\":\"2023-11-19T17:30:37+00:00\",\"dateModified\":\"2023-11-19T17:53:02+00:00\",\"author\":{\"@id\":\"https:\/\/www.africa-press.net\/tchad\/#\/schema\/person\/2b1cf3cd81a31e3cd26889ca66d677f1\"},\"description\":\"Une ce\u0301re\u0301monie a marque\u0301 le lancement du projet de renforcement de la sante\u0301 maternelle et infantile au Tchad, ainsi qu ...\",\"breadcrumb\":{\"@id\":\"https:\/\/www.africa-press.net\/tchad\/toutes-les-actualites\/lancement-du-projet-de-sante-maternelle-et-infantile-dans-la-province-de-hadjar-lamis#breadcrumb\"},\"inLanguage\":\"fr-FR\",\"potentialAction\":[{\"@type\":\"ReadAction\",\"target\":[\"https:\/\/www.africa-press.net\/tchad\/toutes-les-actualites\/lancement-du-projet-de-sante-maternelle-et-infantile-dans-la-province-de-hadjar-lamis\"]}]},{\"@type\":\"ImageObject\",\"inLanguage\":\"fr-FR\",\"@id\":\"https:\/\/www.africa-press.net\/tchad\/toutes-les-actualites\/lancement-du-projet-de-sante-maternelle-et-infantile-dans-la-province-de-hadjar-lamis#primaryimage\",\"url\":\"https:\/\/static.africa-press.net\/tchad\/sites\/41\/2023\/11\/sm_1700403734.852883.jpg\",\"contentUrl\":\"https:\/\/static.africa-press.net\/tchad\/sites\/41\/2023\/11\/sm_1700403734.852883.jpg\",\"width\":1024,\"height\":768,\"caption\":\"lancement du projet de sant\u00e9 maternelle et infantile dans la province de Hadjar-Lamis\"},{\"@type\":\"BreadcrumbList\",\"@id\":\"https:\/\/www.africa-press.net\/tchad\/toutes-les-actualites\/lancement-du-projet-de-sante-maternelle-et-infantile-dans-la-province-de-hadjar-lamis#breadcrumb\",\"itemListElement\":[{\"@type\":\"ListItem\",\"position\":1,\"name\":\"Accueil\",\"item\":\"https:\/\/www.africa-press.net\/tchad\/\"},{\"@type\":\"ListItem\",\"position\":2,\"name\":\"lancement du projet de sant\u00e9 maternelle et infantile dans la province de Hadjar-Lamis\"}]},{\"@type\":\"WebSite\",\"@id\":\"https:\/\/www.africa-press.net\/tchad\/#website\",\"url\":\"https:\/\/www.africa-press.net\/tchad\/\",\"name\":\"tchad\",\"description\":\"Just another Africa News Agency Sites site\",\"potentialAction\":[{\"@type\":\"SearchAction\",\"target\":{\"@type\":\"EntryPoint\",\"urlTemplate\":\"https:\/\/www.africa-press.net\/tchad\/?s={search_term_string}\"},\"query-input\":{\"@type\":\"PropertyValueSpecification\",\"valueRequired\":true,\"valueName\":\"search_term_string\"}}],\"inLanguage\":\"fr-FR\"},{\"@type\":\"Person\",\"@id\":\"https:\/\/www.africa-press.net\/tchad\/#\/schema\/person\/2b1cf3cd81a31e3cd26889ca66d677f1\",\"name\":\"cfeditorfr\"}]}<\/script>\n<!-- \/ Yoast SEO Premium plugin. -->","yoast_head_json":{"title":"lancement du projet de sant\u00e9 maternelle et infantile dans la province de Hadjar-Lamis - tchad","description":"Une ce\u0301re\u0301monie a marque\u0301 le lancement du projet de renforcement de la sante\u0301 maternelle et infantile au Tchad, ainsi qu ...","robots":{"index":"index","follow":"follow","max-snippet":"max-snippet:-1","max-image-preview":"max-image-preview:large","max-video-preview":"max-video-preview:-1"},"canonical":"https:\/\/www.africa-press.net\/tchad\/toutes-les-actualites\/lancement-du-projet-de-sante-maternelle-et-infantile-dans-la-province-de-hadjar-lamis","og_locale":"fr_FR","og_type":"article","og_title":"lancement du projet de sant\u00e9 maternelle et infantile dans la province de Hadjar-Lamis","og_description":"Une ce\u0301re\u0301monie a marque\u0301 le lancement du projet de renforcement de la sante\u0301 maternelle et infantile au Tchad, ainsi qu ...","og_url":"https:\/\/www.africa-press.net\/tchad\/toutes-les-actualites\/lancement-du-projet-de-sante-maternelle-et-infantile-dans-la-province-de-hadjar-lamis","og_site_name":"tchad","article_published_time":"2023-11-19T17:30:37+00:00","article_modified_time":"2023-11-19T17:53:02+00:00","og_image":[{"width":1024,"height":768,"url":"https:\/\/static.africa-press.net\/tchad\/sites\/41\/2023\/11\/sm_1700403734.852883.jpg","type":"image\/jpeg"}],"author":"cfeditorfr","twitter_card":"summary_large_image","twitter_misc":{"\u00c9crit par":"cfeditorfr","Dur\u00e9e de lecture estim\u00e9e":"2 minutes"},"schema":{"@context":"https:\/\/schema.org","@graph":[{"@type":"Article","@id":"https:\/\/www.africa-press.net\/tchad\/toutes-les-actualites\/lancement-du-projet-de-sante-maternelle-et-infantile-dans-la-province-de-hadjar-lamis#article","isPartOf":{"@id":"https:\/\/www.africa-press.net\/tchad\/toutes-les-actualites\/lancement-du-projet-de-sante-maternelle-et-infantile-dans-la-province-de-hadjar-lamis"},"author":{"name":"cfeditorfr","@id":"https:\/\/www.africa-press.net\/tchad\/#\/schema\/person\/2b1cf3cd81a31e3cd26889ca66d677f1"},"headline":"lancement du projet de sant\u00e9 maternelle et infantile dans la province de Hadjar-Lamis","datePublished":"2023-11-19T17:30:37+00:00","dateModified":"2023-11-19T17:53:02+00:00","mainEntityOfPage":{"@id":"https:\/\/www.africa-press.net\/tchad\/toutes-les-actualites\/lancement-du-projet-de-sante-maternelle-et-infantile-dans-la-province-de-hadjar-lamis"},"wordCount":346,"commentCount":0,"image":{"@id":"https:\/\/www.africa-press.net\/tchad\/toutes-les-actualites\/lancement-du-projet-de-sante-maternelle-et-infantile-dans-la-province-de-hadjar-lamis#primaryimage"},"thumbnailUrl":"https:\/\/static.africa-press.net\/tchad\/sites\/41\/2023\/11\/sm_1700403734.852883.jpg","keywords":["Africa Press","Africa Press-Tchad","Tchad"],"articleSection":["Communaut\u00e9","Toutes les actualit\u00e9s"],"inLanguage":"fr-FR","potentialAction":[{"@type":"CommentAction","name":"Comment","target":["https:\/\/www.africa-press.net\/tchad\/toutes-les-actualites\/lancement-du-projet-de-sante-maternelle-et-infantile-dans-la-province-de-hadjar-lamis#respond"]}]},{"@type":"WebPage","@id":"https:\/\/www.africa-press.net\/tchad\/toutes-les-actualites\/lancement-du-projet-de-sante-maternelle-et-infantile-dans-la-province-de-hadjar-lamis","url":"https:\/\/www.africa-press.net\/tchad\/toutes-les-actualites\/lancement-du-projet-de-sante-maternelle-et-infantile-dans-la-province-de-hadjar-lamis","name":"lancement du projet de sant\u00e9 maternelle et infantile dans la province de Hadjar-Lamis - tchad","isPartOf":{"@id":"https:\/\/www.africa-press.net\/tchad\/#website"},"primaryImageOfPage":{"@id":"https:\/\/www.africa-press.net\/tchad\/toutes-les-actualites\/lancement-du-projet-de-sante-maternelle-et-infantile-dans-la-province-de-hadjar-lamis#primaryimage"},"image":{"@id":"https:\/\/www.africa-press.net\/tchad\/toutes-les-actualites\/lancement-du-projet-de-sante-maternelle-et-infantile-dans-la-province-de-hadjar-lamis#primaryimage"},"thumbnailUrl":"https:\/\/static.africa-press.net\/tchad\/sites\/41\/2023\/11\/sm_1700403734.852883.jpg","datePublished":"2023-11-19T17:30:37+00:00","dateModified":"2023-11-19T17:53:02+00:00","author":{"@id":"https:\/\/www.africa-press.net\/tchad\/#\/schema\/person\/2b1cf3cd81a31e3cd26889ca66d677f1"},"description":"Une ce\u0301re\u0301monie a marque\u0301 le lancement du projet de renforcement de la sante\u0301 maternelle et infantile au Tchad, ainsi qu ...","breadcrumb":{"@id":"https:\/\/www.africa-press.net\/tchad\/toutes-les-actualites\/lancement-du-projet-de-sante-maternelle-et-infantile-dans-la-province-de-hadjar-lamis#breadcrumb"},"inLanguage":"fr-FR","potentialAction":[{"@type":"ReadAction","target":["https:\/\/www.africa-press.net\/tchad\/toutes-les-actualites\/lancement-du-projet-de-sante-maternelle-et-infantile-dans-la-province-de-hadjar-lamis"]}]},{"@type":"ImageObject","inLanguage":"fr-FR","@id":"https:\/\/www.africa-press.net\/tchad\/toutes-les-actualites\/lancement-du-projet-de-sante-maternelle-et-infantile-dans-la-province-de-hadjar-lamis#primaryimage","url":"https:\/\/static.africa-press.net\/tchad\/sites\/41\/2023\/11\/sm_1700403734.852883.jpg","contentUrl":"https:\/\/static.africa-press.net\/tchad\/sites\/41\/2023\/11\/sm_1700403734.852883.jpg","width":1024,"height":768,"caption":"lancement du projet de sant\u00e9 maternelle et infantile dans la province de Hadjar-Lamis"},{"@type":"BreadcrumbList","@id":"https:\/\/www.africa-press.net\/tchad\/toutes-les-actualites\/lancement-du-projet-de-sante-maternelle-et-infantile-dans-la-province-de-hadjar-lamis#breadcrumb","itemListElement":[{"@type":"ListItem","position":1,"name":"Accueil","item":"https:\/\/www.africa-press.net\/tchad\/"},{"@type":"ListItem","position":2,"name":"lancement du projet de sant\u00e9 maternelle et infantile dans la province de Hadjar-Lamis"}]},{"@type":"WebSite","@id":"https:\/\/www.africa-press.net\/tchad\/#website","url":"https:\/\/www.africa-press.net\/tchad\/","name":"tchad","description":"Just another Africa News Agency Sites site","potentialAction":[{"@type":"SearchAction","target":{"@type":"EntryPoint","urlTemplate":"https:\/\/www.africa-press.net\/tchad\/?s={search_term_string}"},"query-input":{"@type":"PropertyValueSpecification","valueRequired":true,"valueName":"search_term_string"}}],"inLanguage":"fr-FR"},{"@type":"Person","@id":"https:\/\/www.africa-press.net\/tchad\/#\/schema\/person\/2b1cf3cd81a31e3cd26889ca66d677f1","name":"cfeditorfr"}]}},"_links":{"self":[{"href":"https:\/\/www.africa-press.net\/tchad\/wp-json\/wp\/v2\/posts\/54236","targetHints":{"allow":["GET"]}}],"collection":[{"href":"https:\/\/www.africa-press.net\/tchad\/wp-json\/wp\/v2\/posts"}],"about":[{"href":"https:\/\/www.africa-press.net\/tchad\/wp-json\/wp\/v2\/types\/post"}],"author":[{"embeddable":true,"href":"https:\/\/www.africa-press.net\/tchad\/wp-json\/wp\/v2\/users\/82"}],"replies":[{"embeddable":true,"href":"https:\/\/www.africa-press.net\/tchad\/wp-json\/wp\/v2\/comments?post=54236"}],"version-history":[{"count":0,"href":"https:\/\/www.africa-press.net\/tchad\/wp-json\/wp\/v2\/posts\/54236\/revisions"}],"wp:featuredmedia":[{"embeddable":true,"href":"https:\/\/www.africa-press.net\/tchad\/wp-json\/wp\/v2\/media\/54234"}],"wp:attachment":[{"href":"https:\/\/www.africa-press.net\/tchad\/wp-json\/wp\/v2\/media?parent=54236"}],"wp:term":[{"taxonomy":"category","embeddable":true,"href":"https:\/\/www.africa-press.net\/tchad\/wp-json\/wp\/v2\/categories?post=54236"},{"taxonomy":"post_tag","embeddable":true,"href":"https:\/\/www.africa-press.net\/tchad\/wp-json\/wp\/v2\/tags?post=54236"}],"curies":[{"name":"wp","href":"https:\/\/api.w.org\/{rel}","templated":true}]}}