{"id":54239,"date":"2023-11-19T17:30:56","date_gmt":"2023-11-19T17:30:56","guid":{"rendered":"https:\/\/www.africa-press.net\/tchad\/politique\/campagne-de-sensibilisation-pour-la-paix-a-koundjourou-dans-la-province-du-batha"},"modified":"2023-11-19T17:53:36","modified_gmt":"2023-11-19T17:53:36","slug":"campagne-de-sensibilisation-pour-la-paix-a-koundjourou-dans-la-province-du-batha","status":"publish","type":"post","link":"https:\/\/www.africa-press.net\/tchad\/toutes-les-actualites\/campagne-de-sensibilisation-pour-la-paix-a-koundjourou-dans-la-province-du-batha","title":{"rendered":"campagne de sensibilisation pour la paix \u00e0 Koundjourou dans la province du Batha"},"content":{"rendered":"<p><span style=\"color: #ff6600\"><strong>Africa-Press &#8211; Tchad. <\/strong><\/span>La coalition des organisations des jeunes de la province du Batha a mene\u0301 une campagne de sensibilisation sur la paix, la cohabitation pacifique et le vivre ensemble ce samedi 18 novembre 2023 a\u0300 Koundjourou, une localite\u0301 situe\u0301e a\u0300 35 km de la ville d&rsquo;Ati.<\/p>\n<p>L&rsquo;e\u0301ve\u0301nement, place\u0301 sous le the\u0300me \u00ab\u00a0Cultivons la paix a\u0300 travers la sensibilisation\u00a0\u00bb, a vu la participation de Moussa Yaya Alhabib et Mahamat Anguis, qui ont exprime\u0301 leur gratitude envers les autorite\u0301s de la sous-pre\u0301fecture de Koundjourou pour leur soutien a\u0300 la mobilisation des habitants, et envers M. Djibrine Andja Asilleck, originaire de la province du Batha, pour son soutien a\u0300 l&rsquo;initiative.<\/p>\n<p>Moussa Yaya Alhabib a mis en avant l&rsquo;objectif de la campagne, soulignant l&rsquo;importance cruciale de la paix et du vivre ensemble pour le de\u0301veloppement. Il a affirme\u0301 que le Tchad appartient a\u0300 tous ses citoyens et que la paix est essentielle pour le progre\u0300s de la province et du pays dans son ensemble.<\/p>\n<p>Il a e\u0301galement aborde\u0301 les proble\u0300mes actuels du Batha, notamment les malentendus politiques, les conflits entre agriculteurs et e\u0301leveurs, et la diffusion de messages haineux par certains hommes politiques via les re\u0301seaux sociaux.<\/p>\n<p>La campagne s&rsquo;est conclue par une repre\u0301sentation the\u0301a\u0302trale de la troupe \u00ab\u00a0La Lumie\u0300re du Batha\u00a0\u00bb, qui a pre\u0301sente\u0301 un sketch sur la cohabitation pacifique et le vivre ensemble, marquant la fin de cet e\u0301ve\u0301nement de sensibilisation.<\/p>\n<p><strong>Pour plus d&rsquo;informations et d&rsquo;analyses sur la <a href=\"https:\/\/www.africa-press.net\/tchad\">Tchad<\/a>, suivez <a href=\"https:\/\/www.africa-press.net\/\">Africa-Press<\/a><\/strong><\/p>\n","protected":false},"excerpt":{"rendered":"<p>Africa-Press &#8211; Tchad. La coalition des organisations des jeunes de la province du Batha a mene\u0301 une campagne de sensibilisation sur la paix, la cohabitation pacifique et le vivre ensemble ce samedi 18 novembre 2023 a\u0300 Koundjourou, une localite\u0301 situe\u0301e a\u0300 35 km de la ville d&rsquo;Ati. L&rsquo;e\u0301ve\u0301nement, place\u0301 sous le the\u0300me \u00ab\u00a0Cultivons la paix [&hellip;]<\/p>\n","protected":false},"author":82,"featured_media":54237,"comment_status":"open","ping_status":"closed","sticky":false,"template":"","format":"standard","meta":{"footnotes":""},"categories":[21,10],"tags":[37,292,29],"class_list":["post-54239","post","type-post","status-publish","format-standard","has-post-thumbnail","hentry","category-communaute","category-toutes-les-actualites","tag-africa-press","tag-africa-press-tchad","tag-tchad"],"yoast_head":"<!-- This site is optimized with the Yoast SEO Premium plugin v26.1 (Yoast SEO v27.0) - https:\/\/yoast.com\/product\/yoast-seo-premium-wordpress\/ -->\n<title>campagne de sensibilisation pour la paix \u00e0 Koundjourou dans la province du Batha - tchad<\/title>\n<meta name=\"description\" content=\"La coalition des organisations des jeunes de la province du Batha a mene\u0301 une campagne de sensibilisation sur la paix, l ...\" \/>\n<meta name=\"robots\" content=\"index, follow, max-snippet:-1, max-image-preview:large, max-video-preview:-1\" \/>\n<link rel=\"canonical\" href=\"https:\/\/www.africa-press.net\/tchad\/toutes-les-actualites\/campagne-de-sensibilisation-pour-la-paix-a-koundjourou-dans-la-province-du-batha\" \/>\n<meta property=\"og:locale\" content=\"fr_FR\" \/>\n<meta property=\"og:type\" content=\"article\" \/>\n<meta property=\"og:title\" content=\"campagne de sensibilisation pour la paix \u00e0 Koundjourou dans la province du Batha\" \/>\n<meta property=\"og:description\" content=\"La coalition des organisations des jeunes de la province du Batha a mene\u0301 une campagne de sensibilisation sur la paix, l ...\" \/>\n<meta property=\"og:url\" content=\"https:\/\/www.africa-press.net\/tchad\/toutes-les-actualites\/campagne-de-sensibilisation-pour-la-paix-a-koundjourou-dans-la-province-du-batha\" \/>\n<meta property=\"og:site_name\" content=\"tchad\" \/>\n<meta property=\"article:published_time\" content=\"2023-11-19T17:30:56+00:00\" \/>\n<meta property=\"article:modified_time\" content=\"2023-11-19T17:53:36+00:00\" \/>\n<meta property=\"og:image\" content=\"https:\/\/static.africa-press.net\/tchad\/sites\/41\/2023\/11\/sm_1700403766.246092.jpg\" \/>\n\t<meta property=\"og:image:width\" content=\"1000\" \/>\n\t<meta property=\"og:image:height\" content=\"750\" \/>\n\t<meta property=\"og:image:type\" content=\"image\/jpeg\" \/>\n<meta name=\"author\" content=\"cfeditorfr\" \/>\n<meta name=\"twitter:card\" content=\"summary_large_image\" \/>\n<meta name=\"twitter:label1\" content=\"\u00c9crit par\" \/>\n\t<meta name=\"twitter:data1\" content=\"cfeditorfr\" \/>\n\t<meta name=\"twitter:label2\" content=\"Dur\u00e9e de lecture estim\u00e9e\" \/>\n\t<meta name=\"twitter:data2\" content=\"2 minutes\" \/>\n<script type=\"application\/ld+json\" class=\"yoast-schema-graph\">{\"@context\":\"https:\/\/schema.org\",\"@graph\":[{\"@type\":\"Article\",\"@id\":\"https:\/\/www.africa-press.net\/tchad\/toutes-les-actualites\/campagne-de-sensibilisation-pour-la-paix-a-koundjourou-dans-la-province-du-batha#article\",\"isPartOf\":{\"@id\":\"https:\/\/www.africa-press.net\/tchad\/toutes-les-actualites\/campagne-de-sensibilisation-pour-la-paix-a-koundjourou-dans-la-province-du-batha\"},\"author\":{\"name\":\"cfeditorfr\",\"@id\":\"https:\/\/www.africa-press.net\/tchad\/#\/schema\/person\/2b1cf3cd81a31e3cd26889ca66d677f1\"},\"headline\":\"campagne de sensibilisation pour la paix \u00e0 Koundjourou dans la province du Batha\",\"datePublished\":\"2023-11-19T17:30:56+00:00\",\"dateModified\":\"2023-11-19T17:53:36+00:00\",\"mainEntityOfPage\":{\"@id\":\"https:\/\/www.africa-press.net\/tchad\/toutes-les-actualites\/campagne-de-sensibilisation-pour-la-paix-a-koundjourou-dans-la-province-du-batha\"},\"wordCount\":276,\"commentCount\":0,\"image\":{\"@id\":\"https:\/\/www.africa-press.net\/tchad\/toutes-les-actualites\/campagne-de-sensibilisation-pour-la-paix-a-koundjourou-dans-la-province-du-batha#primaryimage\"},\"thumbnailUrl\":\"https:\/\/static.africa-press.net\/tchad\/sites\/41\/2023\/11\/sm_1700403766.246092.jpg\",\"keywords\":[\"Africa Press\",\"Africa Press-Tchad\",\"Tchad\"],\"articleSection\":[\"Communaut\u00e9\",\"Toutes les actualit\u00e9s\"],\"inLanguage\":\"fr-FR\",\"potentialAction\":[{\"@type\":\"CommentAction\",\"name\":\"Comment\",\"target\":[\"https:\/\/www.africa-press.net\/tchad\/toutes-les-actualites\/campagne-de-sensibilisation-pour-la-paix-a-koundjourou-dans-la-province-du-batha#respond\"]}]},{\"@type\":\"WebPage\",\"@id\":\"https:\/\/www.africa-press.net\/tchad\/toutes-les-actualites\/campagne-de-sensibilisation-pour-la-paix-a-koundjourou-dans-la-province-du-batha\",\"url\":\"https:\/\/www.africa-press.net\/tchad\/toutes-les-actualites\/campagne-de-sensibilisation-pour-la-paix-a-koundjourou-dans-la-province-du-batha\",\"name\":\"campagne de sensibilisation pour la paix \u00e0 Koundjourou dans la province du Batha - tchad\",\"isPartOf\":{\"@id\":\"https:\/\/www.africa-press.net\/tchad\/#website\"},\"primaryImageOfPage\":{\"@id\":\"https:\/\/www.africa-press.net\/tchad\/toutes-les-actualites\/campagne-de-sensibilisation-pour-la-paix-a-koundjourou-dans-la-province-du-batha#primaryimage\"},\"image\":{\"@id\":\"https:\/\/www.africa-press.net\/tchad\/toutes-les-actualites\/campagne-de-sensibilisation-pour-la-paix-a-koundjourou-dans-la-province-du-batha#primaryimage\"},\"thumbnailUrl\":\"https:\/\/static.africa-press.net\/tchad\/sites\/41\/2023\/11\/sm_1700403766.246092.jpg\",\"datePublished\":\"2023-11-19T17:30:56+00:00\",\"dateModified\":\"2023-11-19T17:53:36+00:00\",\"author\":{\"@id\":\"https:\/\/www.africa-press.net\/tchad\/#\/schema\/person\/2b1cf3cd81a31e3cd26889ca66d677f1\"},\"description\":\"La coalition des organisations des jeunes de la province du Batha a mene\u0301 une campagne de sensibilisation sur la paix, l ...\",\"breadcrumb\":{\"@id\":\"https:\/\/www.africa-press.net\/tchad\/toutes-les-actualites\/campagne-de-sensibilisation-pour-la-paix-a-koundjourou-dans-la-province-du-batha#breadcrumb\"},\"inLanguage\":\"fr-FR\",\"potentialAction\":[{\"@type\":\"ReadAction\",\"target\":[\"https:\/\/www.africa-press.net\/tchad\/toutes-les-actualites\/campagne-de-sensibilisation-pour-la-paix-a-koundjourou-dans-la-province-du-batha\"]}]},{\"@type\":\"ImageObject\",\"inLanguage\":\"fr-FR\",\"@id\":\"https:\/\/www.africa-press.net\/tchad\/toutes-les-actualites\/campagne-de-sensibilisation-pour-la-paix-a-koundjourou-dans-la-province-du-batha#primaryimage\",\"url\":\"https:\/\/static.africa-press.net\/tchad\/sites\/41\/2023\/11\/sm_1700403766.246092.jpg\",\"contentUrl\":\"https:\/\/static.africa-press.net\/tchad\/sites\/41\/2023\/11\/sm_1700403766.246092.jpg\",\"width\":1000,\"height\":750,\"caption\":\"campagne de sensibilisation pour la paix \u00e0 Koundjourou dans la province du Batha\"},{\"@type\":\"BreadcrumbList\",\"@id\":\"https:\/\/www.africa-press.net\/tchad\/toutes-les-actualites\/campagne-de-sensibilisation-pour-la-paix-a-koundjourou-dans-la-province-du-batha#breadcrumb\",\"itemListElement\":[{\"@type\":\"ListItem\",\"position\":1,\"name\":\"Accueil\",\"item\":\"https:\/\/www.africa-press.net\/tchad\/\"},{\"@type\":\"ListItem\",\"position\":2,\"name\":\"campagne de sensibilisation pour la paix \u00e0 Koundjourou dans la province du Batha\"}]},{\"@type\":\"WebSite\",\"@id\":\"https:\/\/www.africa-press.net\/tchad\/#website\",\"url\":\"https:\/\/www.africa-press.net\/tchad\/\",\"name\":\"tchad\",\"description\":\"Just another Africa News Agency Sites site\",\"potentialAction\":[{\"@type\":\"SearchAction\",\"target\":{\"@type\":\"EntryPoint\",\"urlTemplate\":\"https:\/\/www.africa-press.net\/tchad\/?s={search_term_string}\"},\"query-input\":{\"@type\":\"PropertyValueSpecification\",\"valueRequired\":true,\"valueName\":\"search_term_string\"}}],\"inLanguage\":\"fr-FR\"},{\"@type\":\"Person\",\"@id\":\"https:\/\/www.africa-press.net\/tchad\/#\/schema\/person\/2b1cf3cd81a31e3cd26889ca66d677f1\",\"name\":\"cfeditorfr\"}]}<\/script>\n<!-- \/ Yoast SEO Premium plugin. -->","yoast_head_json":{"title":"campagne de sensibilisation pour la paix \u00e0 Koundjourou dans la province du Batha - tchad","description":"La coalition des organisations des jeunes de la province du Batha a mene\u0301 une campagne de sensibilisation sur la paix, l ...","robots":{"index":"index","follow":"follow","max-snippet":"max-snippet:-1","max-image-preview":"max-image-preview:large","max-video-preview":"max-video-preview:-1"},"canonical":"https:\/\/www.africa-press.net\/tchad\/toutes-les-actualites\/campagne-de-sensibilisation-pour-la-paix-a-koundjourou-dans-la-province-du-batha","og_locale":"fr_FR","og_type":"article","og_title":"campagne de sensibilisation pour la paix \u00e0 Koundjourou dans la province du Batha","og_description":"La coalition des organisations des jeunes de la province du Batha a mene\u0301 une campagne de sensibilisation sur la paix, l ...","og_url":"https:\/\/www.africa-press.net\/tchad\/toutes-les-actualites\/campagne-de-sensibilisation-pour-la-paix-a-koundjourou-dans-la-province-du-batha","og_site_name":"tchad","article_published_time":"2023-11-19T17:30:56+00:00","article_modified_time":"2023-11-19T17:53:36+00:00","og_image":[{"width":1000,"height":750,"url":"https:\/\/static.africa-press.net\/tchad\/sites\/41\/2023\/11\/sm_1700403766.246092.jpg","type":"image\/jpeg"}],"author":"cfeditorfr","twitter_card":"summary_large_image","twitter_misc":{"\u00c9crit par":"cfeditorfr","Dur\u00e9e de lecture estim\u00e9e":"2 minutes"},"schema":{"@context":"https:\/\/schema.org","@graph":[{"@type":"Article","@id":"https:\/\/www.africa-press.net\/tchad\/toutes-les-actualites\/campagne-de-sensibilisation-pour-la-paix-a-koundjourou-dans-la-province-du-batha#article","isPartOf":{"@id":"https:\/\/www.africa-press.net\/tchad\/toutes-les-actualites\/campagne-de-sensibilisation-pour-la-paix-a-koundjourou-dans-la-province-du-batha"},"author":{"name":"cfeditorfr","@id":"https:\/\/www.africa-press.net\/tchad\/#\/schema\/person\/2b1cf3cd81a31e3cd26889ca66d677f1"},"headline":"campagne de sensibilisation pour la paix \u00e0 Koundjourou dans la province du Batha","datePublished":"2023-11-19T17:30:56+00:00","dateModified":"2023-11-19T17:53:36+00:00","mainEntityOfPage":{"@id":"https:\/\/www.africa-press.net\/tchad\/toutes-les-actualites\/campagne-de-sensibilisation-pour-la-paix-a-koundjourou-dans-la-province-du-batha"},"wordCount":276,"commentCount":0,"image":{"@id":"https:\/\/www.africa-press.net\/tchad\/toutes-les-actualites\/campagne-de-sensibilisation-pour-la-paix-a-koundjourou-dans-la-province-du-batha#primaryimage"},"thumbnailUrl":"https:\/\/static.africa-press.net\/tchad\/sites\/41\/2023\/11\/sm_1700403766.246092.jpg","keywords":["Africa Press","Africa Press-Tchad","Tchad"],"articleSection":["Communaut\u00e9","Toutes les actualit\u00e9s"],"inLanguage":"fr-FR","potentialAction":[{"@type":"CommentAction","name":"Comment","target":["https:\/\/www.africa-press.net\/tchad\/toutes-les-actualites\/campagne-de-sensibilisation-pour-la-paix-a-koundjourou-dans-la-province-du-batha#respond"]}]},{"@type":"WebPage","@id":"https:\/\/www.africa-press.net\/tchad\/toutes-les-actualites\/campagne-de-sensibilisation-pour-la-paix-a-koundjourou-dans-la-province-du-batha","url":"https:\/\/www.africa-press.net\/tchad\/toutes-les-actualites\/campagne-de-sensibilisation-pour-la-paix-a-koundjourou-dans-la-province-du-batha","name":"campagne de sensibilisation pour la paix \u00e0 Koundjourou dans la province du Batha - tchad","isPartOf":{"@id":"https:\/\/www.africa-press.net\/tchad\/#website"},"primaryImageOfPage":{"@id":"https:\/\/www.africa-press.net\/tchad\/toutes-les-actualites\/campagne-de-sensibilisation-pour-la-paix-a-koundjourou-dans-la-province-du-batha#primaryimage"},"image":{"@id":"https:\/\/www.africa-press.net\/tchad\/toutes-les-actualites\/campagne-de-sensibilisation-pour-la-paix-a-koundjourou-dans-la-province-du-batha#primaryimage"},"thumbnailUrl":"https:\/\/static.africa-press.net\/tchad\/sites\/41\/2023\/11\/sm_1700403766.246092.jpg","datePublished":"2023-11-19T17:30:56+00:00","dateModified":"2023-11-19T17:53:36+00:00","author":{"@id":"https:\/\/www.africa-press.net\/tchad\/#\/schema\/person\/2b1cf3cd81a31e3cd26889ca66d677f1"},"description":"La coalition des organisations des jeunes de la province du Batha a mene\u0301 une campagne de sensibilisation sur la paix, l ...","breadcrumb":{"@id":"https:\/\/www.africa-press.net\/tchad\/toutes-les-actualites\/campagne-de-sensibilisation-pour-la-paix-a-koundjourou-dans-la-province-du-batha#breadcrumb"},"inLanguage":"fr-FR","potentialAction":[{"@type":"ReadAction","target":["https:\/\/www.africa-press.net\/tchad\/toutes-les-actualites\/campagne-de-sensibilisation-pour-la-paix-a-koundjourou-dans-la-province-du-batha"]}]},{"@type":"ImageObject","inLanguage":"fr-FR","@id":"https:\/\/www.africa-press.net\/tchad\/toutes-les-actualites\/campagne-de-sensibilisation-pour-la-paix-a-koundjourou-dans-la-province-du-batha#primaryimage","url":"https:\/\/static.africa-press.net\/tchad\/sites\/41\/2023\/11\/sm_1700403766.246092.jpg","contentUrl":"https:\/\/static.africa-press.net\/tchad\/sites\/41\/2023\/11\/sm_1700403766.246092.jpg","width":1000,"height":750,"caption":"campagne de sensibilisation pour la paix \u00e0 Koundjourou dans la province du Batha"},{"@type":"BreadcrumbList","@id":"https:\/\/www.africa-press.net\/tchad\/toutes-les-actualites\/campagne-de-sensibilisation-pour-la-paix-a-koundjourou-dans-la-province-du-batha#breadcrumb","itemListElement":[{"@type":"ListItem","position":1,"name":"Accueil","item":"https:\/\/www.africa-press.net\/tchad\/"},{"@type":"ListItem","position":2,"name":"campagne de sensibilisation pour la paix \u00e0 Koundjourou dans la province du Batha"}]},{"@type":"WebSite","@id":"https:\/\/www.africa-press.net\/tchad\/#website","url":"https:\/\/www.africa-press.net\/tchad\/","name":"tchad","description":"Just another Africa News Agency Sites site","potentialAction":[{"@type":"SearchAction","target":{"@type":"EntryPoint","urlTemplate":"https:\/\/www.africa-press.net\/tchad\/?s={search_term_string}"},"query-input":{"@type":"PropertyValueSpecification","valueRequired":true,"valueName":"search_term_string"}}],"inLanguage":"fr-FR"},{"@type":"Person","@id":"https:\/\/www.africa-press.net\/tchad\/#\/schema\/person\/2b1cf3cd81a31e3cd26889ca66d677f1","name":"cfeditorfr"}]}},"_links":{"self":[{"href":"https:\/\/www.africa-press.net\/tchad\/wp-json\/wp\/v2\/posts\/54239","targetHints":{"allow":["GET"]}}],"collection":[{"href":"https:\/\/www.africa-press.net\/tchad\/wp-json\/wp\/v2\/posts"}],"about":[{"href":"https:\/\/www.africa-press.net\/tchad\/wp-json\/wp\/v2\/types\/post"}],"author":[{"embeddable":true,"href":"https:\/\/www.africa-press.net\/tchad\/wp-json\/wp\/v2\/users\/82"}],"replies":[{"embeddable":true,"href":"https:\/\/www.africa-press.net\/tchad\/wp-json\/wp\/v2\/comments?post=54239"}],"version-history":[{"count":0,"href":"https:\/\/www.africa-press.net\/tchad\/wp-json\/wp\/v2\/posts\/54239\/revisions"}],"wp:featuredmedia":[{"embeddable":true,"href":"https:\/\/www.africa-press.net\/tchad\/wp-json\/wp\/v2\/media\/54237"}],"wp:attachment":[{"href":"https:\/\/www.africa-press.net\/tchad\/wp-json\/wp\/v2\/media?parent=54239"}],"wp:term":[{"taxonomy":"category","embeddable":true,"href":"https:\/\/www.africa-press.net\/tchad\/wp-json\/wp\/v2\/categories?post=54239"},{"taxonomy":"post_tag","embeddable":true,"href":"https:\/\/www.africa-press.net\/tchad\/wp-json\/wp\/v2\/tags?post=54239"}],"curies":[{"name":"wp","href":"https:\/\/api.w.org\/{rel}","templated":true}]}}