{"id":54252,"date":"2023-11-19T17:32:45","date_gmt":"2023-11-19T17:32:45","guid":{"rendered":"https:\/\/www.africa-press.net\/tchad\/politique\/un-projet-pour-la-sante-maternelle-et-infantile-lance-au-hadjer-lamis"},"modified":"2023-11-19T20:10:12","modified_gmt":"2023-11-19T20:10:12","slug":"un-projet-pour-la-sante-maternelle-et-infantile-lance-au-hadjer-lamis","status":"publish","type":"post","link":"https:\/\/www.africa-press.net\/tchad\/toutes-les-actualites\/un-projet-pour-la-sante-maternelle-et-infantile-lance-au-hadjer-lamis","title":{"rendered":"un projet pour la sant\u00e9 maternelle et infantile lanc\u00e9 au Hadjer-Lamis"},"content":{"rendered":"<p><span style=\"color: #ff6600\"><strong>Africa-Press &#8211; Tchad. <\/strong><\/span>Dans la province de Hadjar-Lamis (Canton Afrouk), le projet de renforcement de la sante\u0301 maternelle et infantile au Tchad a e\u0301te\u0301 officiellement lance\u0301. Cet e\u0301ve\u0301nement a e\u0301galement ce\u0301le\u0301bre\u0301 la re\u0301ception de 27 centres de sante\u0301 e\u0301tablis par le projet d&rsquo;extension des services de sante\u0301 primaire au Tchad, en pre\u0301sence de responsables militaires, civils et de partenaires internationaux.<\/p>\n<p>Jacques Boyer, repre\u0301sentant de l&rsquo;UNICEF au Tchad, a exprime\u0301 sa reconnaissance au gouvernement tchadien pour ses efforts continus en faveur de la sante\u0301 maternelle, ne\u0301onatale et infanto-juve\u0301nile. Il a salue\u0301 la tenue d&rsquo;un dialogue national en avril 2022 sur la mortalite\u0301 associe\u0301e, suivi par l&rsquo;adoption d&rsquo;une feuille de route pour la mise en \u0153uvre des engagements pris par les intervenants.<\/p>\n<p>Malgre\u0301 des progre\u0300s significatifs dans la re\u0301duction de la mortalite\u0301 infantile de moins de cinq ans, des de\u0301fis importants demeurent, notamment en matie\u0300re de mortalite\u0301 ne\u0301onatale et de soins lors de l&rsquo;accouchement. Boyer a souligne\u0301 l&rsquo;importance de renforcer le re\u0301seau sanitaire et le syste\u0300me de sante\u0301 communautaire pour atteindre l&rsquo;Objectif de De\u0301veloppement Durable 3, qui cherche a\u0300 assurer la sante\u0301 et le bien-e\u0302tre pour tous.<\/p>\n<p>Le ministre de la Sante\u0301 Publique et de la Pre\u0301vention, Dr Abdelmadjid Abderahim, a souligne\u0301 que ce projet mate\u0301rialise la volonte\u0301 des autorite\u0301s tchadiennes et des partenaires internationaux de renforcer le syste\u0300me de sante\u0301. Les provinces d&rsquo;Ennedi Est, Mandoul et Salamat ont e\u0301te\u0301 choisies pour cet investissement majeur en raison de leur manque d&rsquo;infrastructures sanitaires et de leurs indicateurs de sante\u0301 pre\u0301occupants.<\/p>\n<p>L&rsquo;UNICEF a e\u0301te\u0301 remercie\u0301 pour sa participation directe dans la gestion de ce projet, qui unit le gouvernement tchadien, la Banque Islamique pour le De\u0301veloppement et l&rsquo;UNICEF. Le projet est perc\u0327u comme un mode\u0300le potentiel de re\u0301ussite a\u0300 e\u0301tendre dans le pays.<\/p>\n<p><strong>Pour plus d&rsquo;informations et d&rsquo;analyses sur la <a href=\"https:\/\/www.africa-press.net\/tchad\">Tchad<\/a>, suivez <a href=\"https:\/\/www.africa-press.net\/\">Africa-Press<\/a><\/strong><\/p>\n","protected":false},"excerpt":{"rendered":"<p>Africa-Press &#8211; Tchad. Dans la province de Hadjar-Lamis (Canton Afrouk), le projet de renforcement de la sante\u0301 maternelle et infantile au Tchad a e\u0301te\u0301 officiellement lance\u0301. Cet e\u0301ve\u0301nement a e\u0301galement ce\u0301le\u0301bre\u0301 la re\u0301ception de 27 centres de sante\u0301 e\u0301tablis par le projet d&rsquo;extension des services de sante\u0301 primaire au Tchad, en pre\u0301sence de responsables militaires, [&hellip;]<\/p>\n","protected":false},"author":82,"featured_media":54251,"comment_status":"open","ping_status":"closed","sticky":false,"template":"","format":"standard","meta":{"footnotes":""},"categories":[21,10],"tags":[37,292,29],"class_list":["post-54252","post","type-post","status-publish","format-standard","has-post-thumbnail","hentry","category-communaute","category-toutes-les-actualites","tag-africa-press","tag-africa-press-tchad","tag-tchad"],"yoast_head":"<!-- This site is optimized with the Yoast SEO Premium plugin v26.1 (Yoast SEO v27.0) - https:\/\/yoast.com\/product\/yoast-seo-premium-wordpress\/ -->\n<title>un projet pour la sant\u00e9 maternelle et infantile lanc\u00e9 au Hadjer-Lamis - tchad<\/title>\n<meta name=\"description\" content=\"Dans la province de Hadjar-Lamis (Canton Afrouk), le projet de renforcement de la sante\u0301 maternelle et infantile au Tcha ...\" \/>\n<meta name=\"robots\" content=\"index, follow, max-snippet:-1, max-image-preview:large, max-video-preview:-1\" \/>\n<link rel=\"canonical\" href=\"https:\/\/www.africa-press.net\/tchad\/toutes-les-actualites\/un-projet-pour-la-sante-maternelle-et-infantile-lance-au-hadjer-lamis\" \/>\n<meta property=\"og:locale\" content=\"fr_FR\" \/>\n<meta property=\"og:type\" content=\"article\" \/>\n<meta property=\"og:title\" content=\"un projet pour la sant\u00e9 maternelle et infantile lanc\u00e9 au Hadjer-Lamis\" \/>\n<meta property=\"og:description\" content=\"Dans la province de Hadjar-Lamis (Canton Afrouk), le projet de renforcement de la sante\u0301 maternelle et infantile au Tcha ...\" \/>\n<meta property=\"og:url\" content=\"https:\/\/www.africa-press.net\/tchad\/toutes-les-actualites\/un-projet-pour-la-sante-maternelle-et-infantile-lance-au-hadjer-lamis\" \/>\n<meta property=\"og:site_name\" content=\"tchad\" \/>\n<meta property=\"article:published_time\" content=\"2023-11-19T17:32:45+00:00\" \/>\n<meta property=\"article:modified_time\" content=\"2023-11-19T20:10:12+00:00\" \/>\n<meta property=\"og:image\" content=\"https:\/\/static.africa-press.net\/tchad\/sites\/41\/2023\/11\/sm_1700403987.146043.jpg\" \/>\n\t<meta property=\"og:image:width\" content=\"1024\" \/>\n\t<meta property=\"og:image:height\" content=\"768\" \/>\n\t<meta property=\"og:image:type\" content=\"image\/jpeg\" \/>\n<meta name=\"author\" content=\"cfeditorfr\" \/>\n<meta name=\"twitter:card\" content=\"summary_large_image\" \/>\n<meta name=\"twitter:label1\" content=\"\u00c9crit par\" \/>\n\t<meta name=\"twitter:data1\" content=\"cfeditorfr\" \/>\n\t<meta name=\"twitter:label2\" content=\"Dur\u00e9e de lecture estim\u00e9e\" \/>\n\t<meta name=\"twitter:data2\" content=\"2 minutes\" \/>\n<script type=\"application\/ld+json\" class=\"yoast-schema-graph\">{\"@context\":\"https:\/\/schema.org\",\"@graph\":[{\"@type\":\"Article\",\"@id\":\"https:\/\/www.africa-press.net\/tchad\/toutes-les-actualites\/un-projet-pour-la-sante-maternelle-et-infantile-lance-au-hadjer-lamis#article\",\"isPartOf\":{\"@id\":\"https:\/\/www.africa-press.net\/tchad\/toutes-les-actualites\/un-projet-pour-la-sante-maternelle-et-infantile-lance-au-hadjer-lamis\"},\"author\":{\"name\":\"cfeditorfr\",\"@id\":\"https:\/\/www.africa-press.net\/tchad\/#\/schema\/person\/2b1cf3cd81a31e3cd26889ca66d677f1\"},\"headline\":\"un projet pour la sant\u00e9 maternelle et infantile lanc\u00e9 au Hadjer-Lamis\",\"datePublished\":\"2023-11-19T17:32:45+00:00\",\"dateModified\":\"2023-11-19T20:10:12+00:00\",\"mainEntityOfPage\":{\"@id\":\"https:\/\/www.africa-press.net\/tchad\/toutes-les-actualites\/un-projet-pour-la-sante-maternelle-et-infantile-lance-au-hadjer-lamis\"},\"wordCount\":355,\"commentCount\":0,\"image\":{\"@id\":\"https:\/\/www.africa-press.net\/tchad\/toutes-les-actualites\/un-projet-pour-la-sante-maternelle-et-infantile-lance-au-hadjer-lamis#primaryimage\"},\"thumbnailUrl\":\"https:\/\/static.africa-press.net\/tchad\/sites\/41\/2023\/11\/sm_1700403987.146043.jpg\",\"keywords\":[\"Africa Press\",\"Africa Press-Tchad\",\"Tchad\"],\"articleSection\":[\"Communaut\u00e9\",\"Toutes les actualit\u00e9s\"],\"inLanguage\":\"fr-FR\",\"potentialAction\":[{\"@type\":\"CommentAction\",\"name\":\"Comment\",\"target\":[\"https:\/\/www.africa-press.net\/tchad\/toutes-les-actualites\/un-projet-pour-la-sante-maternelle-et-infantile-lance-au-hadjer-lamis#respond\"]}]},{\"@type\":\"WebPage\",\"@id\":\"https:\/\/www.africa-press.net\/tchad\/toutes-les-actualites\/un-projet-pour-la-sante-maternelle-et-infantile-lance-au-hadjer-lamis\",\"url\":\"https:\/\/www.africa-press.net\/tchad\/toutes-les-actualites\/un-projet-pour-la-sante-maternelle-et-infantile-lance-au-hadjer-lamis\",\"name\":\"un projet pour la sant\u00e9 maternelle et infantile lanc\u00e9 au Hadjer-Lamis - tchad\",\"isPartOf\":{\"@id\":\"https:\/\/www.africa-press.net\/tchad\/#website\"},\"primaryImageOfPage\":{\"@id\":\"https:\/\/www.africa-press.net\/tchad\/toutes-les-actualites\/un-projet-pour-la-sante-maternelle-et-infantile-lance-au-hadjer-lamis#primaryimage\"},\"image\":{\"@id\":\"https:\/\/www.africa-press.net\/tchad\/toutes-les-actualites\/un-projet-pour-la-sante-maternelle-et-infantile-lance-au-hadjer-lamis#primaryimage\"},\"thumbnailUrl\":\"https:\/\/static.africa-press.net\/tchad\/sites\/41\/2023\/11\/sm_1700403987.146043.jpg\",\"datePublished\":\"2023-11-19T17:32:45+00:00\",\"dateModified\":\"2023-11-19T20:10:12+00:00\",\"author\":{\"@id\":\"https:\/\/www.africa-press.net\/tchad\/#\/schema\/person\/2b1cf3cd81a31e3cd26889ca66d677f1\"},\"description\":\"Dans la province de Hadjar-Lamis (Canton Afrouk), le projet de renforcement de la sante\u0301 maternelle et infantile au Tcha ...\",\"breadcrumb\":{\"@id\":\"https:\/\/www.africa-press.net\/tchad\/toutes-les-actualites\/un-projet-pour-la-sante-maternelle-et-infantile-lance-au-hadjer-lamis#breadcrumb\"},\"inLanguage\":\"fr-FR\",\"potentialAction\":[{\"@type\":\"ReadAction\",\"target\":[\"https:\/\/www.africa-press.net\/tchad\/toutes-les-actualites\/un-projet-pour-la-sante-maternelle-et-infantile-lance-au-hadjer-lamis\"]}]},{\"@type\":\"ImageObject\",\"inLanguage\":\"fr-FR\",\"@id\":\"https:\/\/www.africa-press.net\/tchad\/toutes-les-actualites\/un-projet-pour-la-sante-maternelle-et-infantile-lance-au-hadjer-lamis#primaryimage\",\"url\":\"https:\/\/static.africa-press.net\/tchad\/sites\/41\/2023\/11\/sm_1700403987.146043.jpg\",\"contentUrl\":\"https:\/\/static.africa-press.net\/tchad\/sites\/41\/2023\/11\/sm_1700403987.146043.jpg\",\"width\":1024,\"height\":768,\"caption\":\"un projet pour la sant\u00e9 maternelle et infantile lanc\u00e9 au Hadjer-Lamis\"},{\"@type\":\"BreadcrumbList\",\"@id\":\"https:\/\/www.africa-press.net\/tchad\/toutes-les-actualites\/un-projet-pour-la-sante-maternelle-et-infantile-lance-au-hadjer-lamis#breadcrumb\",\"itemListElement\":[{\"@type\":\"ListItem\",\"position\":1,\"name\":\"Accueil\",\"item\":\"https:\/\/www.africa-press.net\/tchad\/\"},{\"@type\":\"ListItem\",\"position\":2,\"name\":\"un projet pour la sant\u00e9 maternelle et infantile lanc\u00e9 au Hadjer-Lamis\"}]},{\"@type\":\"WebSite\",\"@id\":\"https:\/\/www.africa-press.net\/tchad\/#website\",\"url\":\"https:\/\/www.africa-press.net\/tchad\/\",\"name\":\"tchad\",\"description\":\"Just another Africa News Agency Sites site\",\"potentialAction\":[{\"@type\":\"SearchAction\",\"target\":{\"@type\":\"EntryPoint\",\"urlTemplate\":\"https:\/\/www.africa-press.net\/tchad\/?s={search_term_string}\"},\"query-input\":{\"@type\":\"PropertyValueSpecification\",\"valueRequired\":true,\"valueName\":\"search_term_string\"}}],\"inLanguage\":\"fr-FR\"},{\"@type\":\"Person\",\"@id\":\"https:\/\/www.africa-press.net\/tchad\/#\/schema\/person\/2b1cf3cd81a31e3cd26889ca66d677f1\",\"name\":\"cfeditorfr\"}]}<\/script>\n<!-- \/ Yoast SEO Premium plugin. -->","yoast_head_json":{"title":"un projet pour la sant\u00e9 maternelle et infantile lanc\u00e9 au Hadjer-Lamis - tchad","description":"Dans la province de Hadjar-Lamis (Canton Afrouk), le projet de renforcement de la sante\u0301 maternelle et infantile au Tcha ...","robots":{"index":"index","follow":"follow","max-snippet":"max-snippet:-1","max-image-preview":"max-image-preview:large","max-video-preview":"max-video-preview:-1"},"canonical":"https:\/\/www.africa-press.net\/tchad\/toutes-les-actualites\/un-projet-pour-la-sante-maternelle-et-infantile-lance-au-hadjer-lamis","og_locale":"fr_FR","og_type":"article","og_title":"un projet pour la sant\u00e9 maternelle et infantile lanc\u00e9 au Hadjer-Lamis","og_description":"Dans la province de Hadjar-Lamis (Canton Afrouk), le projet de renforcement de la sante\u0301 maternelle et infantile au Tcha ...","og_url":"https:\/\/www.africa-press.net\/tchad\/toutes-les-actualites\/un-projet-pour-la-sante-maternelle-et-infantile-lance-au-hadjer-lamis","og_site_name":"tchad","article_published_time":"2023-11-19T17:32:45+00:00","article_modified_time":"2023-11-19T20:10:12+00:00","og_image":[{"width":1024,"height":768,"url":"https:\/\/static.africa-press.net\/tchad\/sites\/41\/2023\/11\/sm_1700403987.146043.jpg","type":"image\/jpeg"}],"author":"cfeditorfr","twitter_card":"summary_large_image","twitter_misc":{"\u00c9crit par":"cfeditorfr","Dur\u00e9e de lecture estim\u00e9e":"2 minutes"},"schema":{"@context":"https:\/\/schema.org","@graph":[{"@type":"Article","@id":"https:\/\/www.africa-press.net\/tchad\/toutes-les-actualites\/un-projet-pour-la-sante-maternelle-et-infantile-lance-au-hadjer-lamis#article","isPartOf":{"@id":"https:\/\/www.africa-press.net\/tchad\/toutes-les-actualites\/un-projet-pour-la-sante-maternelle-et-infantile-lance-au-hadjer-lamis"},"author":{"name":"cfeditorfr","@id":"https:\/\/www.africa-press.net\/tchad\/#\/schema\/person\/2b1cf3cd81a31e3cd26889ca66d677f1"},"headline":"un projet pour la sant\u00e9 maternelle et infantile lanc\u00e9 au Hadjer-Lamis","datePublished":"2023-11-19T17:32:45+00:00","dateModified":"2023-11-19T20:10:12+00:00","mainEntityOfPage":{"@id":"https:\/\/www.africa-press.net\/tchad\/toutes-les-actualites\/un-projet-pour-la-sante-maternelle-et-infantile-lance-au-hadjer-lamis"},"wordCount":355,"commentCount":0,"image":{"@id":"https:\/\/www.africa-press.net\/tchad\/toutes-les-actualites\/un-projet-pour-la-sante-maternelle-et-infantile-lance-au-hadjer-lamis#primaryimage"},"thumbnailUrl":"https:\/\/static.africa-press.net\/tchad\/sites\/41\/2023\/11\/sm_1700403987.146043.jpg","keywords":["Africa Press","Africa Press-Tchad","Tchad"],"articleSection":["Communaut\u00e9","Toutes les actualit\u00e9s"],"inLanguage":"fr-FR","potentialAction":[{"@type":"CommentAction","name":"Comment","target":["https:\/\/www.africa-press.net\/tchad\/toutes-les-actualites\/un-projet-pour-la-sante-maternelle-et-infantile-lance-au-hadjer-lamis#respond"]}]},{"@type":"WebPage","@id":"https:\/\/www.africa-press.net\/tchad\/toutes-les-actualites\/un-projet-pour-la-sante-maternelle-et-infantile-lance-au-hadjer-lamis","url":"https:\/\/www.africa-press.net\/tchad\/toutes-les-actualites\/un-projet-pour-la-sante-maternelle-et-infantile-lance-au-hadjer-lamis","name":"un projet pour la sant\u00e9 maternelle et infantile lanc\u00e9 au Hadjer-Lamis - tchad","isPartOf":{"@id":"https:\/\/www.africa-press.net\/tchad\/#website"},"primaryImageOfPage":{"@id":"https:\/\/www.africa-press.net\/tchad\/toutes-les-actualites\/un-projet-pour-la-sante-maternelle-et-infantile-lance-au-hadjer-lamis#primaryimage"},"image":{"@id":"https:\/\/www.africa-press.net\/tchad\/toutes-les-actualites\/un-projet-pour-la-sante-maternelle-et-infantile-lance-au-hadjer-lamis#primaryimage"},"thumbnailUrl":"https:\/\/static.africa-press.net\/tchad\/sites\/41\/2023\/11\/sm_1700403987.146043.jpg","datePublished":"2023-11-19T17:32:45+00:00","dateModified":"2023-11-19T20:10:12+00:00","author":{"@id":"https:\/\/www.africa-press.net\/tchad\/#\/schema\/person\/2b1cf3cd81a31e3cd26889ca66d677f1"},"description":"Dans la province de Hadjar-Lamis (Canton Afrouk), le projet de renforcement de la sante\u0301 maternelle et infantile au Tcha ...","breadcrumb":{"@id":"https:\/\/www.africa-press.net\/tchad\/toutes-les-actualites\/un-projet-pour-la-sante-maternelle-et-infantile-lance-au-hadjer-lamis#breadcrumb"},"inLanguage":"fr-FR","potentialAction":[{"@type":"ReadAction","target":["https:\/\/www.africa-press.net\/tchad\/toutes-les-actualites\/un-projet-pour-la-sante-maternelle-et-infantile-lance-au-hadjer-lamis"]}]},{"@type":"ImageObject","inLanguage":"fr-FR","@id":"https:\/\/www.africa-press.net\/tchad\/toutes-les-actualites\/un-projet-pour-la-sante-maternelle-et-infantile-lance-au-hadjer-lamis#primaryimage","url":"https:\/\/static.africa-press.net\/tchad\/sites\/41\/2023\/11\/sm_1700403987.146043.jpg","contentUrl":"https:\/\/static.africa-press.net\/tchad\/sites\/41\/2023\/11\/sm_1700403987.146043.jpg","width":1024,"height":768,"caption":"un projet pour la sant\u00e9 maternelle et infantile lanc\u00e9 au Hadjer-Lamis"},{"@type":"BreadcrumbList","@id":"https:\/\/www.africa-press.net\/tchad\/toutes-les-actualites\/un-projet-pour-la-sante-maternelle-et-infantile-lance-au-hadjer-lamis#breadcrumb","itemListElement":[{"@type":"ListItem","position":1,"name":"Accueil","item":"https:\/\/www.africa-press.net\/tchad\/"},{"@type":"ListItem","position":2,"name":"un projet pour la sant\u00e9 maternelle et infantile lanc\u00e9 au Hadjer-Lamis"}]},{"@type":"WebSite","@id":"https:\/\/www.africa-press.net\/tchad\/#website","url":"https:\/\/www.africa-press.net\/tchad\/","name":"tchad","description":"Just another Africa News Agency Sites site","potentialAction":[{"@type":"SearchAction","target":{"@type":"EntryPoint","urlTemplate":"https:\/\/www.africa-press.net\/tchad\/?s={search_term_string}"},"query-input":{"@type":"PropertyValueSpecification","valueRequired":true,"valueName":"search_term_string"}}],"inLanguage":"fr-FR"},{"@type":"Person","@id":"https:\/\/www.africa-press.net\/tchad\/#\/schema\/person\/2b1cf3cd81a31e3cd26889ca66d677f1","name":"cfeditorfr"}]}},"_links":{"self":[{"href":"https:\/\/www.africa-press.net\/tchad\/wp-json\/wp\/v2\/posts\/54252","targetHints":{"allow":["GET"]}}],"collection":[{"href":"https:\/\/www.africa-press.net\/tchad\/wp-json\/wp\/v2\/posts"}],"about":[{"href":"https:\/\/www.africa-press.net\/tchad\/wp-json\/wp\/v2\/types\/post"}],"author":[{"embeddable":true,"href":"https:\/\/www.africa-press.net\/tchad\/wp-json\/wp\/v2\/users\/82"}],"replies":[{"embeddable":true,"href":"https:\/\/www.africa-press.net\/tchad\/wp-json\/wp\/v2\/comments?post=54252"}],"version-history":[{"count":0,"href":"https:\/\/www.africa-press.net\/tchad\/wp-json\/wp\/v2\/posts\/54252\/revisions"}],"wp:featuredmedia":[{"embeddable":true,"href":"https:\/\/www.africa-press.net\/tchad\/wp-json\/wp\/v2\/media\/54251"}],"wp:attachment":[{"href":"https:\/\/www.africa-press.net\/tchad\/wp-json\/wp\/v2\/media?parent=54252"}],"wp:term":[{"taxonomy":"category","embeddable":true,"href":"https:\/\/www.africa-press.net\/tchad\/wp-json\/wp\/v2\/categories?post=54252"},{"taxonomy":"post_tag","embeddable":true,"href":"https:\/\/www.africa-press.net\/tchad\/wp-json\/wp\/v2\/tags?post=54252"}],"curies":[{"name":"wp","href":"https:\/\/api.w.org\/{rel}","templated":true}]}}