{"id":54283,"date":"2023-11-20T14:07:35","date_gmt":"2023-11-20T14:07:35","guid":{"rendered":"https:\/\/www.africa-press.net\/tchad\/politique\/reconciliation-nationale-le-leader-des-transformateurs-recu-par-le-chef-de-letat"},"modified":"2023-11-20T15:12:33","modified_gmt":"2023-11-20T15:12:33","slug":"reconciliation-nationale-le-leader-des-transformateurs-recu-par-le-chef-de-letat","status":"publish","type":"post","link":"https:\/\/www.africa-press.net\/tchad\/politique\/reconciliation-nationale-le-leader-des-transformateurs-recu-par-le-chef-de-letat","title":{"rendered":"R\u00e9conciliation nationale : Le leader des Transformateurs re\u00e7u par le Chef de l\u2019Etat"},"content":{"rendered":"<p><span style=\"color: #ff6600\"><strong>Africa-Press &#8211; Tchad. <\/strong><\/span>Le Chef de l\u2019Etat du Tchad a recu ce lundi mattin, le Pre\u0301sident des Transformateurs. Lors de cette audience au palais pre\u0301sidentiel, M. Masra e\u0301tait \u00ab accompagne\u0301 du facilitateur de la CEEAC, le Pre\u0301sident Felix Antoine Tshisekedi \u00bb, a souligne\u0301 la pre\u0301sidence tchadienne.<\/p>\n<p>\u00ab Rentre\u0301 au pays le 03 novembre dernier a\u0300 la faveur de l\u2019Accord de Principe conclu a\u0300 Kinshasa le 31 octobre 2023 entre lui et le Gouvernement, le leader des Transformateurs a lance\u0301 a\u0300 l\u2019issue de l\u2019audience un appel a\u0300 la re\u0301conciliation nationale et a\u0300 l\u2019apaisement pour la poursuite sereine de la transition politique en cours dans le pays \u00bb, a indique\u0301 la pre\u0301sidence.<\/p>\n<p><strong>Pour plus d&rsquo;informations et d&rsquo;analyses sur la <a href=\"https:\/\/www.africa-press.net\/tchad\">Tchad<\/a>, suivez <a href=\"https:\/\/www.africa-press.net\/\">Africa-Press<\/a><\/strong><\/p>\n","protected":false},"excerpt":{"rendered":"<p>Africa-Press &#8211; Tchad. Le Chef de l\u2019Etat du Tchad a recu ce lundi mattin, le Pre\u0301sident des Transformateurs. Lors de cette audience au palais pre\u0301sidentiel, M. Masra e\u0301tait \u00ab accompagne\u0301 du facilitateur de la CEEAC, le Pre\u0301sident Felix Antoine Tshisekedi \u00bb, a souligne\u0301 la pre\u0301sidence tchadienne. \u00ab Rentre\u0301 au pays le 03 novembre dernier a\u0300 [&hellip;]<\/p>\n","protected":false},"author":82,"featured_media":54282,"comment_status":"open","ping_status":"closed","sticky":false,"template":"","format":"standard","meta":{"footnotes":""},"categories":[8,2,20,10],"tags":[37,292,29],"class_list":["post-54283","post","type-post","status-publish","format-standard","has-post-thumbnail","hentry","category-photo","category-politique","category-top-nouvelles","category-toutes-les-actualites","tag-africa-press","tag-africa-press-tchad","tag-tchad"],"yoast_head":"<!-- This site is optimized with the Yoast SEO Premium plugin v26.1 (Yoast SEO v27.0) - https:\/\/yoast.com\/product\/yoast-seo-premium-wordpress\/ -->\n<title>R\u00e9conciliation nationale : Le leader des Transformateurs re\u00e7u par le Chef de l\u2019Etat - tchad<\/title>\n<meta name=\"description\" content=\"Le Chef de l\u2019Etat du Tchad a recu ce lundi mattin, le Pre\u0301sident des Transformateurs. Lors de cette audience au palais p ...\" \/>\n<meta name=\"robots\" content=\"index, follow, max-snippet:-1, max-image-preview:large, max-video-preview:-1\" \/>\n<link rel=\"canonical\" href=\"https:\/\/www.africa-press.net\/tchad\/politique\/reconciliation-nationale-le-leader-des-transformateurs-recu-par-le-chef-de-letat\" \/>\n<meta property=\"og:locale\" content=\"fr_FR\" \/>\n<meta property=\"og:type\" content=\"article\" \/>\n<meta property=\"og:title\" content=\"R\u00e9conciliation nationale : Le leader des Transformateurs re\u00e7u par le Chef de l\u2019Etat\" \/>\n<meta property=\"og:description\" content=\"Le Chef de l\u2019Etat du Tchad a recu ce lundi mattin, le Pre\u0301sident des Transformateurs. Lors de cette audience au palais p ...\" \/>\n<meta property=\"og:url\" content=\"https:\/\/www.africa-press.net\/tchad\/politique\/reconciliation-nationale-le-leader-des-transformateurs-recu-par-le-chef-de-letat\" \/>\n<meta property=\"og:site_name\" content=\"tchad\" \/>\n<meta property=\"article:published_time\" content=\"2023-11-20T14:07:35+00:00\" \/>\n<meta property=\"article:modified_time\" content=\"2023-11-20T15:12:33+00:00\" \/>\n<meta property=\"og:image\" content=\"https:\/\/static.africa-press.net\/tchad\/sites\/41\/2023\/11\/sm_1700480478.377307.jpg\" \/>\n\t<meta property=\"og:image:width\" content=\"1590\" \/>\n\t<meta property=\"og:image:height\" content=\"969\" \/>\n\t<meta property=\"og:image:type\" content=\"image\/jpeg\" \/>\n<meta name=\"author\" content=\"cfeditorfr\" \/>\n<meta name=\"twitter:card\" content=\"summary_large_image\" \/>\n<meta name=\"twitter:label1\" content=\"\u00c9crit par\" \/>\n\t<meta name=\"twitter:data1\" content=\"cfeditorfr\" \/>\n\t<meta name=\"twitter:label2\" content=\"Dur\u00e9e de lecture estim\u00e9e\" \/>\n\t<meta name=\"twitter:data2\" content=\"1 minute\" \/>\n<script type=\"application\/ld+json\" class=\"yoast-schema-graph\">{\"@context\":\"https:\/\/schema.org\",\"@graph\":[{\"@type\":\"Article\",\"@id\":\"https:\/\/www.africa-press.net\/tchad\/politique\/reconciliation-nationale-le-leader-des-transformateurs-recu-par-le-chef-de-letat#article\",\"isPartOf\":{\"@id\":\"https:\/\/www.africa-press.net\/tchad\/politique\/reconciliation-nationale-le-leader-des-transformateurs-recu-par-le-chef-de-letat\"},\"author\":{\"name\":\"cfeditorfr\",\"@id\":\"https:\/\/www.africa-press.net\/tchad\/#\/schema\/person\/2b1cf3cd81a31e3cd26889ca66d677f1\"},\"headline\":\"R\u00e9conciliation nationale : Le leader des Transformateurs re\u00e7u par le Chef de l\u2019Etat\",\"datePublished\":\"2023-11-20T14:07:35+00:00\",\"dateModified\":\"2023-11-20T15:12:33+00:00\",\"mainEntityOfPage\":{\"@id\":\"https:\/\/www.africa-press.net\/tchad\/politique\/reconciliation-nationale-le-leader-des-transformateurs-recu-par-le-chef-de-letat\"},\"wordCount\":142,\"commentCount\":0,\"image\":{\"@id\":\"https:\/\/www.africa-press.net\/tchad\/politique\/reconciliation-nationale-le-leader-des-transformateurs-recu-par-le-chef-de-letat#primaryimage\"},\"thumbnailUrl\":\"https:\/\/static.africa-press.net\/tchad\/sites\/41\/2023\/11\/sm_1700480478.377307.jpg\",\"keywords\":[\"Africa Press\",\"Africa Press-Tchad\",\"Tchad\"],\"articleSection\":[\"Photo\",\"Politique\",\"Top Nouvelles\",\"Toutes les actualit\u00e9s\"],\"inLanguage\":\"fr-FR\",\"potentialAction\":[{\"@type\":\"CommentAction\",\"name\":\"Comment\",\"target\":[\"https:\/\/www.africa-press.net\/tchad\/politique\/reconciliation-nationale-le-leader-des-transformateurs-recu-par-le-chef-de-letat#respond\"]}]},{\"@type\":\"WebPage\",\"@id\":\"https:\/\/www.africa-press.net\/tchad\/politique\/reconciliation-nationale-le-leader-des-transformateurs-recu-par-le-chef-de-letat\",\"url\":\"https:\/\/www.africa-press.net\/tchad\/politique\/reconciliation-nationale-le-leader-des-transformateurs-recu-par-le-chef-de-letat\",\"name\":\"R\u00e9conciliation nationale : Le leader des Transformateurs re\u00e7u par le Chef de l\u2019Etat - tchad\",\"isPartOf\":{\"@id\":\"https:\/\/www.africa-press.net\/tchad\/#website\"},\"primaryImageOfPage\":{\"@id\":\"https:\/\/www.africa-press.net\/tchad\/politique\/reconciliation-nationale-le-leader-des-transformateurs-recu-par-le-chef-de-letat#primaryimage\"},\"image\":{\"@id\":\"https:\/\/www.africa-press.net\/tchad\/politique\/reconciliation-nationale-le-leader-des-transformateurs-recu-par-le-chef-de-letat#primaryimage\"},\"thumbnailUrl\":\"https:\/\/static.africa-press.net\/tchad\/sites\/41\/2023\/11\/sm_1700480478.377307.jpg\",\"datePublished\":\"2023-11-20T14:07:35+00:00\",\"dateModified\":\"2023-11-20T15:12:33+00:00\",\"author\":{\"@id\":\"https:\/\/www.africa-press.net\/tchad\/#\/schema\/person\/2b1cf3cd81a31e3cd26889ca66d677f1\"},\"description\":\"Le Chef de l\u2019Etat du Tchad a recu ce lundi mattin, le Pre\u0301sident des Transformateurs. Lors de cette audience au palais p ...\",\"breadcrumb\":{\"@id\":\"https:\/\/www.africa-press.net\/tchad\/politique\/reconciliation-nationale-le-leader-des-transformateurs-recu-par-le-chef-de-letat#breadcrumb\"},\"inLanguage\":\"fr-FR\",\"potentialAction\":[{\"@type\":\"ReadAction\",\"target\":[\"https:\/\/www.africa-press.net\/tchad\/politique\/reconciliation-nationale-le-leader-des-transformateurs-recu-par-le-chef-de-letat\"]}]},{\"@type\":\"ImageObject\",\"inLanguage\":\"fr-FR\",\"@id\":\"https:\/\/www.africa-press.net\/tchad\/politique\/reconciliation-nationale-le-leader-des-transformateurs-recu-par-le-chef-de-letat#primaryimage\",\"url\":\"https:\/\/static.africa-press.net\/tchad\/sites\/41\/2023\/11\/sm_1700480478.377307.jpg\",\"contentUrl\":\"https:\/\/static.africa-press.net\/tchad\/sites\/41\/2023\/11\/sm_1700480478.377307.jpg\",\"width\":1590,\"height\":969,\"caption\":\"R\u00e9conciliation nationale : Le leader des Transformateurs re\u00e7u par le Chef de l\u2019Etat\"},{\"@type\":\"BreadcrumbList\",\"@id\":\"https:\/\/www.africa-press.net\/tchad\/politique\/reconciliation-nationale-le-leader-des-transformateurs-recu-par-le-chef-de-letat#breadcrumb\",\"itemListElement\":[{\"@type\":\"ListItem\",\"position\":1,\"name\":\"Accueil\",\"item\":\"https:\/\/www.africa-press.net\/tchad\/\"},{\"@type\":\"ListItem\",\"position\":2,\"name\":\"R\u00e9conciliation nationale : Le leader des Transformateurs re\u00e7u par le Chef de l\u2019Etat\"}]},{\"@type\":\"WebSite\",\"@id\":\"https:\/\/www.africa-press.net\/tchad\/#website\",\"url\":\"https:\/\/www.africa-press.net\/tchad\/\",\"name\":\"tchad\",\"description\":\"Just another Africa News Agency Sites site\",\"potentialAction\":[{\"@type\":\"SearchAction\",\"target\":{\"@type\":\"EntryPoint\",\"urlTemplate\":\"https:\/\/www.africa-press.net\/tchad\/?s={search_term_string}\"},\"query-input\":{\"@type\":\"PropertyValueSpecification\",\"valueRequired\":true,\"valueName\":\"search_term_string\"}}],\"inLanguage\":\"fr-FR\"},{\"@type\":\"Person\",\"@id\":\"https:\/\/www.africa-press.net\/tchad\/#\/schema\/person\/2b1cf3cd81a31e3cd26889ca66d677f1\",\"name\":\"cfeditorfr\"}]}<\/script>\n<!-- \/ Yoast SEO Premium plugin. -->","yoast_head_json":{"title":"R\u00e9conciliation nationale : Le leader des Transformateurs re\u00e7u par le Chef de l\u2019Etat - tchad","description":"Le Chef de l\u2019Etat du Tchad a recu ce lundi mattin, le Pre\u0301sident des Transformateurs. Lors de cette audience au palais p ...","robots":{"index":"index","follow":"follow","max-snippet":"max-snippet:-1","max-image-preview":"max-image-preview:large","max-video-preview":"max-video-preview:-1"},"canonical":"https:\/\/www.africa-press.net\/tchad\/politique\/reconciliation-nationale-le-leader-des-transformateurs-recu-par-le-chef-de-letat","og_locale":"fr_FR","og_type":"article","og_title":"R\u00e9conciliation nationale : Le leader des Transformateurs re\u00e7u par le Chef de l\u2019Etat","og_description":"Le Chef de l\u2019Etat du Tchad a recu ce lundi mattin, le Pre\u0301sident des Transformateurs. Lors de cette audience au palais p ...","og_url":"https:\/\/www.africa-press.net\/tchad\/politique\/reconciliation-nationale-le-leader-des-transformateurs-recu-par-le-chef-de-letat","og_site_name":"tchad","article_published_time":"2023-11-20T14:07:35+00:00","article_modified_time":"2023-11-20T15:12:33+00:00","og_image":[{"width":1590,"height":969,"url":"https:\/\/static.africa-press.net\/tchad\/sites\/41\/2023\/11\/sm_1700480478.377307.jpg","type":"image\/jpeg"}],"author":"cfeditorfr","twitter_card":"summary_large_image","twitter_misc":{"\u00c9crit par":"cfeditorfr","Dur\u00e9e de lecture estim\u00e9e":"1 minute"},"schema":{"@context":"https:\/\/schema.org","@graph":[{"@type":"Article","@id":"https:\/\/www.africa-press.net\/tchad\/politique\/reconciliation-nationale-le-leader-des-transformateurs-recu-par-le-chef-de-letat#article","isPartOf":{"@id":"https:\/\/www.africa-press.net\/tchad\/politique\/reconciliation-nationale-le-leader-des-transformateurs-recu-par-le-chef-de-letat"},"author":{"name":"cfeditorfr","@id":"https:\/\/www.africa-press.net\/tchad\/#\/schema\/person\/2b1cf3cd81a31e3cd26889ca66d677f1"},"headline":"R\u00e9conciliation nationale : Le leader des Transformateurs re\u00e7u par le Chef de l\u2019Etat","datePublished":"2023-11-20T14:07:35+00:00","dateModified":"2023-11-20T15:12:33+00:00","mainEntityOfPage":{"@id":"https:\/\/www.africa-press.net\/tchad\/politique\/reconciliation-nationale-le-leader-des-transformateurs-recu-par-le-chef-de-letat"},"wordCount":142,"commentCount":0,"image":{"@id":"https:\/\/www.africa-press.net\/tchad\/politique\/reconciliation-nationale-le-leader-des-transformateurs-recu-par-le-chef-de-letat#primaryimage"},"thumbnailUrl":"https:\/\/static.africa-press.net\/tchad\/sites\/41\/2023\/11\/sm_1700480478.377307.jpg","keywords":["Africa Press","Africa Press-Tchad","Tchad"],"articleSection":["Photo","Politique","Top Nouvelles","Toutes les actualit\u00e9s"],"inLanguage":"fr-FR","potentialAction":[{"@type":"CommentAction","name":"Comment","target":["https:\/\/www.africa-press.net\/tchad\/politique\/reconciliation-nationale-le-leader-des-transformateurs-recu-par-le-chef-de-letat#respond"]}]},{"@type":"WebPage","@id":"https:\/\/www.africa-press.net\/tchad\/politique\/reconciliation-nationale-le-leader-des-transformateurs-recu-par-le-chef-de-letat","url":"https:\/\/www.africa-press.net\/tchad\/politique\/reconciliation-nationale-le-leader-des-transformateurs-recu-par-le-chef-de-letat","name":"R\u00e9conciliation nationale : Le leader des Transformateurs re\u00e7u par le Chef de l\u2019Etat - tchad","isPartOf":{"@id":"https:\/\/www.africa-press.net\/tchad\/#website"},"primaryImageOfPage":{"@id":"https:\/\/www.africa-press.net\/tchad\/politique\/reconciliation-nationale-le-leader-des-transformateurs-recu-par-le-chef-de-letat#primaryimage"},"image":{"@id":"https:\/\/www.africa-press.net\/tchad\/politique\/reconciliation-nationale-le-leader-des-transformateurs-recu-par-le-chef-de-letat#primaryimage"},"thumbnailUrl":"https:\/\/static.africa-press.net\/tchad\/sites\/41\/2023\/11\/sm_1700480478.377307.jpg","datePublished":"2023-11-20T14:07:35+00:00","dateModified":"2023-11-20T15:12:33+00:00","author":{"@id":"https:\/\/www.africa-press.net\/tchad\/#\/schema\/person\/2b1cf3cd81a31e3cd26889ca66d677f1"},"description":"Le Chef de l\u2019Etat du Tchad a recu ce lundi mattin, le Pre\u0301sident des Transformateurs. Lors de cette audience au palais p ...","breadcrumb":{"@id":"https:\/\/www.africa-press.net\/tchad\/politique\/reconciliation-nationale-le-leader-des-transformateurs-recu-par-le-chef-de-letat#breadcrumb"},"inLanguage":"fr-FR","potentialAction":[{"@type":"ReadAction","target":["https:\/\/www.africa-press.net\/tchad\/politique\/reconciliation-nationale-le-leader-des-transformateurs-recu-par-le-chef-de-letat"]}]},{"@type":"ImageObject","inLanguage":"fr-FR","@id":"https:\/\/www.africa-press.net\/tchad\/politique\/reconciliation-nationale-le-leader-des-transformateurs-recu-par-le-chef-de-letat#primaryimage","url":"https:\/\/static.africa-press.net\/tchad\/sites\/41\/2023\/11\/sm_1700480478.377307.jpg","contentUrl":"https:\/\/static.africa-press.net\/tchad\/sites\/41\/2023\/11\/sm_1700480478.377307.jpg","width":1590,"height":969,"caption":"R\u00e9conciliation nationale : Le leader des Transformateurs re\u00e7u par le Chef de l\u2019Etat"},{"@type":"BreadcrumbList","@id":"https:\/\/www.africa-press.net\/tchad\/politique\/reconciliation-nationale-le-leader-des-transformateurs-recu-par-le-chef-de-letat#breadcrumb","itemListElement":[{"@type":"ListItem","position":1,"name":"Accueil","item":"https:\/\/www.africa-press.net\/tchad\/"},{"@type":"ListItem","position":2,"name":"R\u00e9conciliation nationale : Le leader des Transformateurs re\u00e7u par le Chef de l\u2019Etat"}]},{"@type":"WebSite","@id":"https:\/\/www.africa-press.net\/tchad\/#website","url":"https:\/\/www.africa-press.net\/tchad\/","name":"tchad","description":"Just another Africa News Agency Sites site","potentialAction":[{"@type":"SearchAction","target":{"@type":"EntryPoint","urlTemplate":"https:\/\/www.africa-press.net\/tchad\/?s={search_term_string}"},"query-input":{"@type":"PropertyValueSpecification","valueRequired":true,"valueName":"search_term_string"}}],"inLanguage":"fr-FR"},{"@type":"Person","@id":"https:\/\/www.africa-press.net\/tchad\/#\/schema\/person\/2b1cf3cd81a31e3cd26889ca66d677f1","name":"cfeditorfr"}]}},"_links":{"self":[{"href":"https:\/\/www.africa-press.net\/tchad\/wp-json\/wp\/v2\/posts\/54283","targetHints":{"allow":["GET"]}}],"collection":[{"href":"https:\/\/www.africa-press.net\/tchad\/wp-json\/wp\/v2\/posts"}],"about":[{"href":"https:\/\/www.africa-press.net\/tchad\/wp-json\/wp\/v2\/types\/post"}],"author":[{"embeddable":true,"href":"https:\/\/www.africa-press.net\/tchad\/wp-json\/wp\/v2\/users\/82"}],"replies":[{"embeddable":true,"href":"https:\/\/www.africa-press.net\/tchad\/wp-json\/wp\/v2\/comments?post=54283"}],"version-history":[{"count":0,"href":"https:\/\/www.africa-press.net\/tchad\/wp-json\/wp\/v2\/posts\/54283\/revisions"}],"wp:featuredmedia":[{"embeddable":true,"href":"https:\/\/www.africa-press.net\/tchad\/wp-json\/wp\/v2\/media\/54282"}],"wp:attachment":[{"href":"https:\/\/www.africa-press.net\/tchad\/wp-json\/wp\/v2\/media?parent=54283"}],"wp:term":[{"taxonomy":"category","embeddable":true,"href":"https:\/\/www.africa-press.net\/tchad\/wp-json\/wp\/v2\/categories?post=54283"},{"taxonomy":"post_tag","embeddable":true,"href":"https:\/\/www.africa-press.net\/tchad\/wp-json\/wp\/v2\/tags?post=54283"}],"curies":[{"name":"wp","href":"https:\/\/api.w.org\/{rel}","templated":true}]}}