{"id":54286,"date":"2023-11-20T14:08:10","date_gmt":"2023-11-20T14:08:10","guid":{"rendered":"https:\/\/www.africa-press.net\/tchad\/politique\/le-president-de-la-transition-le-referendum-constitutionnel-prevu-le-17-decembre-2023-est-plein-denjeux"},"modified":"2023-11-20T15:13:33","modified_gmt":"2023-11-20T15:13:33","slug":"le-president-de-la-transition-le-referendum-constitutionnel-prevu-le-17-decembre-2023-est-plein-denjeux","status":"publish","type":"post","link":"https:\/\/www.africa-press.net\/tchad\/politique\/le-president-de-la-transition-le-referendum-constitutionnel-prevu-le-17-decembre-2023-est-plein-denjeux","title":{"rendered":"Le Pr\u00e9sident de la transition : \u00ab le r\u00e9f\u00e9rendum constitutionnel pr\u00e9vu le 17 d\u00e9cembre 2023 est plein d\u2019enjeux \u00bb"},"content":{"rendered":"<p><span style=\"color: #ff6600\"><strong>Africa-Press &#8211; Tchad. <\/strong><\/span>Le re\u0301fe\u0301rendum constitutionnel pre\u0301vu le 17 de\u0301cembre 2023 est plein d\u2019enjeux car il s\u2019agit non seulement de de\u0301terminer la forme de l\u2019E\u0301tat mais de poser le socle de la Refondation de notre Nation \u00bb, a releve\u0301 le Chef de l\u2019Etat lors de sa rencontre, dimanche, avec la classe politique.<\/p>\n<p>\u00ab Le projet de loi fondamentale, je l\u2019ai lu. Il est dense, riche et innovant suivant l\u2019esprit des de\u0301cisions souveraines du peuple re\u0301uni lors des assises du DNIS \u00bb, a-t-il souligne\u0301.<\/p>\n<p>\u00ab A cet e\u0301gard, je reste droit dans mes bottes. Comme il est de tradition, je ne m\u2019associerai, ni de pre\u0300s, ni de loin, a\u0300 ce processus. J\u2019observerai une stricte et totale neutralite\u0301 \u00bb, a promis le Pre\u0301sident de la transition.<\/p>\n<p>\u00ab Il revient, a\u0300 vous acteurs politiques, comme vous l\u2019aviez fait pendant la re\u0301vision du fichier e\u0301lectoral, de vous battre pour le triomphe de vos ide\u0301aux politiques \u00bb, les-a-t-il conseille\u0301.<\/p>\n<p><strong>Pour plus d&rsquo;informations et d&rsquo;analyses sur la <a href=\"https:\/\/www.africa-press.net\/tchad\">Tchad<\/a>, suivez <a href=\"https:\/\/www.africa-press.net\/\">Africa-Press<\/a><\/strong><\/p>\n","protected":false},"excerpt":{"rendered":"<p>Africa-Press &#8211; Tchad. Le re\u0301fe\u0301rendum constitutionnel pre\u0301vu le 17 de\u0301cembre 2023 est plein d\u2019enjeux car il s\u2019agit non seulement de de\u0301terminer la forme de l\u2019E\u0301tat mais de poser le socle de la Refondation de notre Nation \u00bb, a releve\u0301 le Chef de l\u2019Etat lors de sa rencontre, dimanche, avec la classe politique. \u00ab Le projet [&hellip;]<\/p>\n","protected":false},"author":82,"featured_media":54284,"comment_status":"open","ping_status":"closed","sticky":false,"template":"","format":"standard","meta":{"footnotes":""},"categories":[2,20,10],"tags":[37,292,29],"class_list":["post-54286","post","type-post","status-publish","format-standard","has-post-thumbnail","hentry","category-politique","category-top-nouvelles","category-toutes-les-actualites","tag-africa-press","tag-africa-press-tchad","tag-tchad"],"yoast_head":"<!-- This site is optimized with the Yoast SEO Premium plugin v26.1 (Yoast SEO v27.0) - https:\/\/yoast.com\/product\/yoast-seo-premium-wordpress\/ -->\n<title>Le Pr\u00e9sident de la transition : \u00ab le r\u00e9f\u00e9rendum constitutionnel pr\u00e9vu le 17 d\u00e9cembre 2023 est plein d\u2019enjeux \u00bb - tchad<\/title>\n<meta name=\"description\" content=\"Le re\u0301fe\u0301rendum constitutionnel pre\u0301vu le 17 de\u0301cembre 2023 est plein d\u2019enjeux car il s\u2019agit non seulement de de\u0301termine ...\" \/>\n<meta name=\"robots\" content=\"index, follow, max-snippet:-1, max-image-preview:large, max-video-preview:-1\" \/>\n<link rel=\"canonical\" href=\"https:\/\/www.africa-press.net\/tchad\/politique\/le-president-de-la-transition-le-referendum-constitutionnel-prevu-le-17-decembre-2023-est-plein-denjeux\" \/>\n<meta property=\"og:locale\" content=\"fr_FR\" \/>\n<meta property=\"og:type\" content=\"article\" \/>\n<meta property=\"og:title\" content=\"Le Pr\u00e9sident de la transition : \u00ab le r\u00e9f\u00e9rendum constitutionnel pr\u00e9vu le 17 d\u00e9cembre 2023 est plein d\u2019enjeux \u00bb\" \/>\n<meta property=\"og:description\" content=\"Le re\u0301fe\u0301rendum constitutionnel pre\u0301vu le 17 de\u0301cembre 2023 est plein d\u2019enjeux car il s\u2019agit non seulement de de\u0301termine ...\" \/>\n<meta property=\"og:url\" content=\"https:\/\/www.africa-press.net\/tchad\/politique\/le-president-de-la-transition-le-referendum-constitutionnel-prevu-le-17-decembre-2023-est-plein-denjeux\" \/>\n<meta property=\"og:site_name\" content=\"tchad\" \/>\n<meta property=\"article:published_time\" content=\"2023-11-20T14:08:10+00:00\" \/>\n<meta property=\"article:modified_time\" content=\"2023-11-20T15:13:33+00:00\" \/>\n<meta property=\"og:image\" content=\"https:\/\/static.africa-press.net\/tchad\/sites\/41\/2023\/11\/sm_1700480527.051322.jpg\" \/>\n\t<meta property=\"og:image:width\" content=\"1020\" \/>\n\t<meta property=\"og:image:height\" content=\"610\" \/>\n\t<meta property=\"og:image:type\" content=\"image\/jpeg\" \/>\n<meta name=\"author\" content=\"cfeditorfr\" \/>\n<meta name=\"twitter:card\" content=\"summary_large_image\" \/>\n<meta name=\"twitter:label1\" content=\"\u00c9crit par\" \/>\n\t<meta name=\"twitter:data1\" content=\"cfeditorfr\" \/>\n\t<meta name=\"twitter:label2\" content=\"Dur\u00e9e de lecture estim\u00e9e\" \/>\n\t<meta name=\"twitter:data2\" content=\"1 minute\" \/>\n<script type=\"application\/ld+json\" class=\"yoast-schema-graph\">{\"@context\":\"https:\/\/schema.org\",\"@graph\":[{\"@type\":\"Article\",\"@id\":\"https:\/\/www.africa-press.net\/tchad\/politique\/le-president-de-la-transition-le-referendum-constitutionnel-prevu-le-17-decembre-2023-est-plein-denjeux#article\",\"isPartOf\":{\"@id\":\"https:\/\/www.africa-press.net\/tchad\/politique\/le-president-de-la-transition-le-referendum-constitutionnel-prevu-le-17-decembre-2023-est-plein-denjeux\"},\"author\":{\"name\":\"cfeditorfr\",\"@id\":\"https:\/\/www.africa-press.net\/tchad\/#\/schema\/person\/2b1cf3cd81a31e3cd26889ca66d677f1\"},\"headline\":\"Le Pr\u00e9sident de la transition : \u00ab le r\u00e9f\u00e9rendum constitutionnel pr\u00e9vu le 17 d\u00e9cembre 2023 est plein d\u2019enjeux \u00bb\",\"datePublished\":\"2023-11-20T14:08:10+00:00\",\"dateModified\":\"2023-11-20T15:13:33+00:00\",\"mainEntityOfPage\":{\"@id\":\"https:\/\/www.africa-press.net\/tchad\/politique\/le-president-de-la-transition-le-referendum-constitutionnel-prevu-le-17-decembre-2023-est-plein-denjeux\"},\"wordCount\":200,\"commentCount\":0,\"image\":{\"@id\":\"https:\/\/www.africa-press.net\/tchad\/politique\/le-president-de-la-transition-le-referendum-constitutionnel-prevu-le-17-decembre-2023-est-plein-denjeux#primaryimage\"},\"thumbnailUrl\":\"https:\/\/static.africa-press.net\/tchad\/sites\/41\/2023\/11\/sm_1700480527.051322.jpg\",\"keywords\":[\"Africa Press\",\"Africa Press-Tchad\",\"Tchad\"],\"articleSection\":[\"Politique\",\"Top Nouvelles\",\"Toutes les actualit\u00e9s\"],\"inLanguage\":\"fr-FR\",\"potentialAction\":[{\"@type\":\"CommentAction\",\"name\":\"Comment\",\"target\":[\"https:\/\/www.africa-press.net\/tchad\/politique\/le-president-de-la-transition-le-referendum-constitutionnel-prevu-le-17-decembre-2023-est-plein-denjeux#respond\"]}]},{\"@type\":\"WebPage\",\"@id\":\"https:\/\/www.africa-press.net\/tchad\/politique\/le-president-de-la-transition-le-referendum-constitutionnel-prevu-le-17-decembre-2023-est-plein-denjeux\",\"url\":\"https:\/\/www.africa-press.net\/tchad\/politique\/le-president-de-la-transition-le-referendum-constitutionnel-prevu-le-17-decembre-2023-est-plein-denjeux\",\"name\":\"Le Pr\u00e9sident de la transition : \u00ab le r\u00e9f\u00e9rendum constitutionnel pr\u00e9vu le 17 d\u00e9cembre 2023 est plein d\u2019enjeux \u00bb - tchad\",\"isPartOf\":{\"@id\":\"https:\/\/www.africa-press.net\/tchad\/#website\"},\"primaryImageOfPage\":{\"@id\":\"https:\/\/www.africa-press.net\/tchad\/politique\/le-president-de-la-transition-le-referendum-constitutionnel-prevu-le-17-decembre-2023-est-plein-denjeux#primaryimage\"},\"image\":{\"@id\":\"https:\/\/www.africa-press.net\/tchad\/politique\/le-president-de-la-transition-le-referendum-constitutionnel-prevu-le-17-decembre-2023-est-plein-denjeux#primaryimage\"},\"thumbnailUrl\":\"https:\/\/static.africa-press.net\/tchad\/sites\/41\/2023\/11\/sm_1700480527.051322.jpg\",\"datePublished\":\"2023-11-20T14:08:10+00:00\",\"dateModified\":\"2023-11-20T15:13:33+00:00\",\"author\":{\"@id\":\"https:\/\/www.africa-press.net\/tchad\/#\/schema\/person\/2b1cf3cd81a31e3cd26889ca66d677f1\"},\"description\":\"Le re\u0301fe\u0301rendum constitutionnel pre\u0301vu le 17 de\u0301cembre 2023 est plein d\u2019enjeux car il s\u2019agit non seulement de de\u0301termine ...\",\"breadcrumb\":{\"@id\":\"https:\/\/www.africa-press.net\/tchad\/politique\/le-president-de-la-transition-le-referendum-constitutionnel-prevu-le-17-decembre-2023-est-plein-denjeux#breadcrumb\"},\"inLanguage\":\"fr-FR\",\"potentialAction\":[{\"@type\":\"ReadAction\",\"target\":[\"https:\/\/www.africa-press.net\/tchad\/politique\/le-president-de-la-transition-le-referendum-constitutionnel-prevu-le-17-decembre-2023-est-plein-denjeux\"]}]},{\"@type\":\"ImageObject\",\"inLanguage\":\"fr-FR\",\"@id\":\"https:\/\/www.africa-press.net\/tchad\/politique\/le-president-de-la-transition-le-referendum-constitutionnel-prevu-le-17-decembre-2023-est-plein-denjeux#primaryimage\",\"url\":\"https:\/\/static.africa-press.net\/tchad\/sites\/41\/2023\/11\/sm_1700480527.051322.jpg\",\"contentUrl\":\"https:\/\/static.africa-press.net\/tchad\/sites\/41\/2023\/11\/sm_1700480527.051322.jpg\",\"width\":1020,\"height\":610,\"caption\":\"Le Pr\u00e9sident de la transition : \u00ab le r\u00e9f\u00e9rendum constitutionnel pr\u00e9vu le 17 d\u00e9cembre 2023 est plein d\u2019enjeux \u00bb\"},{\"@type\":\"BreadcrumbList\",\"@id\":\"https:\/\/www.africa-press.net\/tchad\/politique\/le-president-de-la-transition-le-referendum-constitutionnel-prevu-le-17-decembre-2023-est-plein-denjeux#breadcrumb\",\"itemListElement\":[{\"@type\":\"ListItem\",\"position\":1,\"name\":\"Accueil\",\"item\":\"https:\/\/www.africa-press.net\/tchad\/\"},{\"@type\":\"ListItem\",\"position\":2,\"name\":\"Le Pr\u00e9sident de la transition : \u00ab le r\u00e9f\u00e9rendum constitutionnel pr\u00e9vu le 17 d\u00e9cembre 2023 est plein d\u2019enjeux \u00bb\"}]},{\"@type\":\"WebSite\",\"@id\":\"https:\/\/www.africa-press.net\/tchad\/#website\",\"url\":\"https:\/\/www.africa-press.net\/tchad\/\",\"name\":\"tchad\",\"description\":\"Just another Africa News Agency Sites site\",\"potentialAction\":[{\"@type\":\"SearchAction\",\"target\":{\"@type\":\"EntryPoint\",\"urlTemplate\":\"https:\/\/www.africa-press.net\/tchad\/?s={search_term_string}\"},\"query-input\":{\"@type\":\"PropertyValueSpecification\",\"valueRequired\":true,\"valueName\":\"search_term_string\"}}],\"inLanguage\":\"fr-FR\"},{\"@type\":\"Person\",\"@id\":\"https:\/\/www.africa-press.net\/tchad\/#\/schema\/person\/2b1cf3cd81a31e3cd26889ca66d677f1\",\"name\":\"cfeditorfr\"}]}<\/script>\n<!-- \/ Yoast SEO Premium plugin. -->","yoast_head_json":{"title":"Le Pr\u00e9sident de la transition : \u00ab le r\u00e9f\u00e9rendum constitutionnel pr\u00e9vu le 17 d\u00e9cembre 2023 est plein d\u2019enjeux \u00bb - tchad","description":"Le re\u0301fe\u0301rendum constitutionnel pre\u0301vu le 17 de\u0301cembre 2023 est plein d\u2019enjeux car il s\u2019agit non seulement de de\u0301termine ...","robots":{"index":"index","follow":"follow","max-snippet":"max-snippet:-1","max-image-preview":"max-image-preview:large","max-video-preview":"max-video-preview:-1"},"canonical":"https:\/\/www.africa-press.net\/tchad\/politique\/le-president-de-la-transition-le-referendum-constitutionnel-prevu-le-17-decembre-2023-est-plein-denjeux","og_locale":"fr_FR","og_type":"article","og_title":"Le Pr\u00e9sident de la transition : \u00ab le r\u00e9f\u00e9rendum constitutionnel pr\u00e9vu le 17 d\u00e9cembre 2023 est plein d\u2019enjeux \u00bb","og_description":"Le re\u0301fe\u0301rendum constitutionnel pre\u0301vu le 17 de\u0301cembre 2023 est plein d\u2019enjeux car il s\u2019agit non seulement de de\u0301termine ...","og_url":"https:\/\/www.africa-press.net\/tchad\/politique\/le-president-de-la-transition-le-referendum-constitutionnel-prevu-le-17-decembre-2023-est-plein-denjeux","og_site_name":"tchad","article_published_time":"2023-11-20T14:08:10+00:00","article_modified_time":"2023-11-20T15:13:33+00:00","og_image":[{"width":1020,"height":610,"url":"https:\/\/static.africa-press.net\/tchad\/sites\/41\/2023\/11\/sm_1700480527.051322.jpg","type":"image\/jpeg"}],"author":"cfeditorfr","twitter_card":"summary_large_image","twitter_misc":{"\u00c9crit par":"cfeditorfr","Dur\u00e9e de lecture estim\u00e9e":"1 minute"},"schema":{"@context":"https:\/\/schema.org","@graph":[{"@type":"Article","@id":"https:\/\/www.africa-press.net\/tchad\/politique\/le-president-de-la-transition-le-referendum-constitutionnel-prevu-le-17-decembre-2023-est-plein-denjeux#article","isPartOf":{"@id":"https:\/\/www.africa-press.net\/tchad\/politique\/le-president-de-la-transition-le-referendum-constitutionnel-prevu-le-17-decembre-2023-est-plein-denjeux"},"author":{"name":"cfeditorfr","@id":"https:\/\/www.africa-press.net\/tchad\/#\/schema\/person\/2b1cf3cd81a31e3cd26889ca66d677f1"},"headline":"Le Pr\u00e9sident de la transition : \u00ab le r\u00e9f\u00e9rendum constitutionnel pr\u00e9vu le 17 d\u00e9cembre 2023 est plein d\u2019enjeux \u00bb","datePublished":"2023-11-20T14:08:10+00:00","dateModified":"2023-11-20T15:13:33+00:00","mainEntityOfPage":{"@id":"https:\/\/www.africa-press.net\/tchad\/politique\/le-president-de-la-transition-le-referendum-constitutionnel-prevu-le-17-decembre-2023-est-plein-denjeux"},"wordCount":200,"commentCount":0,"image":{"@id":"https:\/\/www.africa-press.net\/tchad\/politique\/le-president-de-la-transition-le-referendum-constitutionnel-prevu-le-17-decembre-2023-est-plein-denjeux#primaryimage"},"thumbnailUrl":"https:\/\/static.africa-press.net\/tchad\/sites\/41\/2023\/11\/sm_1700480527.051322.jpg","keywords":["Africa Press","Africa Press-Tchad","Tchad"],"articleSection":["Politique","Top Nouvelles","Toutes les actualit\u00e9s"],"inLanguage":"fr-FR","potentialAction":[{"@type":"CommentAction","name":"Comment","target":["https:\/\/www.africa-press.net\/tchad\/politique\/le-president-de-la-transition-le-referendum-constitutionnel-prevu-le-17-decembre-2023-est-plein-denjeux#respond"]}]},{"@type":"WebPage","@id":"https:\/\/www.africa-press.net\/tchad\/politique\/le-president-de-la-transition-le-referendum-constitutionnel-prevu-le-17-decembre-2023-est-plein-denjeux","url":"https:\/\/www.africa-press.net\/tchad\/politique\/le-president-de-la-transition-le-referendum-constitutionnel-prevu-le-17-decembre-2023-est-plein-denjeux","name":"Le Pr\u00e9sident de la transition : \u00ab le r\u00e9f\u00e9rendum constitutionnel pr\u00e9vu le 17 d\u00e9cembre 2023 est plein d\u2019enjeux \u00bb - tchad","isPartOf":{"@id":"https:\/\/www.africa-press.net\/tchad\/#website"},"primaryImageOfPage":{"@id":"https:\/\/www.africa-press.net\/tchad\/politique\/le-president-de-la-transition-le-referendum-constitutionnel-prevu-le-17-decembre-2023-est-plein-denjeux#primaryimage"},"image":{"@id":"https:\/\/www.africa-press.net\/tchad\/politique\/le-president-de-la-transition-le-referendum-constitutionnel-prevu-le-17-decembre-2023-est-plein-denjeux#primaryimage"},"thumbnailUrl":"https:\/\/static.africa-press.net\/tchad\/sites\/41\/2023\/11\/sm_1700480527.051322.jpg","datePublished":"2023-11-20T14:08:10+00:00","dateModified":"2023-11-20T15:13:33+00:00","author":{"@id":"https:\/\/www.africa-press.net\/tchad\/#\/schema\/person\/2b1cf3cd81a31e3cd26889ca66d677f1"},"description":"Le re\u0301fe\u0301rendum constitutionnel pre\u0301vu le 17 de\u0301cembre 2023 est plein d\u2019enjeux car il s\u2019agit non seulement de de\u0301termine ...","breadcrumb":{"@id":"https:\/\/www.africa-press.net\/tchad\/politique\/le-president-de-la-transition-le-referendum-constitutionnel-prevu-le-17-decembre-2023-est-plein-denjeux#breadcrumb"},"inLanguage":"fr-FR","potentialAction":[{"@type":"ReadAction","target":["https:\/\/www.africa-press.net\/tchad\/politique\/le-president-de-la-transition-le-referendum-constitutionnel-prevu-le-17-decembre-2023-est-plein-denjeux"]}]},{"@type":"ImageObject","inLanguage":"fr-FR","@id":"https:\/\/www.africa-press.net\/tchad\/politique\/le-president-de-la-transition-le-referendum-constitutionnel-prevu-le-17-decembre-2023-est-plein-denjeux#primaryimage","url":"https:\/\/static.africa-press.net\/tchad\/sites\/41\/2023\/11\/sm_1700480527.051322.jpg","contentUrl":"https:\/\/static.africa-press.net\/tchad\/sites\/41\/2023\/11\/sm_1700480527.051322.jpg","width":1020,"height":610,"caption":"Le Pr\u00e9sident de la transition : \u00ab le r\u00e9f\u00e9rendum constitutionnel pr\u00e9vu le 17 d\u00e9cembre 2023 est plein d\u2019enjeux \u00bb"},{"@type":"BreadcrumbList","@id":"https:\/\/www.africa-press.net\/tchad\/politique\/le-president-de-la-transition-le-referendum-constitutionnel-prevu-le-17-decembre-2023-est-plein-denjeux#breadcrumb","itemListElement":[{"@type":"ListItem","position":1,"name":"Accueil","item":"https:\/\/www.africa-press.net\/tchad\/"},{"@type":"ListItem","position":2,"name":"Le Pr\u00e9sident de la transition : \u00ab le r\u00e9f\u00e9rendum constitutionnel pr\u00e9vu le 17 d\u00e9cembre 2023 est plein d\u2019enjeux \u00bb"}]},{"@type":"WebSite","@id":"https:\/\/www.africa-press.net\/tchad\/#website","url":"https:\/\/www.africa-press.net\/tchad\/","name":"tchad","description":"Just another Africa News Agency Sites site","potentialAction":[{"@type":"SearchAction","target":{"@type":"EntryPoint","urlTemplate":"https:\/\/www.africa-press.net\/tchad\/?s={search_term_string}"},"query-input":{"@type":"PropertyValueSpecification","valueRequired":true,"valueName":"search_term_string"}}],"inLanguage":"fr-FR"},{"@type":"Person","@id":"https:\/\/www.africa-press.net\/tchad\/#\/schema\/person\/2b1cf3cd81a31e3cd26889ca66d677f1","name":"cfeditorfr"}]}},"_links":{"self":[{"href":"https:\/\/www.africa-press.net\/tchad\/wp-json\/wp\/v2\/posts\/54286","targetHints":{"allow":["GET"]}}],"collection":[{"href":"https:\/\/www.africa-press.net\/tchad\/wp-json\/wp\/v2\/posts"}],"about":[{"href":"https:\/\/www.africa-press.net\/tchad\/wp-json\/wp\/v2\/types\/post"}],"author":[{"embeddable":true,"href":"https:\/\/www.africa-press.net\/tchad\/wp-json\/wp\/v2\/users\/82"}],"replies":[{"embeddable":true,"href":"https:\/\/www.africa-press.net\/tchad\/wp-json\/wp\/v2\/comments?post=54286"}],"version-history":[{"count":0,"href":"https:\/\/www.africa-press.net\/tchad\/wp-json\/wp\/v2\/posts\/54286\/revisions"}],"wp:featuredmedia":[{"embeddable":true,"href":"https:\/\/www.africa-press.net\/tchad\/wp-json\/wp\/v2\/media\/54284"}],"wp:attachment":[{"href":"https:\/\/www.africa-press.net\/tchad\/wp-json\/wp\/v2\/media?parent=54286"}],"wp:term":[{"taxonomy":"category","embeddable":true,"href":"https:\/\/www.africa-press.net\/tchad\/wp-json\/wp\/v2\/categories?post=54286"},{"taxonomy":"post_tag","embeddable":true,"href":"https:\/\/www.africa-press.net\/tchad\/wp-json\/wp\/v2\/tags?post=54286"}],"curies":[{"name":"wp","href":"https:\/\/api.w.org\/{rel}","templated":true}]}}