{"id":54298,"date":"2023-11-20T14:31:57","date_gmt":"2023-11-20T14:31:57","guid":{"rendered":"https:\/\/www.africa-press.net\/tchad\/politique\/apres-son-retour-au-tchad-lopposant-succes-masra-prone-la-reconciliation"},"modified":"2023-11-20T15:33:47","modified_gmt":"2023-11-20T15:33:47","slug":"apres-son-retour-au-tchad-lopposant-succes-masra-prone-la-reconciliation","status":"publish","type":"post","link":"https:\/\/www.africa-press.net\/tchad\/politique\/apres-son-retour-au-tchad-lopposant-succes-masra-prone-la-reconciliation","title":{"rendered":"Apr\u00e8s son retour au Tchad, l\u2019opposant Succ\u00e8s Masra pr\u00f4ne la \u00ab\u00a0r\u00e9conciliation\u00a0\u00bb"},"content":{"rendered":"<p><span style=\"color: #ff6600\"><strong>Africa-Press &#8211; Tchad. <\/strong><\/span>L\u2019un des principaux opposants au re\u0301gime militaire au Tchad, dont des centaines de partisans ont e\u0301te\u0301 tue\u0301s ou emprisonne\u0301s il y a un an dans une sanglante re\u0301pression, a pro\u0302ne\u0301, dimanche 19 novembre, la \u00ab re\u0301conciliation \u00bb avec le pouvoir a\u0300 un mois d\u2019un re\u0301fe\u0301rendum constitutionnel.<\/p>\n<p>Succe\u0300s Masra, pre\u0301sident du parti les Transformateurs, qui avait fui il y a un an, est rentre\u0301 d\u2019exil le 3 novembre apre\u0300s avoir signe\u0301 un \u00ab accord de re\u0301conciliation \u00bb avec le pouvoir du pre\u0301sident de transition, le ge\u0301ne\u0301ral Mahamat Idriss De\u0301by Itno.<\/p>\n<p>Cet accord pre\u0301voit notamment une \u00ab amnistie ge\u0301ne\u0301rale \u00bb pour les responsables des meurtres de manifestants le 20 octobre 2022, pour la quasi-totalite\u0301 de tre\u0300s jeunes hommes tue\u0301s par les balles des policiers et militaires. Une cinquantaine selon le pouvoir, plus de 300 selon l\u2019opposition, des ONG nationales et internationales et un rapport d\u2019experts mandate\u0301s par les Nations unies.<\/p>\n<p>M. Masra a exhorte\u0301 dimanche des centaines de ses partisans rassemble\u0301s a\u0300 N\u2019Djamena a\u0300 l\u2019\u00ab apaisement \u00bb et a\u0300 ne pas \u00ab re\u0301clamer vengeance \u00bb, rapporte un correspondant de l\u2019AFP. En martelant le mot \u00ab re\u0301conciliation \u00bb a\u0300 maintes reprises, Succe\u0300s Masra a \u00ab prie\u0301 Dieu pour qu\u2019il apaise les c\u0153urs \u00bb des victimes et leurs familles et les \u00ab guide vers la responsabilite\u0301 collective \u00bb. \u00ab La re\u0301conciliation n\u2019est pas une capitulation \u00bb, a-t-il lance\u0301.<\/p>\n<p>Le reste de l\u2019opposition, dont nombre de dirigeants sont encore en exil, de\u0301nonce un \u00ab accord \u00bb de dupes et fustige un ralliement de M. Masra au pouvoir dans la perspective d\u2019e\u0301lections promises pour 2024. Elle appelle a\u0300 boycotter le re\u0301fe\u0301rendum du 17 de\u0301cembre et juge l\u2019amnistie comme un moyen de \u00ab soustraire a\u0300 la poursuite les criminels (&#8230;) qui ont tue\u0301 en masse, torture\u0301, enleve\u0301 et fait disparai\u0302tre les jeunes le 20 octobre 2022 \u00bb, a re\u0301sume\u0301 pour l\u2019AFP Max Kemkoye, pre\u0301sident de l\u2019Union des de\u0301mocrates pour le de\u0301veloppement et le progre\u0300s (UDP).<\/p>\n<p>Jeunes hommes \u00ab exe\u0301cute\u0301s \u00bb Le discours fleuve de M. Masra a e\u0301te\u0301 ponctue\u0301 d\u2019ovations d\u2019une foule compacte de partisans habille\u0301s aux couleurs nationales. \u00ab Son discours rassure le peuple, on est debout \u00bb, s\u2019enthousiasme Etienne Josue, 25 ans. \u00ab Il fait renai\u0302tre en nous un sentiment d\u2019espoir, apre\u0300s le 20 octobre, il n\u2019y avait plus d\u2019espoir \u00bb, renche\u0301rit Salim Abdoulaye, 32 ans. \u00ab Notre fre\u0300re Mahamat De\u0301by peut compter sur nous comme un allie\u0301 du peuple. Nous sommes pre\u0302ts a\u0300 poursuivre avec les autorite\u0301s pour trouver une solution globale \u00bb, a conclu M. Masra.<\/p>\n<p>Le ge\u0301ne\u0301ral De\u0301by a e\u0301te\u0301 proclame\u0301 par l\u2019arme\u0301e le 20 avril 2021 pre\u0301sident de transition a\u0300 la te\u0302te d\u2019une junte de quinze ge\u0301ne\u0301raux a\u0300 la mort de son pe\u0300re Idriss De\u0301by Itno, tue\u0301 par des rebelles en se rendant au front apre\u0300s avoir dirige\u0301 le Tchad d\u2019une main de fer trente anne\u0301es durant. Il promettait aussito\u0302t de rendre le pouvoir aux civils par des e\u0301lections au terme d\u2019une transition de dix-huit mois, prolonge\u0301e finalement de deux ans dix-huit mois plus tard.<\/p>\n<p>Le 20 octobre 2022, plus de 600 jeunes hommes, dont 83 mineurs, ont e\u0301te\u0301 arre\u0302te\u0301s \u2013 au moins un millier selon l\u2019opposition \u2013 et de\u0301porte\u0301s dans le sinistre pe\u0301nitencier de Koro Toro en plein milieu du de\u0301sert. La plupart y ont e\u0301te\u0301 condamne\u0301s un mois et demi plus tard a\u0300 de la prison ferme pour \u00ab insurrection \u00bb dans un proce\u0300s de masse sans avocats. Ils ont ensuite e\u0301te\u0301 rapidement gracie\u0301s par le ge\u0301ne\u0301ral De\u0301by et remis en liberte\u0301. Mais l\u2019opposition et des ONG internationales affirment que des dizaines, voire des centaines, ont disparu le 20 octobre et les jours suivants, \u00ab exe\u0301cute\u0301s \u00bb ou de\u0301ce\u0301de\u0301s durant leur transport a\u0300 Koro Toro.<\/p>\n<p><strong>Pour plus d&rsquo;informations et d&rsquo;analyses sur la <a href=\"https:\/\/www.africa-press.net\/tchad\">Tchad<\/a>, suivez <a href=\"https:\/\/www.africa-press.net\/\">Africa-Press<\/a><\/strong><\/p>\n","protected":false},"excerpt":{"rendered":"<p>Africa-Press &#8211; Tchad. L\u2019un des principaux opposants au re\u0301gime militaire au Tchad, dont des centaines de partisans ont e\u0301te\u0301 tue\u0301s ou emprisonne\u0301s il y a un an dans une sanglante re\u0301pression, a pro\u0302ne\u0301, dimanche 19 novembre, la \u00ab re\u0301conciliation \u00bb avec le pouvoir a\u0300 un mois d\u2019un re\u0301fe\u0301rendum constitutionnel. Succe\u0300s Masra, pre\u0301sident du parti les [&hellip;]<\/p>\n","protected":false},"author":82,"featured_media":54297,"comment_status":"open","ping_status":"closed","sticky":false,"template":"","format":"standard","meta":{"footnotes":""},"categories":[2,426,20,10],"tags":[37,292,29],"class_list":["post-54298","post","type-post","status-publish","format-standard","has-post-thumbnail","hentry","category-politique","category-to-homepage","category-top-nouvelles","category-toutes-les-actualites","tag-africa-press","tag-africa-press-tchad","tag-tchad"],"yoast_head":"<!-- This site is optimized with the Yoast SEO Premium plugin v26.1 (Yoast SEO v27.0) - https:\/\/yoast.com\/product\/yoast-seo-premium-wordpress\/ -->\n<title>Apr\u00e8s son retour au Tchad, l\u2019opposant Succ\u00e8s Masra pr\u00f4ne la \u00ab\u00a0r\u00e9conciliation\u00a0\u00bb - tchad<\/title>\n<meta name=\"description\" content=\"L\u2019un des principaux opposants au re\u0301gime militaire au Tchad, dont des centaines de partisans ont e\u0301te\u0301 tue\u0301s ou emprison ...\" \/>\n<meta name=\"robots\" content=\"index, follow, max-snippet:-1, max-image-preview:large, max-video-preview:-1\" \/>\n<link rel=\"canonical\" href=\"https:\/\/www.africa-press.net\/tchad\/politique\/apres-son-retour-au-tchad-lopposant-succes-masra-prone-la-reconciliation\" \/>\n<meta property=\"og:locale\" content=\"fr_FR\" \/>\n<meta property=\"og:type\" content=\"article\" \/>\n<meta property=\"og:title\" content=\"Apr\u00e8s son retour au Tchad, l\u2019opposant Succ\u00e8s Masra pr\u00f4ne la \u00ab\u00a0r\u00e9conciliation\u00a0\u00bb\" \/>\n<meta property=\"og:description\" content=\"L\u2019un des principaux opposants au re\u0301gime militaire au Tchad, dont des centaines de partisans ont e\u0301te\u0301 tue\u0301s ou emprison ...\" \/>\n<meta property=\"og:url\" content=\"https:\/\/www.africa-press.net\/tchad\/politique\/apres-son-retour-au-tchad-lopposant-succes-masra-prone-la-reconciliation\" \/>\n<meta property=\"og:site_name\" content=\"tchad\" \/>\n<meta property=\"article:published_time\" content=\"2023-11-20T14:31:57+00:00\" \/>\n<meta property=\"article:modified_time\" content=\"2023-11-20T15:33:47+00:00\" \/>\n<meta property=\"og:image\" content=\"https:\/\/static.africa-press.net\/tchad\/sites\/41\/2023\/11\/sm_1700481729.303724.jpg\" \/>\n\t<meta property=\"og:image:width\" content=\"1440\" \/>\n\t<meta property=\"og:image:height\" content=\"960\" \/>\n\t<meta property=\"og:image:type\" content=\"image\/jpeg\" \/>\n<meta name=\"author\" content=\"cfeditorfr\" \/>\n<meta name=\"twitter:card\" content=\"summary_large_image\" \/>\n<meta name=\"twitter:label1\" content=\"\u00c9crit par\" \/>\n\t<meta name=\"twitter:data1\" content=\"cfeditorfr\" \/>\n\t<meta name=\"twitter:label2\" content=\"Dur\u00e9e de lecture estim\u00e9e\" \/>\n\t<meta name=\"twitter:data2\" content=\"3 minutes\" \/>\n<script type=\"application\/ld+json\" class=\"yoast-schema-graph\">{\"@context\":\"https:\/\/schema.org\",\"@graph\":[{\"@type\":\"Article\",\"@id\":\"https:\/\/www.africa-press.net\/tchad\/politique\/apres-son-retour-au-tchad-lopposant-succes-masra-prone-la-reconciliation#article\",\"isPartOf\":{\"@id\":\"https:\/\/www.africa-press.net\/tchad\/politique\/apres-son-retour-au-tchad-lopposant-succes-masra-prone-la-reconciliation\"},\"author\":{\"name\":\"cfeditorfr\",\"@id\":\"https:\/\/www.africa-press.net\/tchad\/#\/schema\/person\/2b1cf3cd81a31e3cd26889ca66d677f1\"},\"headline\":\"Apr\u00e8s son retour au Tchad, l\u2019opposant Succ\u00e8s Masra pr\u00f4ne la \u00ab\u00a0r\u00e9conciliation\u00a0\u00bb\",\"datePublished\":\"2023-11-20T14:31:57+00:00\",\"dateModified\":\"2023-11-20T15:33:47+00:00\",\"mainEntityOfPage\":{\"@id\":\"https:\/\/www.africa-press.net\/tchad\/politique\/apres-son-retour-au-tchad-lopposant-succes-masra-prone-la-reconciliation\"},\"wordCount\":695,\"commentCount\":0,\"image\":{\"@id\":\"https:\/\/www.africa-press.net\/tchad\/politique\/apres-son-retour-au-tchad-lopposant-succes-masra-prone-la-reconciliation#primaryimage\"},\"thumbnailUrl\":\"https:\/\/static.africa-press.net\/tchad\/sites\/41\/2023\/11\/sm_1700481729.303724.jpg\",\"keywords\":[\"Africa Press\",\"Africa Press-Tchad\",\"Tchad\"],\"articleSection\":[\"Politique\",\"to-homepage\",\"Top Nouvelles\",\"Toutes les actualit\u00e9s\"],\"inLanguage\":\"fr-FR\",\"potentialAction\":[{\"@type\":\"CommentAction\",\"name\":\"Comment\",\"target\":[\"https:\/\/www.africa-press.net\/tchad\/politique\/apres-son-retour-au-tchad-lopposant-succes-masra-prone-la-reconciliation#respond\"]}]},{\"@type\":\"WebPage\",\"@id\":\"https:\/\/www.africa-press.net\/tchad\/politique\/apres-son-retour-au-tchad-lopposant-succes-masra-prone-la-reconciliation\",\"url\":\"https:\/\/www.africa-press.net\/tchad\/politique\/apres-son-retour-au-tchad-lopposant-succes-masra-prone-la-reconciliation\",\"name\":\"Apr\u00e8s son retour au Tchad, l\u2019opposant Succ\u00e8s Masra pr\u00f4ne la \u00ab\u00a0r\u00e9conciliation\u00a0\u00bb - tchad\",\"isPartOf\":{\"@id\":\"https:\/\/www.africa-press.net\/tchad\/#website\"},\"primaryImageOfPage\":{\"@id\":\"https:\/\/www.africa-press.net\/tchad\/politique\/apres-son-retour-au-tchad-lopposant-succes-masra-prone-la-reconciliation#primaryimage\"},\"image\":{\"@id\":\"https:\/\/www.africa-press.net\/tchad\/politique\/apres-son-retour-au-tchad-lopposant-succes-masra-prone-la-reconciliation#primaryimage\"},\"thumbnailUrl\":\"https:\/\/static.africa-press.net\/tchad\/sites\/41\/2023\/11\/sm_1700481729.303724.jpg\",\"datePublished\":\"2023-11-20T14:31:57+00:00\",\"dateModified\":\"2023-11-20T15:33:47+00:00\",\"author\":{\"@id\":\"https:\/\/www.africa-press.net\/tchad\/#\/schema\/person\/2b1cf3cd81a31e3cd26889ca66d677f1\"},\"description\":\"L\u2019un des principaux opposants au re\u0301gime militaire au Tchad, dont des centaines de partisans ont e\u0301te\u0301 tue\u0301s ou emprison ...\",\"breadcrumb\":{\"@id\":\"https:\/\/www.africa-press.net\/tchad\/politique\/apres-son-retour-au-tchad-lopposant-succes-masra-prone-la-reconciliation#breadcrumb\"},\"inLanguage\":\"fr-FR\",\"potentialAction\":[{\"@type\":\"ReadAction\",\"target\":[\"https:\/\/www.africa-press.net\/tchad\/politique\/apres-son-retour-au-tchad-lopposant-succes-masra-prone-la-reconciliation\"]}]},{\"@type\":\"ImageObject\",\"inLanguage\":\"fr-FR\",\"@id\":\"https:\/\/www.africa-press.net\/tchad\/politique\/apres-son-retour-au-tchad-lopposant-succes-masra-prone-la-reconciliation#primaryimage\",\"url\":\"https:\/\/static.africa-press.net\/tchad\/sites\/41\/2023\/11\/sm_1700481729.303724.jpg\",\"contentUrl\":\"https:\/\/static.africa-press.net\/tchad\/sites\/41\/2023\/11\/sm_1700481729.303724.jpg\",\"width\":1440,\"height\":960,\"caption\":\"Apr\u00e8s son retour au Tchad, l\u2019opposant Succ\u00e8s Masra pr\u00f4ne la \u00ab\u00a0r\u00e9conciliation\u00a0\u00bb\"},{\"@type\":\"BreadcrumbList\",\"@id\":\"https:\/\/www.africa-press.net\/tchad\/politique\/apres-son-retour-au-tchad-lopposant-succes-masra-prone-la-reconciliation#breadcrumb\",\"itemListElement\":[{\"@type\":\"ListItem\",\"position\":1,\"name\":\"Accueil\",\"item\":\"https:\/\/www.africa-press.net\/tchad\/\"},{\"@type\":\"ListItem\",\"position\":2,\"name\":\"Apr\u00e8s son retour au Tchad, l\u2019opposant Succ\u00e8s Masra pr\u00f4ne la \u00ab\u00a0r\u00e9conciliation\u00a0\u00bb\"}]},{\"@type\":\"WebSite\",\"@id\":\"https:\/\/www.africa-press.net\/tchad\/#website\",\"url\":\"https:\/\/www.africa-press.net\/tchad\/\",\"name\":\"tchad\",\"description\":\"Just another Africa News Agency Sites site\",\"potentialAction\":[{\"@type\":\"SearchAction\",\"target\":{\"@type\":\"EntryPoint\",\"urlTemplate\":\"https:\/\/www.africa-press.net\/tchad\/?s={search_term_string}\"},\"query-input\":{\"@type\":\"PropertyValueSpecification\",\"valueRequired\":true,\"valueName\":\"search_term_string\"}}],\"inLanguage\":\"fr-FR\"},{\"@type\":\"Person\",\"@id\":\"https:\/\/www.africa-press.net\/tchad\/#\/schema\/person\/2b1cf3cd81a31e3cd26889ca66d677f1\",\"name\":\"cfeditorfr\"}]}<\/script>\n<!-- \/ Yoast SEO Premium plugin. -->","yoast_head_json":{"title":"Apr\u00e8s son retour au Tchad, l\u2019opposant Succ\u00e8s Masra pr\u00f4ne la \u00ab\u00a0r\u00e9conciliation\u00a0\u00bb - tchad","description":"L\u2019un des principaux opposants au re\u0301gime militaire au Tchad, dont des centaines de partisans ont e\u0301te\u0301 tue\u0301s ou emprison ...","robots":{"index":"index","follow":"follow","max-snippet":"max-snippet:-1","max-image-preview":"max-image-preview:large","max-video-preview":"max-video-preview:-1"},"canonical":"https:\/\/www.africa-press.net\/tchad\/politique\/apres-son-retour-au-tchad-lopposant-succes-masra-prone-la-reconciliation","og_locale":"fr_FR","og_type":"article","og_title":"Apr\u00e8s son retour au Tchad, l\u2019opposant Succ\u00e8s Masra pr\u00f4ne la \u00ab\u00a0r\u00e9conciliation\u00a0\u00bb","og_description":"L\u2019un des principaux opposants au re\u0301gime militaire au Tchad, dont des centaines de partisans ont e\u0301te\u0301 tue\u0301s ou emprison ...","og_url":"https:\/\/www.africa-press.net\/tchad\/politique\/apres-son-retour-au-tchad-lopposant-succes-masra-prone-la-reconciliation","og_site_name":"tchad","article_published_time":"2023-11-20T14:31:57+00:00","article_modified_time":"2023-11-20T15:33:47+00:00","og_image":[{"width":1440,"height":960,"url":"https:\/\/static.africa-press.net\/tchad\/sites\/41\/2023\/11\/sm_1700481729.303724.jpg","type":"image\/jpeg"}],"author":"cfeditorfr","twitter_card":"summary_large_image","twitter_misc":{"\u00c9crit par":"cfeditorfr","Dur\u00e9e de lecture estim\u00e9e":"3 minutes"},"schema":{"@context":"https:\/\/schema.org","@graph":[{"@type":"Article","@id":"https:\/\/www.africa-press.net\/tchad\/politique\/apres-son-retour-au-tchad-lopposant-succes-masra-prone-la-reconciliation#article","isPartOf":{"@id":"https:\/\/www.africa-press.net\/tchad\/politique\/apres-son-retour-au-tchad-lopposant-succes-masra-prone-la-reconciliation"},"author":{"name":"cfeditorfr","@id":"https:\/\/www.africa-press.net\/tchad\/#\/schema\/person\/2b1cf3cd81a31e3cd26889ca66d677f1"},"headline":"Apr\u00e8s son retour au Tchad, l\u2019opposant Succ\u00e8s Masra pr\u00f4ne la \u00ab\u00a0r\u00e9conciliation\u00a0\u00bb","datePublished":"2023-11-20T14:31:57+00:00","dateModified":"2023-11-20T15:33:47+00:00","mainEntityOfPage":{"@id":"https:\/\/www.africa-press.net\/tchad\/politique\/apres-son-retour-au-tchad-lopposant-succes-masra-prone-la-reconciliation"},"wordCount":695,"commentCount":0,"image":{"@id":"https:\/\/www.africa-press.net\/tchad\/politique\/apres-son-retour-au-tchad-lopposant-succes-masra-prone-la-reconciliation#primaryimage"},"thumbnailUrl":"https:\/\/static.africa-press.net\/tchad\/sites\/41\/2023\/11\/sm_1700481729.303724.jpg","keywords":["Africa Press","Africa Press-Tchad","Tchad"],"articleSection":["Politique","to-homepage","Top Nouvelles","Toutes les actualit\u00e9s"],"inLanguage":"fr-FR","potentialAction":[{"@type":"CommentAction","name":"Comment","target":["https:\/\/www.africa-press.net\/tchad\/politique\/apres-son-retour-au-tchad-lopposant-succes-masra-prone-la-reconciliation#respond"]}]},{"@type":"WebPage","@id":"https:\/\/www.africa-press.net\/tchad\/politique\/apres-son-retour-au-tchad-lopposant-succes-masra-prone-la-reconciliation","url":"https:\/\/www.africa-press.net\/tchad\/politique\/apres-son-retour-au-tchad-lopposant-succes-masra-prone-la-reconciliation","name":"Apr\u00e8s son retour au Tchad, l\u2019opposant Succ\u00e8s Masra pr\u00f4ne la \u00ab\u00a0r\u00e9conciliation\u00a0\u00bb - tchad","isPartOf":{"@id":"https:\/\/www.africa-press.net\/tchad\/#website"},"primaryImageOfPage":{"@id":"https:\/\/www.africa-press.net\/tchad\/politique\/apres-son-retour-au-tchad-lopposant-succes-masra-prone-la-reconciliation#primaryimage"},"image":{"@id":"https:\/\/www.africa-press.net\/tchad\/politique\/apres-son-retour-au-tchad-lopposant-succes-masra-prone-la-reconciliation#primaryimage"},"thumbnailUrl":"https:\/\/static.africa-press.net\/tchad\/sites\/41\/2023\/11\/sm_1700481729.303724.jpg","datePublished":"2023-11-20T14:31:57+00:00","dateModified":"2023-11-20T15:33:47+00:00","author":{"@id":"https:\/\/www.africa-press.net\/tchad\/#\/schema\/person\/2b1cf3cd81a31e3cd26889ca66d677f1"},"description":"L\u2019un des principaux opposants au re\u0301gime militaire au Tchad, dont des centaines de partisans ont e\u0301te\u0301 tue\u0301s ou emprison ...","breadcrumb":{"@id":"https:\/\/www.africa-press.net\/tchad\/politique\/apres-son-retour-au-tchad-lopposant-succes-masra-prone-la-reconciliation#breadcrumb"},"inLanguage":"fr-FR","potentialAction":[{"@type":"ReadAction","target":["https:\/\/www.africa-press.net\/tchad\/politique\/apres-son-retour-au-tchad-lopposant-succes-masra-prone-la-reconciliation"]}]},{"@type":"ImageObject","inLanguage":"fr-FR","@id":"https:\/\/www.africa-press.net\/tchad\/politique\/apres-son-retour-au-tchad-lopposant-succes-masra-prone-la-reconciliation#primaryimage","url":"https:\/\/static.africa-press.net\/tchad\/sites\/41\/2023\/11\/sm_1700481729.303724.jpg","contentUrl":"https:\/\/static.africa-press.net\/tchad\/sites\/41\/2023\/11\/sm_1700481729.303724.jpg","width":1440,"height":960,"caption":"Apr\u00e8s son retour au Tchad, l\u2019opposant Succ\u00e8s Masra pr\u00f4ne la \u00ab\u00a0r\u00e9conciliation\u00a0\u00bb"},{"@type":"BreadcrumbList","@id":"https:\/\/www.africa-press.net\/tchad\/politique\/apres-son-retour-au-tchad-lopposant-succes-masra-prone-la-reconciliation#breadcrumb","itemListElement":[{"@type":"ListItem","position":1,"name":"Accueil","item":"https:\/\/www.africa-press.net\/tchad\/"},{"@type":"ListItem","position":2,"name":"Apr\u00e8s son retour au Tchad, l\u2019opposant Succ\u00e8s Masra pr\u00f4ne la \u00ab\u00a0r\u00e9conciliation\u00a0\u00bb"}]},{"@type":"WebSite","@id":"https:\/\/www.africa-press.net\/tchad\/#website","url":"https:\/\/www.africa-press.net\/tchad\/","name":"tchad","description":"Just another Africa News Agency Sites site","potentialAction":[{"@type":"SearchAction","target":{"@type":"EntryPoint","urlTemplate":"https:\/\/www.africa-press.net\/tchad\/?s={search_term_string}"},"query-input":{"@type":"PropertyValueSpecification","valueRequired":true,"valueName":"search_term_string"}}],"inLanguage":"fr-FR"},{"@type":"Person","@id":"https:\/\/www.africa-press.net\/tchad\/#\/schema\/person\/2b1cf3cd81a31e3cd26889ca66d677f1","name":"cfeditorfr"}]}},"_links":{"self":[{"href":"https:\/\/www.africa-press.net\/tchad\/wp-json\/wp\/v2\/posts\/54298","targetHints":{"allow":["GET"]}}],"collection":[{"href":"https:\/\/www.africa-press.net\/tchad\/wp-json\/wp\/v2\/posts"}],"about":[{"href":"https:\/\/www.africa-press.net\/tchad\/wp-json\/wp\/v2\/types\/post"}],"author":[{"embeddable":true,"href":"https:\/\/www.africa-press.net\/tchad\/wp-json\/wp\/v2\/users\/82"}],"replies":[{"embeddable":true,"href":"https:\/\/www.africa-press.net\/tchad\/wp-json\/wp\/v2\/comments?post=54298"}],"version-history":[{"count":0,"href":"https:\/\/www.africa-press.net\/tchad\/wp-json\/wp\/v2\/posts\/54298\/revisions"}],"wp:featuredmedia":[{"embeddable":true,"href":"https:\/\/www.africa-press.net\/tchad\/wp-json\/wp\/v2\/media\/54297"}],"wp:attachment":[{"href":"https:\/\/www.africa-press.net\/tchad\/wp-json\/wp\/v2\/media?parent=54298"}],"wp:term":[{"taxonomy":"category","embeddable":true,"href":"https:\/\/www.africa-press.net\/tchad\/wp-json\/wp\/v2\/categories?post=54298"},{"taxonomy":"post_tag","embeddable":true,"href":"https:\/\/www.africa-press.net\/tchad\/wp-json\/wp\/v2\/tags?post=54298"}],"curies":[{"name":"wp","href":"https:\/\/api.w.org\/{rel}","templated":true}]}}