{"id":54318,"date":"2023-11-21T17:27:02","date_gmt":"2023-11-21T17:27:02","guid":{"rendered":"https:\/\/www.africa-press.net\/tchad\/politique\/atelier-de-presentation-du-projet-de-la-constitution-dans-le-batha"},"modified":"2023-11-21T18:09:19","modified_gmt":"2023-11-21T18:09:19","slug":"atelier-de-presentation-du-projet-de-la-constitution-dans-le-batha","status":"publish","type":"post","link":"https:\/\/www.africa-press.net\/tchad\/politique\/atelier-de-presentation-du-projet-de-la-constitution-dans-le-batha","title":{"rendered":"Atelier de pr\u00e9sentation du Projet de la constitution dans le Batha"},"content":{"rendered":"<p><span style=\"color: #ff6600\"><strong>Africa-Press &#8211; Tchad. <\/strong><\/span>Cette ce\u0301re\u0301monie a eu lieu devant les autorite\u0301s administratives, traditionnelles et les divers acteurs sociaux et politiques des six de\u0301partements que compte la province. Cette pre\u0301sentation du projet de lois vise a\u0300 informer les citoyens sur le contenu de cette nouvelle le\u0301gislation fondamentale.<\/p>\n<p>L&rsquo;objectif de cet atelier est d&rsquo;informer les populations sur le contenu de la loi qui de\u0301finira le nouveau contrat social et les fondements de la refondation du Tchad, tout en encourageant l&rsquo;engagement actif des citoyens du Batha dans ce processus.<\/p>\n<p>Le chef de mission, Abdramane Ahmat Borgou, par ailleurs membre du CNT, a souligne\u0301 que cet atelier de pre\u0301sentation du projet de constitution traduit la mise en \u0153uvre des re\u0301solutions adopte\u0301e par les tchadiennes et tchadien a\u0300 l&rsquo;issu de DINIS qui est celle de doter le Tchad d&rsquo;une nouvelle constitution.<\/p>\n<p>Ce projet qui sera soumis a l&rsquo;assentiment du peuple le 17 de\u0301cembre 2023, doit e\u0302tre reconnu, explique\u0301 et de\u0301battu, c&rsquo;est l&rsquo;objet de la moisson a-t-il ajoute\u0301 le chef de mission.<\/p>\n<p>En lanc\u0327ant les travaux de l&rsquo;atelier de pre\u0301sentation du projet de constitution, le gouverneur de la province du Batha, le Ge\u0301ne\u0301ral de division Ahmat Goukouni Mourali, a indique\u0301 que cette pre\u0301sentation est dans le souci de garantir la transparence du processus re\u0301fe\u0301rendaire et surtout de re\u0301pondre aux exigences de la de\u0301mocratie participative de la citoyennete\u0301 et aux force vives de la province.<\/p>\n<p><strong>Pour plus d&rsquo;informations et d&rsquo;analyses sur la <a href=\"https:\/\/www.africa-press.net\/tchad\">Tchad<\/a>, suivez <a href=\"https:\/\/www.africa-press.net\/\">Africa-Press<\/a><\/strong><\/p>\n","protected":false},"excerpt":{"rendered":"<p>Africa-Press &#8211; Tchad. Cette ce\u0301re\u0301monie a eu lieu devant les autorite\u0301s administratives, traditionnelles et les divers acteurs sociaux et politiques des six de\u0301partements que compte la province. Cette pre\u0301sentation du projet de lois vise a\u0300 informer les citoyens sur le contenu de cette nouvelle le\u0301gislation fondamentale. L&rsquo;objectif de cet atelier est d&rsquo;informer les populations sur [&hellip;]<\/p>\n","protected":false},"author":82,"featured_media":54317,"comment_status":"open","ping_status":"closed","sticky":false,"template":"","format":"standard","meta":{"footnotes":""},"categories":[2,10],"tags":[37,292,29],"class_list":["post-54318","post","type-post","status-publish","format-standard","has-post-thumbnail","hentry","category-politique","category-toutes-les-actualites","tag-africa-press","tag-africa-press-tchad","tag-tchad"],"yoast_head":"<!-- This site is optimized with the Yoast SEO Premium plugin v26.1 (Yoast SEO v27.0) - https:\/\/yoast.com\/product\/yoast-seo-premium-wordpress\/ -->\n<title>Atelier de pr\u00e9sentation du Projet de la constitution dans le Batha - tchad<\/title>\n<meta name=\"description\" content=\"Cette ce\u0301re\u0301monie a eu lieu devant les autorite\u0301s administratives, traditionnelles et les divers acteurs sociaux et poli ...\" \/>\n<meta name=\"robots\" content=\"index, follow, max-snippet:-1, max-image-preview:large, max-video-preview:-1\" \/>\n<link rel=\"canonical\" href=\"https:\/\/www.africa-press.net\/tchad\/politique\/atelier-de-presentation-du-projet-de-la-constitution-dans-le-batha\" \/>\n<meta property=\"og:locale\" content=\"fr_FR\" \/>\n<meta property=\"og:type\" content=\"article\" \/>\n<meta property=\"og:title\" content=\"Atelier de pr\u00e9sentation du Projet de la constitution dans le Batha\" \/>\n<meta property=\"og:description\" content=\"Cette ce\u0301re\u0301monie a eu lieu devant les autorite\u0301s administratives, traditionnelles et les divers acteurs sociaux et poli ...\" \/>\n<meta property=\"og:url\" content=\"https:\/\/www.africa-press.net\/tchad\/politique\/atelier-de-presentation-du-projet-de-la-constitution-dans-le-batha\" \/>\n<meta property=\"og:site_name\" content=\"tchad\" \/>\n<meta property=\"article:published_time\" content=\"2023-11-21T17:27:02+00:00\" \/>\n<meta property=\"article:modified_time\" content=\"2023-11-21T18:09:19+00:00\" \/>\n<meta property=\"og:image\" content=\"https:\/\/static.africa-press.net\/tchad\/sites\/41\/2023\/11\/sm_1700577472.991138.jpg\" \/>\n\t<meta property=\"og:image:width\" content=\"1000\" \/>\n\t<meta property=\"og:image:height\" content=\"750\" \/>\n\t<meta property=\"og:image:type\" content=\"image\/jpeg\" \/>\n<meta name=\"author\" content=\"cfeditorfr\" \/>\n<meta name=\"twitter:card\" content=\"summary_large_image\" \/>\n<meta name=\"twitter:label1\" content=\"\u00c9crit par\" \/>\n\t<meta name=\"twitter:data1\" content=\"cfeditorfr\" \/>\n\t<meta name=\"twitter:label2\" content=\"Dur\u00e9e de lecture estim\u00e9e\" \/>\n\t<meta name=\"twitter:data2\" content=\"2 minutes\" \/>\n<script type=\"application\/ld+json\" class=\"yoast-schema-graph\">{\"@context\":\"https:\/\/schema.org\",\"@graph\":[{\"@type\":\"Article\",\"@id\":\"https:\/\/www.africa-press.net\/tchad\/politique\/atelier-de-presentation-du-projet-de-la-constitution-dans-le-batha#article\",\"isPartOf\":{\"@id\":\"https:\/\/www.africa-press.net\/tchad\/politique\/atelier-de-presentation-du-projet-de-la-constitution-dans-le-batha\"},\"author\":{\"name\":\"cfeditorfr\",\"@id\":\"https:\/\/www.africa-press.net\/tchad\/#\/schema\/person\/2b1cf3cd81a31e3cd26889ca66d677f1\"},\"headline\":\"Atelier de pr\u00e9sentation du Projet de la constitution dans le Batha\",\"datePublished\":\"2023-11-21T17:27:02+00:00\",\"dateModified\":\"2023-11-21T18:09:19+00:00\",\"mainEntityOfPage\":{\"@id\":\"https:\/\/www.africa-press.net\/tchad\/politique\/atelier-de-presentation-du-projet-de-la-constitution-dans-le-batha\"},\"wordCount\":281,\"commentCount\":0,\"image\":{\"@id\":\"https:\/\/www.africa-press.net\/tchad\/politique\/atelier-de-presentation-du-projet-de-la-constitution-dans-le-batha#primaryimage\"},\"thumbnailUrl\":\"https:\/\/static.africa-press.net\/tchad\/sites\/41\/2023\/11\/sm_1700577472.991138.jpg\",\"keywords\":[\"Africa Press\",\"Africa Press-Tchad\",\"Tchad\"],\"articleSection\":[\"Politique\",\"Toutes les actualit\u00e9s\"],\"inLanguage\":\"fr-FR\",\"potentialAction\":[{\"@type\":\"CommentAction\",\"name\":\"Comment\",\"target\":[\"https:\/\/www.africa-press.net\/tchad\/politique\/atelier-de-presentation-du-projet-de-la-constitution-dans-le-batha#respond\"]}]},{\"@type\":\"WebPage\",\"@id\":\"https:\/\/www.africa-press.net\/tchad\/politique\/atelier-de-presentation-du-projet-de-la-constitution-dans-le-batha\",\"url\":\"https:\/\/www.africa-press.net\/tchad\/politique\/atelier-de-presentation-du-projet-de-la-constitution-dans-le-batha\",\"name\":\"Atelier de pr\u00e9sentation du Projet de la constitution dans le Batha - tchad\",\"isPartOf\":{\"@id\":\"https:\/\/www.africa-press.net\/tchad\/#website\"},\"primaryImageOfPage\":{\"@id\":\"https:\/\/www.africa-press.net\/tchad\/politique\/atelier-de-presentation-du-projet-de-la-constitution-dans-le-batha#primaryimage\"},\"image\":{\"@id\":\"https:\/\/www.africa-press.net\/tchad\/politique\/atelier-de-presentation-du-projet-de-la-constitution-dans-le-batha#primaryimage\"},\"thumbnailUrl\":\"https:\/\/static.africa-press.net\/tchad\/sites\/41\/2023\/11\/sm_1700577472.991138.jpg\",\"datePublished\":\"2023-11-21T17:27:02+00:00\",\"dateModified\":\"2023-11-21T18:09:19+00:00\",\"author\":{\"@id\":\"https:\/\/www.africa-press.net\/tchad\/#\/schema\/person\/2b1cf3cd81a31e3cd26889ca66d677f1\"},\"description\":\"Cette ce\u0301re\u0301monie a eu lieu devant les autorite\u0301s administratives, traditionnelles et les divers acteurs sociaux et poli ...\",\"breadcrumb\":{\"@id\":\"https:\/\/www.africa-press.net\/tchad\/politique\/atelier-de-presentation-du-projet-de-la-constitution-dans-le-batha#breadcrumb\"},\"inLanguage\":\"fr-FR\",\"potentialAction\":[{\"@type\":\"ReadAction\",\"target\":[\"https:\/\/www.africa-press.net\/tchad\/politique\/atelier-de-presentation-du-projet-de-la-constitution-dans-le-batha\"]}]},{\"@type\":\"ImageObject\",\"inLanguage\":\"fr-FR\",\"@id\":\"https:\/\/www.africa-press.net\/tchad\/politique\/atelier-de-presentation-du-projet-de-la-constitution-dans-le-batha#primaryimage\",\"url\":\"https:\/\/static.africa-press.net\/tchad\/sites\/41\/2023\/11\/sm_1700577472.991138.jpg\",\"contentUrl\":\"https:\/\/static.africa-press.net\/tchad\/sites\/41\/2023\/11\/sm_1700577472.991138.jpg\",\"width\":1000,\"height\":750,\"caption\":\"Atelier de pr\u00e9sentation du Projet de la constitution dans le Batha\"},{\"@type\":\"BreadcrumbList\",\"@id\":\"https:\/\/www.africa-press.net\/tchad\/politique\/atelier-de-presentation-du-projet-de-la-constitution-dans-le-batha#breadcrumb\",\"itemListElement\":[{\"@type\":\"ListItem\",\"position\":1,\"name\":\"Accueil\",\"item\":\"https:\/\/www.africa-press.net\/tchad\/\"},{\"@type\":\"ListItem\",\"position\":2,\"name\":\"Atelier de pr\u00e9sentation du Projet de la constitution dans le Batha\"}]},{\"@type\":\"WebSite\",\"@id\":\"https:\/\/www.africa-press.net\/tchad\/#website\",\"url\":\"https:\/\/www.africa-press.net\/tchad\/\",\"name\":\"tchad\",\"description\":\"Just another Africa News Agency Sites site\",\"potentialAction\":[{\"@type\":\"SearchAction\",\"target\":{\"@type\":\"EntryPoint\",\"urlTemplate\":\"https:\/\/www.africa-press.net\/tchad\/?s={search_term_string}\"},\"query-input\":{\"@type\":\"PropertyValueSpecification\",\"valueRequired\":true,\"valueName\":\"search_term_string\"}}],\"inLanguage\":\"fr-FR\"},{\"@type\":\"Person\",\"@id\":\"https:\/\/www.africa-press.net\/tchad\/#\/schema\/person\/2b1cf3cd81a31e3cd26889ca66d677f1\",\"name\":\"cfeditorfr\"}]}<\/script>\n<!-- \/ Yoast SEO Premium plugin. -->","yoast_head_json":{"title":"Atelier de pr\u00e9sentation du Projet de la constitution dans le Batha - tchad","description":"Cette ce\u0301re\u0301monie a eu lieu devant les autorite\u0301s administratives, traditionnelles et les divers acteurs sociaux et poli ...","robots":{"index":"index","follow":"follow","max-snippet":"max-snippet:-1","max-image-preview":"max-image-preview:large","max-video-preview":"max-video-preview:-1"},"canonical":"https:\/\/www.africa-press.net\/tchad\/politique\/atelier-de-presentation-du-projet-de-la-constitution-dans-le-batha","og_locale":"fr_FR","og_type":"article","og_title":"Atelier de pr\u00e9sentation du Projet de la constitution dans le Batha","og_description":"Cette ce\u0301re\u0301monie a eu lieu devant les autorite\u0301s administratives, traditionnelles et les divers acteurs sociaux et poli ...","og_url":"https:\/\/www.africa-press.net\/tchad\/politique\/atelier-de-presentation-du-projet-de-la-constitution-dans-le-batha","og_site_name":"tchad","article_published_time":"2023-11-21T17:27:02+00:00","article_modified_time":"2023-11-21T18:09:19+00:00","og_image":[{"width":1000,"height":750,"url":"https:\/\/static.africa-press.net\/tchad\/sites\/41\/2023\/11\/sm_1700577472.991138.jpg","type":"image\/jpeg"}],"author":"cfeditorfr","twitter_card":"summary_large_image","twitter_misc":{"\u00c9crit par":"cfeditorfr","Dur\u00e9e de lecture estim\u00e9e":"2 minutes"},"schema":{"@context":"https:\/\/schema.org","@graph":[{"@type":"Article","@id":"https:\/\/www.africa-press.net\/tchad\/politique\/atelier-de-presentation-du-projet-de-la-constitution-dans-le-batha#article","isPartOf":{"@id":"https:\/\/www.africa-press.net\/tchad\/politique\/atelier-de-presentation-du-projet-de-la-constitution-dans-le-batha"},"author":{"name":"cfeditorfr","@id":"https:\/\/www.africa-press.net\/tchad\/#\/schema\/person\/2b1cf3cd81a31e3cd26889ca66d677f1"},"headline":"Atelier de pr\u00e9sentation du Projet de la constitution dans le Batha","datePublished":"2023-11-21T17:27:02+00:00","dateModified":"2023-11-21T18:09:19+00:00","mainEntityOfPage":{"@id":"https:\/\/www.africa-press.net\/tchad\/politique\/atelier-de-presentation-du-projet-de-la-constitution-dans-le-batha"},"wordCount":281,"commentCount":0,"image":{"@id":"https:\/\/www.africa-press.net\/tchad\/politique\/atelier-de-presentation-du-projet-de-la-constitution-dans-le-batha#primaryimage"},"thumbnailUrl":"https:\/\/static.africa-press.net\/tchad\/sites\/41\/2023\/11\/sm_1700577472.991138.jpg","keywords":["Africa Press","Africa Press-Tchad","Tchad"],"articleSection":["Politique","Toutes les actualit\u00e9s"],"inLanguage":"fr-FR","potentialAction":[{"@type":"CommentAction","name":"Comment","target":["https:\/\/www.africa-press.net\/tchad\/politique\/atelier-de-presentation-du-projet-de-la-constitution-dans-le-batha#respond"]}]},{"@type":"WebPage","@id":"https:\/\/www.africa-press.net\/tchad\/politique\/atelier-de-presentation-du-projet-de-la-constitution-dans-le-batha","url":"https:\/\/www.africa-press.net\/tchad\/politique\/atelier-de-presentation-du-projet-de-la-constitution-dans-le-batha","name":"Atelier de pr\u00e9sentation du Projet de la constitution dans le Batha - tchad","isPartOf":{"@id":"https:\/\/www.africa-press.net\/tchad\/#website"},"primaryImageOfPage":{"@id":"https:\/\/www.africa-press.net\/tchad\/politique\/atelier-de-presentation-du-projet-de-la-constitution-dans-le-batha#primaryimage"},"image":{"@id":"https:\/\/www.africa-press.net\/tchad\/politique\/atelier-de-presentation-du-projet-de-la-constitution-dans-le-batha#primaryimage"},"thumbnailUrl":"https:\/\/static.africa-press.net\/tchad\/sites\/41\/2023\/11\/sm_1700577472.991138.jpg","datePublished":"2023-11-21T17:27:02+00:00","dateModified":"2023-11-21T18:09:19+00:00","author":{"@id":"https:\/\/www.africa-press.net\/tchad\/#\/schema\/person\/2b1cf3cd81a31e3cd26889ca66d677f1"},"description":"Cette ce\u0301re\u0301monie a eu lieu devant les autorite\u0301s administratives, traditionnelles et les divers acteurs sociaux et poli ...","breadcrumb":{"@id":"https:\/\/www.africa-press.net\/tchad\/politique\/atelier-de-presentation-du-projet-de-la-constitution-dans-le-batha#breadcrumb"},"inLanguage":"fr-FR","potentialAction":[{"@type":"ReadAction","target":["https:\/\/www.africa-press.net\/tchad\/politique\/atelier-de-presentation-du-projet-de-la-constitution-dans-le-batha"]}]},{"@type":"ImageObject","inLanguage":"fr-FR","@id":"https:\/\/www.africa-press.net\/tchad\/politique\/atelier-de-presentation-du-projet-de-la-constitution-dans-le-batha#primaryimage","url":"https:\/\/static.africa-press.net\/tchad\/sites\/41\/2023\/11\/sm_1700577472.991138.jpg","contentUrl":"https:\/\/static.africa-press.net\/tchad\/sites\/41\/2023\/11\/sm_1700577472.991138.jpg","width":1000,"height":750,"caption":"Atelier de pr\u00e9sentation du Projet de la constitution dans le Batha"},{"@type":"BreadcrumbList","@id":"https:\/\/www.africa-press.net\/tchad\/politique\/atelier-de-presentation-du-projet-de-la-constitution-dans-le-batha#breadcrumb","itemListElement":[{"@type":"ListItem","position":1,"name":"Accueil","item":"https:\/\/www.africa-press.net\/tchad\/"},{"@type":"ListItem","position":2,"name":"Atelier de pr\u00e9sentation du Projet de la constitution dans le Batha"}]},{"@type":"WebSite","@id":"https:\/\/www.africa-press.net\/tchad\/#website","url":"https:\/\/www.africa-press.net\/tchad\/","name":"tchad","description":"Just another Africa News Agency Sites site","potentialAction":[{"@type":"SearchAction","target":{"@type":"EntryPoint","urlTemplate":"https:\/\/www.africa-press.net\/tchad\/?s={search_term_string}"},"query-input":{"@type":"PropertyValueSpecification","valueRequired":true,"valueName":"search_term_string"}}],"inLanguage":"fr-FR"},{"@type":"Person","@id":"https:\/\/www.africa-press.net\/tchad\/#\/schema\/person\/2b1cf3cd81a31e3cd26889ca66d677f1","name":"cfeditorfr"}]}},"_links":{"self":[{"href":"https:\/\/www.africa-press.net\/tchad\/wp-json\/wp\/v2\/posts\/54318","targetHints":{"allow":["GET"]}}],"collection":[{"href":"https:\/\/www.africa-press.net\/tchad\/wp-json\/wp\/v2\/posts"}],"about":[{"href":"https:\/\/www.africa-press.net\/tchad\/wp-json\/wp\/v2\/types\/post"}],"author":[{"embeddable":true,"href":"https:\/\/www.africa-press.net\/tchad\/wp-json\/wp\/v2\/users\/82"}],"replies":[{"embeddable":true,"href":"https:\/\/www.africa-press.net\/tchad\/wp-json\/wp\/v2\/comments?post=54318"}],"version-history":[{"count":0,"href":"https:\/\/www.africa-press.net\/tchad\/wp-json\/wp\/v2\/posts\/54318\/revisions"}],"wp:featuredmedia":[{"embeddable":true,"href":"https:\/\/www.africa-press.net\/tchad\/wp-json\/wp\/v2\/media\/54317"}],"wp:attachment":[{"href":"https:\/\/www.africa-press.net\/tchad\/wp-json\/wp\/v2\/media?parent=54318"}],"wp:term":[{"taxonomy":"category","embeddable":true,"href":"https:\/\/www.africa-press.net\/tchad\/wp-json\/wp\/v2\/categories?post=54318"},{"taxonomy":"post_tag","embeddable":true,"href":"https:\/\/www.africa-press.net\/tchad\/wp-json\/wp\/v2\/tags?post=54318"}],"curies":[{"name":"wp","href":"https:\/\/api.w.org\/{rel}","templated":true}]}}