{"id":54320,"date":"2023-11-21T17:27:22","date_gmt":"2023-11-21T17:27:22","guid":{"rendered":"https:\/\/www.africa-press.net\/tchad\/politique\/tchad-video-le-colonel-moubarak-hormalik-commandant-du-contingent-tchadien-de-la-minusma-evoque-avec-fierte-son-engagement-et-celui-de-ses-hommes-au-service-de-la-paix-au-mali"},"modified":"2023-11-21T18:09:55","modified_gmt":"2023-11-21T18:09:55","slug":"tchad-video-le-colonel-moubarak-hormalik-commandant-du-contingent-tchadien-de-la-minusma-evoque-avec-fierte-son-engagement-et-celui-de-ses-hommes-au-service-de-la-paix-au-mali","status":"publish","type":"post","link":"https:\/\/www.africa-press.net\/tchad\/politique\/tchad-video-le-colonel-moubarak-hormalik-commandant-du-contingent-tchadien-de-la-minusma-evoque-avec-fierte-son-engagement-et-celui-de-ses-hommes-au-service-de-la-paix-au-mali","title":{"rendered":"Tchad (Vid\u00e9o) : Le Colonel Moubarak Hormalik, Commandant du contingent tchadien de la Minusma, \u00e9voque avec fiert\u00e9 son engagement et celui de ses hommes au service de la paix au Mali"},"content":{"rendered":"<p><span style=\"color: #ff6600\"><strong>Africa-Press &#8211; Tchad. <\/strong><\/span>Il est a\u0300 noter que \u00ab le Tchad est le pays qui a subi les plus lourdes pertes parmi contributeur de troupes au sein de la Minusma \u00bb, selon une re\u0301ve\u0301lation faite le 17 novembre 2023 par l\u2019ONU en rendant un vibrant hommage a\u0300 l\u2019arme\u0301e nationale tchadienne.<\/p>\n<p>Le Tchad \u00ab a vu 82 de ses soldats e\u0301me\u0301rites perdre la vie dans l\u2019exercice de leur devoir \u00bb, ont souligne\u0301 les Nations Unies.<\/p>\n<p>\u00ab Le sacrifice ultime de ces soldats est incarne\u0301 par des figures he\u0301roi\u0308ques telles que le capitaine Abdelrazakh Hamit Bahar, commandant adjoint du bataillon des forces spe\u0301ciales, a\u0300 qui, le Secre\u0301taire ge\u0301ne\u0301ral de l\u2019ONU, Anto\u0301nio Guterres a de\u0301cerne\u0301 le 26 mai 2022 a\u0300 titre posthume, la \u00ab me\u0301daille Capitaine Mbaye Diagne pour acte de courage exceptionnel \u00bb. Il avait e\u0301te\u0301 tue\u0301 au cours d\u2019une attaque terroriste a\u0300 Aguelhok en avril 2021, alors qu\u2019il de\u0301fendait le camp pour prote\u0301ger la vie de ses colle\u0300gues et e\u0301viter toute victime civile \u00bb, a pre\u0301cise\u0301 l\u2019ONU.<\/p>\n<p><strong>Pour plus d&rsquo;informations et d&rsquo;analyses sur la <a href=\"https:\/\/www.africa-press.net\/tchad\">Tchad<\/a>, suivez <a href=\"https:\/\/www.africa-press.net\/\">Africa-Press<\/a><\/strong><\/p>\n","protected":false},"excerpt":{"rendered":"<p>Africa-Press &#8211; Tchad. Il est a\u0300 noter que \u00ab le Tchad est le pays qui a subi les plus lourdes pertes parmi contributeur de troupes au sein de la Minusma \u00bb, selon une re\u0301ve\u0301lation faite le 17 novembre 2023 par l\u2019ONU en rendant un vibrant hommage a\u0300 l\u2019arme\u0301e nationale tchadienne. Le Tchad \u00ab a vu [&hellip;]<\/p>\n","protected":false},"author":82,"featured_media":54319,"comment_status":"open","ping_status":"closed","sticky":false,"template":"","format":"standard","meta":{"footnotes":""},"categories":[2,10],"tags":[37,292,29],"class_list":["post-54320","post","type-post","status-publish","format-standard","has-post-thumbnail","hentry","category-politique","category-toutes-les-actualites","tag-africa-press","tag-africa-press-tchad","tag-tchad"],"yoast_head":"<!-- This site is optimized with the Yoast SEO Premium plugin v26.1 (Yoast SEO v27.0) - https:\/\/yoast.com\/product\/yoast-seo-premium-wordpress\/ -->\n<title>Tchad (Vid\u00e9o) : Le Colonel Moubarak Hormalik, Commandant du contingent tchadien de la Minusma, \u00e9voque avec fiert\u00e9 son engagement et celui de ses hommes au service de la paix au Mali - tchad<\/title>\n<meta name=\"description\" content=\"Il est a\u0300 noter que \u00ab le Tchad est le pays qui a subi les plus lourdes pertes parmi contributeur de troupes au sein de l ...\" \/>\n<meta name=\"robots\" content=\"index, follow, max-snippet:-1, max-image-preview:large, max-video-preview:-1\" \/>\n<link rel=\"canonical\" href=\"https:\/\/www.africa-press.net\/tchad\/politique\/tchad-video-le-colonel-moubarak-hormalik-commandant-du-contingent-tchadien-de-la-minusma-evoque-avec-fierte-son-engagement-et-celui-de-ses-hommes-au-service-de-la-paix-au-mali\" \/>\n<meta property=\"og:locale\" content=\"fr_FR\" \/>\n<meta property=\"og:type\" content=\"article\" \/>\n<meta property=\"og:title\" content=\"Tchad (Vid\u00e9o) : Le Colonel Moubarak Hormalik, Commandant du contingent tchadien de la Minusma, \u00e9voque avec fiert\u00e9 son engagement et celui de ses hommes au service de la paix au Mali\" \/>\n<meta property=\"og:description\" content=\"Il est a\u0300 noter que \u00ab le Tchad est le pays qui a subi les plus lourdes pertes parmi contributeur de troupes au sein de l ...\" \/>\n<meta property=\"og:url\" content=\"https:\/\/www.africa-press.net\/tchad\/politique\/tchad-video-le-colonel-moubarak-hormalik-commandant-du-contingent-tchadien-de-la-minusma-evoque-avec-fierte-son-engagement-et-celui-de-ses-hommes-au-service-de-la-paix-au-mali\" \/>\n<meta property=\"og:site_name\" content=\"tchad\" \/>\n<meta property=\"article:published_time\" content=\"2023-11-21T17:27:22+00:00\" \/>\n<meta property=\"article:modified_time\" content=\"2023-11-21T18:09:55+00:00\" \/>\n<meta property=\"og:image\" content=\"https:\/\/static.africa-press.net\/tchad\/sites\/41\/2023\/11\/sm_1700577529.676098.jpg\" \/>\n\t<meta property=\"og:image:width\" content=\"718\" \/>\n\t<meta property=\"og:image:height\" content=\"337\" \/>\n\t<meta property=\"og:image:type\" content=\"image\/jpeg\" \/>\n<meta name=\"author\" content=\"cfeditorfr\" \/>\n<meta name=\"twitter:card\" content=\"summary_large_image\" \/>\n<meta name=\"twitter:label1\" content=\"\u00c9crit par\" \/>\n\t<meta name=\"twitter:data1\" content=\"cfeditorfr\" \/>\n\t<meta name=\"twitter:label2\" content=\"Dur\u00e9e de lecture estim\u00e9e\" \/>\n\t<meta name=\"twitter:data2\" content=\"1 minute\" \/>\n<script type=\"application\/ld+json\" class=\"yoast-schema-graph\">{\"@context\":\"https:\/\/schema.org\",\"@graph\":[{\"@type\":\"Article\",\"@id\":\"https:\/\/www.africa-press.net\/tchad\/politique\/tchad-video-le-colonel-moubarak-hormalik-commandant-du-contingent-tchadien-de-la-minusma-evoque-avec-fierte-son-engagement-et-celui-de-ses-hommes-au-service-de-la-paix-au-mali#article\",\"isPartOf\":{\"@id\":\"https:\/\/www.africa-press.net\/tchad\/politique\/tchad-video-le-colonel-moubarak-hormalik-commandant-du-contingent-tchadien-de-la-minusma-evoque-avec-fierte-son-engagement-et-celui-de-ses-hommes-au-service-de-la-paix-au-mali\"},\"author\":{\"name\":\"cfeditorfr\",\"@id\":\"https:\/\/www.africa-press.net\/tchad\/#\/schema\/person\/2b1cf3cd81a31e3cd26889ca66d677f1\"},\"headline\":\"Tchad (Vid\u00e9o) : Le Colonel Moubarak Hormalik, Commandant du contingent tchadien de la Minusma, \u00e9voque avec fiert\u00e9 son engagement et celui de ses hommes au service de la paix au Mali\",\"datePublished\":\"2023-11-21T17:27:22+00:00\",\"dateModified\":\"2023-11-21T18:09:55+00:00\",\"mainEntityOfPage\":{\"@id\":\"https:\/\/www.africa-press.net\/tchad\/politique\/tchad-video-le-colonel-moubarak-hormalik-commandant-du-contingent-tchadien-de-la-minusma-evoque-avec-fierte-son-engagement-et-celui-de-ses-hommes-au-service-de-la-paix-au-mali\"},\"wordCount\":222,\"commentCount\":0,\"image\":{\"@id\":\"https:\/\/www.africa-press.net\/tchad\/politique\/tchad-video-le-colonel-moubarak-hormalik-commandant-du-contingent-tchadien-de-la-minusma-evoque-avec-fierte-son-engagement-et-celui-de-ses-hommes-au-service-de-la-paix-au-mali#primaryimage\"},\"thumbnailUrl\":\"https:\/\/static.africa-press.net\/tchad\/sites\/41\/2023\/11\/sm_1700577529.676098.jpg\",\"keywords\":[\"Africa Press\",\"Africa Press-Tchad\",\"Tchad\"],\"articleSection\":[\"Politique\",\"Toutes les actualit\u00e9s\"],\"inLanguage\":\"fr-FR\",\"potentialAction\":[{\"@type\":\"CommentAction\",\"name\":\"Comment\",\"target\":[\"https:\/\/www.africa-press.net\/tchad\/politique\/tchad-video-le-colonel-moubarak-hormalik-commandant-du-contingent-tchadien-de-la-minusma-evoque-avec-fierte-son-engagement-et-celui-de-ses-hommes-au-service-de-la-paix-au-mali#respond\"]}]},{\"@type\":\"WebPage\",\"@id\":\"https:\/\/www.africa-press.net\/tchad\/politique\/tchad-video-le-colonel-moubarak-hormalik-commandant-du-contingent-tchadien-de-la-minusma-evoque-avec-fierte-son-engagement-et-celui-de-ses-hommes-au-service-de-la-paix-au-mali\",\"url\":\"https:\/\/www.africa-press.net\/tchad\/politique\/tchad-video-le-colonel-moubarak-hormalik-commandant-du-contingent-tchadien-de-la-minusma-evoque-avec-fierte-son-engagement-et-celui-de-ses-hommes-au-service-de-la-paix-au-mali\",\"name\":\"Tchad (Vid\u00e9o) : Le Colonel Moubarak Hormalik, Commandant du contingent tchadien de la Minusma, \u00e9voque avec fiert\u00e9 son engagement et celui de ses hommes au service de la paix au Mali - tchad\",\"isPartOf\":{\"@id\":\"https:\/\/www.africa-press.net\/tchad\/#website\"},\"primaryImageOfPage\":{\"@id\":\"https:\/\/www.africa-press.net\/tchad\/politique\/tchad-video-le-colonel-moubarak-hormalik-commandant-du-contingent-tchadien-de-la-minusma-evoque-avec-fierte-son-engagement-et-celui-de-ses-hommes-au-service-de-la-paix-au-mali#primaryimage\"},\"image\":{\"@id\":\"https:\/\/www.africa-press.net\/tchad\/politique\/tchad-video-le-colonel-moubarak-hormalik-commandant-du-contingent-tchadien-de-la-minusma-evoque-avec-fierte-son-engagement-et-celui-de-ses-hommes-au-service-de-la-paix-au-mali#primaryimage\"},\"thumbnailUrl\":\"https:\/\/static.africa-press.net\/tchad\/sites\/41\/2023\/11\/sm_1700577529.676098.jpg\",\"datePublished\":\"2023-11-21T17:27:22+00:00\",\"dateModified\":\"2023-11-21T18:09:55+00:00\",\"author\":{\"@id\":\"https:\/\/www.africa-press.net\/tchad\/#\/schema\/person\/2b1cf3cd81a31e3cd26889ca66d677f1\"},\"description\":\"Il est a\u0300 noter que \u00ab le Tchad est le pays qui a subi les plus lourdes pertes parmi contributeur de troupes au sein de l ...\",\"breadcrumb\":{\"@id\":\"https:\/\/www.africa-press.net\/tchad\/politique\/tchad-video-le-colonel-moubarak-hormalik-commandant-du-contingent-tchadien-de-la-minusma-evoque-avec-fierte-son-engagement-et-celui-de-ses-hommes-au-service-de-la-paix-au-mali#breadcrumb\"},\"inLanguage\":\"fr-FR\",\"potentialAction\":[{\"@type\":\"ReadAction\",\"target\":[\"https:\/\/www.africa-press.net\/tchad\/politique\/tchad-video-le-colonel-moubarak-hormalik-commandant-du-contingent-tchadien-de-la-minusma-evoque-avec-fierte-son-engagement-et-celui-de-ses-hommes-au-service-de-la-paix-au-mali\"]}]},{\"@type\":\"ImageObject\",\"inLanguage\":\"fr-FR\",\"@id\":\"https:\/\/www.africa-press.net\/tchad\/politique\/tchad-video-le-colonel-moubarak-hormalik-commandant-du-contingent-tchadien-de-la-minusma-evoque-avec-fierte-son-engagement-et-celui-de-ses-hommes-au-service-de-la-paix-au-mali#primaryimage\",\"url\":\"https:\/\/static.africa-press.net\/tchad\/sites\/41\/2023\/11\/sm_1700577529.676098.jpg\",\"contentUrl\":\"https:\/\/static.africa-press.net\/tchad\/sites\/41\/2023\/11\/sm_1700577529.676098.jpg\",\"width\":718,\"height\":337,\"caption\":\"Tchad (Vid\u00e9o) : Le Colonel Moubarak Hormalik, Commandant du contingent tchadien de la Minusma, \u00e9voque avec fiert\u00e9 son engagement et celui de ses hommes au service de la paix au Mali\"},{\"@type\":\"BreadcrumbList\",\"@id\":\"https:\/\/www.africa-press.net\/tchad\/politique\/tchad-video-le-colonel-moubarak-hormalik-commandant-du-contingent-tchadien-de-la-minusma-evoque-avec-fierte-son-engagement-et-celui-de-ses-hommes-au-service-de-la-paix-au-mali#breadcrumb\",\"itemListElement\":[{\"@type\":\"ListItem\",\"position\":1,\"name\":\"Accueil\",\"item\":\"https:\/\/www.africa-press.net\/tchad\/\"},{\"@type\":\"ListItem\",\"position\":2,\"name\":\"Tchad (Vid\u00e9o) : Le Colonel Moubarak Hormalik, Commandant du contingent tchadien de la Minusma, \u00e9voque avec fiert\u00e9 son engagement et celui de ses hommes au service de la paix au Mali\"}]},{\"@type\":\"WebSite\",\"@id\":\"https:\/\/www.africa-press.net\/tchad\/#website\",\"url\":\"https:\/\/www.africa-press.net\/tchad\/\",\"name\":\"tchad\",\"description\":\"Just another Africa News Agency Sites site\",\"potentialAction\":[{\"@type\":\"SearchAction\",\"target\":{\"@type\":\"EntryPoint\",\"urlTemplate\":\"https:\/\/www.africa-press.net\/tchad\/?s={search_term_string}\"},\"query-input\":{\"@type\":\"PropertyValueSpecification\",\"valueRequired\":true,\"valueName\":\"search_term_string\"}}],\"inLanguage\":\"fr-FR\"},{\"@type\":\"Person\",\"@id\":\"https:\/\/www.africa-press.net\/tchad\/#\/schema\/person\/2b1cf3cd81a31e3cd26889ca66d677f1\",\"name\":\"cfeditorfr\"}]}<\/script>\n<!-- \/ Yoast SEO Premium plugin. -->","yoast_head_json":{"title":"Tchad (Vid\u00e9o) : Le Colonel Moubarak Hormalik, Commandant du contingent tchadien de la Minusma, \u00e9voque avec fiert\u00e9 son engagement et celui de ses hommes au service de la paix au Mali - tchad","description":"Il est a\u0300 noter que \u00ab le Tchad est le pays qui a subi les plus lourdes pertes parmi contributeur de troupes au sein de l ...","robots":{"index":"index","follow":"follow","max-snippet":"max-snippet:-1","max-image-preview":"max-image-preview:large","max-video-preview":"max-video-preview:-1"},"canonical":"https:\/\/www.africa-press.net\/tchad\/politique\/tchad-video-le-colonel-moubarak-hormalik-commandant-du-contingent-tchadien-de-la-minusma-evoque-avec-fierte-son-engagement-et-celui-de-ses-hommes-au-service-de-la-paix-au-mali","og_locale":"fr_FR","og_type":"article","og_title":"Tchad (Vid\u00e9o) : Le Colonel Moubarak Hormalik, Commandant du contingent tchadien de la Minusma, \u00e9voque avec fiert\u00e9 son engagement et celui de ses hommes au service de la paix au Mali","og_description":"Il est a\u0300 noter que \u00ab le Tchad est le pays qui a subi les plus lourdes pertes parmi contributeur de troupes au sein de l ...","og_url":"https:\/\/www.africa-press.net\/tchad\/politique\/tchad-video-le-colonel-moubarak-hormalik-commandant-du-contingent-tchadien-de-la-minusma-evoque-avec-fierte-son-engagement-et-celui-de-ses-hommes-au-service-de-la-paix-au-mali","og_site_name":"tchad","article_published_time":"2023-11-21T17:27:22+00:00","article_modified_time":"2023-11-21T18:09:55+00:00","og_image":[{"width":718,"height":337,"url":"https:\/\/static.africa-press.net\/tchad\/sites\/41\/2023\/11\/sm_1700577529.676098.jpg","type":"image\/jpeg"}],"author":"cfeditorfr","twitter_card":"summary_large_image","twitter_misc":{"\u00c9crit par":"cfeditorfr","Dur\u00e9e de lecture estim\u00e9e":"1 minute"},"schema":{"@context":"https:\/\/schema.org","@graph":[{"@type":"Article","@id":"https:\/\/www.africa-press.net\/tchad\/politique\/tchad-video-le-colonel-moubarak-hormalik-commandant-du-contingent-tchadien-de-la-minusma-evoque-avec-fierte-son-engagement-et-celui-de-ses-hommes-au-service-de-la-paix-au-mali#article","isPartOf":{"@id":"https:\/\/www.africa-press.net\/tchad\/politique\/tchad-video-le-colonel-moubarak-hormalik-commandant-du-contingent-tchadien-de-la-minusma-evoque-avec-fierte-son-engagement-et-celui-de-ses-hommes-au-service-de-la-paix-au-mali"},"author":{"name":"cfeditorfr","@id":"https:\/\/www.africa-press.net\/tchad\/#\/schema\/person\/2b1cf3cd81a31e3cd26889ca66d677f1"},"headline":"Tchad (Vid\u00e9o) : Le Colonel Moubarak Hormalik, Commandant du contingent tchadien de la Minusma, \u00e9voque avec fiert\u00e9 son engagement et celui de ses hommes au service de la paix au Mali","datePublished":"2023-11-21T17:27:22+00:00","dateModified":"2023-11-21T18:09:55+00:00","mainEntityOfPage":{"@id":"https:\/\/www.africa-press.net\/tchad\/politique\/tchad-video-le-colonel-moubarak-hormalik-commandant-du-contingent-tchadien-de-la-minusma-evoque-avec-fierte-son-engagement-et-celui-de-ses-hommes-au-service-de-la-paix-au-mali"},"wordCount":222,"commentCount":0,"image":{"@id":"https:\/\/www.africa-press.net\/tchad\/politique\/tchad-video-le-colonel-moubarak-hormalik-commandant-du-contingent-tchadien-de-la-minusma-evoque-avec-fierte-son-engagement-et-celui-de-ses-hommes-au-service-de-la-paix-au-mali#primaryimage"},"thumbnailUrl":"https:\/\/static.africa-press.net\/tchad\/sites\/41\/2023\/11\/sm_1700577529.676098.jpg","keywords":["Africa Press","Africa Press-Tchad","Tchad"],"articleSection":["Politique","Toutes les actualit\u00e9s"],"inLanguage":"fr-FR","potentialAction":[{"@type":"CommentAction","name":"Comment","target":["https:\/\/www.africa-press.net\/tchad\/politique\/tchad-video-le-colonel-moubarak-hormalik-commandant-du-contingent-tchadien-de-la-minusma-evoque-avec-fierte-son-engagement-et-celui-de-ses-hommes-au-service-de-la-paix-au-mali#respond"]}]},{"@type":"WebPage","@id":"https:\/\/www.africa-press.net\/tchad\/politique\/tchad-video-le-colonel-moubarak-hormalik-commandant-du-contingent-tchadien-de-la-minusma-evoque-avec-fierte-son-engagement-et-celui-de-ses-hommes-au-service-de-la-paix-au-mali","url":"https:\/\/www.africa-press.net\/tchad\/politique\/tchad-video-le-colonel-moubarak-hormalik-commandant-du-contingent-tchadien-de-la-minusma-evoque-avec-fierte-son-engagement-et-celui-de-ses-hommes-au-service-de-la-paix-au-mali","name":"Tchad (Vid\u00e9o) : Le Colonel Moubarak Hormalik, Commandant du contingent tchadien de la Minusma, \u00e9voque avec fiert\u00e9 son engagement et celui de ses hommes au service de la paix au Mali - tchad","isPartOf":{"@id":"https:\/\/www.africa-press.net\/tchad\/#website"},"primaryImageOfPage":{"@id":"https:\/\/www.africa-press.net\/tchad\/politique\/tchad-video-le-colonel-moubarak-hormalik-commandant-du-contingent-tchadien-de-la-minusma-evoque-avec-fierte-son-engagement-et-celui-de-ses-hommes-au-service-de-la-paix-au-mali#primaryimage"},"image":{"@id":"https:\/\/www.africa-press.net\/tchad\/politique\/tchad-video-le-colonel-moubarak-hormalik-commandant-du-contingent-tchadien-de-la-minusma-evoque-avec-fierte-son-engagement-et-celui-de-ses-hommes-au-service-de-la-paix-au-mali#primaryimage"},"thumbnailUrl":"https:\/\/static.africa-press.net\/tchad\/sites\/41\/2023\/11\/sm_1700577529.676098.jpg","datePublished":"2023-11-21T17:27:22+00:00","dateModified":"2023-11-21T18:09:55+00:00","author":{"@id":"https:\/\/www.africa-press.net\/tchad\/#\/schema\/person\/2b1cf3cd81a31e3cd26889ca66d677f1"},"description":"Il est a\u0300 noter que \u00ab le Tchad est le pays qui a subi les plus lourdes pertes parmi contributeur de troupes au sein de l ...","breadcrumb":{"@id":"https:\/\/www.africa-press.net\/tchad\/politique\/tchad-video-le-colonel-moubarak-hormalik-commandant-du-contingent-tchadien-de-la-minusma-evoque-avec-fierte-son-engagement-et-celui-de-ses-hommes-au-service-de-la-paix-au-mali#breadcrumb"},"inLanguage":"fr-FR","potentialAction":[{"@type":"ReadAction","target":["https:\/\/www.africa-press.net\/tchad\/politique\/tchad-video-le-colonel-moubarak-hormalik-commandant-du-contingent-tchadien-de-la-minusma-evoque-avec-fierte-son-engagement-et-celui-de-ses-hommes-au-service-de-la-paix-au-mali"]}]},{"@type":"ImageObject","inLanguage":"fr-FR","@id":"https:\/\/www.africa-press.net\/tchad\/politique\/tchad-video-le-colonel-moubarak-hormalik-commandant-du-contingent-tchadien-de-la-minusma-evoque-avec-fierte-son-engagement-et-celui-de-ses-hommes-au-service-de-la-paix-au-mali#primaryimage","url":"https:\/\/static.africa-press.net\/tchad\/sites\/41\/2023\/11\/sm_1700577529.676098.jpg","contentUrl":"https:\/\/static.africa-press.net\/tchad\/sites\/41\/2023\/11\/sm_1700577529.676098.jpg","width":718,"height":337,"caption":"Tchad (Vid\u00e9o) : Le Colonel Moubarak Hormalik, Commandant du contingent tchadien de la Minusma, \u00e9voque avec fiert\u00e9 son engagement et celui de ses hommes au service de la paix au Mali"},{"@type":"BreadcrumbList","@id":"https:\/\/www.africa-press.net\/tchad\/politique\/tchad-video-le-colonel-moubarak-hormalik-commandant-du-contingent-tchadien-de-la-minusma-evoque-avec-fierte-son-engagement-et-celui-de-ses-hommes-au-service-de-la-paix-au-mali#breadcrumb","itemListElement":[{"@type":"ListItem","position":1,"name":"Accueil","item":"https:\/\/www.africa-press.net\/tchad\/"},{"@type":"ListItem","position":2,"name":"Tchad (Vid\u00e9o) : Le Colonel Moubarak Hormalik, Commandant du contingent tchadien de la Minusma, \u00e9voque avec fiert\u00e9 son engagement et celui de ses hommes au service de la paix au Mali"}]},{"@type":"WebSite","@id":"https:\/\/www.africa-press.net\/tchad\/#website","url":"https:\/\/www.africa-press.net\/tchad\/","name":"tchad","description":"Just another Africa News Agency Sites site","potentialAction":[{"@type":"SearchAction","target":{"@type":"EntryPoint","urlTemplate":"https:\/\/www.africa-press.net\/tchad\/?s={search_term_string}"},"query-input":{"@type":"PropertyValueSpecification","valueRequired":true,"valueName":"search_term_string"}}],"inLanguage":"fr-FR"},{"@type":"Person","@id":"https:\/\/www.africa-press.net\/tchad\/#\/schema\/person\/2b1cf3cd81a31e3cd26889ca66d677f1","name":"cfeditorfr"}]}},"_links":{"self":[{"href":"https:\/\/www.africa-press.net\/tchad\/wp-json\/wp\/v2\/posts\/54320","targetHints":{"allow":["GET"]}}],"collection":[{"href":"https:\/\/www.africa-press.net\/tchad\/wp-json\/wp\/v2\/posts"}],"about":[{"href":"https:\/\/www.africa-press.net\/tchad\/wp-json\/wp\/v2\/types\/post"}],"author":[{"embeddable":true,"href":"https:\/\/www.africa-press.net\/tchad\/wp-json\/wp\/v2\/users\/82"}],"replies":[{"embeddable":true,"href":"https:\/\/www.africa-press.net\/tchad\/wp-json\/wp\/v2\/comments?post=54320"}],"version-history":[{"count":0,"href":"https:\/\/www.africa-press.net\/tchad\/wp-json\/wp\/v2\/posts\/54320\/revisions"}],"wp:featuredmedia":[{"embeddable":true,"href":"https:\/\/www.africa-press.net\/tchad\/wp-json\/wp\/v2\/media\/54319"}],"wp:attachment":[{"href":"https:\/\/www.africa-press.net\/tchad\/wp-json\/wp\/v2\/media?parent=54320"}],"wp:term":[{"taxonomy":"category","embeddable":true,"href":"https:\/\/www.africa-press.net\/tchad\/wp-json\/wp\/v2\/categories?post=54320"},{"taxonomy":"post_tag","embeddable":true,"href":"https:\/\/www.africa-press.net\/tchad\/wp-json\/wp\/v2\/tags?post=54320"}],"curies":[{"name":"wp","href":"https:\/\/api.w.org\/{rel}","templated":true}]}}