{"id":54326,"date":"2023-11-21T17:28:01","date_gmt":"2023-11-21T17:28:01","guid":{"rendered":"https:\/\/www.africa-press.net\/tchad\/politique\/un-eleveur-tue-en-protegeant-son-betail-au-sila"},"modified":"2023-11-21T18:11:08","modified_gmt":"2023-11-21T18:11:08","slug":"un-eleveur-tue-en-protegeant-son-betail-au-sila","status":"publish","type":"post","link":"https:\/\/www.africa-press.net\/tchad\/toutes-les-actualites\/un-eleveur-tue-en-protegeant-son-betail-au-sila","title":{"rendered":"un \u00e9leveur tu\u00e9 en prot\u00e9geant son b\u00e9tail au Sila"},"content":{"rendered":"<p><span style=\"color: #ff6600\"><strong>Africa-Press &#8211; Tchad. <\/strong><\/span>Un habitant du village Hadjar Marfeine, connu sous le nom de Gamar, a e\u0301te\u0301 la cible d\u2019un meurtre brutal, dans la nuit du 19 au 20 novembre, vers 21 heures.<\/p>\n<p>En effet, des assaillants inconnus l\u2019ont attaque\u0301, alors qu\u2019il tentait de de\u0301fendre ses b\u0153ufs d\u2019une tentative de vol.<\/p>\n<p>Malgre\u0301 sa de\u0301fense, Gamar a e\u0301te\u0301 gravement blesse\u0301 par une arme a\u0300 feu et est de\u0301ce\u0301de\u0301 des suites de ses blessures sur place. Ce drame s\u2019est produit dans le de\u0301partement d\u2019Adde\u0301, situe\u0301 dans la province du Sila.<\/p>\n<p><strong>Pour plus d&rsquo;informations et d&rsquo;analyses sur la <a href=\"https:\/\/www.africa-press.net\/tchad\">Tchad<\/a>, suivez <a href=\"https:\/\/www.africa-press.net\/\">Africa-Press<\/a><\/strong><\/p>\n","protected":false},"excerpt":{"rendered":"<p>Africa-Press &#8211; Tchad. Un habitant du village Hadjar Marfeine, connu sous le nom de Gamar, a e\u0301te\u0301 la cible d\u2019un meurtre brutal, dans la nuit du 19 au 20 novembre, vers 21 heures. En effet, des assaillants inconnus l\u2019ont attaque\u0301, alors qu\u2019il tentait de de\u0301fendre ses b\u0153ufs d\u2019une tentative de vol. Malgre\u0301 sa de\u0301fense, Gamar [&hellip;]<\/p>\n","protected":false},"author":82,"featured_media":54325,"comment_status":"open","ping_status":"closed","sticky":false,"template":"","format":"standard","meta":{"footnotes":""},"categories":[21,10],"tags":[37,292,29],"class_list":["post-54326","post","type-post","status-publish","format-standard","has-post-thumbnail","hentry","category-communaute","category-toutes-les-actualites","tag-africa-press","tag-africa-press-tchad","tag-tchad"],"yoast_head":"<!-- This site is optimized with the Yoast SEO Premium plugin v26.1 (Yoast SEO v27.0) - https:\/\/yoast.com\/product\/yoast-seo-premium-wordpress\/ -->\n<title>un \u00e9leveur tu\u00e9 en prot\u00e9geant son b\u00e9tail au Sila - tchad<\/title>\n<meta name=\"description\" content=\"Un habitant du village Hadjar Marfeine, connu sous le nom de Gamar, a e\u0301te\u0301 la cible d\u2019un meurtre brutal, dans la nuit d ...\" \/>\n<meta name=\"robots\" content=\"index, follow, max-snippet:-1, max-image-preview:large, max-video-preview:-1\" \/>\n<link rel=\"canonical\" href=\"https:\/\/www.africa-press.net\/tchad\/toutes-les-actualites\/un-eleveur-tue-en-protegeant-son-betail-au-sila\" \/>\n<meta property=\"og:locale\" content=\"fr_FR\" \/>\n<meta property=\"og:type\" content=\"article\" \/>\n<meta property=\"og:title\" content=\"un \u00e9leveur tu\u00e9 en prot\u00e9geant son b\u00e9tail au Sila\" \/>\n<meta property=\"og:description\" content=\"Un habitant du village Hadjar Marfeine, connu sous le nom de Gamar, a e\u0301te\u0301 la cible d\u2019un meurtre brutal, dans la nuit d ...\" \/>\n<meta property=\"og:url\" content=\"https:\/\/www.africa-press.net\/tchad\/toutes-les-actualites\/un-eleveur-tue-en-protegeant-son-betail-au-sila\" \/>\n<meta property=\"og:site_name\" content=\"tchad\" \/>\n<meta property=\"article:published_time\" content=\"2023-11-21T17:28:01+00:00\" \/>\n<meta property=\"article:modified_time\" content=\"2023-11-21T18:11:08+00:00\" \/>\n<meta property=\"og:image\" content=\"https:\/\/static.africa-press.net\/tchad\/sites\/41\/2023\/11\/sm_1700577606.159182.jpg\" \/>\n\t<meta property=\"og:image:width\" content=\"1008\" \/>\n\t<meta property=\"og:image:height\" content=\"756\" \/>\n\t<meta property=\"og:image:type\" content=\"image\/jpeg\" \/>\n<meta name=\"author\" content=\"cfeditorfr\" \/>\n<meta name=\"twitter:card\" content=\"summary_large_image\" \/>\n<meta name=\"twitter:label1\" content=\"\u00c9crit par\" \/>\n\t<meta name=\"twitter:data1\" content=\"cfeditorfr\" \/>\n\t<meta name=\"twitter:label2\" content=\"Dur\u00e9e de lecture estim\u00e9e\" \/>\n\t<meta name=\"twitter:data2\" content=\"1 minute\" \/>\n<script type=\"application\/ld+json\" class=\"yoast-schema-graph\">{\"@context\":\"https:\/\/schema.org\",\"@graph\":[{\"@type\":\"Article\",\"@id\":\"https:\/\/www.africa-press.net\/tchad\/toutes-les-actualites\/un-eleveur-tue-en-protegeant-son-betail-au-sila#article\",\"isPartOf\":{\"@id\":\"https:\/\/www.africa-press.net\/tchad\/toutes-les-actualites\/un-eleveur-tue-en-protegeant-son-betail-au-sila\"},\"author\":{\"name\":\"cfeditorfr\",\"@id\":\"https:\/\/www.africa-press.net\/tchad\/#\/schema\/person\/2b1cf3cd81a31e3cd26889ca66d677f1\"},\"headline\":\"un \u00e9leveur tu\u00e9 en prot\u00e9geant son b\u00e9tail au Sila\",\"datePublished\":\"2023-11-21T17:28:01+00:00\",\"dateModified\":\"2023-11-21T18:11:08+00:00\",\"mainEntityOfPage\":{\"@id\":\"https:\/\/www.africa-press.net\/tchad\/toutes-les-actualites\/un-eleveur-tue-en-protegeant-son-betail-au-sila\"},\"wordCount\":122,\"commentCount\":0,\"image\":{\"@id\":\"https:\/\/www.africa-press.net\/tchad\/toutes-les-actualites\/un-eleveur-tue-en-protegeant-son-betail-au-sila#primaryimage\"},\"thumbnailUrl\":\"https:\/\/static.africa-press.net\/tchad\/sites\/41\/2023\/11\/sm_1700577606.159182.jpg\",\"keywords\":[\"Africa Press\",\"Africa Press-Tchad\",\"Tchad\"],\"articleSection\":[\"Communaut\u00e9\",\"Toutes les actualit\u00e9s\"],\"inLanguage\":\"fr-FR\",\"potentialAction\":[{\"@type\":\"CommentAction\",\"name\":\"Comment\",\"target\":[\"https:\/\/www.africa-press.net\/tchad\/toutes-les-actualites\/un-eleveur-tue-en-protegeant-son-betail-au-sila#respond\"]}]},{\"@type\":\"WebPage\",\"@id\":\"https:\/\/www.africa-press.net\/tchad\/toutes-les-actualites\/un-eleveur-tue-en-protegeant-son-betail-au-sila\",\"url\":\"https:\/\/www.africa-press.net\/tchad\/toutes-les-actualites\/un-eleveur-tue-en-protegeant-son-betail-au-sila\",\"name\":\"un \u00e9leveur tu\u00e9 en prot\u00e9geant son b\u00e9tail au Sila - tchad\",\"isPartOf\":{\"@id\":\"https:\/\/www.africa-press.net\/tchad\/#website\"},\"primaryImageOfPage\":{\"@id\":\"https:\/\/www.africa-press.net\/tchad\/toutes-les-actualites\/un-eleveur-tue-en-protegeant-son-betail-au-sila#primaryimage\"},\"image\":{\"@id\":\"https:\/\/www.africa-press.net\/tchad\/toutes-les-actualites\/un-eleveur-tue-en-protegeant-son-betail-au-sila#primaryimage\"},\"thumbnailUrl\":\"https:\/\/static.africa-press.net\/tchad\/sites\/41\/2023\/11\/sm_1700577606.159182.jpg\",\"datePublished\":\"2023-11-21T17:28:01+00:00\",\"dateModified\":\"2023-11-21T18:11:08+00:00\",\"author\":{\"@id\":\"https:\/\/www.africa-press.net\/tchad\/#\/schema\/person\/2b1cf3cd81a31e3cd26889ca66d677f1\"},\"description\":\"Un habitant du village Hadjar Marfeine, connu sous le nom de Gamar, a e\u0301te\u0301 la cible d\u2019un meurtre brutal, dans la nuit d ...\",\"breadcrumb\":{\"@id\":\"https:\/\/www.africa-press.net\/tchad\/toutes-les-actualites\/un-eleveur-tue-en-protegeant-son-betail-au-sila#breadcrumb\"},\"inLanguage\":\"fr-FR\",\"potentialAction\":[{\"@type\":\"ReadAction\",\"target\":[\"https:\/\/www.africa-press.net\/tchad\/toutes-les-actualites\/un-eleveur-tue-en-protegeant-son-betail-au-sila\"]}]},{\"@type\":\"ImageObject\",\"inLanguage\":\"fr-FR\",\"@id\":\"https:\/\/www.africa-press.net\/tchad\/toutes-les-actualites\/un-eleveur-tue-en-protegeant-son-betail-au-sila#primaryimage\",\"url\":\"https:\/\/static.africa-press.net\/tchad\/sites\/41\/2023\/11\/sm_1700577606.159182.jpg\",\"contentUrl\":\"https:\/\/static.africa-press.net\/tchad\/sites\/41\/2023\/11\/sm_1700577606.159182.jpg\",\"width\":1008,\"height\":756,\"caption\":\"un \u00e9leveur tu\u00e9 en prot\u00e9geant son b\u00e9tail au Sila\"},{\"@type\":\"BreadcrumbList\",\"@id\":\"https:\/\/www.africa-press.net\/tchad\/toutes-les-actualites\/un-eleveur-tue-en-protegeant-son-betail-au-sila#breadcrumb\",\"itemListElement\":[{\"@type\":\"ListItem\",\"position\":1,\"name\":\"Accueil\",\"item\":\"https:\/\/www.africa-press.net\/tchad\/\"},{\"@type\":\"ListItem\",\"position\":2,\"name\":\"un \u00e9leveur tu\u00e9 en prot\u00e9geant son b\u00e9tail au Sila\"}]},{\"@type\":\"WebSite\",\"@id\":\"https:\/\/www.africa-press.net\/tchad\/#website\",\"url\":\"https:\/\/www.africa-press.net\/tchad\/\",\"name\":\"tchad\",\"description\":\"Just another Africa News Agency Sites site\",\"potentialAction\":[{\"@type\":\"SearchAction\",\"target\":{\"@type\":\"EntryPoint\",\"urlTemplate\":\"https:\/\/www.africa-press.net\/tchad\/?s={search_term_string}\"},\"query-input\":{\"@type\":\"PropertyValueSpecification\",\"valueRequired\":true,\"valueName\":\"search_term_string\"}}],\"inLanguage\":\"fr-FR\"},{\"@type\":\"Person\",\"@id\":\"https:\/\/www.africa-press.net\/tchad\/#\/schema\/person\/2b1cf3cd81a31e3cd26889ca66d677f1\",\"name\":\"cfeditorfr\"}]}<\/script>\n<!-- \/ Yoast SEO Premium plugin. -->","yoast_head_json":{"title":"un \u00e9leveur tu\u00e9 en prot\u00e9geant son b\u00e9tail au Sila - tchad","description":"Un habitant du village Hadjar Marfeine, connu sous le nom de Gamar, a e\u0301te\u0301 la cible d\u2019un meurtre brutal, dans la nuit d ...","robots":{"index":"index","follow":"follow","max-snippet":"max-snippet:-1","max-image-preview":"max-image-preview:large","max-video-preview":"max-video-preview:-1"},"canonical":"https:\/\/www.africa-press.net\/tchad\/toutes-les-actualites\/un-eleveur-tue-en-protegeant-son-betail-au-sila","og_locale":"fr_FR","og_type":"article","og_title":"un \u00e9leveur tu\u00e9 en prot\u00e9geant son b\u00e9tail au Sila","og_description":"Un habitant du village Hadjar Marfeine, connu sous le nom de Gamar, a e\u0301te\u0301 la cible d\u2019un meurtre brutal, dans la nuit d ...","og_url":"https:\/\/www.africa-press.net\/tchad\/toutes-les-actualites\/un-eleveur-tue-en-protegeant-son-betail-au-sila","og_site_name":"tchad","article_published_time":"2023-11-21T17:28:01+00:00","article_modified_time":"2023-11-21T18:11:08+00:00","og_image":[{"width":1008,"height":756,"url":"https:\/\/static.africa-press.net\/tchad\/sites\/41\/2023\/11\/sm_1700577606.159182.jpg","type":"image\/jpeg"}],"author":"cfeditorfr","twitter_card":"summary_large_image","twitter_misc":{"\u00c9crit par":"cfeditorfr","Dur\u00e9e de lecture estim\u00e9e":"1 minute"},"schema":{"@context":"https:\/\/schema.org","@graph":[{"@type":"Article","@id":"https:\/\/www.africa-press.net\/tchad\/toutes-les-actualites\/un-eleveur-tue-en-protegeant-son-betail-au-sila#article","isPartOf":{"@id":"https:\/\/www.africa-press.net\/tchad\/toutes-les-actualites\/un-eleveur-tue-en-protegeant-son-betail-au-sila"},"author":{"name":"cfeditorfr","@id":"https:\/\/www.africa-press.net\/tchad\/#\/schema\/person\/2b1cf3cd81a31e3cd26889ca66d677f1"},"headline":"un \u00e9leveur tu\u00e9 en prot\u00e9geant son b\u00e9tail au Sila","datePublished":"2023-11-21T17:28:01+00:00","dateModified":"2023-11-21T18:11:08+00:00","mainEntityOfPage":{"@id":"https:\/\/www.africa-press.net\/tchad\/toutes-les-actualites\/un-eleveur-tue-en-protegeant-son-betail-au-sila"},"wordCount":122,"commentCount":0,"image":{"@id":"https:\/\/www.africa-press.net\/tchad\/toutes-les-actualites\/un-eleveur-tue-en-protegeant-son-betail-au-sila#primaryimage"},"thumbnailUrl":"https:\/\/static.africa-press.net\/tchad\/sites\/41\/2023\/11\/sm_1700577606.159182.jpg","keywords":["Africa Press","Africa Press-Tchad","Tchad"],"articleSection":["Communaut\u00e9","Toutes les actualit\u00e9s"],"inLanguage":"fr-FR","potentialAction":[{"@type":"CommentAction","name":"Comment","target":["https:\/\/www.africa-press.net\/tchad\/toutes-les-actualites\/un-eleveur-tue-en-protegeant-son-betail-au-sila#respond"]}]},{"@type":"WebPage","@id":"https:\/\/www.africa-press.net\/tchad\/toutes-les-actualites\/un-eleveur-tue-en-protegeant-son-betail-au-sila","url":"https:\/\/www.africa-press.net\/tchad\/toutes-les-actualites\/un-eleveur-tue-en-protegeant-son-betail-au-sila","name":"un \u00e9leveur tu\u00e9 en prot\u00e9geant son b\u00e9tail au Sila - tchad","isPartOf":{"@id":"https:\/\/www.africa-press.net\/tchad\/#website"},"primaryImageOfPage":{"@id":"https:\/\/www.africa-press.net\/tchad\/toutes-les-actualites\/un-eleveur-tue-en-protegeant-son-betail-au-sila#primaryimage"},"image":{"@id":"https:\/\/www.africa-press.net\/tchad\/toutes-les-actualites\/un-eleveur-tue-en-protegeant-son-betail-au-sila#primaryimage"},"thumbnailUrl":"https:\/\/static.africa-press.net\/tchad\/sites\/41\/2023\/11\/sm_1700577606.159182.jpg","datePublished":"2023-11-21T17:28:01+00:00","dateModified":"2023-11-21T18:11:08+00:00","author":{"@id":"https:\/\/www.africa-press.net\/tchad\/#\/schema\/person\/2b1cf3cd81a31e3cd26889ca66d677f1"},"description":"Un habitant du village Hadjar Marfeine, connu sous le nom de Gamar, a e\u0301te\u0301 la cible d\u2019un meurtre brutal, dans la nuit d ...","breadcrumb":{"@id":"https:\/\/www.africa-press.net\/tchad\/toutes-les-actualites\/un-eleveur-tue-en-protegeant-son-betail-au-sila#breadcrumb"},"inLanguage":"fr-FR","potentialAction":[{"@type":"ReadAction","target":["https:\/\/www.africa-press.net\/tchad\/toutes-les-actualites\/un-eleveur-tue-en-protegeant-son-betail-au-sila"]}]},{"@type":"ImageObject","inLanguage":"fr-FR","@id":"https:\/\/www.africa-press.net\/tchad\/toutes-les-actualites\/un-eleveur-tue-en-protegeant-son-betail-au-sila#primaryimage","url":"https:\/\/static.africa-press.net\/tchad\/sites\/41\/2023\/11\/sm_1700577606.159182.jpg","contentUrl":"https:\/\/static.africa-press.net\/tchad\/sites\/41\/2023\/11\/sm_1700577606.159182.jpg","width":1008,"height":756,"caption":"un \u00e9leveur tu\u00e9 en prot\u00e9geant son b\u00e9tail au Sila"},{"@type":"BreadcrumbList","@id":"https:\/\/www.africa-press.net\/tchad\/toutes-les-actualites\/un-eleveur-tue-en-protegeant-son-betail-au-sila#breadcrumb","itemListElement":[{"@type":"ListItem","position":1,"name":"Accueil","item":"https:\/\/www.africa-press.net\/tchad\/"},{"@type":"ListItem","position":2,"name":"un \u00e9leveur tu\u00e9 en prot\u00e9geant son b\u00e9tail au Sila"}]},{"@type":"WebSite","@id":"https:\/\/www.africa-press.net\/tchad\/#website","url":"https:\/\/www.africa-press.net\/tchad\/","name":"tchad","description":"Just another Africa News Agency Sites site","potentialAction":[{"@type":"SearchAction","target":{"@type":"EntryPoint","urlTemplate":"https:\/\/www.africa-press.net\/tchad\/?s={search_term_string}"},"query-input":{"@type":"PropertyValueSpecification","valueRequired":true,"valueName":"search_term_string"}}],"inLanguage":"fr-FR"},{"@type":"Person","@id":"https:\/\/www.africa-press.net\/tchad\/#\/schema\/person\/2b1cf3cd81a31e3cd26889ca66d677f1","name":"cfeditorfr"}]}},"_links":{"self":[{"href":"https:\/\/www.africa-press.net\/tchad\/wp-json\/wp\/v2\/posts\/54326","targetHints":{"allow":["GET"]}}],"collection":[{"href":"https:\/\/www.africa-press.net\/tchad\/wp-json\/wp\/v2\/posts"}],"about":[{"href":"https:\/\/www.africa-press.net\/tchad\/wp-json\/wp\/v2\/types\/post"}],"author":[{"embeddable":true,"href":"https:\/\/www.africa-press.net\/tchad\/wp-json\/wp\/v2\/users\/82"}],"replies":[{"embeddable":true,"href":"https:\/\/www.africa-press.net\/tchad\/wp-json\/wp\/v2\/comments?post=54326"}],"version-history":[{"count":0,"href":"https:\/\/www.africa-press.net\/tchad\/wp-json\/wp\/v2\/posts\/54326\/revisions"}],"wp:featuredmedia":[{"embeddable":true,"href":"https:\/\/www.africa-press.net\/tchad\/wp-json\/wp\/v2\/media\/54325"}],"wp:attachment":[{"href":"https:\/\/www.africa-press.net\/tchad\/wp-json\/wp\/v2\/media?parent=54326"}],"wp:term":[{"taxonomy":"category","embeddable":true,"href":"https:\/\/www.africa-press.net\/tchad\/wp-json\/wp\/v2\/categories?post=54326"},{"taxonomy":"post_tag","embeddable":true,"href":"https:\/\/www.africa-press.net\/tchad\/wp-json\/wp\/v2\/tags?post=54326"}],"curies":[{"name":"wp","href":"https:\/\/api.w.org\/{rel}","templated":true}]}}