{"id":54335,"date":"2023-11-21T17:28:29","date_gmt":"2023-11-21T17:28:29","guid":{"rendered":"https:\/\/www.africa-press.net\/tchad\/politique\/une-mission-du-sgg-dans-la-province-du-kanem"},"modified":"2023-11-21T18:12:34","modified_gmt":"2023-11-21T18:12:34","slug":"une-mission-du-sgg-dans-la-province-du-kanem","status":"publish","type":"post","link":"https:\/\/www.africa-press.net\/tchad\/politique\/une-mission-du-sgg-dans-la-province-du-kanem","title":{"rendered":"une mission du SGG dans la province du Kanem"},"content":{"rendered":"<p><span style=\"color: #ff6600\"><strong>Africa-Press &#8211; Tchad. <\/strong><\/span>Une mission du secre\u0301tariat ge\u0301ne\u0301ral du gouvernement (SGG) est arrive\u0301e depuis samedi 18 novembre 2023 dans la province du Kanem, ceci dans le cadre de vulgarisation du projet de Constitution.<\/p>\n<p>Conduite par son chef, Moussa Hamidi Elimy, accompagne\u0301 de deux experts, cette mission a pour objectif d\u2019expliquer le contenu du projet de Constitution a\u0300 la population, tout en mettant l\u2019accent sur les innovations et ame\u0301liorations des articles de la nouvelle loi fondamentale.<\/p>\n<p>L&rsquo;atelier de pre\u0301sentation a eu lieu en pre\u0301sence du gouverneur de la province du Kanem, Issaka Hassan Jogoi\u0308, ainsi que des autorite\u0301s civiles militaires et traditionnelles, et du partenaire du gouvernement tchadien PNUD.<\/p>\n\r\n                <style type=\"text\/css\">\r\n                    \r\n                    #td_uid_1_69eeb64eaa262  .td-doubleSlider-2 .td-item1 {\r\n                        background: url(https:\/\/static.africa-press.net\/tchad\/sites\/41\/2023\/11\/sm_1700577678.922845-80x60.jpg) 0 0 no-repeat;\r\n                    }\r\n                    #td_uid_1_69eeb64eaa262  .td-doubleSlider-2 .td-item2 {\r\n                        background: url(https:\/\/static.africa-press.net\/tchad\/sites\/41\/2023\/11\/sm_1700577698.159424-80x60.jpg) 0 0 no-repeat;\r\n                    }\r\n                <\/style>\r\n\r\n                <div id=\"td_uid_1_69eeb64eaa262\" class=\"td-gallery td-slide-on-2-columns\">\r\n                    <div class=\"post_td_gallery\">\r\n                        <div class=\"td-gallery-slide-top\">\r\n                           <div class=\"td-gallery-title\"><\/div>\r\n\r\n                            <div class=\"td-gallery-controls-wrapper\">\r\n                                <div class=\"td-gallery-slide-count\"><span class=\"td-gallery-slide-item-focus\">1<\/span> de 2<\/div>\r\n                                <div class=\"td-gallery-slide-prev-next-but\">\r\n                                    <i class = \"td-icon-left doubleSliderPrevButton\"><\/i>\r\n                                    <i class = \"td-icon-right doubleSliderNextButton\"><\/i>\r\n                                <\/div>\r\n                            <\/div>\r\n                        <\/div>\r\n\r\n                        <div class = \"td-doubleSlider-1 \">\r\n                            <div class = \"td-slider\">\r\n                                \r\n                    <div class = \"td-slide-item td-item1\">\r\n                        <figure class=\"td-slide-galery-figure td-slide-popup-gallery\">\r\n                            <a class=\"slide-gallery-image-link\" href=\"https:\/\/static.africa-press.net\/tchad\/sites\/41\/2023\/11\/sm_1700577678.922845.jpg\" title=\"sm_1700577678.922845\"  data-caption=\"\"  data-description=\"\">\r\n                                <img decoding=\"async\" src=\"https:\/\/static.africa-press.net\/tchad\/sites\/41\/2023\/11\/sm_1700577678.922845.jpg\" srcset=\"https:\/\/static.africa-press.net\/tchad\/sites\/41\/2023\/11\/sm_1700577678.922845.jpg 869w, https:\/\/static.africa-press.net\/tchad\/sites\/41\/2023\/11\/sm_1700577678.922845-300x226.jpg 300w, https:\/\/static.africa-press.net\/tchad\/sites\/41\/2023\/11\/sm_1700577678.922845-768x579.jpg 768w, https:\/\/static.africa-press.net\/tchad\/sites\/41\/2023\/11\/sm_1700577678.922845-80x60.jpg 80w\" sizes=\"(max-width: 869px) 100vw, 869px\" alt=\"\">\r\n                            <\/a>\r\n                            \r\n                        <\/figure>\r\n                    <\/div>\r\n                    <div class = \"td-slide-item td-item2\">\r\n                        <figure class=\"td-slide-galery-figure td-slide-popup-gallery\">\r\n                            <a class=\"slide-gallery-image-link\" href=\"https:\/\/static.africa-press.net\/tchad\/sites\/41\/2023\/11\/sm_1700577698.159424.jpg\" title=\"sm_1700577698.159424\"  data-caption=\"\"  data-description=\"\">\r\n                                <img decoding=\"async\" src=\"https:\/\/static.africa-press.net\/tchad\/sites\/41\/2023\/11\/sm_1700577698.159424.jpg\" srcset=\"https:\/\/static.africa-press.net\/tchad\/sites\/41\/2023\/11\/sm_1700577698.159424.jpg 275w, https:\/\/static.africa-press.net\/tchad\/sites\/41\/2023\/11\/sm_1700577698.159424-80x60.jpg 80w\" sizes=\"(max-width: 275px) 100vw, 275px\" alt=\"\">\r\n                            <\/a>\r\n                            \r\n                        <\/figure>\r\n                    <\/div>\r\n                            <\/div>\r\n                        <\/div>\r\n\r\n                        <div class = \"td-doubleSlider-2\">\r\n                            <div class = \"td-slider\">\r\n                                \r\n                    <div class = \"td-button td-item1\">\r\n                        <div class = \"td-border\"><\/div>\r\n                    <\/div>\r\n                    <div class = \"td-button td-item2\">\r\n                        <div class = \"td-border\"><\/div>\r\n                    <\/div>\r\n                            <\/div>\r\n                        <\/div>\r\n\r\n                    <\/div>\r\n\r\n                <\/div>\r\n                \n<p><strong>Pour plus d&rsquo;informations et d&rsquo;analyses sur la <a href=\"https:\/\/www.africa-press.net\/tchad\">Tchad<\/a>, suivez <a href=\"https:\/\/www.africa-press.net\/\">Africa-Press<\/a><\/strong><\/p>\n","protected":false},"excerpt":{"rendered":"<p>Africa-Press &#8211; Tchad. Une mission du secre\u0301tariat ge\u0301ne\u0301ral du gouvernement (SGG) est arrive\u0301e depuis samedi 18 novembre 2023 dans la province du Kanem, ceci dans le cadre de vulgarisation du projet de Constitution. Conduite par son chef, Moussa Hamidi Elimy, accompagne\u0301 de deux experts, cette mission a pour objectif d\u2019expliquer le contenu du projet de [&hellip;]<\/p>\n","protected":false},"author":82,"featured_media":54334,"comment_status":"open","ping_status":"closed","sticky":false,"template":"","format":"standard","meta":{"footnotes":""},"categories":[8,2,10],"tags":[37,292,29],"class_list":["post-54335","post","type-post","status-publish","format-standard","has-post-thumbnail","hentry","category-photo","category-politique","category-toutes-les-actualites","tag-africa-press","tag-africa-press-tchad","tag-tchad"],"yoast_head":"<!-- This site is optimized with the Yoast SEO Premium plugin v26.1 (Yoast SEO v27.0) - https:\/\/yoast.com\/product\/yoast-seo-premium-wordpress\/ -->\n<title>une mission du SGG dans la province du Kanem - tchad<\/title>\n<meta name=\"description\" content=\"Une mission du secre\u0301tariat ge\u0301ne\u0301ral du gouvernement (SGG) est arrive\u0301e depuis samedi 18 novembre 2023 dans la province ...\" \/>\n<meta name=\"robots\" content=\"index, follow, max-snippet:-1, max-image-preview:large, max-video-preview:-1\" \/>\n<link rel=\"canonical\" href=\"https:\/\/www.africa-press.net\/tchad\/politique\/une-mission-du-sgg-dans-la-province-du-kanem\" \/>\n<meta property=\"og:locale\" content=\"fr_FR\" \/>\n<meta property=\"og:type\" content=\"article\" \/>\n<meta property=\"og:title\" content=\"une mission du SGG dans la province du Kanem\" \/>\n<meta property=\"og:description\" content=\"Une mission du secre\u0301tariat ge\u0301ne\u0301ral du gouvernement (SGG) est arrive\u0301e depuis samedi 18 novembre 2023 dans la province ...\" \/>\n<meta property=\"og:url\" content=\"https:\/\/www.africa-press.net\/tchad\/politique\/une-mission-du-sgg-dans-la-province-du-kanem\" \/>\n<meta property=\"og:site_name\" content=\"tchad\" \/>\n<meta property=\"article:published_time\" content=\"2023-11-21T17:28:29+00:00\" \/>\n<meta property=\"article:modified_time\" content=\"2023-11-21T18:12:34+00:00\" \/>\n<meta property=\"og:image\" content=\"https:\/\/static.africa-press.net\/tchad\/sites\/41\/2023\/11\/sm_1700577707.684103.jpg\" \/>\n\t<meta property=\"og:image:width\" content=\"1280\" \/>\n\t<meta property=\"og:image:height\" content=\"964\" \/>\n\t<meta property=\"og:image:type\" content=\"image\/jpeg\" \/>\n<meta name=\"author\" content=\"cfeditorfr\" \/>\n<meta name=\"twitter:card\" content=\"summary_large_image\" \/>\n<meta name=\"twitter:label1\" content=\"\u00c9crit par\" \/>\n\t<meta name=\"twitter:data1\" content=\"cfeditorfr\" \/>\n\t<meta name=\"twitter:label2\" content=\"Dur\u00e9e de lecture estim\u00e9e\" \/>\n\t<meta name=\"twitter:data2\" content=\"1 minute\" \/>\n<script type=\"application\/ld+json\" class=\"yoast-schema-graph\">{\"@context\":\"https:\/\/schema.org\",\"@graph\":[{\"@type\":\"Article\",\"@id\":\"https:\/\/www.africa-press.net\/tchad\/politique\/une-mission-du-sgg-dans-la-province-du-kanem#article\",\"isPartOf\":{\"@id\":\"https:\/\/www.africa-press.net\/tchad\/politique\/une-mission-du-sgg-dans-la-province-du-kanem\"},\"author\":{\"name\":\"cfeditorfr\",\"@id\":\"https:\/\/www.africa-press.net\/tchad\/#\/schema\/person\/2b1cf3cd81a31e3cd26889ca66d677f1\"},\"headline\":\"une mission du SGG dans la province du Kanem\",\"datePublished\":\"2023-11-21T17:28:29+00:00\",\"dateModified\":\"2023-11-21T18:12:34+00:00\",\"mainEntityOfPage\":{\"@id\":\"https:\/\/www.africa-press.net\/tchad\/politique\/une-mission-du-sgg-dans-la-province-du-kanem\"},\"wordCount\":148,\"commentCount\":0,\"image\":{\"@id\":\"https:\/\/www.africa-press.net\/tchad\/politique\/une-mission-du-sgg-dans-la-province-du-kanem#primaryimage\"},\"thumbnailUrl\":\"https:\/\/static.africa-press.net\/tchad\/sites\/41\/2023\/11\/sm_1700577707.684103.jpg\",\"keywords\":[\"Africa Press\",\"Africa Press-Tchad\",\"Tchad\"],\"articleSection\":[\"Photo\",\"Politique\",\"Toutes les actualit\u00e9s\"],\"inLanguage\":\"fr-FR\",\"potentialAction\":[{\"@type\":\"CommentAction\",\"name\":\"Comment\",\"target\":[\"https:\/\/www.africa-press.net\/tchad\/politique\/une-mission-du-sgg-dans-la-province-du-kanem#respond\"]}]},{\"@type\":\"WebPage\",\"@id\":\"https:\/\/www.africa-press.net\/tchad\/politique\/une-mission-du-sgg-dans-la-province-du-kanem\",\"url\":\"https:\/\/www.africa-press.net\/tchad\/politique\/une-mission-du-sgg-dans-la-province-du-kanem\",\"name\":\"une mission du SGG dans la province du Kanem - tchad\",\"isPartOf\":{\"@id\":\"https:\/\/www.africa-press.net\/tchad\/#website\"},\"primaryImageOfPage\":{\"@id\":\"https:\/\/www.africa-press.net\/tchad\/politique\/une-mission-du-sgg-dans-la-province-du-kanem#primaryimage\"},\"image\":{\"@id\":\"https:\/\/www.africa-press.net\/tchad\/politique\/une-mission-du-sgg-dans-la-province-du-kanem#primaryimage\"},\"thumbnailUrl\":\"https:\/\/static.africa-press.net\/tchad\/sites\/41\/2023\/11\/sm_1700577707.684103.jpg\",\"datePublished\":\"2023-11-21T17:28:29+00:00\",\"dateModified\":\"2023-11-21T18:12:34+00:00\",\"author\":{\"@id\":\"https:\/\/www.africa-press.net\/tchad\/#\/schema\/person\/2b1cf3cd81a31e3cd26889ca66d677f1\"},\"description\":\"Une mission du secre\u0301tariat ge\u0301ne\u0301ral du gouvernement (SGG) est arrive\u0301e depuis samedi 18 novembre 2023 dans la province ...\",\"breadcrumb\":{\"@id\":\"https:\/\/www.africa-press.net\/tchad\/politique\/une-mission-du-sgg-dans-la-province-du-kanem#breadcrumb\"},\"inLanguage\":\"fr-FR\",\"potentialAction\":[{\"@type\":\"ReadAction\",\"target\":[\"https:\/\/www.africa-press.net\/tchad\/politique\/une-mission-du-sgg-dans-la-province-du-kanem\"]}]},{\"@type\":\"ImageObject\",\"inLanguage\":\"fr-FR\",\"@id\":\"https:\/\/www.africa-press.net\/tchad\/politique\/une-mission-du-sgg-dans-la-province-du-kanem#primaryimage\",\"url\":\"https:\/\/static.africa-press.net\/tchad\/sites\/41\/2023\/11\/sm_1700577707.684103.jpg\",\"contentUrl\":\"https:\/\/static.africa-press.net\/tchad\/sites\/41\/2023\/11\/sm_1700577707.684103.jpg\",\"width\":1280,\"height\":964,\"caption\":\"une mission du SGG dans la province du Kanem\"},{\"@type\":\"BreadcrumbList\",\"@id\":\"https:\/\/www.africa-press.net\/tchad\/politique\/une-mission-du-sgg-dans-la-province-du-kanem#breadcrumb\",\"itemListElement\":[{\"@type\":\"ListItem\",\"position\":1,\"name\":\"Accueil\",\"item\":\"https:\/\/www.africa-press.net\/tchad\/\"},{\"@type\":\"ListItem\",\"position\":2,\"name\":\"une mission du SGG dans la province du Kanem\"}]},{\"@type\":\"WebSite\",\"@id\":\"https:\/\/www.africa-press.net\/tchad\/#website\",\"url\":\"https:\/\/www.africa-press.net\/tchad\/\",\"name\":\"tchad\",\"description\":\"Just another Africa News Agency Sites site\",\"potentialAction\":[{\"@type\":\"SearchAction\",\"target\":{\"@type\":\"EntryPoint\",\"urlTemplate\":\"https:\/\/www.africa-press.net\/tchad\/?s={search_term_string}\"},\"query-input\":{\"@type\":\"PropertyValueSpecification\",\"valueRequired\":true,\"valueName\":\"search_term_string\"}}],\"inLanguage\":\"fr-FR\"},{\"@type\":\"Person\",\"@id\":\"https:\/\/www.africa-press.net\/tchad\/#\/schema\/person\/2b1cf3cd81a31e3cd26889ca66d677f1\",\"name\":\"cfeditorfr\"}]}<\/script>\n<!-- \/ Yoast SEO Premium plugin. -->","yoast_head_json":{"title":"une mission du SGG dans la province du Kanem - tchad","description":"Une mission du secre\u0301tariat ge\u0301ne\u0301ral du gouvernement (SGG) est arrive\u0301e depuis samedi 18 novembre 2023 dans la province ...","robots":{"index":"index","follow":"follow","max-snippet":"max-snippet:-1","max-image-preview":"max-image-preview:large","max-video-preview":"max-video-preview:-1"},"canonical":"https:\/\/www.africa-press.net\/tchad\/politique\/une-mission-du-sgg-dans-la-province-du-kanem","og_locale":"fr_FR","og_type":"article","og_title":"une mission du SGG dans la province du Kanem","og_description":"Une mission du secre\u0301tariat ge\u0301ne\u0301ral du gouvernement (SGG) est arrive\u0301e depuis samedi 18 novembre 2023 dans la province ...","og_url":"https:\/\/www.africa-press.net\/tchad\/politique\/une-mission-du-sgg-dans-la-province-du-kanem","og_site_name":"tchad","article_published_time":"2023-11-21T17:28:29+00:00","article_modified_time":"2023-11-21T18:12:34+00:00","og_image":[{"width":1280,"height":964,"url":"https:\/\/static.africa-press.net\/tchad\/sites\/41\/2023\/11\/sm_1700577707.684103.jpg","type":"image\/jpeg"}],"author":"cfeditorfr","twitter_card":"summary_large_image","twitter_misc":{"\u00c9crit par":"cfeditorfr","Dur\u00e9e de lecture estim\u00e9e":"1 minute"},"schema":{"@context":"https:\/\/schema.org","@graph":[{"@type":"Article","@id":"https:\/\/www.africa-press.net\/tchad\/politique\/une-mission-du-sgg-dans-la-province-du-kanem#article","isPartOf":{"@id":"https:\/\/www.africa-press.net\/tchad\/politique\/une-mission-du-sgg-dans-la-province-du-kanem"},"author":{"name":"cfeditorfr","@id":"https:\/\/www.africa-press.net\/tchad\/#\/schema\/person\/2b1cf3cd81a31e3cd26889ca66d677f1"},"headline":"une mission du SGG dans la province du Kanem","datePublished":"2023-11-21T17:28:29+00:00","dateModified":"2023-11-21T18:12:34+00:00","mainEntityOfPage":{"@id":"https:\/\/www.africa-press.net\/tchad\/politique\/une-mission-du-sgg-dans-la-province-du-kanem"},"wordCount":148,"commentCount":0,"image":{"@id":"https:\/\/www.africa-press.net\/tchad\/politique\/une-mission-du-sgg-dans-la-province-du-kanem#primaryimage"},"thumbnailUrl":"https:\/\/static.africa-press.net\/tchad\/sites\/41\/2023\/11\/sm_1700577707.684103.jpg","keywords":["Africa Press","Africa Press-Tchad","Tchad"],"articleSection":["Photo","Politique","Toutes les actualit\u00e9s"],"inLanguage":"fr-FR","potentialAction":[{"@type":"CommentAction","name":"Comment","target":["https:\/\/www.africa-press.net\/tchad\/politique\/une-mission-du-sgg-dans-la-province-du-kanem#respond"]}]},{"@type":"WebPage","@id":"https:\/\/www.africa-press.net\/tchad\/politique\/une-mission-du-sgg-dans-la-province-du-kanem","url":"https:\/\/www.africa-press.net\/tchad\/politique\/une-mission-du-sgg-dans-la-province-du-kanem","name":"une mission du SGG dans la province du Kanem - tchad","isPartOf":{"@id":"https:\/\/www.africa-press.net\/tchad\/#website"},"primaryImageOfPage":{"@id":"https:\/\/www.africa-press.net\/tchad\/politique\/une-mission-du-sgg-dans-la-province-du-kanem#primaryimage"},"image":{"@id":"https:\/\/www.africa-press.net\/tchad\/politique\/une-mission-du-sgg-dans-la-province-du-kanem#primaryimage"},"thumbnailUrl":"https:\/\/static.africa-press.net\/tchad\/sites\/41\/2023\/11\/sm_1700577707.684103.jpg","datePublished":"2023-11-21T17:28:29+00:00","dateModified":"2023-11-21T18:12:34+00:00","author":{"@id":"https:\/\/www.africa-press.net\/tchad\/#\/schema\/person\/2b1cf3cd81a31e3cd26889ca66d677f1"},"description":"Une mission du secre\u0301tariat ge\u0301ne\u0301ral du gouvernement (SGG) est arrive\u0301e depuis samedi 18 novembre 2023 dans la province ...","breadcrumb":{"@id":"https:\/\/www.africa-press.net\/tchad\/politique\/une-mission-du-sgg-dans-la-province-du-kanem#breadcrumb"},"inLanguage":"fr-FR","potentialAction":[{"@type":"ReadAction","target":["https:\/\/www.africa-press.net\/tchad\/politique\/une-mission-du-sgg-dans-la-province-du-kanem"]}]},{"@type":"ImageObject","inLanguage":"fr-FR","@id":"https:\/\/www.africa-press.net\/tchad\/politique\/une-mission-du-sgg-dans-la-province-du-kanem#primaryimage","url":"https:\/\/static.africa-press.net\/tchad\/sites\/41\/2023\/11\/sm_1700577707.684103.jpg","contentUrl":"https:\/\/static.africa-press.net\/tchad\/sites\/41\/2023\/11\/sm_1700577707.684103.jpg","width":1280,"height":964,"caption":"une mission du SGG dans la province du Kanem"},{"@type":"BreadcrumbList","@id":"https:\/\/www.africa-press.net\/tchad\/politique\/une-mission-du-sgg-dans-la-province-du-kanem#breadcrumb","itemListElement":[{"@type":"ListItem","position":1,"name":"Accueil","item":"https:\/\/www.africa-press.net\/tchad\/"},{"@type":"ListItem","position":2,"name":"une mission du SGG dans la province du Kanem"}]},{"@type":"WebSite","@id":"https:\/\/www.africa-press.net\/tchad\/#website","url":"https:\/\/www.africa-press.net\/tchad\/","name":"tchad","description":"Just another Africa News Agency Sites site","potentialAction":[{"@type":"SearchAction","target":{"@type":"EntryPoint","urlTemplate":"https:\/\/www.africa-press.net\/tchad\/?s={search_term_string}"},"query-input":{"@type":"PropertyValueSpecification","valueRequired":true,"valueName":"search_term_string"}}],"inLanguage":"fr-FR"},{"@type":"Person","@id":"https:\/\/www.africa-press.net\/tchad\/#\/schema\/person\/2b1cf3cd81a31e3cd26889ca66d677f1","name":"cfeditorfr"}]}},"_links":{"self":[{"href":"https:\/\/www.africa-press.net\/tchad\/wp-json\/wp\/v2\/posts\/54335","targetHints":{"allow":["GET"]}}],"collection":[{"href":"https:\/\/www.africa-press.net\/tchad\/wp-json\/wp\/v2\/posts"}],"about":[{"href":"https:\/\/www.africa-press.net\/tchad\/wp-json\/wp\/v2\/types\/post"}],"author":[{"embeddable":true,"href":"https:\/\/www.africa-press.net\/tchad\/wp-json\/wp\/v2\/users\/82"}],"replies":[{"embeddable":true,"href":"https:\/\/www.africa-press.net\/tchad\/wp-json\/wp\/v2\/comments?post=54335"}],"version-history":[{"count":0,"href":"https:\/\/www.africa-press.net\/tchad\/wp-json\/wp\/v2\/posts\/54335\/revisions"}],"wp:featuredmedia":[{"embeddable":true,"href":"https:\/\/www.africa-press.net\/tchad\/wp-json\/wp\/v2\/media\/54334"}],"wp:attachment":[{"href":"https:\/\/www.africa-press.net\/tchad\/wp-json\/wp\/v2\/media?parent=54335"}],"wp:term":[{"taxonomy":"category","embeddable":true,"href":"https:\/\/www.africa-press.net\/tchad\/wp-json\/wp\/v2\/categories?post=54335"},{"taxonomy":"post_tag","embeddable":true,"href":"https:\/\/www.africa-press.net\/tchad\/wp-json\/wp\/v2\/tags?post=54335"}],"curies":[{"name":"wp","href":"https:\/\/api.w.org\/{rel}","templated":true}]}}