{"id":54340,"date":"2023-11-21T17:32:36","date_gmt":"2023-11-21T17:32:36","guid":{"rendered":"https:\/\/www.africa-press.net\/tchad\/politique\/signature-dune-coalition-oui-en-faveur-du-referendum-constitutionnel"},"modified":"2023-11-21T18:23:23","modified_gmt":"2023-11-21T18:23:23","slug":"signature-dune-coalition-oui-en-faveur-du-referendum-constitutionnel","status":"publish","type":"post","link":"https:\/\/www.africa-press.net\/tchad\/politique\/signature-dune-coalition-oui-en-faveur-du-referendum-constitutionnel","title":{"rendered":"signature d\u2019une coalition \u00ab Oui \u00bb en faveur du r\u00e9f\u00e9rendum constitutionnel"},"content":{"rendered":"<p><span style=\"color: #ff6600\"><strong>Africa-Press &#8211; Tchad. <\/strong><\/span>La campagne de re\u0301fe\u0301rendum constitutionnel qui se pointe a\u0300 l&rsquo;horizon a fait l&rsquo;objet d&rsquo;une communication et d&rsquo;une signature de coalition.<\/p>\n<p>En effet, le Premier ministre de l&rsquo;Union nationale, Saleh Kebzabo a proce\u0301de\u0301 ce lundi 20 novembre 2023 a\u0300 une signature de coalition \u00ab Oui \u00bb, en vue du re\u0301fe\u0301rendum constitutionnel, avec les partis politiques et des ex-politico-militaires dans les locaux du ministre des Affaires e\u0301trangers.<\/p>\n<p>Dans sa communication, le Premier ministre d&rsquo;Union nationale, Saleh Kebzabo, a salue\u0301 l&rsquo;adhe\u0301sion et la participation des responsables au Cadre National de Concertation des Partis Politiques (CNCP). Saleh Kebzabo a aussi appre\u0301cie\u0301 le travail de mobilisation et de sensibilisation effectue\u0301 dans le cadre de la re\u0301vision du fichier e\u0301lectoral qui selon lui, est une re\u0301ussite.<\/p>\n<p>Il a fe\u0301licite\u0301 les membres de la Commission Nationale pour l&rsquo;Organisation du Re\u0301fe\u0301rendum constitutionnel (CONOREC) et tous les de\u0301membrements provinciaux qui ont effectue\u0301 un travail de qualite\u0301 et pre\u0301sente\u0301 des re\u0301sultats satisfaisants et inconteste\u0301s, pour un retour a\u0300 l&rsquo;ordre constitutionnel dont le re\u0301fe\u0301rendum en est le socle.<\/p>\n<p>Pour le Premier ministre d&rsquo;Union nationale, le moment de bataille est arrive\u0301. Il n&rsquo;a pas manque\u0301 de rappeler que, d&rsquo;ici quelques jours, les citoyens iront a\u0300 la que\u0302te de l&rsquo;adhe\u0301sion de son e\u0301lectorat en faveur de la nouvelle Constitution, me\u0302me si l&rsquo;adversaire n&rsquo;est pas ne\u0301gligeable.<\/p>\n<p>Saleh Kebzabo a de\u0301clare\u0301 en outre que la campagne re\u0301fe\u0301rendaire de\u0301marre dans quelques jours et s&rsquo;e\u0301talera sur vingt jours. Pour lui, le gouvernement d&rsquo;Union nationale, de\u0300s sa prise de fonction, a souhaite\u0301 un processus de transition pacifique et apaise\u0301e, tout en ajoutant le cas pre\u0301cis du re\u0301fe\u0301rendum constitutionnel, qu&rsquo;il se trouve, consensuel et exemplaire.<\/p>\n<p>Cela est, par principe, de la responsabilite\u0301 politique pour de\u0301finir des me\u0301thodes de campagne en tenant compte des re\u0301alite\u0301s sociales et culturelles des concitoyens, a-t-il conclu.<\/p>\n<p><strong>Pour plus d&rsquo;informations et d&rsquo;analyses sur la <a href=\"https:\/\/www.africa-press.net\/tchad\">Tchad<\/a>, suivez <a href=\"https:\/\/www.africa-press.net\/\">Africa-Press<\/a><\/strong><\/p>\n","protected":false},"excerpt":{"rendered":"<p>Africa-Press &#8211; Tchad. La campagne de re\u0301fe\u0301rendum constitutionnel qui se pointe a\u0300 l&rsquo;horizon a fait l&rsquo;objet d&rsquo;une communication et d&rsquo;une signature de coalition. En effet, le Premier ministre de l&rsquo;Union nationale, Saleh Kebzabo a proce\u0301de\u0301 ce lundi 20 novembre 2023 a\u0300 une signature de coalition \u00ab Oui \u00bb, en vue du re\u0301fe\u0301rendum constitutionnel, avec les [&hellip;]<\/p>\n","protected":false},"author":82,"featured_media":54339,"comment_status":"open","ping_status":"closed","sticky":false,"template":"","format":"standard","meta":{"footnotes":""},"categories":[2,10],"tags":[37,292,29],"class_list":["post-54340","post","type-post","status-publish","format-standard","has-post-thumbnail","hentry","category-politique","category-toutes-les-actualites","tag-africa-press","tag-africa-press-tchad","tag-tchad"],"yoast_head":"<!-- This site is optimized with the Yoast SEO Premium plugin v26.1 (Yoast SEO v27.0) - https:\/\/yoast.com\/product\/yoast-seo-premium-wordpress\/ -->\n<title>signature d\u2019une coalition \u00ab Oui \u00bb en faveur du r\u00e9f\u00e9rendum constitutionnel - tchad<\/title>\n<meta name=\"description\" content=\"La campagne de re\u0301fe\u0301rendum constitutionnel qui se pointe a\u0300 l&#039;horizon a fait l&#039;objet d&#039;une communication et d&#039;une signa ...\" \/>\n<meta name=\"robots\" content=\"index, follow, max-snippet:-1, max-image-preview:large, max-video-preview:-1\" \/>\n<link rel=\"canonical\" href=\"https:\/\/www.africa-press.net\/tchad\/politique\/signature-dune-coalition-oui-en-faveur-du-referendum-constitutionnel\" \/>\n<meta property=\"og:locale\" content=\"fr_FR\" \/>\n<meta property=\"og:type\" content=\"article\" \/>\n<meta property=\"og:title\" content=\"signature d\u2019une coalition \u00ab Oui \u00bb en faveur du r\u00e9f\u00e9rendum constitutionnel\" \/>\n<meta property=\"og:description\" content=\"La campagne de re\u0301fe\u0301rendum constitutionnel qui se pointe a\u0300 l&#039;horizon a fait l&#039;objet d&#039;une communication et d&#039;une signa ...\" \/>\n<meta property=\"og:url\" content=\"https:\/\/www.africa-press.net\/tchad\/politique\/signature-dune-coalition-oui-en-faveur-du-referendum-constitutionnel\" \/>\n<meta property=\"og:site_name\" content=\"tchad\" \/>\n<meta property=\"article:published_time\" content=\"2023-11-21T17:32:36+00:00\" \/>\n<meta property=\"article:modified_time\" content=\"2023-11-21T18:23:23+00:00\" \/>\n<meta property=\"og:image\" content=\"https:\/\/static.africa-press.net\/tchad\/sites\/41\/2023\/11\/sm_1700578342.952515.jpg\" \/>\n\t<meta property=\"og:image:width\" content=\"720\" \/>\n\t<meta property=\"og:image:height\" content=\"539\" \/>\n\t<meta property=\"og:image:type\" content=\"image\/jpeg\" \/>\n<meta name=\"author\" content=\"cfeditorfr\" \/>\n<meta name=\"twitter:card\" content=\"summary_large_image\" \/>\n<meta name=\"twitter:label1\" content=\"\u00c9crit par\" \/>\n\t<meta name=\"twitter:data1\" content=\"cfeditorfr\" \/>\n\t<meta name=\"twitter:label2\" content=\"Dur\u00e9e de lecture estim\u00e9e\" \/>\n\t<meta name=\"twitter:data2\" content=\"2 minutes\" \/>\n<script type=\"application\/ld+json\" class=\"yoast-schema-graph\">{\"@context\":\"https:\/\/schema.org\",\"@graph\":[{\"@type\":\"Article\",\"@id\":\"https:\/\/www.africa-press.net\/tchad\/politique\/signature-dune-coalition-oui-en-faveur-du-referendum-constitutionnel#article\",\"isPartOf\":{\"@id\":\"https:\/\/www.africa-press.net\/tchad\/politique\/signature-dune-coalition-oui-en-faveur-du-referendum-constitutionnel\"},\"author\":{\"name\":\"cfeditorfr\",\"@id\":\"https:\/\/www.africa-press.net\/tchad\/#\/schema\/person\/2b1cf3cd81a31e3cd26889ca66d677f1\"},\"headline\":\"signature d\u2019une coalition \u00ab Oui \u00bb en faveur du r\u00e9f\u00e9rendum constitutionnel\",\"datePublished\":\"2023-11-21T17:32:36+00:00\",\"dateModified\":\"2023-11-21T18:23:23+00:00\",\"mainEntityOfPage\":{\"@id\":\"https:\/\/www.africa-press.net\/tchad\/politique\/signature-dune-coalition-oui-en-faveur-du-referendum-constitutionnel\"},\"wordCount\":372,\"commentCount\":0,\"image\":{\"@id\":\"https:\/\/www.africa-press.net\/tchad\/politique\/signature-dune-coalition-oui-en-faveur-du-referendum-constitutionnel#primaryimage\"},\"thumbnailUrl\":\"https:\/\/static.africa-press.net\/tchad\/sites\/41\/2023\/11\/sm_1700578342.952515.jpg\",\"keywords\":[\"Africa Press\",\"Africa Press-Tchad\",\"Tchad\"],\"articleSection\":[\"Politique\",\"Toutes les actualit\u00e9s\"],\"inLanguage\":\"fr-FR\",\"potentialAction\":[{\"@type\":\"CommentAction\",\"name\":\"Comment\",\"target\":[\"https:\/\/www.africa-press.net\/tchad\/politique\/signature-dune-coalition-oui-en-faveur-du-referendum-constitutionnel#respond\"]}]},{\"@type\":\"WebPage\",\"@id\":\"https:\/\/www.africa-press.net\/tchad\/politique\/signature-dune-coalition-oui-en-faveur-du-referendum-constitutionnel\",\"url\":\"https:\/\/www.africa-press.net\/tchad\/politique\/signature-dune-coalition-oui-en-faveur-du-referendum-constitutionnel\",\"name\":\"signature d\u2019une coalition \u00ab Oui \u00bb en faveur du r\u00e9f\u00e9rendum constitutionnel - tchad\",\"isPartOf\":{\"@id\":\"https:\/\/www.africa-press.net\/tchad\/#website\"},\"primaryImageOfPage\":{\"@id\":\"https:\/\/www.africa-press.net\/tchad\/politique\/signature-dune-coalition-oui-en-faveur-du-referendum-constitutionnel#primaryimage\"},\"image\":{\"@id\":\"https:\/\/www.africa-press.net\/tchad\/politique\/signature-dune-coalition-oui-en-faveur-du-referendum-constitutionnel#primaryimage\"},\"thumbnailUrl\":\"https:\/\/static.africa-press.net\/tchad\/sites\/41\/2023\/11\/sm_1700578342.952515.jpg\",\"datePublished\":\"2023-11-21T17:32:36+00:00\",\"dateModified\":\"2023-11-21T18:23:23+00:00\",\"author\":{\"@id\":\"https:\/\/www.africa-press.net\/tchad\/#\/schema\/person\/2b1cf3cd81a31e3cd26889ca66d677f1\"},\"description\":\"La campagne de re\u0301fe\u0301rendum constitutionnel qui se pointe a\u0300 l'horizon a fait l'objet d'une communication et d'une signa ...\",\"breadcrumb\":{\"@id\":\"https:\/\/www.africa-press.net\/tchad\/politique\/signature-dune-coalition-oui-en-faveur-du-referendum-constitutionnel#breadcrumb\"},\"inLanguage\":\"fr-FR\",\"potentialAction\":[{\"@type\":\"ReadAction\",\"target\":[\"https:\/\/www.africa-press.net\/tchad\/politique\/signature-dune-coalition-oui-en-faveur-du-referendum-constitutionnel\"]}]},{\"@type\":\"ImageObject\",\"inLanguage\":\"fr-FR\",\"@id\":\"https:\/\/www.africa-press.net\/tchad\/politique\/signature-dune-coalition-oui-en-faveur-du-referendum-constitutionnel#primaryimage\",\"url\":\"https:\/\/static.africa-press.net\/tchad\/sites\/41\/2023\/11\/sm_1700578342.952515.jpg\",\"contentUrl\":\"https:\/\/static.africa-press.net\/tchad\/sites\/41\/2023\/11\/sm_1700578342.952515.jpg\",\"width\":720,\"height\":539,\"caption\":\"signature d\u2019une coalition \u00ab Oui \u00bb en faveur du r\u00e9f\u00e9rendum constitutionnel\"},{\"@type\":\"BreadcrumbList\",\"@id\":\"https:\/\/www.africa-press.net\/tchad\/politique\/signature-dune-coalition-oui-en-faveur-du-referendum-constitutionnel#breadcrumb\",\"itemListElement\":[{\"@type\":\"ListItem\",\"position\":1,\"name\":\"Accueil\",\"item\":\"https:\/\/www.africa-press.net\/tchad\/\"},{\"@type\":\"ListItem\",\"position\":2,\"name\":\"signature d\u2019une coalition \u00ab Oui \u00bb en faveur du r\u00e9f\u00e9rendum constitutionnel\"}]},{\"@type\":\"WebSite\",\"@id\":\"https:\/\/www.africa-press.net\/tchad\/#website\",\"url\":\"https:\/\/www.africa-press.net\/tchad\/\",\"name\":\"tchad\",\"description\":\"Just another Africa News Agency Sites site\",\"potentialAction\":[{\"@type\":\"SearchAction\",\"target\":{\"@type\":\"EntryPoint\",\"urlTemplate\":\"https:\/\/www.africa-press.net\/tchad\/?s={search_term_string}\"},\"query-input\":{\"@type\":\"PropertyValueSpecification\",\"valueRequired\":true,\"valueName\":\"search_term_string\"}}],\"inLanguage\":\"fr-FR\"},{\"@type\":\"Person\",\"@id\":\"https:\/\/www.africa-press.net\/tchad\/#\/schema\/person\/2b1cf3cd81a31e3cd26889ca66d677f1\",\"name\":\"cfeditorfr\"}]}<\/script>\n<!-- \/ Yoast SEO Premium plugin. -->","yoast_head_json":{"title":"signature d\u2019une coalition \u00ab Oui \u00bb en faveur du r\u00e9f\u00e9rendum constitutionnel - tchad","description":"La campagne de re\u0301fe\u0301rendum constitutionnel qui se pointe a\u0300 l'horizon a fait l'objet d'une communication et d'une signa ...","robots":{"index":"index","follow":"follow","max-snippet":"max-snippet:-1","max-image-preview":"max-image-preview:large","max-video-preview":"max-video-preview:-1"},"canonical":"https:\/\/www.africa-press.net\/tchad\/politique\/signature-dune-coalition-oui-en-faveur-du-referendum-constitutionnel","og_locale":"fr_FR","og_type":"article","og_title":"signature d\u2019une coalition \u00ab Oui \u00bb en faveur du r\u00e9f\u00e9rendum constitutionnel","og_description":"La campagne de re\u0301fe\u0301rendum constitutionnel qui se pointe a\u0300 l'horizon a fait l'objet d'une communication et d'une signa ...","og_url":"https:\/\/www.africa-press.net\/tchad\/politique\/signature-dune-coalition-oui-en-faveur-du-referendum-constitutionnel","og_site_name":"tchad","article_published_time":"2023-11-21T17:32:36+00:00","article_modified_time":"2023-11-21T18:23:23+00:00","og_image":[{"width":720,"height":539,"url":"https:\/\/static.africa-press.net\/tchad\/sites\/41\/2023\/11\/sm_1700578342.952515.jpg","type":"image\/jpeg"}],"author":"cfeditorfr","twitter_card":"summary_large_image","twitter_misc":{"\u00c9crit par":"cfeditorfr","Dur\u00e9e de lecture estim\u00e9e":"2 minutes"},"schema":{"@context":"https:\/\/schema.org","@graph":[{"@type":"Article","@id":"https:\/\/www.africa-press.net\/tchad\/politique\/signature-dune-coalition-oui-en-faveur-du-referendum-constitutionnel#article","isPartOf":{"@id":"https:\/\/www.africa-press.net\/tchad\/politique\/signature-dune-coalition-oui-en-faveur-du-referendum-constitutionnel"},"author":{"name":"cfeditorfr","@id":"https:\/\/www.africa-press.net\/tchad\/#\/schema\/person\/2b1cf3cd81a31e3cd26889ca66d677f1"},"headline":"signature d\u2019une coalition \u00ab Oui \u00bb en faveur du r\u00e9f\u00e9rendum constitutionnel","datePublished":"2023-11-21T17:32:36+00:00","dateModified":"2023-11-21T18:23:23+00:00","mainEntityOfPage":{"@id":"https:\/\/www.africa-press.net\/tchad\/politique\/signature-dune-coalition-oui-en-faveur-du-referendum-constitutionnel"},"wordCount":372,"commentCount":0,"image":{"@id":"https:\/\/www.africa-press.net\/tchad\/politique\/signature-dune-coalition-oui-en-faveur-du-referendum-constitutionnel#primaryimage"},"thumbnailUrl":"https:\/\/static.africa-press.net\/tchad\/sites\/41\/2023\/11\/sm_1700578342.952515.jpg","keywords":["Africa Press","Africa Press-Tchad","Tchad"],"articleSection":["Politique","Toutes les actualit\u00e9s"],"inLanguage":"fr-FR","potentialAction":[{"@type":"CommentAction","name":"Comment","target":["https:\/\/www.africa-press.net\/tchad\/politique\/signature-dune-coalition-oui-en-faveur-du-referendum-constitutionnel#respond"]}]},{"@type":"WebPage","@id":"https:\/\/www.africa-press.net\/tchad\/politique\/signature-dune-coalition-oui-en-faveur-du-referendum-constitutionnel","url":"https:\/\/www.africa-press.net\/tchad\/politique\/signature-dune-coalition-oui-en-faveur-du-referendum-constitutionnel","name":"signature d\u2019une coalition \u00ab Oui \u00bb en faveur du r\u00e9f\u00e9rendum constitutionnel - tchad","isPartOf":{"@id":"https:\/\/www.africa-press.net\/tchad\/#website"},"primaryImageOfPage":{"@id":"https:\/\/www.africa-press.net\/tchad\/politique\/signature-dune-coalition-oui-en-faveur-du-referendum-constitutionnel#primaryimage"},"image":{"@id":"https:\/\/www.africa-press.net\/tchad\/politique\/signature-dune-coalition-oui-en-faveur-du-referendum-constitutionnel#primaryimage"},"thumbnailUrl":"https:\/\/static.africa-press.net\/tchad\/sites\/41\/2023\/11\/sm_1700578342.952515.jpg","datePublished":"2023-11-21T17:32:36+00:00","dateModified":"2023-11-21T18:23:23+00:00","author":{"@id":"https:\/\/www.africa-press.net\/tchad\/#\/schema\/person\/2b1cf3cd81a31e3cd26889ca66d677f1"},"description":"La campagne de re\u0301fe\u0301rendum constitutionnel qui se pointe a\u0300 l'horizon a fait l'objet d'une communication et d'une signa ...","breadcrumb":{"@id":"https:\/\/www.africa-press.net\/tchad\/politique\/signature-dune-coalition-oui-en-faveur-du-referendum-constitutionnel#breadcrumb"},"inLanguage":"fr-FR","potentialAction":[{"@type":"ReadAction","target":["https:\/\/www.africa-press.net\/tchad\/politique\/signature-dune-coalition-oui-en-faveur-du-referendum-constitutionnel"]}]},{"@type":"ImageObject","inLanguage":"fr-FR","@id":"https:\/\/www.africa-press.net\/tchad\/politique\/signature-dune-coalition-oui-en-faveur-du-referendum-constitutionnel#primaryimage","url":"https:\/\/static.africa-press.net\/tchad\/sites\/41\/2023\/11\/sm_1700578342.952515.jpg","contentUrl":"https:\/\/static.africa-press.net\/tchad\/sites\/41\/2023\/11\/sm_1700578342.952515.jpg","width":720,"height":539,"caption":"signature d\u2019une coalition \u00ab Oui \u00bb en faveur du r\u00e9f\u00e9rendum constitutionnel"},{"@type":"BreadcrumbList","@id":"https:\/\/www.africa-press.net\/tchad\/politique\/signature-dune-coalition-oui-en-faveur-du-referendum-constitutionnel#breadcrumb","itemListElement":[{"@type":"ListItem","position":1,"name":"Accueil","item":"https:\/\/www.africa-press.net\/tchad\/"},{"@type":"ListItem","position":2,"name":"signature d\u2019une coalition \u00ab Oui \u00bb en faveur du r\u00e9f\u00e9rendum constitutionnel"}]},{"@type":"WebSite","@id":"https:\/\/www.africa-press.net\/tchad\/#website","url":"https:\/\/www.africa-press.net\/tchad\/","name":"tchad","description":"Just another Africa News Agency Sites site","potentialAction":[{"@type":"SearchAction","target":{"@type":"EntryPoint","urlTemplate":"https:\/\/www.africa-press.net\/tchad\/?s={search_term_string}"},"query-input":{"@type":"PropertyValueSpecification","valueRequired":true,"valueName":"search_term_string"}}],"inLanguage":"fr-FR"},{"@type":"Person","@id":"https:\/\/www.africa-press.net\/tchad\/#\/schema\/person\/2b1cf3cd81a31e3cd26889ca66d677f1","name":"cfeditorfr"}]}},"_links":{"self":[{"href":"https:\/\/www.africa-press.net\/tchad\/wp-json\/wp\/v2\/posts\/54340","targetHints":{"allow":["GET"]}}],"collection":[{"href":"https:\/\/www.africa-press.net\/tchad\/wp-json\/wp\/v2\/posts"}],"about":[{"href":"https:\/\/www.africa-press.net\/tchad\/wp-json\/wp\/v2\/types\/post"}],"author":[{"embeddable":true,"href":"https:\/\/www.africa-press.net\/tchad\/wp-json\/wp\/v2\/users\/82"}],"replies":[{"embeddable":true,"href":"https:\/\/www.africa-press.net\/tchad\/wp-json\/wp\/v2\/comments?post=54340"}],"version-history":[{"count":0,"href":"https:\/\/www.africa-press.net\/tchad\/wp-json\/wp\/v2\/posts\/54340\/revisions"}],"wp:featuredmedia":[{"embeddable":true,"href":"https:\/\/www.africa-press.net\/tchad\/wp-json\/wp\/v2\/media\/54339"}],"wp:attachment":[{"href":"https:\/\/www.africa-press.net\/tchad\/wp-json\/wp\/v2\/media?parent=54340"}],"wp:term":[{"taxonomy":"category","embeddable":true,"href":"https:\/\/www.africa-press.net\/tchad\/wp-json\/wp\/v2\/categories?post=54340"},{"taxonomy":"post_tag","embeddable":true,"href":"https:\/\/www.africa-press.net\/tchad\/wp-json\/wp\/v2\/tags?post=54340"}],"curies":[{"name":"wp","href":"https:\/\/api.w.org\/{rel}","templated":true}]}}