{"id":54344,"date":"2023-11-21T18:40:13","date_gmt":"2023-11-21T18:40:13","guid":{"rendered":"https:\/\/www.africa-press.net\/tchad\/politique\/au-tchad-dans-les-coulisses-de-la-future-loi-damnistie-de-mahamat-idriss-deby-itno"},"modified":"2023-11-21T18:54:26","modified_gmt":"2023-11-21T18:54:26","slug":"au-tchad-dans-les-coulisses-de-la-future-loi-damnistie-de-mahamat-idriss-deby-itno","status":"publish","type":"post","link":"https:\/\/www.africa-press.net\/tchad\/politique\/au-tchad-dans-les-coulisses-de-la-future-loi-damnistie-de-mahamat-idriss-deby-itno","title":{"rendered":"Au Tchad, dans les coulisses de la future loi d\u2019amnistie\u00a0de Mahamat Idriss D\u00e9by Itno"},"content":{"rendered":"<p><b>Mathieu Olivier<\/b><\/p>\n<p><span style=\"color: #ff6600\"><strong>Africa-Press &#8211; Tchad. <\/strong><\/span>Le pre\u0301sident de la transition continue d\u2019\u0153uvrer en faveur d\u2019une amnistie pour les interpelle\u0301s et condamne\u0301s des manifestations meurtrie\u0300res du 20 octobre 2022. Le projet de loi a e\u0301te\u0301 pre\u0301sente\u0301 au gouvernement et devrait e\u0302tre adopte\u0301 par le Parlement tre\u0300s prochainement.<\/p>\n<p>Depuis la signature des accords de Kinshasa, le 31 octobre, et le retour de l\u2019opposant Succe\u0300s Masra au Tchad le 3 novembre, les choses s\u2019acce\u0301le\u0300rent a\u0300 N\u2019Djamena. Ce 8 novembre, le conseil des ministres pre\u0301side\u0301 par Mahamat Idriss De\u0301by Itno a ainsi examine\u0301 un projet de loi \u00ab portant amnistie ge\u0301ne\u0301rale pour les faits commis pendant les e\u0301ve\u0301nements du 20 octobre 2022 \u00bb. Ce texte, que Jeune Afrique a pu consulter, ne contient que trois articles, de\u0301taillant les contours de l\u2019amnistie.<\/p>\n<p><b>Consigne de dernie\u0300re minute<\/b><\/p>\n<p>\u00ab Sont e\u0301ligibles [&#8230;] tous les Tchadiens re\u0301sidant au Tchad ou a\u0300 l\u2019e\u0301tranger (civils ou militaires) ayant e\u0301te\u0301 implique\u0301s, poursuivis ou condamne\u0301s pour les infractions commises pendant la pe\u0301riode vise\u0301e \u00bb, indique ainsi le projet de loi. Celui-ci a e\u0301te\u0301 accompagne\u0301, lors du conseil des ministres, par un expose\u0301 des motifs signe\u0301 de la secre\u0301taire d\u2019E\u0301tat a\u0300 la Justice et aux Droits humains, Louise Bourkou Ngaradoumri. \u00ab Le gouvernement de transition [&#8230;] a engage\u0301 des ne\u0301gociations avec les leaders [du] mouvement insurrectionnel pour leur participation a\u0300 une gestion apaise\u0301e de la transition \u00bb, a-t-elle explique\u0301.<\/p>\n<p>\u00ab C\u2019est dans cette logique que le premier geste d\u2019apaisement en faveur des condamne\u0301s ou non [est qu\u2019ils] be\u0301ne\u0301ficient d\u2019une amnistie ge\u0301ne\u0301rale \u00bb, ajoute-t-elle encore. Porte\u0301 par le chef de l\u2019E\u0301tat \u2013 qui n\u2019a pas he\u0301site\u0301 a\u0300 l\u2019imposer a\u0300 certains partenaires politiques plus re\u0301ticents \u2013, le projet de loi a e\u0301te\u0301 adopte\u0301 et transmis pour adoption au Conseil national de transition (CNT). Le CNT, qui fait office d\u2019Assemble\u0301e nationale, s\u2019est ainsi re\u0301uni le 16 novembre dernier. L\u2019entite\u0301, qui rassemble les diffe\u0301rents partis participant a\u0300 la transition, devait valider le texte de loi pre\u0301sente\u0301 une semaine plus to\u0302t en conseil des ministres. Mais, selon nos informations, consigne a e\u0301te\u0301 donne\u0301e a\u0300 la dernie\u0300re minute a\u0300 son pre\u0301sident, Haroun Kabadi, de gagner du temps.<\/p>\n<p><b>L\u2019engagement de Succe\u0300s Masra<\/b><\/p>\n<p>La discussion du projet de loi en se\u0301ance ple\u0301nie\u0300re a ainsi e\u0301te\u0301 reporte\u0301e, sur suggestion de la pre\u0301sidence. Mahamat Idriss De\u0301by Itno a souhaite\u0301 pouvoir observer le meeting de Succe\u0300s Masra, pre\u0301vu le 19 novembre, afin de s\u2019assurer que l\u2019opposant continuait de se conformer aux accords signe\u0301s a\u0300 Kinshasa le 31 octobre. Devant des milliers de partisans, le patron des Transformateurs a appele\u0301 a\u0300 la \u00ab re\u0301conciliation \u00bb, affirmant que celle-ci n\u2019e\u0301tait pas synonyme de \u00ab capitulation \u00bb. Il a rencontre\u0301, de\u0300s le lendemain, Mahamat Idriss De\u0301by Itno au palais pre\u0301sidentiel, scellant une nouvelle fois devant te\u0301moins le rapprochement avec le chef de l\u2019E\u0301tat.<\/p>\n<p>Toujours selon nos informations, Succe\u0300s Masra s\u2019est aussi engage\u0301 a\u0300 ne pas s\u2019opposer au \u00ab oui \u00bb lors du re\u0301fe\u0301rendum constitutionnel pre\u0301vu le 17 de\u0301cembre prochain \u2013 au cours duquel les Tchadiens devront de\u0301cider s\u2019ils souhaitent ou non conserver la forme actuelle du Tchad, l\u2019E\u0301tat unitaire. Les partisans d\u2019une fe\u0301de\u0301ration ou du boycott semblent pour le moment en minorite\u0301. Succe\u0300s Masra ayant ainsi donne\u0301 des gages de sa volonte\u0301 de respecter les engagements contenus dans les accords de Kinshasa, le projet de loi d\u2019amnistie devrait donc poursuivre son chemin rapidement, avec l\u2019assentiment de Mahamat Idriss De\u0301by Itno. Haroun Kabadi devrait prochainement l\u2019inscrire de nouveau a\u0300 l\u2019ordre du jour du CNT.<\/p>\n<p><b>Source: JeuneAfrique<\/b><\/p>\n<p><strong>Pour plus d&rsquo;informations et d&rsquo;analyses sur la <a href=\"https:\/\/www.africa-press.net\/tchad\">Tchad<\/a>, suivez <a href=\"https:\/\/www.africa-press.net\/\">Africa-Press<\/a><\/strong><\/p>\n","protected":false},"excerpt":{"rendered":"<p>Mathieu Olivier Africa-Press &#8211; Tchad. Le pre\u0301sident de la transition continue d\u2019\u0153uvrer en faveur d\u2019une amnistie pour les interpelle\u0301s et condamne\u0301s des manifestations meurtrie\u0300res du 20 octobre 2022. Le projet de loi a e\u0301te\u0301 pre\u0301sente\u0301 au gouvernement et devrait e\u0302tre adopte\u0301 par le Parlement tre\u0300s prochainement. Depuis la signature des accords de Kinshasa, le 31 [&hellip;]<\/p>\n","protected":false},"author":82,"featured_media":54343,"comment_status":"open","ping_status":"closed","sticky":false,"template":"","format":"standard","meta":{"footnotes":""},"categories":[2,426,20,10],"tags":[37,292,29],"class_list":["post-54344","post","type-post","status-publish","format-standard","has-post-thumbnail","hentry","category-politique","category-to-homepage","category-top-nouvelles","category-toutes-les-actualites","tag-africa-press","tag-africa-press-tchad","tag-tchad"],"yoast_head":"<!-- This site is optimized with the Yoast SEO Premium plugin v26.1 (Yoast SEO v27.0) - https:\/\/yoast.com\/product\/yoast-seo-premium-wordpress\/ -->\n<title>Au Tchad, dans les coulisses de la future loi d\u2019amnistie\u00a0de Mahamat Idriss D\u00e9by Itno - tchad<\/title>\n<meta name=\"description\" content=\"Le pre\u0301sident de la transition continue d\u2019\u0153uvrer en faveur d\u2019une amnistie pour les interpelle\u0301s et condamne\u0301s des manife ...\" \/>\n<meta name=\"robots\" content=\"index, follow, max-snippet:-1, max-image-preview:large, max-video-preview:-1\" \/>\n<link rel=\"canonical\" href=\"https:\/\/www.africa-press.net\/tchad\/politique\/au-tchad-dans-les-coulisses-de-la-future-loi-damnistie-de-mahamat-idriss-deby-itno\" \/>\n<meta property=\"og:locale\" content=\"fr_FR\" \/>\n<meta property=\"og:type\" content=\"article\" \/>\n<meta property=\"og:title\" content=\"Au Tchad, dans les coulisses de la future loi d\u2019amnistie\u00a0de Mahamat Idriss D\u00e9by Itno\" \/>\n<meta property=\"og:description\" content=\"Le pre\u0301sident de la transition continue d\u2019\u0153uvrer en faveur d\u2019une amnistie pour les interpelle\u0301s et condamne\u0301s des manife ...\" \/>\n<meta property=\"og:url\" content=\"https:\/\/www.africa-press.net\/tchad\/politique\/au-tchad-dans-les-coulisses-de-la-future-loi-damnistie-de-mahamat-idriss-deby-itno\" \/>\n<meta property=\"og:site_name\" content=\"tchad\" \/>\n<meta property=\"article:published_time\" content=\"2023-11-21T18:40:13+00:00\" \/>\n<meta property=\"article:modified_time\" content=\"2023-11-21T18:54:26+00:00\" \/>\n<meta property=\"og:image\" content=\"https:\/\/static.africa-press.net\/tchad\/sites\/41\/2023\/11\/sm_1700580139.608613.jpg\" \/>\n\t<meta property=\"og:image:width\" content=\"1256\" \/>\n\t<meta property=\"og:image:height\" content=\"628\" \/>\n\t<meta property=\"og:image:type\" content=\"image\/jpeg\" \/>\n<meta name=\"author\" content=\"cfeditorfr\" \/>\n<meta name=\"twitter:card\" content=\"summary_large_image\" \/>\n<meta name=\"twitter:label1\" content=\"\u00c9crit par\" \/>\n\t<meta name=\"twitter:data1\" content=\"cfeditorfr\" \/>\n\t<meta name=\"twitter:label2\" content=\"Dur\u00e9e de lecture estim\u00e9e\" \/>\n\t<meta name=\"twitter:data2\" content=\"3 minutes\" \/>\n<script type=\"application\/ld+json\" class=\"yoast-schema-graph\">{\"@context\":\"https:\/\/schema.org\",\"@graph\":[{\"@type\":\"Article\",\"@id\":\"https:\/\/www.africa-press.net\/tchad\/politique\/au-tchad-dans-les-coulisses-de-la-future-loi-damnistie-de-mahamat-idriss-deby-itno#article\",\"isPartOf\":{\"@id\":\"https:\/\/www.africa-press.net\/tchad\/politique\/au-tchad-dans-les-coulisses-de-la-future-loi-damnistie-de-mahamat-idriss-deby-itno\"},\"author\":{\"name\":\"cfeditorfr\",\"@id\":\"https:\/\/www.africa-press.net\/tchad\/#\/schema\/person\/2b1cf3cd81a31e3cd26889ca66d677f1\"},\"headline\":\"Au Tchad, dans les coulisses de la future loi d\u2019amnistie\u00a0de Mahamat Idriss D\u00e9by Itno\",\"datePublished\":\"2023-11-21T18:40:13+00:00\",\"dateModified\":\"2023-11-21T18:54:26+00:00\",\"mainEntityOfPage\":{\"@id\":\"https:\/\/www.africa-press.net\/tchad\/politique\/au-tchad-dans-les-coulisses-de-la-future-loi-damnistie-de-mahamat-idriss-deby-itno\"},\"wordCount\":678,\"commentCount\":0,\"image\":{\"@id\":\"https:\/\/www.africa-press.net\/tchad\/politique\/au-tchad-dans-les-coulisses-de-la-future-loi-damnistie-de-mahamat-idriss-deby-itno#primaryimage\"},\"thumbnailUrl\":\"https:\/\/static.africa-press.net\/tchad\/sites\/41\/2023\/11\/sm_1700580139.608613.jpg\",\"keywords\":[\"Africa Press\",\"Africa Press-Tchad\",\"Tchad\"],\"articleSection\":[\"Politique\",\"to-homepage\",\"Top Nouvelles\",\"Toutes les actualit\u00e9s\"],\"inLanguage\":\"fr-FR\",\"potentialAction\":[{\"@type\":\"CommentAction\",\"name\":\"Comment\",\"target\":[\"https:\/\/www.africa-press.net\/tchad\/politique\/au-tchad-dans-les-coulisses-de-la-future-loi-damnistie-de-mahamat-idriss-deby-itno#respond\"]}]},{\"@type\":\"WebPage\",\"@id\":\"https:\/\/www.africa-press.net\/tchad\/politique\/au-tchad-dans-les-coulisses-de-la-future-loi-damnistie-de-mahamat-idriss-deby-itno\",\"url\":\"https:\/\/www.africa-press.net\/tchad\/politique\/au-tchad-dans-les-coulisses-de-la-future-loi-damnistie-de-mahamat-idriss-deby-itno\",\"name\":\"Au Tchad, dans les coulisses de la future loi d\u2019amnistie\u00a0de Mahamat Idriss D\u00e9by Itno - tchad\",\"isPartOf\":{\"@id\":\"https:\/\/www.africa-press.net\/tchad\/#website\"},\"primaryImageOfPage\":{\"@id\":\"https:\/\/www.africa-press.net\/tchad\/politique\/au-tchad-dans-les-coulisses-de-la-future-loi-damnistie-de-mahamat-idriss-deby-itno#primaryimage\"},\"image\":{\"@id\":\"https:\/\/www.africa-press.net\/tchad\/politique\/au-tchad-dans-les-coulisses-de-la-future-loi-damnistie-de-mahamat-idriss-deby-itno#primaryimage\"},\"thumbnailUrl\":\"https:\/\/static.africa-press.net\/tchad\/sites\/41\/2023\/11\/sm_1700580139.608613.jpg\",\"datePublished\":\"2023-11-21T18:40:13+00:00\",\"dateModified\":\"2023-11-21T18:54:26+00:00\",\"author\":{\"@id\":\"https:\/\/www.africa-press.net\/tchad\/#\/schema\/person\/2b1cf3cd81a31e3cd26889ca66d677f1\"},\"description\":\"Le pre\u0301sident de la transition continue d\u2019\u0153uvrer en faveur d\u2019une amnistie pour les interpelle\u0301s et condamne\u0301s des manife ...\",\"breadcrumb\":{\"@id\":\"https:\/\/www.africa-press.net\/tchad\/politique\/au-tchad-dans-les-coulisses-de-la-future-loi-damnistie-de-mahamat-idriss-deby-itno#breadcrumb\"},\"inLanguage\":\"fr-FR\",\"potentialAction\":[{\"@type\":\"ReadAction\",\"target\":[\"https:\/\/www.africa-press.net\/tchad\/politique\/au-tchad-dans-les-coulisses-de-la-future-loi-damnistie-de-mahamat-idriss-deby-itno\"]}]},{\"@type\":\"ImageObject\",\"inLanguage\":\"fr-FR\",\"@id\":\"https:\/\/www.africa-press.net\/tchad\/politique\/au-tchad-dans-les-coulisses-de-la-future-loi-damnistie-de-mahamat-idriss-deby-itno#primaryimage\",\"url\":\"https:\/\/static.africa-press.net\/tchad\/sites\/41\/2023\/11\/sm_1700580139.608613.jpg\",\"contentUrl\":\"https:\/\/static.africa-press.net\/tchad\/sites\/41\/2023\/11\/sm_1700580139.608613.jpg\",\"width\":1256,\"height\":628,\"caption\":\"Au Tchad, dans les coulisses de la future loi d\u2019amnistie\u00a0de Mahamat Idriss D\u00e9by Itno\"},{\"@type\":\"BreadcrumbList\",\"@id\":\"https:\/\/www.africa-press.net\/tchad\/politique\/au-tchad-dans-les-coulisses-de-la-future-loi-damnistie-de-mahamat-idriss-deby-itno#breadcrumb\",\"itemListElement\":[{\"@type\":\"ListItem\",\"position\":1,\"name\":\"Accueil\",\"item\":\"https:\/\/www.africa-press.net\/tchad\/\"},{\"@type\":\"ListItem\",\"position\":2,\"name\":\"Au Tchad, dans les coulisses de la future loi d\u2019amnistie\u00a0de Mahamat Idriss D\u00e9by Itno\"}]},{\"@type\":\"WebSite\",\"@id\":\"https:\/\/www.africa-press.net\/tchad\/#website\",\"url\":\"https:\/\/www.africa-press.net\/tchad\/\",\"name\":\"tchad\",\"description\":\"Just another Africa News Agency Sites site\",\"potentialAction\":[{\"@type\":\"SearchAction\",\"target\":{\"@type\":\"EntryPoint\",\"urlTemplate\":\"https:\/\/www.africa-press.net\/tchad\/?s={search_term_string}\"},\"query-input\":{\"@type\":\"PropertyValueSpecification\",\"valueRequired\":true,\"valueName\":\"search_term_string\"}}],\"inLanguage\":\"fr-FR\"},{\"@type\":\"Person\",\"@id\":\"https:\/\/www.africa-press.net\/tchad\/#\/schema\/person\/2b1cf3cd81a31e3cd26889ca66d677f1\",\"name\":\"cfeditorfr\"}]}<\/script>\n<!-- \/ Yoast SEO Premium plugin. -->","yoast_head_json":{"title":"Au Tchad, dans les coulisses de la future loi d\u2019amnistie\u00a0de Mahamat Idriss D\u00e9by Itno - tchad","description":"Le pre\u0301sident de la transition continue d\u2019\u0153uvrer en faveur d\u2019une amnistie pour les interpelle\u0301s et condamne\u0301s des manife ...","robots":{"index":"index","follow":"follow","max-snippet":"max-snippet:-1","max-image-preview":"max-image-preview:large","max-video-preview":"max-video-preview:-1"},"canonical":"https:\/\/www.africa-press.net\/tchad\/politique\/au-tchad-dans-les-coulisses-de-la-future-loi-damnistie-de-mahamat-idriss-deby-itno","og_locale":"fr_FR","og_type":"article","og_title":"Au Tchad, dans les coulisses de la future loi d\u2019amnistie\u00a0de Mahamat Idriss D\u00e9by Itno","og_description":"Le pre\u0301sident de la transition continue d\u2019\u0153uvrer en faveur d\u2019une amnistie pour les interpelle\u0301s et condamne\u0301s des manife ...","og_url":"https:\/\/www.africa-press.net\/tchad\/politique\/au-tchad-dans-les-coulisses-de-la-future-loi-damnistie-de-mahamat-idriss-deby-itno","og_site_name":"tchad","article_published_time":"2023-11-21T18:40:13+00:00","article_modified_time":"2023-11-21T18:54:26+00:00","og_image":[{"width":1256,"height":628,"url":"https:\/\/static.africa-press.net\/tchad\/sites\/41\/2023\/11\/sm_1700580139.608613.jpg","type":"image\/jpeg"}],"author":"cfeditorfr","twitter_card":"summary_large_image","twitter_misc":{"\u00c9crit par":"cfeditorfr","Dur\u00e9e de lecture estim\u00e9e":"3 minutes"},"schema":{"@context":"https:\/\/schema.org","@graph":[{"@type":"Article","@id":"https:\/\/www.africa-press.net\/tchad\/politique\/au-tchad-dans-les-coulisses-de-la-future-loi-damnistie-de-mahamat-idriss-deby-itno#article","isPartOf":{"@id":"https:\/\/www.africa-press.net\/tchad\/politique\/au-tchad-dans-les-coulisses-de-la-future-loi-damnistie-de-mahamat-idriss-deby-itno"},"author":{"name":"cfeditorfr","@id":"https:\/\/www.africa-press.net\/tchad\/#\/schema\/person\/2b1cf3cd81a31e3cd26889ca66d677f1"},"headline":"Au Tchad, dans les coulisses de la future loi d\u2019amnistie\u00a0de Mahamat Idriss D\u00e9by Itno","datePublished":"2023-11-21T18:40:13+00:00","dateModified":"2023-11-21T18:54:26+00:00","mainEntityOfPage":{"@id":"https:\/\/www.africa-press.net\/tchad\/politique\/au-tchad-dans-les-coulisses-de-la-future-loi-damnistie-de-mahamat-idriss-deby-itno"},"wordCount":678,"commentCount":0,"image":{"@id":"https:\/\/www.africa-press.net\/tchad\/politique\/au-tchad-dans-les-coulisses-de-la-future-loi-damnistie-de-mahamat-idriss-deby-itno#primaryimage"},"thumbnailUrl":"https:\/\/static.africa-press.net\/tchad\/sites\/41\/2023\/11\/sm_1700580139.608613.jpg","keywords":["Africa Press","Africa Press-Tchad","Tchad"],"articleSection":["Politique","to-homepage","Top Nouvelles","Toutes les actualit\u00e9s"],"inLanguage":"fr-FR","potentialAction":[{"@type":"CommentAction","name":"Comment","target":["https:\/\/www.africa-press.net\/tchad\/politique\/au-tchad-dans-les-coulisses-de-la-future-loi-damnistie-de-mahamat-idriss-deby-itno#respond"]}]},{"@type":"WebPage","@id":"https:\/\/www.africa-press.net\/tchad\/politique\/au-tchad-dans-les-coulisses-de-la-future-loi-damnistie-de-mahamat-idriss-deby-itno","url":"https:\/\/www.africa-press.net\/tchad\/politique\/au-tchad-dans-les-coulisses-de-la-future-loi-damnistie-de-mahamat-idriss-deby-itno","name":"Au Tchad, dans les coulisses de la future loi d\u2019amnistie\u00a0de Mahamat Idriss D\u00e9by Itno - tchad","isPartOf":{"@id":"https:\/\/www.africa-press.net\/tchad\/#website"},"primaryImageOfPage":{"@id":"https:\/\/www.africa-press.net\/tchad\/politique\/au-tchad-dans-les-coulisses-de-la-future-loi-damnistie-de-mahamat-idriss-deby-itno#primaryimage"},"image":{"@id":"https:\/\/www.africa-press.net\/tchad\/politique\/au-tchad-dans-les-coulisses-de-la-future-loi-damnistie-de-mahamat-idriss-deby-itno#primaryimage"},"thumbnailUrl":"https:\/\/static.africa-press.net\/tchad\/sites\/41\/2023\/11\/sm_1700580139.608613.jpg","datePublished":"2023-11-21T18:40:13+00:00","dateModified":"2023-11-21T18:54:26+00:00","author":{"@id":"https:\/\/www.africa-press.net\/tchad\/#\/schema\/person\/2b1cf3cd81a31e3cd26889ca66d677f1"},"description":"Le pre\u0301sident de la transition continue d\u2019\u0153uvrer en faveur d\u2019une amnistie pour les interpelle\u0301s et condamne\u0301s des manife ...","breadcrumb":{"@id":"https:\/\/www.africa-press.net\/tchad\/politique\/au-tchad-dans-les-coulisses-de-la-future-loi-damnistie-de-mahamat-idriss-deby-itno#breadcrumb"},"inLanguage":"fr-FR","potentialAction":[{"@type":"ReadAction","target":["https:\/\/www.africa-press.net\/tchad\/politique\/au-tchad-dans-les-coulisses-de-la-future-loi-damnistie-de-mahamat-idriss-deby-itno"]}]},{"@type":"ImageObject","inLanguage":"fr-FR","@id":"https:\/\/www.africa-press.net\/tchad\/politique\/au-tchad-dans-les-coulisses-de-la-future-loi-damnistie-de-mahamat-idriss-deby-itno#primaryimage","url":"https:\/\/static.africa-press.net\/tchad\/sites\/41\/2023\/11\/sm_1700580139.608613.jpg","contentUrl":"https:\/\/static.africa-press.net\/tchad\/sites\/41\/2023\/11\/sm_1700580139.608613.jpg","width":1256,"height":628,"caption":"Au Tchad, dans les coulisses de la future loi d\u2019amnistie\u00a0de Mahamat Idriss D\u00e9by Itno"},{"@type":"BreadcrumbList","@id":"https:\/\/www.africa-press.net\/tchad\/politique\/au-tchad-dans-les-coulisses-de-la-future-loi-damnistie-de-mahamat-idriss-deby-itno#breadcrumb","itemListElement":[{"@type":"ListItem","position":1,"name":"Accueil","item":"https:\/\/www.africa-press.net\/tchad\/"},{"@type":"ListItem","position":2,"name":"Au Tchad, dans les coulisses de la future loi d\u2019amnistie\u00a0de Mahamat Idriss D\u00e9by Itno"}]},{"@type":"WebSite","@id":"https:\/\/www.africa-press.net\/tchad\/#website","url":"https:\/\/www.africa-press.net\/tchad\/","name":"tchad","description":"Just another Africa News Agency Sites site","potentialAction":[{"@type":"SearchAction","target":{"@type":"EntryPoint","urlTemplate":"https:\/\/www.africa-press.net\/tchad\/?s={search_term_string}"},"query-input":{"@type":"PropertyValueSpecification","valueRequired":true,"valueName":"search_term_string"}}],"inLanguage":"fr-FR"},{"@type":"Person","@id":"https:\/\/www.africa-press.net\/tchad\/#\/schema\/person\/2b1cf3cd81a31e3cd26889ca66d677f1","name":"cfeditorfr"}]}},"_links":{"self":[{"href":"https:\/\/www.africa-press.net\/tchad\/wp-json\/wp\/v2\/posts\/54344","targetHints":{"allow":["GET"]}}],"collection":[{"href":"https:\/\/www.africa-press.net\/tchad\/wp-json\/wp\/v2\/posts"}],"about":[{"href":"https:\/\/www.africa-press.net\/tchad\/wp-json\/wp\/v2\/types\/post"}],"author":[{"embeddable":true,"href":"https:\/\/www.africa-press.net\/tchad\/wp-json\/wp\/v2\/users\/82"}],"replies":[{"embeddable":true,"href":"https:\/\/www.africa-press.net\/tchad\/wp-json\/wp\/v2\/comments?post=54344"}],"version-history":[{"count":0,"href":"https:\/\/www.africa-press.net\/tchad\/wp-json\/wp\/v2\/posts\/54344\/revisions"}],"wp:featuredmedia":[{"embeddable":true,"href":"https:\/\/www.africa-press.net\/tchad\/wp-json\/wp\/v2\/media\/54343"}],"wp:attachment":[{"href":"https:\/\/www.africa-press.net\/tchad\/wp-json\/wp\/v2\/media?parent=54344"}],"wp:term":[{"taxonomy":"category","embeddable":true,"href":"https:\/\/www.africa-press.net\/tchad\/wp-json\/wp\/v2\/categories?post=54344"},{"taxonomy":"post_tag","embeddable":true,"href":"https:\/\/www.africa-press.net\/tchad\/wp-json\/wp\/v2\/tags?post=54344"}],"curies":[{"name":"wp","href":"https:\/\/api.w.org\/{rel}","templated":true}]}}