{"id":54363,"date":"2023-11-22T17:05:52","date_gmt":"2023-11-22T17:05:52","guid":{"rendered":"https:\/\/www.africa-press.net\/tchad\/politique\/le-projet-dinterconnexion-des-reseaux-electriques-entre-le-cameroun-et-le-tchad-officiellement-lance-a-yaounde"},"modified":"2023-11-22T17:05:52","modified_gmt":"2023-11-22T17:05:52","slug":"le-projet-dinterconnexion-des-reseaux-electriques-entre-le-cameroun-et-le-tchad-officiellement-lance-a-yaounde","status":"publish","type":"post","link":"https:\/\/www.africa-press.net\/tchad\/economie\/le-projet-dinterconnexion-des-reseaux-electriques-entre-le-cameroun-et-le-tchad-officiellement-lance-a-yaounde","title":{"rendered":"Le projet d&rsquo;interconnexion des r\u00e9seaux \u00e9lectriques entre le Cameroun et le Tchad officiellement lanc\u00e9 \u00e0 Yaound\u00e9"},"content":{"rendered":"<p><span style=\"color: #ff6600\"><strong>Africa-Press &#8211; Tchad. <\/strong><\/span>Le projet d&rsquo;interconnexion des re\u0301seaux e\u0301lectriques entre le Cameroun et le Tchad sera officiellement lance\u0301 ce 21 novembre 2023 a\u0300 Yaounde\u0301 par M. Gaston Eloundou Essomba, le ministre de l&rsquo;Eau et de l&rsquo;E\u0301nergie du Cameroun. Cette ce\u0301re\u0301monie a eu lieu en pre\u0301sence d\u2019une de\u0301le\u0301gation tchadienne re\u0301unie a\u0300 Yaounde\u0301 pour l&rsquo;occasion.<\/p>\n<p>D\u2019apre\u0300s la Cameroon Radio and Television (CRTV), ce projet coutera 450 milliards FCFA.<\/p>\n<p>En 2021, le projet avait rec\u0327u un apport significatif avec l\u2019ouverture par la Banque mondiale (BM) d\u2019une ligne de cre\u0301dit de 305 millions de dollars, soit 178 milliards de FCFA pour sa re\u0301alisation. Il sera notamment question de construire 1319 kilome\u0300tres de lignes de transport ainsi que des e\u0301quipements connexes de haute tension, de moyenne tension et de basse tension afin d\u2019acheminer l\u2019e\u0301nergie du Cameroun vers le Tchad, ce qui permettra de couvrir 478 localite\u0301s en e\u0301lectricite\u0301.<\/p>\n<p>Selon la Banque mondiale, le financement de ce projet se situe dans son importance, non seulement du fait de son impact sur la vie des populations riveraines, mais e\u0301galement parce qu\u2019il s\u2019agit d\u2019un projet inte\u0301grateur de haute porte\u0301e devant apporter un coup d\u2019acce\u0301le\u0301rateur au de\u0301veloppement des pays de la Communaute\u0301 e\u0301conomique et mone\u0301taire de l\u2019Afrique centrale (CEMAC) en particulier et ceux de l\u2019Afrique de manie\u0300re ge\u0301ne\u0301rale.<\/p>\n<p><strong>Pour plus d&rsquo;informations et d&rsquo;analyses sur la <a href=\"https:\/\/www.africa-press.net\/tchad\">Tchad<\/a>, suivez <a href=\"https:\/\/www.africa-press.net\/\">Africa-Press<\/a><\/strong><\/p>\n","protected":false},"excerpt":{"rendered":"<p>Africa-Press &#8211; Tchad. Le projet d&rsquo;interconnexion des re\u0301seaux e\u0301lectriques entre le Cameroun et le Tchad sera officiellement lance\u0301 ce 21 novembre 2023 a\u0300 Yaounde\u0301 par M. Gaston Eloundou Essomba, le ministre de l&rsquo;Eau et de l&rsquo;E\u0301nergie du Cameroun. Cette ce\u0301re\u0301monie a eu lieu en pre\u0301sence d\u2019une de\u0301le\u0301gation tchadienne re\u0301unie a\u0300 Yaounde\u0301 pour l&rsquo;occasion. D\u2019apre\u0300s la [&hellip;]<\/p>\n","protected":false},"author":82,"featured_media":54362,"comment_status":"open","ping_status":"closed","sticky":false,"template":"","format":"standard","meta":{"footnotes":""},"categories":[3,10],"tags":[37,292,29],"class_list":["post-54363","post","type-post","status-publish","format-standard","has-post-thumbnail","hentry","category-economie","category-toutes-les-actualites","tag-africa-press","tag-africa-press-tchad","tag-tchad"],"yoast_head":"<!-- This site is optimized with the Yoast SEO Premium plugin v26.1 (Yoast SEO v27.0) - https:\/\/yoast.com\/product\/yoast-seo-premium-wordpress\/ -->\n<title>Le projet d&#039;interconnexion des r\u00e9seaux \u00e9lectriques entre le Cameroun et le Tchad officiellement lanc\u00e9 \u00e0 Yaound\u00e9 - tchad<\/title>\n<meta name=\"robots\" content=\"index, follow, max-snippet:-1, max-image-preview:large, max-video-preview:-1\" \/>\n<link rel=\"canonical\" href=\"https:\/\/www.africa-press.net\/tchad\/politique\/le-projet-dinterconnexion-des-reseaux-electriques-entre-le-cameroun-et-le-tchad-officiellement-lance-a-yaounde\" \/>\n<meta property=\"og:locale\" content=\"fr_FR\" \/>\n<meta property=\"og:type\" content=\"article\" \/>\n<meta property=\"og:title\" content=\"Le projet d&#039;interconnexion des r\u00e9seaux \u00e9lectriques entre le Cameroun et le Tchad officiellement lanc\u00e9 \u00e0 Yaound\u00e9\" \/>\n<meta property=\"og:description\" content=\"Africa-Press &#8211; Tchad. Le projet d&rsquo;interconnexion des re\u0301seaux e\u0301lectriques entre le Cameroun et le Tchad sera officiellement lance\u0301 ce 21 novembre 2023 a\u0300 Yaounde\u0301 par M. Gaston Eloundou Essomba, le ministre de l&rsquo;Eau et de l&rsquo;E\u0301nergie du Cameroun. Cette ce\u0301re\u0301monie a eu lieu en pre\u0301sence d\u2019une de\u0301le\u0301gation tchadienne re\u0301unie a\u0300 Yaounde\u0301 pour l&rsquo;occasion. D\u2019apre\u0300s la [&hellip;]\" \/>\n<meta property=\"og:url\" content=\"https:\/\/www.africa-press.net\/tchad\/politique\/le-projet-dinterconnexion-des-reseaux-electriques-entre-le-cameroun-et-le-tchad-officiellement-lance-a-yaounde\" \/>\n<meta property=\"og:site_name\" content=\"tchad\" \/>\n<meta property=\"article:published_time\" content=\"2023-11-22T17:05:52+00:00\" \/>\n<meta name=\"author\" content=\"cfeditorfr\" \/>\n<meta name=\"twitter:card\" content=\"summary_large_image\" \/>\n<meta name=\"twitter:label1\" content=\"\u00c9crit par\" \/>\n\t<meta name=\"twitter:data1\" content=\"cfeditorfr\" \/>\n\t<meta name=\"twitter:label2\" content=\"Dur\u00e9e de lecture estim\u00e9e\" \/>\n\t<meta name=\"twitter:data2\" content=\"1 minute\" \/>\n<script type=\"application\/ld+json\" class=\"yoast-schema-graph\">{\"@context\":\"https:\/\/schema.org\",\"@graph\":[{\"@type\":\"Article\",\"@id\":\"https:\/\/www.africa-press.net\/tchad\/politique\/le-projet-dinterconnexion-des-reseaux-electriques-entre-le-cameroun-et-le-tchad-officiellement-lance-a-yaounde#article\",\"isPartOf\":{\"@id\":\"https:\/\/www.africa-press.net\/tchad\/politique\/le-projet-dinterconnexion-des-reseaux-electriques-entre-le-cameroun-et-le-tchad-officiellement-lance-a-yaounde\"},\"author\":{\"name\":\"cfeditorfr\",\"@id\":\"https:\/\/www.africa-press.net\/tchad\/#\/schema\/person\/2b1cf3cd81a31e3cd26889ca66d677f1\"},\"headline\":\"Le projet d&rsquo;interconnexion des r\u00e9seaux \u00e9lectriques entre le Cameroun et le Tchad officiellement lanc\u00e9 \u00e0 Yaound\u00e9\",\"datePublished\":\"2023-11-22T17:05:52+00:00\",\"mainEntityOfPage\":{\"@id\":\"https:\/\/www.africa-press.net\/tchad\/politique\/le-projet-dinterconnexion-des-reseaux-electriques-entre-le-cameroun-et-le-tchad-officiellement-lance-a-yaounde\"},\"wordCount\":275,\"commentCount\":0,\"image\":{\"@id\":\"https:\/\/www.africa-press.net\/tchad\/politique\/le-projet-dinterconnexion-des-reseaux-electriques-entre-le-cameroun-et-le-tchad-officiellement-lance-a-yaounde#primaryimage\"},\"thumbnailUrl\":\"https:\/\/static.africa-press.net\/tchad\/sites\/41\/2023\/11\/sm_1700662859.706103.jpg\",\"keywords\":[\"Africa Press\",\"Africa Press-Tchad\",\"Tchad\"],\"articleSection\":[\"\u00c9conomie\",\"Toutes les actualit\u00e9s\"],\"inLanguage\":\"fr-FR\",\"potentialAction\":[{\"@type\":\"CommentAction\",\"name\":\"Comment\",\"target\":[\"https:\/\/www.africa-press.net\/tchad\/politique\/le-projet-dinterconnexion-des-reseaux-electriques-entre-le-cameroun-et-le-tchad-officiellement-lance-a-yaounde#respond\"]}]},{\"@type\":\"WebPage\",\"@id\":\"https:\/\/www.africa-press.net\/tchad\/politique\/le-projet-dinterconnexion-des-reseaux-electriques-entre-le-cameroun-et-le-tchad-officiellement-lance-a-yaounde\",\"url\":\"https:\/\/www.africa-press.net\/tchad\/politique\/le-projet-dinterconnexion-des-reseaux-electriques-entre-le-cameroun-et-le-tchad-officiellement-lance-a-yaounde\",\"name\":\"Le projet d'interconnexion des r\u00e9seaux \u00e9lectriques entre le Cameroun et le Tchad officiellement lanc\u00e9 \u00e0 Yaound\u00e9 - tchad\",\"isPartOf\":{\"@id\":\"https:\/\/www.africa-press.net\/tchad\/#website\"},\"primaryImageOfPage\":{\"@id\":\"https:\/\/www.africa-press.net\/tchad\/politique\/le-projet-dinterconnexion-des-reseaux-electriques-entre-le-cameroun-et-le-tchad-officiellement-lance-a-yaounde#primaryimage\"},\"image\":{\"@id\":\"https:\/\/www.africa-press.net\/tchad\/politique\/le-projet-dinterconnexion-des-reseaux-electriques-entre-le-cameroun-et-le-tchad-officiellement-lance-a-yaounde#primaryimage\"},\"thumbnailUrl\":\"https:\/\/static.africa-press.net\/tchad\/sites\/41\/2023\/11\/sm_1700662859.706103.jpg\",\"datePublished\":\"2023-11-22T17:05:52+00:00\",\"author\":{\"@id\":\"https:\/\/www.africa-press.net\/tchad\/#\/schema\/person\/2b1cf3cd81a31e3cd26889ca66d677f1\"},\"breadcrumb\":{\"@id\":\"https:\/\/www.africa-press.net\/tchad\/politique\/le-projet-dinterconnexion-des-reseaux-electriques-entre-le-cameroun-et-le-tchad-officiellement-lance-a-yaounde#breadcrumb\"},\"inLanguage\":\"fr-FR\",\"potentialAction\":[{\"@type\":\"ReadAction\",\"target\":[\"https:\/\/www.africa-press.net\/tchad\/politique\/le-projet-dinterconnexion-des-reseaux-electriques-entre-le-cameroun-et-le-tchad-officiellement-lance-a-yaounde\"]}]},{\"@type\":\"ImageObject\",\"inLanguage\":\"fr-FR\",\"@id\":\"https:\/\/www.africa-press.net\/tchad\/politique\/le-projet-dinterconnexion-des-reseaux-electriques-entre-le-cameroun-et-le-tchad-officiellement-lance-a-yaounde#primaryimage\",\"url\":\"https:\/\/static.africa-press.net\/tchad\/sites\/41\/2023\/11\/sm_1700662859.706103.jpg\",\"contentUrl\":\"https:\/\/static.africa-press.net\/tchad\/sites\/41\/2023\/11\/sm_1700662859.706103.jpg\",\"width\":800,\"height\":480,\"caption\":\"Le projet d'interconnexion des r\u00e9seaux \u00e9lectriques entre le Cameroun et le Tchad officiellement lanc\u00e9 \u00e0 Yaound\u00e9\"},{\"@type\":\"BreadcrumbList\",\"@id\":\"https:\/\/www.africa-press.net\/tchad\/politique\/le-projet-dinterconnexion-des-reseaux-electriques-entre-le-cameroun-et-le-tchad-officiellement-lance-a-yaounde#breadcrumb\",\"itemListElement\":[{\"@type\":\"ListItem\",\"position\":1,\"name\":\"Accueil\",\"item\":\"https:\/\/www.africa-press.net\/tchad\/\"},{\"@type\":\"ListItem\",\"position\":2,\"name\":\"Le projet d&#8217;interconnexion des r\u00e9seaux \u00e9lectriques entre le Cameroun et le Tchad officiellement lanc\u00e9 \u00e0 Yaound\u00e9\"}]},{\"@type\":\"WebSite\",\"@id\":\"https:\/\/www.africa-press.net\/tchad\/#website\",\"url\":\"https:\/\/www.africa-press.net\/tchad\/\",\"name\":\"tchad\",\"description\":\"Just another Africa News Agency Sites site\",\"potentialAction\":[{\"@type\":\"SearchAction\",\"target\":{\"@type\":\"EntryPoint\",\"urlTemplate\":\"https:\/\/www.africa-press.net\/tchad\/?s={search_term_string}\"},\"query-input\":{\"@type\":\"PropertyValueSpecification\",\"valueRequired\":true,\"valueName\":\"search_term_string\"}}],\"inLanguage\":\"fr-FR\"},{\"@type\":\"Person\",\"@id\":\"https:\/\/www.africa-press.net\/tchad\/#\/schema\/person\/2b1cf3cd81a31e3cd26889ca66d677f1\",\"name\":\"cfeditorfr\"}]}<\/script>\n<!-- \/ Yoast SEO Premium plugin. -->","yoast_head_json":{"title":"Le projet d'interconnexion des r\u00e9seaux \u00e9lectriques entre le Cameroun et le Tchad officiellement lanc\u00e9 \u00e0 Yaound\u00e9 - tchad","robots":{"index":"index","follow":"follow","max-snippet":"max-snippet:-1","max-image-preview":"max-image-preview:large","max-video-preview":"max-video-preview:-1"},"canonical":"https:\/\/www.africa-press.net\/tchad\/politique\/le-projet-dinterconnexion-des-reseaux-electriques-entre-le-cameroun-et-le-tchad-officiellement-lance-a-yaounde","og_locale":"fr_FR","og_type":"article","og_title":"Le projet d'interconnexion des r\u00e9seaux \u00e9lectriques entre le Cameroun et le Tchad officiellement lanc\u00e9 \u00e0 Yaound\u00e9","og_description":"Africa-Press &#8211; Tchad. Le projet d&rsquo;interconnexion des re\u0301seaux e\u0301lectriques entre le Cameroun et le Tchad sera officiellement lance\u0301 ce 21 novembre 2023 a\u0300 Yaounde\u0301 par M. Gaston Eloundou Essomba, le ministre de l&rsquo;Eau et de l&rsquo;E\u0301nergie du Cameroun. Cette ce\u0301re\u0301monie a eu lieu en pre\u0301sence d\u2019une de\u0301le\u0301gation tchadienne re\u0301unie a\u0300 Yaounde\u0301 pour l&rsquo;occasion. D\u2019apre\u0300s la [&hellip;]","og_url":"https:\/\/www.africa-press.net\/tchad\/politique\/le-projet-dinterconnexion-des-reseaux-electriques-entre-le-cameroun-et-le-tchad-officiellement-lance-a-yaounde","og_site_name":"tchad","article_published_time":"2023-11-22T17:05:52+00:00","author":"cfeditorfr","twitter_card":"summary_large_image","twitter_misc":{"\u00c9crit par":"cfeditorfr","Dur\u00e9e de lecture estim\u00e9e":"1 minute"},"schema":{"@context":"https:\/\/schema.org","@graph":[{"@type":"Article","@id":"https:\/\/www.africa-press.net\/tchad\/politique\/le-projet-dinterconnexion-des-reseaux-electriques-entre-le-cameroun-et-le-tchad-officiellement-lance-a-yaounde#article","isPartOf":{"@id":"https:\/\/www.africa-press.net\/tchad\/politique\/le-projet-dinterconnexion-des-reseaux-electriques-entre-le-cameroun-et-le-tchad-officiellement-lance-a-yaounde"},"author":{"name":"cfeditorfr","@id":"https:\/\/www.africa-press.net\/tchad\/#\/schema\/person\/2b1cf3cd81a31e3cd26889ca66d677f1"},"headline":"Le projet d&rsquo;interconnexion des r\u00e9seaux \u00e9lectriques entre le Cameroun et le Tchad officiellement lanc\u00e9 \u00e0 Yaound\u00e9","datePublished":"2023-11-22T17:05:52+00:00","mainEntityOfPage":{"@id":"https:\/\/www.africa-press.net\/tchad\/politique\/le-projet-dinterconnexion-des-reseaux-electriques-entre-le-cameroun-et-le-tchad-officiellement-lance-a-yaounde"},"wordCount":275,"commentCount":0,"image":{"@id":"https:\/\/www.africa-press.net\/tchad\/politique\/le-projet-dinterconnexion-des-reseaux-electriques-entre-le-cameroun-et-le-tchad-officiellement-lance-a-yaounde#primaryimage"},"thumbnailUrl":"https:\/\/static.africa-press.net\/tchad\/sites\/41\/2023\/11\/sm_1700662859.706103.jpg","keywords":["Africa Press","Africa Press-Tchad","Tchad"],"articleSection":["\u00c9conomie","Toutes les actualit\u00e9s"],"inLanguage":"fr-FR","potentialAction":[{"@type":"CommentAction","name":"Comment","target":["https:\/\/www.africa-press.net\/tchad\/politique\/le-projet-dinterconnexion-des-reseaux-electriques-entre-le-cameroun-et-le-tchad-officiellement-lance-a-yaounde#respond"]}]},{"@type":"WebPage","@id":"https:\/\/www.africa-press.net\/tchad\/politique\/le-projet-dinterconnexion-des-reseaux-electriques-entre-le-cameroun-et-le-tchad-officiellement-lance-a-yaounde","url":"https:\/\/www.africa-press.net\/tchad\/politique\/le-projet-dinterconnexion-des-reseaux-electriques-entre-le-cameroun-et-le-tchad-officiellement-lance-a-yaounde","name":"Le projet d'interconnexion des r\u00e9seaux \u00e9lectriques entre le Cameroun et le Tchad officiellement lanc\u00e9 \u00e0 Yaound\u00e9 - tchad","isPartOf":{"@id":"https:\/\/www.africa-press.net\/tchad\/#website"},"primaryImageOfPage":{"@id":"https:\/\/www.africa-press.net\/tchad\/politique\/le-projet-dinterconnexion-des-reseaux-electriques-entre-le-cameroun-et-le-tchad-officiellement-lance-a-yaounde#primaryimage"},"image":{"@id":"https:\/\/www.africa-press.net\/tchad\/politique\/le-projet-dinterconnexion-des-reseaux-electriques-entre-le-cameroun-et-le-tchad-officiellement-lance-a-yaounde#primaryimage"},"thumbnailUrl":"https:\/\/static.africa-press.net\/tchad\/sites\/41\/2023\/11\/sm_1700662859.706103.jpg","datePublished":"2023-11-22T17:05:52+00:00","author":{"@id":"https:\/\/www.africa-press.net\/tchad\/#\/schema\/person\/2b1cf3cd81a31e3cd26889ca66d677f1"},"breadcrumb":{"@id":"https:\/\/www.africa-press.net\/tchad\/politique\/le-projet-dinterconnexion-des-reseaux-electriques-entre-le-cameroun-et-le-tchad-officiellement-lance-a-yaounde#breadcrumb"},"inLanguage":"fr-FR","potentialAction":[{"@type":"ReadAction","target":["https:\/\/www.africa-press.net\/tchad\/politique\/le-projet-dinterconnexion-des-reseaux-electriques-entre-le-cameroun-et-le-tchad-officiellement-lance-a-yaounde"]}]},{"@type":"ImageObject","inLanguage":"fr-FR","@id":"https:\/\/www.africa-press.net\/tchad\/politique\/le-projet-dinterconnexion-des-reseaux-electriques-entre-le-cameroun-et-le-tchad-officiellement-lance-a-yaounde#primaryimage","url":"https:\/\/static.africa-press.net\/tchad\/sites\/41\/2023\/11\/sm_1700662859.706103.jpg","contentUrl":"https:\/\/static.africa-press.net\/tchad\/sites\/41\/2023\/11\/sm_1700662859.706103.jpg","width":800,"height":480,"caption":"Le projet d'interconnexion des r\u00e9seaux \u00e9lectriques entre le Cameroun et le Tchad officiellement lanc\u00e9 \u00e0 Yaound\u00e9"},{"@type":"BreadcrumbList","@id":"https:\/\/www.africa-press.net\/tchad\/politique\/le-projet-dinterconnexion-des-reseaux-electriques-entre-le-cameroun-et-le-tchad-officiellement-lance-a-yaounde#breadcrumb","itemListElement":[{"@type":"ListItem","position":1,"name":"Accueil","item":"https:\/\/www.africa-press.net\/tchad\/"},{"@type":"ListItem","position":2,"name":"Le projet d&#8217;interconnexion des r\u00e9seaux \u00e9lectriques entre le Cameroun et le Tchad officiellement lanc\u00e9 \u00e0 Yaound\u00e9"}]},{"@type":"WebSite","@id":"https:\/\/www.africa-press.net\/tchad\/#website","url":"https:\/\/www.africa-press.net\/tchad\/","name":"tchad","description":"Just another Africa News Agency Sites site","potentialAction":[{"@type":"SearchAction","target":{"@type":"EntryPoint","urlTemplate":"https:\/\/www.africa-press.net\/tchad\/?s={search_term_string}"},"query-input":{"@type":"PropertyValueSpecification","valueRequired":true,"valueName":"search_term_string"}}],"inLanguage":"fr-FR"},{"@type":"Person","@id":"https:\/\/www.africa-press.net\/tchad\/#\/schema\/person\/2b1cf3cd81a31e3cd26889ca66d677f1","name":"cfeditorfr"}]}},"_links":{"self":[{"href":"https:\/\/www.africa-press.net\/tchad\/wp-json\/wp\/v2\/posts\/54363","targetHints":{"allow":["GET"]}}],"collection":[{"href":"https:\/\/www.africa-press.net\/tchad\/wp-json\/wp\/v2\/posts"}],"about":[{"href":"https:\/\/www.africa-press.net\/tchad\/wp-json\/wp\/v2\/types\/post"}],"author":[{"embeddable":true,"href":"https:\/\/www.africa-press.net\/tchad\/wp-json\/wp\/v2\/users\/82"}],"replies":[{"embeddable":true,"href":"https:\/\/www.africa-press.net\/tchad\/wp-json\/wp\/v2\/comments?post=54363"}],"version-history":[{"count":0,"href":"https:\/\/www.africa-press.net\/tchad\/wp-json\/wp\/v2\/posts\/54363\/revisions"}],"wp:featuredmedia":[{"embeddable":true,"href":"https:\/\/www.africa-press.net\/tchad\/wp-json\/wp\/v2\/media\/54362"}],"wp:attachment":[{"href":"https:\/\/www.africa-press.net\/tchad\/wp-json\/wp\/v2\/media?parent=54363"}],"wp:term":[{"taxonomy":"category","embeddable":true,"href":"https:\/\/www.africa-press.net\/tchad\/wp-json\/wp\/v2\/categories?post=54363"},{"taxonomy":"post_tag","embeddable":true,"href":"https:\/\/www.africa-press.net\/tchad\/wp-json\/wp\/v2\/tags?post=54363"}],"curies":[{"name":"wp","href":"https:\/\/api.w.org\/{rel}","templated":true}]}}