{"id":54369,"date":"2023-11-22T17:07:04","date_gmt":"2023-11-22T17:07:04","guid":{"rendered":"https:\/\/www.africa-press.net\/tchad\/politique\/tchad-cameroun-le-ministre-des-infrastructures-et-du-desenclavement-du-tchad-salue-la-mise-en-oeuvre-de-lautoroute-yaounde-douala"},"modified":"2023-11-22T17:55:45","modified_gmt":"2023-11-22T17:55:45","slug":"tchad-cameroun-le-ministre-des-infrastructures-et-du-desenclavement-du-tchad-salue-la-mise-en-oeuvre-de-lautoroute-yaounde-douala","status":"publish","type":"post","link":"https:\/\/www.africa-press.net\/tchad\/economie\/tchad-cameroun-le-ministre-des-infrastructures-et-du-desenclavement-du-tchad-salue-la-mise-en-oeuvre-de-lautoroute-yaounde-douala","title":{"rendered":"Tchad \/ Cameroun : Le ministre des Infrastructures et du D\u00e9senclavement du Tchad salue la mise en \u0153uvre de l\u2019autoroute Yaound\u00e9 \u2013 Douala"},"content":{"rendered":"<p><span style=\"color: #ff6600\"><strong>Africa-Press &#8211; Tchad. <\/strong><\/span>Autoroute Yaounde\u0301-Douala, phase 1, le ministre des Infrastructures et du De\u0301senclavement du Tchad salue la mise en \u0153uvre du projet. Dr Idriss Saleh Bachar en visite sur le terrain ce 20 novembre 2023 aux co\u0302te\u0301s du ministre des Travaux publics, Emmanuel Nganou Djoumessi \u00bb, a annonce\u0301, mardi, le me\u0301dia d\u2019e\u0301tat camerounais, la CRTV.<\/p>\n<p>Pour rappel, les travaux de cette phase ont de\u0301bute\u0301 le 13 octobre 2014, pour une dure\u0301e de 48 mois. Mais ils ont connu deux prolongations de 12 (13 octobre 2018 au 12 octobre 2019) et 14,5 mois (13 octobre 2019 au 31 de\u0301cembre 2020) a\u0300 cause des nombreuses difficulte\u0301s. Du co\u0302te\u0301 de China First Highway Engineering, on parle d\u2019un ralentissement des travaux provoque\u0301 par les retards dans la libe\u0301ration des emprises par les populations riveraines et surtout dans le paiement des de\u0301comptes.<\/p>\n\r\n                <style type=\"text\/css\">\r\n                    \r\n                    #td_uid_1_69eea434e7092  .td-doubleSlider-2 .td-item1 {\r\n                        background: url(https:\/\/static.africa-press.net\/tchad\/sites\/41\/2023\/11\/sm_1700663055.549515-80x60.jpg) 0 0 no-repeat;\r\n                    }\r\n                    #td_uid_1_69eea434e7092  .td-doubleSlider-2 .td-item2 {\r\n                        background: url(https:\/\/static.africa-press.net\/tchad\/sites\/41\/2023\/11\/sm_1700663073.001301-80x60.jpg) 0 0 no-repeat;\r\n                    }\r\n                <\/style>\r\n\r\n                <div id=\"td_uid_1_69eea434e7092\" class=\"td-gallery td-slide-on-2-columns\">\r\n                    <div class=\"post_td_gallery\">\r\n                        <div class=\"td-gallery-slide-top\">\r\n                           <div class=\"td-gallery-title\"><\/div>\r\n\r\n                            <div class=\"td-gallery-controls-wrapper\">\r\n                                <div class=\"td-gallery-slide-count\"><span class=\"td-gallery-slide-item-focus\">1<\/span> de 2<\/div>\r\n                                <div class=\"td-gallery-slide-prev-next-but\">\r\n                                    <i class = \"td-icon-left doubleSliderPrevButton\"><\/i>\r\n                                    <i class = \"td-icon-right doubleSliderNextButton\"><\/i>\r\n                                <\/div>\r\n                            <\/div>\r\n                        <\/div>\r\n\r\n                        <div class = \"td-doubleSlider-1 \">\r\n                            <div class = \"td-slider\">\r\n                                \r\n                    <div class = \"td-slide-item td-item1\">\r\n                        <figure class=\"td-slide-galery-figure td-slide-popup-gallery\">\r\n                            <a class=\"slide-gallery-image-link\" href=\"https:\/\/static.africa-press.net\/tchad\/sites\/41\/2023\/11\/sm_1700663055.549515.jpg\" title=\"sm_1700663055.549515\"  data-caption=\"\"  data-description=\"\">\r\n                                <img decoding=\"async\" src=\"https:\/\/static.africa-press.net\/tchad\/sites\/41\/2023\/11\/sm_1700663055.549515.jpg\" srcset=\"https:\/\/static.africa-press.net\/tchad\/sites\/41\/2023\/11\/sm_1700663055.549515.jpg 680w, https:\/\/static.africa-press.net\/tchad\/sites\/41\/2023\/11\/sm_1700663055.549515-300x225.jpg 300w, https:\/\/static.africa-press.net\/tchad\/sites\/41\/2023\/11\/sm_1700663055.549515-80x60.jpg 80w\" sizes=\"(max-width: 680px) 100vw, 680px\" alt=\"\">\r\n                            <\/a>\r\n                            \r\n                        <\/figure>\r\n                    <\/div>\r\n                    <div class = \"td-slide-item td-item2\">\r\n                        <figure class=\"td-slide-galery-figure td-slide-popup-gallery\">\r\n                            <a class=\"slide-gallery-image-link\" href=\"https:\/\/static.africa-press.net\/tchad\/sites\/41\/2023\/11\/sm_1700663073.001301.jpg\" title=\"sm_1700663073.001301\"  data-caption=\"\"  data-description=\"\">\r\n                                <img decoding=\"async\" src=\"https:\/\/static.africa-press.net\/tchad\/sites\/41\/2023\/11\/sm_1700663073.001301.jpg\" srcset=\"https:\/\/static.africa-press.net\/tchad\/sites\/41\/2023\/11\/sm_1700663073.001301.jpg 680w, https:\/\/static.africa-press.net\/tchad\/sites\/41\/2023\/11\/sm_1700663073.001301-300x225.jpg 300w, https:\/\/static.africa-press.net\/tchad\/sites\/41\/2023\/11\/sm_1700663073.001301-80x60.jpg 80w\" sizes=\"(max-width: 680px) 100vw, 680px\" alt=\"\">\r\n                            <\/a>\r\n                            \r\n                        <\/figure>\r\n                    <\/div>\r\n                            <\/div>\r\n                        <\/div>\r\n\r\n                        <div class = \"td-doubleSlider-2\">\r\n                            <div class = \"td-slider\">\r\n                                \r\n                    <div class = \"td-button td-item1\">\r\n                        <div class = \"td-border\"><\/div>\r\n                    <\/div>\r\n                    <div class = \"td-button td-item2\">\r\n                        <div class = \"td-border\"><\/div>\r\n                    <\/div>\r\n                            <\/div>\r\n                        <\/div>\r\n\r\n                    <\/div>\r\n\r\n                <\/div>\r\n                \n<p><strong>Pour plus d&rsquo;informations et d&rsquo;analyses sur la <a href=\"https:\/\/www.africa-press.net\/tchad\">Tchad<\/a>, suivez <a href=\"https:\/\/www.africa-press.net\/\">Africa-Press<\/a><\/strong><\/p>\n","protected":false},"excerpt":{"rendered":"<p>Africa-Press &#8211; Tchad. Autoroute Yaounde\u0301-Douala, phase 1, le ministre des Infrastructures et du De\u0301senclavement du Tchad salue la mise en \u0153uvre du projet. Dr Idriss Saleh Bachar en visite sur le terrain ce 20 novembre 2023 aux co\u0302te\u0301s du ministre des Travaux publics, Emmanuel Nganou Djoumessi \u00bb, a annonce\u0301, mardi, le me\u0301dia d\u2019e\u0301tat camerounais, la [&hellip;]<\/p>\n","protected":false},"author":82,"featured_media":54368,"comment_status":"open","ping_status":"closed","sticky":false,"template":"","format":"standard","meta":{"footnotes":""},"categories":[3,8,10],"tags":[37,292,29],"class_list":["post-54369","post","type-post","status-publish","format-standard","has-post-thumbnail","hentry","category-economie","category-photo","category-toutes-les-actualites","tag-africa-press","tag-africa-press-tchad","tag-tchad"],"yoast_head":"<!-- This site is optimized with the Yoast SEO Premium plugin v26.1 (Yoast SEO v27.0) - https:\/\/yoast.com\/product\/yoast-seo-premium-wordpress\/ -->\n<title>Tchad \/ Cameroun : Le ministre des Infrastructures et du D\u00e9senclavement du Tchad salue la mise en \u0153uvre de l\u2019autoroute Yaound\u00e9 \u2013 Douala - tchad<\/title>\n<meta name=\"description\" content=\"Autoroute Yaounde\u0301-Douala, phase 1, le ministre des Infrastructures et du De\u0301senclavement du Tchad salue la mise en \u0153uvr ...\" \/>\n<meta name=\"robots\" content=\"index, follow, max-snippet:-1, max-image-preview:large, max-video-preview:-1\" \/>\n<link rel=\"canonical\" href=\"https:\/\/www.africa-press.net\/tchad\/economie\/tchad-cameroun-le-ministre-des-infrastructures-et-du-desenclavement-du-tchad-salue-la-mise-en-oeuvre-de-lautoroute-yaounde-douala\" \/>\n<meta property=\"og:locale\" content=\"fr_FR\" \/>\n<meta property=\"og:type\" content=\"article\" \/>\n<meta property=\"og:title\" content=\"Tchad \/ Cameroun : Le ministre des Infrastructures et du D\u00e9senclavement du Tchad salue la mise en \u0153uvre de l\u2019autoroute Yaound\u00e9 \u2013 Douala\" \/>\n<meta property=\"og:description\" content=\"Autoroute Yaounde\u0301-Douala, phase 1, le ministre des Infrastructures et du De\u0301senclavement du Tchad salue la mise en \u0153uvr ...\" \/>\n<meta property=\"og:url\" content=\"https:\/\/www.africa-press.net\/tchad\/economie\/tchad-cameroun-le-ministre-des-infrastructures-et-du-desenclavement-du-tchad-salue-la-mise-en-oeuvre-de-lautoroute-yaounde-douala\" \/>\n<meta property=\"og:site_name\" content=\"tchad\" \/>\n<meta property=\"article:published_time\" content=\"2023-11-22T17:07:04+00:00\" \/>\n<meta property=\"article:modified_time\" content=\"2023-11-22T17:55:45+00:00\" \/>\n<meta property=\"og:image\" content=\"https:\/\/static.africa-press.net\/tchad\/sites\/41\/2023\/11\/sm_1700663085.627124.jpg\" \/>\n\t<meta property=\"og:image:width\" content=\"720\" \/>\n\t<meta property=\"og:image:height\" content=\"540\" \/>\n\t<meta property=\"og:image:type\" content=\"image\/jpeg\" \/>\n<meta name=\"author\" content=\"cfeditorfr\" \/>\n<meta name=\"twitter:card\" content=\"summary_large_image\" \/>\n<meta name=\"twitter:label1\" content=\"\u00c9crit par\" \/>\n\t<meta name=\"twitter:data1\" content=\"cfeditorfr\" \/>\n\t<meta name=\"twitter:label2\" content=\"Dur\u00e9e de lecture estim\u00e9e\" \/>\n\t<meta name=\"twitter:data2\" content=\"1 minute\" \/>\n<script type=\"application\/ld+json\" class=\"yoast-schema-graph\">{\"@context\":\"https:\/\/schema.org\",\"@graph\":[{\"@type\":\"Article\",\"@id\":\"https:\/\/www.africa-press.net\/tchad\/economie\/tchad-cameroun-le-ministre-des-infrastructures-et-du-desenclavement-du-tchad-salue-la-mise-en-oeuvre-de-lautoroute-yaounde-douala#article\",\"isPartOf\":{\"@id\":\"https:\/\/www.africa-press.net\/tchad\/economie\/tchad-cameroun-le-ministre-des-infrastructures-et-du-desenclavement-du-tchad-salue-la-mise-en-oeuvre-de-lautoroute-yaounde-douala\"},\"author\":{\"name\":\"cfeditorfr\",\"@id\":\"https:\/\/www.africa-press.net\/tchad\/#\/schema\/person\/2b1cf3cd81a31e3cd26889ca66d677f1\"},\"headline\":\"Tchad \/ Cameroun : Le ministre des Infrastructures et du D\u00e9senclavement du Tchad salue la mise en \u0153uvre de l\u2019autoroute Yaound\u00e9 \u2013 Douala\",\"datePublished\":\"2023-11-22T17:07:04+00:00\",\"dateModified\":\"2023-11-22T17:55:45+00:00\",\"mainEntityOfPage\":{\"@id\":\"https:\/\/www.africa-press.net\/tchad\/economie\/tchad-cameroun-le-ministre-des-infrastructures-et-du-desenclavement-du-tchad-salue-la-mise-en-oeuvre-de-lautoroute-yaounde-douala\"},\"wordCount\":180,\"commentCount\":0,\"image\":{\"@id\":\"https:\/\/www.africa-press.net\/tchad\/economie\/tchad-cameroun-le-ministre-des-infrastructures-et-du-desenclavement-du-tchad-salue-la-mise-en-oeuvre-de-lautoroute-yaounde-douala#primaryimage\"},\"thumbnailUrl\":\"https:\/\/static.africa-press.net\/tchad\/sites\/41\/2023\/11\/sm_1700663085.627124.jpg\",\"keywords\":[\"Africa Press\",\"Africa Press-Tchad\",\"Tchad\"],\"articleSection\":[\"\u00c9conomie\",\"Photo\",\"Toutes les actualit\u00e9s\"],\"inLanguage\":\"fr-FR\",\"potentialAction\":[{\"@type\":\"CommentAction\",\"name\":\"Comment\",\"target\":[\"https:\/\/www.africa-press.net\/tchad\/economie\/tchad-cameroun-le-ministre-des-infrastructures-et-du-desenclavement-du-tchad-salue-la-mise-en-oeuvre-de-lautoroute-yaounde-douala#respond\"]}]},{\"@type\":\"WebPage\",\"@id\":\"https:\/\/www.africa-press.net\/tchad\/economie\/tchad-cameroun-le-ministre-des-infrastructures-et-du-desenclavement-du-tchad-salue-la-mise-en-oeuvre-de-lautoroute-yaounde-douala\",\"url\":\"https:\/\/www.africa-press.net\/tchad\/economie\/tchad-cameroun-le-ministre-des-infrastructures-et-du-desenclavement-du-tchad-salue-la-mise-en-oeuvre-de-lautoroute-yaounde-douala\",\"name\":\"Tchad \/ Cameroun : Le ministre des Infrastructures et du D\u00e9senclavement du Tchad salue la mise en \u0153uvre de l\u2019autoroute Yaound\u00e9 \u2013 Douala - tchad\",\"isPartOf\":{\"@id\":\"https:\/\/www.africa-press.net\/tchad\/#website\"},\"primaryImageOfPage\":{\"@id\":\"https:\/\/www.africa-press.net\/tchad\/economie\/tchad-cameroun-le-ministre-des-infrastructures-et-du-desenclavement-du-tchad-salue-la-mise-en-oeuvre-de-lautoroute-yaounde-douala#primaryimage\"},\"image\":{\"@id\":\"https:\/\/www.africa-press.net\/tchad\/economie\/tchad-cameroun-le-ministre-des-infrastructures-et-du-desenclavement-du-tchad-salue-la-mise-en-oeuvre-de-lautoroute-yaounde-douala#primaryimage\"},\"thumbnailUrl\":\"https:\/\/static.africa-press.net\/tchad\/sites\/41\/2023\/11\/sm_1700663085.627124.jpg\",\"datePublished\":\"2023-11-22T17:07:04+00:00\",\"dateModified\":\"2023-11-22T17:55:45+00:00\",\"author\":{\"@id\":\"https:\/\/www.africa-press.net\/tchad\/#\/schema\/person\/2b1cf3cd81a31e3cd26889ca66d677f1\"},\"description\":\"Autoroute Yaounde\u0301-Douala, phase 1, le ministre des Infrastructures et du De\u0301senclavement du Tchad salue la mise en \u0153uvr ...\",\"breadcrumb\":{\"@id\":\"https:\/\/www.africa-press.net\/tchad\/economie\/tchad-cameroun-le-ministre-des-infrastructures-et-du-desenclavement-du-tchad-salue-la-mise-en-oeuvre-de-lautoroute-yaounde-douala#breadcrumb\"},\"inLanguage\":\"fr-FR\",\"potentialAction\":[{\"@type\":\"ReadAction\",\"target\":[\"https:\/\/www.africa-press.net\/tchad\/economie\/tchad-cameroun-le-ministre-des-infrastructures-et-du-desenclavement-du-tchad-salue-la-mise-en-oeuvre-de-lautoroute-yaounde-douala\"]}]},{\"@type\":\"ImageObject\",\"inLanguage\":\"fr-FR\",\"@id\":\"https:\/\/www.africa-press.net\/tchad\/economie\/tchad-cameroun-le-ministre-des-infrastructures-et-du-desenclavement-du-tchad-salue-la-mise-en-oeuvre-de-lautoroute-yaounde-douala#primaryimage\",\"url\":\"https:\/\/static.africa-press.net\/tchad\/sites\/41\/2023\/11\/sm_1700663085.627124.jpg\",\"contentUrl\":\"https:\/\/static.africa-press.net\/tchad\/sites\/41\/2023\/11\/sm_1700663085.627124.jpg\",\"width\":720,\"height\":540,\"caption\":\"Tchad \/ Cameroun : Le ministre des Infrastructures et du D\u00e9senclavement du Tchad salue la mise en \u0153uvre de l\u2019autoroute Yaound\u00e9 \u2013 Douala\"},{\"@type\":\"BreadcrumbList\",\"@id\":\"https:\/\/www.africa-press.net\/tchad\/economie\/tchad-cameroun-le-ministre-des-infrastructures-et-du-desenclavement-du-tchad-salue-la-mise-en-oeuvre-de-lautoroute-yaounde-douala#breadcrumb\",\"itemListElement\":[{\"@type\":\"ListItem\",\"position\":1,\"name\":\"Accueil\",\"item\":\"https:\/\/www.africa-press.net\/tchad\/\"},{\"@type\":\"ListItem\",\"position\":2,\"name\":\"Tchad \/ Cameroun : Le ministre des Infrastructures et du D\u00e9senclavement du Tchad salue la mise en \u0153uvre de l\u2019autoroute Yaound\u00e9 \u2013 Douala\"}]},{\"@type\":\"WebSite\",\"@id\":\"https:\/\/www.africa-press.net\/tchad\/#website\",\"url\":\"https:\/\/www.africa-press.net\/tchad\/\",\"name\":\"tchad\",\"description\":\"Just another Africa News Agency Sites site\",\"potentialAction\":[{\"@type\":\"SearchAction\",\"target\":{\"@type\":\"EntryPoint\",\"urlTemplate\":\"https:\/\/www.africa-press.net\/tchad\/?s={search_term_string}\"},\"query-input\":{\"@type\":\"PropertyValueSpecification\",\"valueRequired\":true,\"valueName\":\"search_term_string\"}}],\"inLanguage\":\"fr-FR\"},{\"@type\":\"Person\",\"@id\":\"https:\/\/www.africa-press.net\/tchad\/#\/schema\/person\/2b1cf3cd81a31e3cd26889ca66d677f1\",\"name\":\"cfeditorfr\"}]}<\/script>\n<!-- \/ Yoast SEO Premium plugin. -->","yoast_head_json":{"title":"Tchad \/ Cameroun : Le ministre des Infrastructures et du D\u00e9senclavement du Tchad salue la mise en \u0153uvre de l\u2019autoroute Yaound\u00e9 \u2013 Douala - tchad","description":"Autoroute Yaounde\u0301-Douala, phase 1, le ministre des Infrastructures et du De\u0301senclavement du Tchad salue la mise en \u0153uvr ...","robots":{"index":"index","follow":"follow","max-snippet":"max-snippet:-1","max-image-preview":"max-image-preview:large","max-video-preview":"max-video-preview:-1"},"canonical":"https:\/\/www.africa-press.net\/tchad\/economie\/tchad-cameroun-le-ministre-des-infrastructures-et-du-desenclavement-du-tchad-salue-la-mise-en-oeuvre-de-lautoroute-yaounde-douala","og_locale":"fr_FR","og_type":"article","og_title":"Tchad \/ Cameroun : Le ministre des Infrastructures et du D\u00e9senclavement du Tchad salue la mise en \u0153uvre de l\u2019autoroute Yaound\u00e9 \u2013 Douala","og_description":"Autoroute Yaounde\u0301-Douala, phase 1, le ministre des Infrastructures et du De\u0301senclavement du Tchad salue la mise en \u0153uvr ...","og_url":"https:\/\/www.africa-press.net\/tchad\/economie\/tchad-cameroun-le-ministre-des-infrastructures-et-du-desenclavement-du-tchad-salue-la-mise-en-oeuvre-de-lautoroute-yaounde-douala","og_site_name":"tchad","article_published_time":"2023-11-22T17:07:04+00:00","article_modified_time":"2023-11-22T17:55:45+00:00","og_image":[{"width":720,"height":540,"url":"https:\/\/static.africa-press.net\/tchad\/sites\/41\/2023\/11\/sm_1700663085.627124.jpg","type":"image\/jpeg"}],"author":"cfeditorfr","twitter_card":"summary_large_image","twitter_misc":{"\u00c9crit par":"cfeditorfr","Dur\u00e9e de lecture estim\u00e9e":"1 minute"},"schema":{"@context":"https:\/\/schema.org","@graph":[{"@type":"Article","@id":"https:\/\/www.africa-press.net\/tchad\/economie\/tchad-cameroun-le-ministre-des-infrastructures-et-du-desenclavement-du-tchad-salue-la-mise-en-oeuvre-de-lautoroute-yaounde-douala#article","isPartOf":{"@id":"https:\/\/www.africa-press.net\/tchad\/economie\/tchad-cameroun-le-ministre-des-infrastructures-et-du-desenclavement-du-tchad-salue-la-mise-en-oeuvre-de-lautoroute-yaounde-douala"},"author":{"name":"cfeditorfr","@id":"https:\/\/www.africa-press.net\/tchad\/#\/schema\/person\/2b1cf3cd81a31e3cd26889ca66d677f1"},"headline":"Tchad \/ Cameroun : Le ministre des Infrastructures et du D\u00e9senclavement du Tchad salue la mise en \u0153uvre de l\u2019autoroute Yaound\u00e9 \u2013 Douala","datePublished":"2023-11-22T17:07:04+00:00","dateModified":"2023-11-22T17:55:45+00:00","mainEntityOfPage":{"@id":"https:\/\/www.africa-press.net\/tchad\/economie\/tchad-cameroun-le-ministre-des-infrastructures-et-du-desenclavement-du-tchad-salue-la-mise-en-oeuvre-de-lautoroute-yaounde-douala"},"wordCount":180,"commentCount":0,"image":{"@id":"https:\/\/www.africa-press.net\/tchad\/economie\/tchad-cameroun-le-ministre-des-infrastructures-et-du-desenclavement-du-tchad-salue-la-mise-en-oeuvre-de-lautoroute-yaounde-douala#primaryimage"},"thumbnailUrl":"https:\/\/static.africa-press.net\/tchad\/sites\/41\/2023\/11\/sm_1700663085.627124.jpg","keywords":["Africa Press","Africa Press-Tchad","Tchad"],"articleSection":["\u00c9conomie","Photo","Toutes les actualit\u00e9s"],"inLanguage":"fr-FR","potentialAction":[{"@type":"CommentAction","name":"Comment","target":["https:\/\/www.africa-press.net\/tchad\/economie\/tchad-cameroun-le-ministre-des-infrastructures-et-du-desenclavement-du-tchad-salue-la-mise-en-oeuvre-de-lautoroute-yaounde-douala#respond"]}]},{"@type":"WebPage","@id":"https:\/\/www.africa-press.net\/tchad\/economie\/tchad-cameroun-le-ministre-des-infrastructures-et-du-desenclavement-du-tchad-salue-la-mise-en-oeuvre-de-lautoroute-yaounde-douala","url":"https:\/\/www.africa-press.net\/tchad\/economie\/tchad-cameroun-le-ministre-des-infrastructures-et-du-desenclavement-du-tchad-salue-la-mise-en-oeuvre-de-lautoroute-yaounde-douala","name":"Tchad \/ Cameroun : Le ministre des Infrastructures et du D\u00e9senclavement du Tchad salue la mise en \u0153uvre de l\u2019autoroute Yaound\u00e9 \u2013 Douala - tchad","isPartOf":{"@id":"https:\/\/www.africa-press.net\/tchad\/#website"},"primaryImageOfPage":{"@id":"https:\/\/www.africa-press.net\/tchad\/economie\/tchad-cameroun-le-ministre-des-infrastructures-et-du-desenclavement-du-tchad-salue-la-mise-en-oeuvre-de-lautoroute-yaounde-douala#primaryimage"},"image":{"@id":"https:\/\/www.africa-press.net\/tchad\/economie\/tchad-cameroun-le-ministre-des-infrastructures-et-du-desenclavement-du-tchad-salue-la-mise-en-oeuvre-de-lautoroute-yaounde-douala#primaryimage"},"thumbnailUrl":"https:\/\/static.africa-press.net\/tchad\/sites\/41\/2023\/11\/sm_1700663085.627124.jpg","datePublished":"2023-11-22T17:07:04+00:00","dateModified":"2023-11-22T17:55:45+00:00","author":{"@id":"https:\/\/www.africa-press.net\/tchad\/#\/schema\/person\/2b1cf3cd81a31e3cd26889ca66d677f1"},"description":"Autoroute Yaounde\u0301-Douala, phase 1, le ministre des Infrastructures et du De\u0301senclavement du Tchad salue la mise en \u0153uvr ...","breadcrumb":{"@id":"https:\/\/www.africa-press.net\/tchad\/economie\/tchad-cameroun-le-ministre-des-infrastructures-et-du-desenclavement-du-tchad-salue-la-mise-en-oeuvre-de-lautoroute-yaounde-douala#breadcrumb"},"inLanguage":"fr-FR","potentialAction":[{"@type":"ReadAction","target":["https:\/\/www.africa-press.net\/tchad\/economie\/tchad-cameroun-le-ministre-des-infrastructures-et-du-desenclavement-du-tchad-salue-la-mise-en-oeuvre-de-lautoroute-yaounde-douala"]}]},{"@type":"ImageObject","inLanguage":"fr-FR","@id":"https:\/\/www.africa-press.net\/tchad\/economie\/tchad-cameroun-le-ministre-des-infrastructures-et-du-desenclavement-du-tchad-salue-la-mise-en-oeuvre-de-lautoroute-yaounde-douala#primaryimage","url":"https:\/\/static.africa-press.net\/tchad\/sites\/41\/2023\/11\/sm_1700663085.627124.jpg","contentUrl":"https:\/\/static.africa-press.net\/tchad\/sites\/41\/2023\/11\/sm_1700663085.627124.jpg","width":720,"height":540,"caption":"Tchad \/ Cameroun : Le ministre des Infrastructures et du D\u00e9senclavement du Tchad salue la mise en \u0153uvre de l\u2019autoroute Yaound\u00e9 \u2013 Douala"},{"@type":"BreadcrumbList","@id":"https:\/\/www.africa-press.net\/tchad\/economie\/tchad-cameroun-le-ministre-des-infrastructures-et-du-desenclavement-du-tchad-salue-la-mise-en-oeuvre-de-lautoroute-yaounde-douala#breadcrumb","itemListElement":[{"@type":"ListItem","position":1,"name":"Accueil","item":"https:\/\/www.africa-press.net\/tchad\/"},{"@type":"ListItem","position":2,"name":"Tchad \/ Cameroun : Le ministre des Infrastructures et du D\u00e9senclavement du Tchad salue la mise en \u0153uvre de l\u2019autoroute Yaound\u00e9 \u2013 Douala"}]},{"@type":"WebSite","@id":"https:\/\/www.africa-press.net\/tchad\/#website","url":"https:\/\/www.africa-press.net\/tchad\/","name":"tchad","description":"Just another Africa News Agency Sites site","potentialAction":[{"@type":"SearchAction","target":{"@type":"EntryPoint","urlTemplate":"https:\/\/www.africa-press.net\/tchad\/?s={search_term_string}"},"query-input":{"@type":"PropertyValueSpecification","valueRequired":true,"valueName":"search_term_string"}}],"inLanguage":"fr-FR"},{"@type":"Person","@id":"https:\/\/www.africa-press.net\/tchad\/#\/schema\/person\/2b1cf3cd81a31e3cd26889ca66d677f1","name":"cfeditorfr"}]}},"_links":{"self":[{"href":"https:\/\/www.africa-press.net\/tchad\/wp-json\/wp\/v2\/posts\/54369","targetHints":{"allow":["GET"]}}],"collection":[{"href":"https:\/\/www.africa-press.net\/tchad\/wp-json\/wp\/v2\/posts"}],"about":[{"href":"https:\/\/www.africa-press.net\/tchad\/wp-json\/wp\/v2\/types\/post"}],"author":[{"embeddable":true,"href":"https:\/\/www.africa-press.net\/tchad\/wp-json\/wp\/v2\/users\/82"}],"replies":[{"embeddable":true,"href":"https:\/\/www.africa-press.net\/tchad\/wp-json\/wp\/v2\/comments?post=54369"}],"version-history":[{"count":0,"href":"https:\/\/www.africa-press.net\/tchad\/wp-json\/wp\/v2\/posts\/54369\/revisions"}],"wp:featuredmedia":[{"embeddable":true,"href":"https:\/\/www.africa-press.net\/tchad\/wp-json\/wp\/v2\/media\/54368"}],"wp:attachment":[{"href":"https:\/\/www.africa-press.net\/tchad\/wp-json\/wp\/v2\/media?parent=54369"}],"wp:term":[{"taxonomy":"category","embeddable":true,"href":"https:\/\/www.africa-press.net\/tchad\/wp-json\/wp\/v2\/categories?post=54369"},{"taxonomy":"post_tag","embeddable":true,"href":"https:\/\/www.africa-press.net\/tchad\/wp-json\/wp\/v2\/tags?post=54369"}],"curies":[{"name":"wp","href":"https:\/\/api.w.org\/{rel}","templated":true}]}}