{"id":54372,"date":"2023-11-22T17:23:46","date_gmt":"2023-11-22T17:23:46","guid":{"rendered":"https:\/\/www.africa-press.net\/tchad\/politique\/vulgarisation-du-projet-de-constitution-dans-le-moyen-chari"},"modified":"2023-11-22T18:32:15","modified_gmt":"2023-11-22T18:32:15","slug":"vulgarisation-du-projet-de-constitution-dans-le-moyen-chari","status":"publish","type":"post","link":"https:\/\/www.africa-press.net\/tchad\/politique\/vulgarisation-du-projet-de-constitution-dans-le-moyen-chari","title":{"rendered":"Vulgarisation du Projet de Constitution dans le Moyen Chari"},"content":{"rendered":"<p><span style=\"color: #ff6600\"><strong>Africa-Press &#8211; Tchad. <\/strong><\/span>La ce\u0301re\u0301monie du lancement a eu lieu le lundi 20 novembre 2023, en pre\u0301sence du Gouverneur Ousmane Brahim Djouma, des responsables civils, militaires et des chefs traditionnels de ladite province. L&rsquo;atelier de pre\u0301sentation du Projet de Constitution durera deux.<\/p>\n<p>Le contenu, surtout les innovations seront expose\u0301s par les deux experts avec de\u0301tail pour permettre a\u0300 la population du Logone Occidental de s\u2019impre\u0301gner re\u0301ellement du contenu du projet de la loi fondamentale avant le vote re\u0301fe\u0301rendaire fixe\u0301 pour le 17 de\u0301cembre prochain.<\/p>\n<p>Cette mission est l&rsquo;initiative du gouvernement tchadien en partenariat avec le PNUD. Elle est mene\u0301e essentiellement pour la re\u0301ussite du re\u0301fe\u0301rendum constitutionnel.<\/p>\n<p><strong>Pour plus d&rsquo;informations et d&rsquo;analyses sur la <a href=\"https:\/\/www.africa-press.net\/tchad\">Tchad<\/a>, suivez <a href=\"https:\/\/www.africa-press.net\/\">Africa-Press<\/a><\/strong><\/p>\n","protected":false},"excerpt":{"rendered":"<p>Africa-Press &#8211; Tchad. La ce\u0301re\u0301monie du lancement a eu lieu le lundi 20 novembre 2023, en pre\u0301sence du Gouverneur Ousmane Brahim Djouma, des responsables civils, militaires et des chefs traditionnels de ladite province. L&rsquo;atelier de pre\u0301sentation du Projet de Constitution durera deux. Le contenu, surtout les innovations seront expose\u0301s par les deux experts avec de\u0301tail [&hellip;]<\/p>\n","protected":false},"author":82,"featured_media":54371,"comment_status":"open","ping_status":"closed","sticky":false,"template":"","format":"standard","meta":{"footnotes":""},"categories":[2,10],"tags":[37,292,29],"class_list":["post-54372","post","type-post","status-publish","format-standard","has-post-thumbnail","hentry","category-politique","category-toutes-les-actualites","tag-africa-press","tag-africa-press-tchad","tag-tchad"],"yoast_head":"<!-- This site is optimized with the Yoast SEO Premium plugin v26.1 (Yoast SEO v27.0) - https:\/\/yoast.com\/product\/yoast-seo-premium-wordpress\/ -->\n<title>Vulgarisation du Projet de Constitution dans le Moyen Chari - tchad<\/title>\n<meta name=\"description\" content=\"La ce\u0301re\u0301monie du lancement a eu lieu le lundi 20 novembre 2023, en pre\u0301sence du Gouverneur Ousmane Brahim Djouma, des r ...\" \/>\n<meta name=\"robots\" content=\"index, follow, max-snippet:-1, max-image-preview:large, max-video-preview:-1\" \/>\n<link rel=\"canonical\" href=\"https:\/\/www.africa-press.net\/tchad\/politique\/vulgarisation-du-projet-de-constitution-dans-le-moyen-chari\" \/>\n<meta property=\"og:locale\" content=\"fr_FR\" \/>\n<meta property=\"og:type\" content=\"article\" \/>\n<meta property=\"og:title\" content=\"Vulgarisation du Projet de Constitution dans le Moyen Chari\" \/>\n<meta property=\"og:description\" content=\"La ce\u0301re\u0301monie du lancement a eu lieu le lundi 20 novembre 2023, en pre\u0301sence du Gouverneur Ousmane Brahim Djouma, des r ...\" \/>\n<meta property=\"og:url\" content=\"https:\/\/www.africa-press.net\/tchad\/politique\/vulgarisation-du-projet-de-constitution-dans-le-moyen-chari\" \/>\n<meta property=\"og:site_name\" content=\"tchad\" \/>\n<meta property=\"article:published_time\" content=\"2023-11-22T17:23:46+00:00\" \/>\n<meta property=\"article:modified_time\" content=\"2023-11-22T18:32:15+00:00\" \/>\n<meta property=\"og:image\" content=\"https:\/\/static.africa-press.net\/tchad\/sites\/41\/2023\/11\/sm_1700665252.495848.jpg\" \/>\n\t<meta property=\"og:image:width\" content=\"720\" \/>\n\t<meta property=\"og:image:height\" content=\"480\" \/>\n\t<meta property=\"og:image:type\" content=\"image\/jpeg\" \/>\n<meta name=\"author\" content=\"cfeditorfr\" \/>\n<meta name=\"twitter:card\" content=\"summary_large_image\" \/>\n<meta name=\"twitter:label1\" content=\"\u00c9crit par\" \/>\n\t<meta name=\"twitter:data1\" content=\"cfeditorfr\" \/>\n\t<meta name=\"twitter:label2\" content=\"Dur\u00e9e de lecture estim\u00e9e\" \/>\n\t<meta name=\"twitter:data2\" content=\"1 minute\" \/>\n<script type=\"application\/ld+json\" class=\"yoast-schema-graph\">{\"@context\":\"https:\/\/schema.org\",\"@graph\":[{\"@type\":\"Article\",\"@id\":\"https:\/\/www.africa-press.net\/tchad\/politique\/vulgarisation-du-projet-de-constitution-dans-le-moyen-chari#article\",\"isPartOf\":{\"@id\":\"https:\/\/www.africa-press.net\/tchad\/politique\/vulgarisation-du-projet-de-constitution-dans-le-moyen-chari\"},\"author\":{\"name\":\"cfeditorfr\",\"@id\":\"https:\/\/www.africa-press.net\/tchad\/#\/schema\/person\/2b1cf3cd81a31e3cd26889ca66d677f1\"},\"headline\":\"Vulgarisation du Projet de Constitution dans le Moyen Chari\",\"datePublished\":\"2023-11-22T17:23:46+00:00\",\"dateModified\":\"2023-11-22T18:32:15+00:00\",\"mainEntityOfPage\":{\"@id\":\"https:\/\/www.africa-press.net\/tchad\/politique\/vulgarisation-du-projet-de-constitution-dans-le-moyen-chari\"},\"wordCount\":142,\"commentCount\":0,\"image\":{\"@id\":\"https:\/\/www.africa-press.net\/tchad\/politique\/vulgarisation-du-projet-de-constitution-dans-le-moyen-chari#primaryimage\"},\"thumbnailUrl\":\"https:\/\/static.africa-press.net\/tchad\/sites\/41\/2023\/11\/sm_1700665252.495848.jpg\",\"keywords\":[\"Africa Press\",\"Africa Press-Tchad\",\"Tchad\"],\"articleSection\":[\"Politique\",\"Toutes les actualit\u00e9s\"],\"inLanguage\":\"fr-FR\",\"potentialAction\":[{\"@type\":\"CommentAction\",\"name\":\"Comment\",\"target\":[\"https:\/\/www.africa-press.net\/tchad\/politique\/vulgarisation-du-projet-de-constitution-dans-le-moyen-chari#respond\"]}]},{\"@type\":\"WebPage\",\"@id\":\"https:\/\/www.africa-press.net\/tchad\/politique\/vulgarisation-du-projet-de-constitution-dans-le-moyen-chari\",\"url\":\"https:\/\/www.africa-press.net\/tchad\/politique\/vulgarisation-du-projet-de-constitution-dans-le-moyen-chari\",\"name\":\"Vulgarisation du Projet de Constitution dans le Moyen Chari - tchad\",\"isPartOf\":{\"@id\":\"https:\/\/www.africa-press.net\/tchad\/#website\"},\"primaryImageOfPage\":{\"@id\":\"https:\/\/www.africa-press.net\/tchad\/politique\/vulgarisation-du-projet-de-constitution-dans-le-moyen-chari#primaryimage\"},\"image\":{\"@id\":\"https:\/\/www.africa-press.net\/tchad\/politique\/vulgarisation-du-projet-de-constitution-dans-le-moyen-chari#primaryimage\"},\"thumbnailUrl\":\"https:\/\/static.africa-press.net\/tchad\/sites\/41\/2023\/11\/sm_1700665252.495848.jpg\",\"datePublished\":\"2023-11-22T17:23:46+00:00\",\"dateModified\":\"2023-11-22T18:32:15+00:00\",\"author\":{\"@id\":\"https:\/\/www.africa-press.net\/tchad\/#\/schema\/person\/2b1cf3cd81a31e3cd26889ca66d677f1\"},\"description\":\"La ce\u0301re\u0301monie du lancement a eu lieu le lundi 20 novembre 2023, en pre\u0301sence du Gouverneur Ousmane Brahim Djouma, des r ...\",\"breadcrumb\":{\"@id\":\"https:\/\/www.africa-press.net\/tchad\/politique\/vulgarisation-du-projet-de-constitution-dans-le-moyen-chari#breadcrumb\"},\"inLanguage\":\"fr-FR\",\"potentialAction\":[{\"@type\":\"ReadAction\",\"target\":[\"https:\/\/www.africa-press.net\/tchad\/politique\/vulgarisation-du-projet-de-constitution-dans-le-moyen-chari\"]}]},{\"@type\":\"ImageObject\",\"inLanguage\":\"fr-FR\",\"@id\":\"https:\/\/www.africa-press.net\/tchad\/politique\/vulgarisation-du-projet-de-constitution-dans-le-moyen-chari#primaryimage\",\"url\":\"https:\/\/static.africa-press.net\/tchad\/sites\/41\/2023\/11\/sm_1700665252.495848.jpg\",\"contentUrl\":\"https:\/\/static.africa-press.net\/tchad\/sites\/41\/2023\/11\/sm_1700665252.495848.jpg\",\"width\":720,\"height\":480,\"caption\":\"Vulgarisation du Projet de Constitution dans le Moyen Chari\"},{\"@type\":\"BreadcrumbList\",\"@id\":\"https:\/\/www.africa-press.net\/tchad\/politique\/vulgarisation-du-projet-de-constitution-dans-le-moyen-chari#breadcrumb\",\"itemListElement\":[{\"@type\":\"ListItem\",\"position\":1,\"name\":\"Accueil\",\"item\":\"https:\/\/www.africa-press.net\/tchad\/\"},{\"@type\":\"ListItem\",\"position\":2,\"name\":\"Vulgarisation du Projet de Constitution dans le Moyen Chari\"}]},{\"@type\":\"WebSite\",\"@id\":\"https:\/\/www.africa-press.net\/tchad\/#website\",\"url\":\"https:\/\/www.africa-press.net\/tchad\/\",\"name\":\"tchad\",\"description\":\"Just another Africa News Agency Sites site\",\"potentialAction\":[{\"@type\":\"SearchAction\",\"target\":{\"@type\":\"EntryPoint\",\"urlTemplate\":\"https:\/\/www.africa-press.net\/tchad\/?s={search_term_string}\"},\"query-input\":{\"@type\":\"PropertyValueSpecification\",\"valueRequired\":true,\"valueName\":\"search_term_string\"}}],\"inLanguage\":\"fr-FR\"},{\"@type\":\"Person\",\"@id\":\"https:\/\/www.africa-press.net\/tchad\/#\/schema\/person\/2b1cf3cd81a31e3cd26889ca66d677f1\",\"name\":\"cfeditorfr\"}]}<\/script>\n<!-- \/ Yoast SEO Premium plugin. -->","yoast_head_json":{"title":"Vulgarisation du Projet de Constitution dans le Moyen Chari - tchad","description":"La ce\u0301re\u0301monie du lancement a eu lieu le lundi 20 novembre 2023, en pre\u0301sence du Gouverneur Ousmane Brahim Djouma, des r ...","robots":{"index":"index","follow":"follow","max-snippet":"max-snippet:-1","max-image-preview":"max-image-preview:large","max-video-preview":"max-video-preview:-1"},"canonical":"https:\/\/www.africa-press.net\/tchad\/politique\/vulgarisation-du-projet-de-constitution-dans-le-moyen-chari","og_locale":"fr_FR","og_type":"article","og_title":"Vulgarisation du Projet de Constitution dans le Moyen Chari","og_description":"La ce\u0301re\u0301monie du lancement a eu lieu le lundi 20 novembre 2023, en pre\u0301sence du Gouverneur Ousmane Brahim Djouma, des r ...","og_url":"https:\/\/www.africa-press.net\/tchad\/politique\/vulgarisation-du-projet-de-constitution-dans-le-moyen-chari","og_site_name":"tchad","article_published_time":"2023-11-22T17:23:46+00:00","article_modified_time":"2023-11-22T18:32:15+00:00","og_image":[{"width":720,"height":480,"url":"https:\/\/static.africa-press.net\/tchad\/sites\/41\/2023\/11\/sm_1700665252.495848.jpg","type":"image\/jpeg"}],"author":"cfeditorfr","twitter_card":"summary_large_image","twitter_misc":{"\u00c9crit par":"cfeditorfr","Dur\u00e9e de lecture estim\u00e9e":"1 minute"},"schema":{"@context":"https:\/\/schema.org","@graph":[{"@type":"Article","@id":"https:\/\/www.africa-press.net\/tchad\/politique\/vulgarisation-du-projet-de-constitution-dans-le-moyen-chari#article","isPartOf":{"@id":"https:\/\/www.africa-press.net\/tchad\/politique\/vulgarisation-du-projet-de-constitution-dans-le-moyen-chari"},"author":{"name":"cfeditorfr","@id":"https:\/\/www.africa-press.net\/tchad\/#\/schema\/person\/2b1cf3cd81a31e3cd26889ca66d677f1"},"headline":"Vulgarisation du Projet de Constitution dans le Moyen Chari","datePublished":"2023-11-22T17:23:46+00:00","dateModified":"2023-11-22T18:32:15+00:00","mainEntityOfPage":{"@id":"https:\/\/www.africa-press.net\/tchad\/politique\/vulgarisation-du-projet-de-constitution-dans-le-moyen-chari"},"wordCount":142,"commentCount":0,"image":{"@id":"https:\/\/www.africa-press.net\/tchad\/politique\/vulgarisation-du-projet-de-constitution-dans-le-moyen-chari#primaryimage"},"thumbnailUrl":"https:\/\/static.africa-press.net\/tchad\/sites\/41\/2023\/11\/sm_1700665252.495848.jpg","keywords":["Africa Press","Africa Press-Tchad","Tchad"],"articleSection":["Politique","Toutes les actualit\u00e9s"],"inLanguage":"fr-FR","potentialAction":[{"@type":"CommentAction","name":"Comment","target":["https:\/\/www.africa-press.net\/tchad\/politique\/vulgarisation-du-projet-de-constitution-dans-le-moyen-chari#respond"]}]},{"@type":"WebPage","@id":"https:\/\/www.africa-press.net\/tchad\/politique\/vulgarisation-du-projet-de-constitution-dans-le-moyen-chari","url":"https:\/\/www.africa-press.net\/tchad\/politique\/vulgarisation-du-projet-de-constitution-dans-le-moyen-chari","name":"Vulgarisation du Projet de Constitution dans le Moyen Chari - tchad","isPartOf":{"@id":"https:\/\/www.africa-press.net\/tchad\/#website"},"primaryImageOfPage":{"@id":"https:\/\/www.africa-press.net\/tchad\/politique\/vulgarisation-du-projet-de-constitution-dans-le-moyen-chari#primaryimage"},"image":{"@id":"https:\/\/www.africa-press.net\/tchad\/politique\/vulgarisation-du-projet-de-constitution-dans-le-moyen-chari#primaryimage"},"thumbnailUrl":"https:\/\/static.africa-press.net\/tchad\/sites\/41\/2023\/11\/sm_1700665252.495848.jpg","datePublished":"2023-11-22T17:23:46+00:00","dateModified":"2023-11-22T18:32:15+00:00","author":{"@id":"https:\/\/www.africa-press.net\/tchad\/#\/schema\/person\/2b1cf3cd81a31e3cd26889ca66d677f1"},"description":"La ce\u0301re\u0301monie du lancement a eu lieu le lundi 20 novembre 2023, en pre\u0301sence du Gouverneur Ousmane Brahim Djouma, des r ...","breadcrumb":{"@id":"https:\/\/www.africa-press.net\/tchad\/politique\/vulgarisation-du-projet-de-constitution-dans-le-moyen-chari#breadcrumb"},"inLanguage":"fr-FR","potentialAction":[{"@type":"ReadAction","target":["https:\/\/www.africa-press.net\/tchad\/politique\/vulgarisation-du-projet-de-constitution-dans-le-moyen-chari"]}]},{"@type":"ImageObject","inLanguage":"fr-FR","@id":"https:\/\/www.africa-press.net\/tchad\/politique\/vulgarisation-du-projet-de-constitution-dans-le-moyen-chari#primaryimage","url":"https:\/\/static.africa-press.net\/tchad\/sites\/41\/2023\/11\/sm_1700665252.495848.jpg","contentUrl":"https:\/\/static.africa-press.net\/tchad\/sites\/41\/2023\/11\/sm_1700665252.495848.jpg","width":720,"height":480,"caption":"Vulgarisation du Projet de Constitution dans le Moyen Chari"},{"@type":"BreadcrumbList","@id":"https:\/\/www.africa-press.net\/tchad\/politique\/vulgarisation-du-projet-de-constitution-dans-le-moyen-chari#breadcrumb","itemListElement":[{"@type":"ListItem","position":1,"name":"Accueil","item":"https:\/\/www.africa-press.net\/tchad\/"},{"@type":"ListItem","position":2,"name":"Vulgarisation du Projet de Constitution dans le Moyen Chari"}]},{"@type":"WebSite","@id":"https:\/\/www.africa-press.net\/tchad\/#website","url":"https:\/\/www.africa-press.net\/tchad\/","name":"tchad","description":"Just another Africa News Agency Sites site","potentialAction":[{"@type":"SearchAction","target":{"@type":"EntryPoint","urlTemplate":"https:\/\/www.africa-press.net\/tchad\/?s={search_term_string}"},"query-input":{"@type":"PropertyValueSpecification","valueRequired":true,"valueName":"search_term_string"}}],"inLanguage":"fr-FR"},{"@type":"Person","@id":"https:\/\/www.africa-press.net\/tchad\/#\/schema\/person\/2b1cf3cd81a31e3cd26889ca66d677f1","name":"cfeditorfr"}]}},"_links":{"self":[{"href":"https:\/\/www.africa-press.net\/tchad\/wp-json\/wp\/v2\/posts\/54372","targetHints":{"allow":["GET"]}}],"collection":[{"href":"https:\/\/www.africa-press.net\/tchad\/wp-json\/wp\/v2\/posts"}],"about":[{"href":"https:\/\/www.africa-press.net\/tchad\/wp-json\/wp\/v2\/types\/post"}],"author":[{"embeddable":true,"href":"https:\/\/www.africa-press.net\/tchad\/wp-json\/wp\/v2\/users\/82"}],"replies":[{"embeddable":true,"href":"https:\/\/www.africa-press.net\/tchad\/wp-json\/wp\/v2\/comments?post=54372"}],"version-history":[{"count":0,"href":"https:\/\/www.africa-press.net\/tchad\/wp-json\/wp\/v2\/posts\/54372\/revisions"}],"wp:featuredmedia":[{"embeddable":true,"href":"https:\/\/www.africa-press.net\/tchad\/wp-json\/wp\/v2\/media\/54371"}],"wp:attachment":[{"href":"https:\/\/www.africa-press.net\/tchad\/wp-json\/wp\/v2\/media?parent=54372"}],"wp:term":[{"taxonomy":"category","embeddable":true,"href":"https:\/\/www.africa-press.net\/tchad\/wp-json\/wp\/v2\/categories?post=54372"},{"taxonomy":"post_tag","embeddable":true,"href":"https:\/\/www.africa-press.net\/tchad\/wp-json\/wp\/v2\/tags?post=54372"}],"curies":[{"name":"wp","href":"https:\/\/api.w.org\/{rel}","templated":true}]}}