{"id":54374,"date":"2023-11-22T17:23:53","date_gmt":"2023-11-22T17:23:53","guid":{"rendered":"https:\/\/www.africa-press.net\/tchad\/politique\/la-journee-mondiale-de-lenfance-sur-fond-de-changement-climatique"},"modified":"2023-11-22T18:33:06","modified_gmt":"2023-11-22T18:33:06","slug":"la-journee-mondiale-de-lenfance-sur-fond-de-changement-climatique","status":"publish","type":"post","link":"https:\/\/www.africa-press.net\/tchad\/toutes-les-actualites\/la-journee-mondiale-de-lenfance-sur-fond-de-changement-climatique","title":{"rendered":"la Journ\u00e9e mondiale de l&rsquo;enfance sur fond de changement climatique"},"content":{"rendered":"<p><span style=\"color: #ff6600\"><strong>Africa-Press &#8211; Tchad. <\/strong><\/span>Dans le cadre du projet \u00ab Engagement et un renforcement des capacite\u0301s des me\u0301dias nationaux en faveur du plaidoyer et de la promotion des droits de l&rsquo;Enfant dans les me\u0301dias \u00bb, en sa deuxie\u0300me phase, finance\u0301 par l&rsquo;UNICEF, le ministe\u0300re de la Communication, a\u0300 travers sa direction de la Coope\u0301ration, en consortium avec l&rsquo;UJT et la Maison des Me\u0301dias du Tchad, a organise\u0301 le 20 novembre dernier, a\u0300 la Maison des Me\u0301dias du Tchad, un cafe\u0301 de presse.<\/p>\n<p>Il s\u2019agit d\u2019une activite\u0301 qui entre dans le cadre de la comme\u0301moration de la Journe\u0301e mondiale de l&rsquo;enfance. En effet, la Journe\u0301e mondiale de l&rsquo;enfance est l&rsquo;un des moments phares de l&rsquo;UNICEF ce\u0301le\u0301bre\u0301e chaque anne\u0301e le 20 novembre, pour sensibiliser l&rsquo;opinion publique et acce\u0301le\u0301rer les progre\u0300s vers la re\u0301alisation des droits de l&rsquo;enfant.<\/p>\n<p>A cet effet, avec la COP28 qui de\u0301butera le 30 novembre 2023, la Journe\u0301e mondiale de l&rsquo;enfance devra servir de plateforme unique pour insister sur le fait que la crise climatique est une crise des droits de l&rsquo;enfant.<\/p>\n<p>La pre\u0301sidente du parlement des Enfants du Tchad, Togue Yallah Anita Horbira, a indique\u0301 que le changement climatique affecte particulie\u0300rement les enfants, car ces derniers sont confronte\u0301s a\u0300 la famine, les inondations, la chaleur, la poussie\u0300re et un faible acce\u0300s a\u0300 l&rsquo;eau.<\/p>\n<p>\u00ab Nous devons prote\u0301ger les enfants de l&rsquo;impact du changement climatique car si la plane\u0300te va mal, les enfants iront mal \u00bb, a-t-elle insiste\u0301.<\/p>\n<p>De son co\u0302te\u0301, Oumar Doumbouya, chef de section WASH a\u0300 l&rsquo;UNICEF Tchad, a affirme\u0301 que le Tchad repre\u0301sente le deuxie\u0300me pays au monde ou\u0300 les enfants sont les plus expose\u0301s aux risques climatiques, et fait e\u0301galement partie des dix pays a\u0300 risque extre\u0302mement e\u0301leve\u0301, face aux menaces lie\u0301es a\u0300 l&rsquo;eau.<\/p>\n<p>Le directeur du hangement climatique du ministe\u0300re de l&rsquo;Environnement, Soumaila Oumar Gadji, a souligne\u0301 que les attentes du Tchad a\u0300 la future COP28 sont entre autres : un engagement financier, l\u2019exigence du respect de l&rsquo;Accord de Paris, veiller a\u0300 l&rsquo;ope\u0301rationnalisation du Fonds spe\u0301cial sur les pertes et dommages d&rsquo;ici 2024, demander des appuis financiers pour la mise en \u0153uvre et le suivi des contributions au niveau national.<\/p>\n<p>Durant ce cafe\u0301 de presse, des volontaires de U-Reporters, de Super Banat et de Eco-Engagement, ont mis en avant les actions de leurs engagements, notamment l&rsquo;engagement citoyen lors catastrophes naturelles, la promotion de l&rsquo;hygie\u0300ne menstruelle et un plaidoyer pour l&rsquo;acce\u0300s aux services d&rsquo;hygie\u0300ne dans les e\u0301coles, et enfin des actions en faveur de la protection de l&rsquo;environnement.<\/p>\n<p><strong>Pour plus d&rsquo;informations et d&rsquo;analyses sur la <a href=\"https:\/\/www.africa-press.net\/tchad\">Tchad<\/a>, suivez <a href=\"https:\/\/www.africa-press.net\/\">Africa-Press<\/a><\/strong><\/p>\n","protected":false},"excerpt":{"rendered":"<p>Africa-Press &#8211; Tchad. Dans le cadre du projet \u00ab Engagement et un renforcement des capacite\u0301s des me\u0301dias nationaux en faveur du plaidoyer et de la promotion des droits de l&rsquo;Enfant dans les me\u0301dias \u00bb, en sa deuxie\u0300me phase, finance\u0301 par l&rsquo;UNICEF, le ministe\u0300re de la Communication, a\u0300 travers sa direction de la Coope\u0301ration, en consortium [&hellip;]<\/p>\n","protected":false},"author":82,"featured_media":54373,"comment_status":"open","ping_status":"closed","sticky":false,"template":"","format":"standard","meta":{"footnotes":""},"categories":[21,10],"tags":[37,292,29],"class_list":["post-54374","post","type-post","status-publish","format-standard","has-post-thumbnail","hentry","category-communaute","category-toutes-les-actualites","tag-africa-press","tag-africa-press-tchad","tag-tchad"],"yoast_head":"<!-- This site is optimized with the Yoast SEO Premium plugin v26.1 (Yoast SEO v27.0) - https:\/\/yoast.com\/product\/yoast-seo-premium-wordpress\/ -->\n<title>la Journ\u00e9e mondiale de l&#039;enfance sur fond de changement climatique - tchad<\/title>\n<meta name=\"description\" content=\"Dans le cadre du projet \u00ab Engagement et un renforcement des capacite\u0301s des me\u0301dias nationaux en faveur du plaidoyer et d ...\" \/>\n<meta name=\"robots\" content=\"index, follow, max-snippet:-1, max-image-preview:large, max-video-preview:-1\" \/>\n<link rel=\"canonical\" href=\"https:\/\/www.africa-press.net\/tchad\/toutes-les-actualites\/la-journee-mondiale-de-lenfance-sur-fond-de-changement-climatique\" \/>\n<meta property=\"og:locale\" content=\"fr_FR\" \/>\n<meta property=\"og:type\" content=\"article\" \/>\n<meta property=\"og:title\" content=\"la Journ\u00e9e mondiale de l&#039;enfance sur fond de changement climatique\" \/>\n<meta property=\"og:description\" content=\"Dans le cadre du projet \u00ab Engagement et un renforcement des capacite\u0301s des me\u0301dias nationaux en faveur du plaidoyer et d ...\" \/>\n<meta property=\"og:url\" content=\"https:\/\/www.africa-press.net\/tchad\/toutes-les-actualites\/la-journee-mondiale-de-lenfance-sur-fond-de-changement-climatique\" \/>\n<meta property=\"og:site_name\" content=\"tchad\" \/>\n<meta property=\"article:published_time\" content=\"2023-11-22T17:23:53+00:00\" \/>\n<meta property=\"article:modified_time\" content=\"2023-11-22T18:33:06+00:00\" \/>\n<meta property=\"og:image\" content=\"https:\/\/static.africa-press.net\/tchad\/sites\/41\/2023\/11\/sm_1700665311.178716.jpg\" \/>\n\t<meta property=\"og:image:width\" content=\"1080\" \/>\n\t<meta property=\"og:image:height\" content=\"809\" \/>\n\t<meta property=\"og:image:type\" content=\"image\/jpeg\" \/>\n<meta name=\"author\" content=\"cfeditorfr\" \/>\n<meta name=\"twitter:card\" content=\"summary_large_image\" \/>\n<meta name=\"twitter:label1\" content=\"\u00c9crit par\" \/>\n\t<meta name=\"twitter:data1\" content=\"cfeditorfr\" \/>\n\t<meta name=\"twitter:label2\" content=\"Dur\u00e9e de lecture estim\u00e9e\" \/>\n\t<meta name=\"twitter:data2\" content=\"3 minutes\" \/>\n<script type=\"application\/ld+json\" class=\"yoast-schema-graph\">{\"@context\":\"https:\/\/schema.org\",\"@graph\":[{\"@type\":\"Article\",\"@id\":\"https:\/\/www.africa-press.net\/tchad\/toutes-les-actualites\/la-journee-mondiale-de-lenfance-sur-fond-de-changement-climatique#article\",\"isPartOf\":{\"@id\":\"https:\/\/www.africa-press.net\/tchad\/toutes-les-actualites\/la-journee-mondiale-de-lenfance-sur-fond-de-changement-climatique\"},\"author\":{\"name\":\"cfeditorfr\",\"@id\":\"https:\/\/www.africa-press.net\/tchad\/#\/schema\/person\/2b1cf3cd81a31e3cd26889ca66d677f1\"},\"headline\":\"la Journ\u00e9e mondiale de l&rsquo;enfance sur fond de changement climatique\",\"datePublished\":\"2023-11-22T17:23:53+00:00\",\"dateModified\":\"2023-11-22T18:33:06+00:00\",\"mainEntityOfPage\":{\"@id\":\"https:\/\/www.africa-press.net\/tchad\/toutes-les-actualites\/la-journee-mondiale-de-lenfance-sur-fond-de-changement-climatique\"},\"wordCount\":496,\"commentCount\":0,\"image\":{\"@id\":\"https:\/\/www.africa-press.net\/tchad\/toutes-les-actualites\/la-journee-mondiale-de-lenfance-sur-fond-de-changement-climatique#primaryimage\"},\"thumbnailUrl\":\"https:\/\/static.africa-press.net\/tchad\/sites\/41\/2023\/11\/sm_1700665311.178716.jpg\",\"keywords\":[\"Africa Press\",\"Africa Press-Tchad\",\"Tchad\"],\"articleSection\":[\"Communaut\u00e9\",\"Toutes les actualit\u00e9s\"],\"inLanguage\":\"fr-FR\",\"potentialAction\":[{\"@type\":\"CommentAction\",\"name\":\"Comment\",\"target\":[\"https:\/\/www.africa-press.net\/tchad\/toutes-les-actualites\/la-journee-mondiale-de-lenfance-sur-fond-de-changement-climatique#respond\"]}]},{\"@type\":\"WebPage\",\"@id\":\"https:\/\/www.africa-press.net\/tchad\/toutes-les-actualites\/la-journee-mondiale-de-lenfance-sur-fond-de-changement-climatique\",\"url\":\"https:\/\/www.africa-press.net\/tchad\/toutes-les-actualites\/la-journee-mondiale-de-lenfance-sur-fond-de-changement-climatique\",\"name\":\"la Journ\u00e9e mondiale de l'enfance sur fond de changement climatique - tchad\",\"isPartOf\":{\"@id\":\"https:\/\/www.africa-press.net\/tchad\/#website\"},\"primaryImageOfPage\":{\"@id\":\"https:\/\/www.africa-press.net\/tchad\/toutes-les-actualites\/la-journee-mondiale-de-lenfance-sur-fond-de-changement-climatique#primaryimage\"},\"image\":{\"@id\":\"https:\/\/www.africa-press.net\/tchad\/toutes-les-actualites\/la-journee-mondiale-de-lenfance-sur-fond-de-changement-climatique#primaryimage\"},\"thumbnailUrl\":\"https:\/\/static.africa-press.net\/tchad\/sites\/41\/2023\/11\/sm_1700665311.178716.jpg\",\"datePublished\":\"2023-11-22T17:23:53+00:00\",\"dateModified\":\"2023-11-22T18:33:06+00:00\",\"author\":{\"@id\":\"https:\/\/www.africa-press.net\/tchad\/#\/schema\/person\/2b1cf3cd81a31e3cd26889ca66d677f1\"},\"description\":\"Dans le cadre du projet \u00ab Engagement et un renforcement des capacite\u0301s des me\u0301dias nationaux en faveur du plaidoyer et d ...\",\"breadcrumb\":{\"@id\":\"https:\/\/www.africa-press.net\/tchad\/toutes-les-actualites\/la-journee-mondiale-de-lenfance-sur-fond-de-changement-climatique#breadcrumb\"},\"inLanguage\":\"fr-FR\",\"potentialAction\":[{\"@type\":\"ReadAction\",\"target\":[\"https:\/\/www.africa-press.net\/tchad\/toutes-les-actualites\/la-journee-mondiale-de-lenfance-sur-fond-de-changement-climatique\"]}]},{\"@type\":\"ImageObject\",\"inLanguage\":\"fr-FR\",\"@id\":\"https:\/\/www.africa-press.net\/tchad\/toutes-les-actualites\/la-journee-mondiale-de-lenfance-sur-fond-de-changement-climatique#primaryimage\",\"url\":\"https:\/\/static.africa-press.net\/tchad\/sites\/41\/2023\/11\/sm_1700665311.178716.jpg\",\"contentUrl\":\"https:\/\/static.africa-press.net\/tchad\/sites\/41\/2023\/11\/sm_1700665311.178716.jpg\",\"width\":1080,\"height\":809,\"caption\":\"la Journ\u00e9e mondiale de l'enfance sur fond de changement climatique\"},{\"@type\":\"BreadcrumbList\",\"@id\":\"https:\/\/www.africa-press.net\/tchad\/toutes-les-actualites\/la-journee-mondiale-de-lenfance-sur-fond-de-changement-climatique#breadcrumb\",\"itemListElement\":[{\"@type\":\"ListItem\",\"position\":1,\"name\":\"Accueil\",\"item\":\"https:\/\/www.africa-press.net\/tchad\/\"},{\"@type\":\"ListItem\",\"position\":2,\"name\":\"la Journ\u00e9e mondiale de l&#8217;enfance sur fond de changement climatique\"}]},{\"@type\":\"WebSite\",\"@id\":\"https:\/\/www.africa-press.net\/tchad\/#website\",\"url\":\"https:\/\/www.africa-press.net\/tchad\/\",\"name\":\"tchad\",\"description\":\"Just another Africa News Agency Sites site\",\"potentialAction\":[{\"@type\":\"SearchAction\",\"target\":{\"@type\":\"EntryPoint\",\"urlTemplate\":\"https:\/\/www.africa-press.net\/tchad\/?s={search_term_string}\"},\"query-input\":{\"@type\":\"PropertyValueSpecification\",\"valueRequired\":true,\"valueName\":\"search_term_string\"}}],\"inLanguage\":\"fr-FR\"},{\"@type\":\"Person\",\"@id\":\"https:\/\/www.africa-press.net\/tchad\/#\/schema\/person\/2b1cf3cd81a31e3cd26889ca66d677f1\",\"name\":\"cfeditorfr\"}]}<\/script>\n<!-- \/ Yoast SEO Premium plugin. -->","yoast_head_json":{"title":"la Journ\u00e9e mondiale de l'enfance sur fond de changement climatique - tchad","description":"Dans le cadre du projet \u00ab Engagement et un renforcement des capacite\u0301s des me\u0301dias nationaux en faveur du plaidoyer et d ...","robots":{"index":"index","follow":"follow","max-snippet":"max-snippet:-1","max-image-preview":"max-image-preview:large","max-video-preview":"max-video-preview:-1"},"canonical":"https:\/\/www.africa-press.net\/tchad\/toutes-les-actualites\/la-journee-mondiale-de-lenfance-sur-fond-de-changement-climatique","og_locale":"fr_FR","og_type":"article","og_title":"la Journ\u00e9e mondiale de l'enfance sur fond de changement climatique","og_description":"Dans le cadre du projet \u00ab Engagement et un renforcement des capacite\u0301s des me\u0301dias nationaux en faveur du plaidoyer et d ...","og_url":"https:\/\/www.africa-press.net\/tchad\/toutes-les-actualites\/la-journee-mondiale-de-lenfance-sur-fond-de-changement-climatique","og_site_name":"tchad","article_published_time":"2023-11-22T17:23:53+00:00","article_modified_time":"2023-11-22T18:33:06+00:00","og_image":[{"width":1080,"height":809,"url":"https:\/\/static.africa-press.net\/tchad\/sites\/41\/2023\/11\/sm_1700665311.178716.jpg","type":"image\/jpeg"}],"author":"cfeditorfr","twitter_card":"summary_large_image","twitter_misc":{"\u00c9crit par":"cfeditorfr","Dur\u00e9e de lecture estim\u00e9e":"3 minutes"},"schema":{"@context":"https:\/\/schema.org","@graph":[{"@type":"Article","@id":"https:\/\/www.africa-press.net\/tchad\/toutes-les-actualites\/la-journee-mondiale-de-lenfance-sur-fond-de-changement-climatique#article","isPartOf":{"@id":"https:\/\/www.africa-press.net\/tchad\/toutes-les-actualites\/la-journee-mondiale-de-lenfance-sur-fond-de-changement-climatique"},"author":{"name":"cfeditorfr","@id":"https:\/\/www.africa-press.net\/tchad\/#\/schema\/person\/2b1cf3cd81a31e3cd26889ca66d677f1"},"headline":"la Journ\u00e9e mondiale de l&rsquo;enfance sur fond de changement climatique","datePublished":"2023-11-22T17:23:53+00:00","dateModified":"2023-11-22T18:33:06+00:00","mainEntityOfPage":{"@id":"https:\/\/www.africa-press.net\/tchad\/toutes-les-actualites\/la-journee-mondiale-de-lenfance-sur-fond-de-changement-climatique"},"wordCount":496,"commentCount":0,"image":{"@id":"https:\/\/www.africa-press.net\/tchad\/toutes-les-actualites\/la-journee-mondiale-de-lenfance-sur-fond-de-changement-climatique#primaryimage"},"thumbnailUrl":"https:\/\/static.africa-press.net\/tchad\/sites\/41\/2023\/11\/sm_1700665311.178716.jpg","keywords":["Africa Press","Africa Press-Tchad","Tchad"],"articleSection":["Communaut\u00e9","Toutes les actualit\u00e9s"],"inLanguage":"fr-FR","potentialAction":[{"@type":"CommentAction","name":"Comment","target":["https:\/\/www.africa-press.net\/tchad\/toutes-les-actualites\/la-journee-mondiale-de-lenfance-sur-fond-de-changement-climatique#respond"]}]},{"@type":"WebPage","@id":"https:\/\/www.africa-press.net\/tchad\/toutes-les-actualites\/la-journee-mondiale-de-lenfance-sur-fond-de-changement-climatique","url":"https:\/\/www.africa-press.net\/tchad\/toutes-les-actualites\/la-journee-mondiale-de-lenfance-sur-fond-de-changement-climatique","name":"la Journ\u00e9e mondiale de l'enfance sur fond de changement climatique - tchad","isPartOf":{"@id":"https:\/\/www.africa-press.net\/tchad\/#website"},"primaryImageOfPage":{"@id":"https:\/\/www.africa-press.net\/tchad\/toutes-les-actualites\/la-journee-mondiale-de-lenfance-sur-fond-de-changement-climatique#primaryimage"},"image":{"@id":"https:\/\/www.africa-press.net\/tchad\/toutes-les-actualites\/la-journee-mondiale-de-lenfance-sur-fond-de-changement-climatique#primaryimage"},"thumbnailUrl":"https:\/\/static.africa-press.net\/tchad\/sites\/41\/2023\/11\/sm_1700665311.178716.jpg","datePublished":"2023-11-22T17:23:53+00:00","dateModified":"2023-11-22T18:33:06+00:00","author":{"@id":"https:\/\/www.africa-press.net\/tchad\/#\/schema\/person\/2b1cf3cd81a31e3cd26889ca66d677f1"},"description":"Dans le cadre du projet \u00ab Engagement et un renforcement des capacite\u0301s des me\u0301dias nationaux en faveur du plaidoyer et d ...","breadcrumb":{"@id":"https:\/\/www.africa-press.net\/tchad\/toutes-les-actualites\/la-journee-mondiale-de-lenfance-sur-fond-de-changement-climatique#breadcrumb"},"inLanguage":"fr-FR","potentialAction":[{"@type":"ReadAction","target":["https:\/\/www.africa-press.net\/tchad\/toutes-les-actualites\/la-journee-mondiale-de-lenfance-sur-fond-de-changement-climatique"]}]},{"@type":"ImageObject","inLanguage":"fr-FR","@id":"https:\/\/www.africa-press.net\/tchad\/toutes-les-actualites\/la-journee-mondiale-de-lenfance-sur-fond-de-changement-climatique#primaryimage","url":"https:\/\/static.africa-press.net\/tchad\/sites\/41\/2023\/11\/sm_1700665311.178716.jpg","contentUrl":"https:\/\/static.africa-press.net\/tchad\/sites\/41\/2023\/11\/sm_1700665311.178716.jpg","width":1080,"height":809,"caption":"la Journ\u00e9e mondiale de l'enfance sur fond de changement climatique"},{"@type":"BreadcrumbList","@id":"https:\/\/www.africa-press.net\/tchad\/toutes-les-actualites\/la-journee-mondiale-de-lenfance-sur-fond-de-changement-climatique#breadcrumb","itemListElement":[{"@type":"ListItem","position":1,"name":"Accueil","item":"https:\/\/www.africa-press.net\/tchad\/"},{"@type":"ListItem","position":2,"name":"la Journ\u00e9e mondiale de l&#8217;enfance sur fond de changement climatique"}]},{"@type":"WebSite","@id":"https:\/\/www.africa-press.net\/tchad\/#website","url":"https:\/\/www.africa-press.net\/tchad\/","name":"tchad","description":"Just another Africa News Agency Sites site","potentialAction":[{"@type":"SearchAction","target":{"@type":"EntryPoint","urlTemplate":"https:\/\/www.africa-press.net\/tchad\/?s={search_term_string}"},"query-input":{"@type":"PropertyValueSpecification","valueRequired":true,"valueName":"search_term_string"}}],"inLanguage":"fr-FR"},{"@type":"Person","@id":"https:\/\/www.africa-press.net\/tchad\/#\/schema\/person\/2b1cf3cd81a31e3cd26889ca66d677f1","name":"cfeditorfr"}]}},"_links":{"self":[{"href":"https:\/\/www.africa-press.net\/tchad\/wp-json\/wp\/v2\/posts\/54374","targetHints":{"allow":["GET"]}}],"collection":[{"href":"https:\/\/www.africa-press.net\/tchad\/wp-json\/wp\/v2\/posts"}],"about":[{"href":"https:\/\/www.africa-press.net\/tchad\/wp-json\/wp\/v2\/types\/post"}],"author":[{"embeddable":true,"href":"https:\/\/www.africa-press.net\/tchad\/wp-json\/wp\/v2\/users\/82"}],"replies":[{"embeddable":true,"href":"https:\/\/www.africa-press.net\/tchad\/wp-json\/wp\/v2\/comments?post=54374"}],"version-history":[{"count":0,"href":"https:\/\/www.africa-press.net\/tchad\/wp-json\/wp\/v2\/posts\/54374\/revisions"}],"wp:featuredmedia":[{"embeddable":true,"href":"https:\/\/www.africa-press.net\/tchad\/wp-json\/wp\/v2\/media\/54373"}],"wp:attachment":[{"href":"https:\/\/www.africa-press.net\/tchad\/wp-json\/wp\/v2\/media?parent=54374"}],"wp:term":[{"taxonomy":"category","embeddable":true,"href":"https:\/\/www.africa-press.net\/tchad\/wp-json\/wp\/v2\/categories?post=54374"},{"taxonomy":"post_tag","embeddable":true,"href":"https:\/\/www.africa-press.net\/tchad\/wp-json\/wp\/v2\/tags?post=54374"}],"curies":[{"name":"wp","href":"https:\/\/api.w.org\/{rel}","templated":true}]}}