{"id":54377,"date":"2023-11-22T17:24:32","date_gmt":"2023-11-22T17:24:32","guid":{"rendered":"https:\/\/www.africa-press.net\/tchad\/politique\/referendum-la-section-politique-de-wakit-tamma-annonce-des-marches-pacifiques"},"modified":"2023-11-22T18:33:39","modified_gmt":"2023-11-22T18:33:39","slug":"referendum-la-section-politique-de-wakit-tamma-annonce-des-marches-pacifiques","status":"publish","type":"post","link":"https:\/\/www.africa-press.net\/tchad\/politique\/referendum-la-section-politique-de-wakit-tamma-annonce-des-marches-pacifiques","title":{"rendered":"R\u00e9f\u00e9rendum : La section politique de Wakit Tamma annonce des marches pacifiques"},"content":{"rendered":"<p><span style=\"color: #ff6600\"><strong>Africa-Press &#8211; Tchad. <\/strong><\/span>Par un point de presse tenu ce lundi 20 novembre 2023 a\u0300 la bourse de travail a\u0300 Ndjamena, la section politique de Wakit Tamma a appele\u0301 au boycott massif du futur re\u0301fe\u0301rendum constitutionnel, et a en me\u0302me de\u0301nonce\u0301 l&rsquo;existence des bases militaires franc\u0327aises au Tchad, mais aussi le de\u0301ploiement pre\u0301vu des forces militaires hongroises sur le territoire tchadien.<\/p>\n<p>Dans une de\u0301claration lue par Moustapha Abdallah, porte parole et charge\u0301 des affaires juridiques, Wakit Tamma, la section politique affirme que le Tchad ne constitue pas un de\u0301potoir des arme\u0301es e\u0301trange\u0300res, et qu&rsquo;il e\u0301tait impe\u0301ratif pour le pouvoir tchadien d&rsquo;arre\u0302ter de marchander la souverainete\u0301 tchadienne dans le seul but d&rsquo;asseoir une dynastie. Wakit Tamma s&rsquo;insurge en faux par rapport aux alle\u0301gations du gouvernement tchadien qui avait indique\u0301 que le Tchad constituait juste un point de passage pour les militaires franc\u0327ais qui ont e\u0301te\u0301 chasse\u0301s du Niger.<\/p>\n<p>Selon la de\u0301claration, la date butoir accorde\u0301e aux forces e\u0301trange\u0300res de se retirer du Tchad devait expirer ce 25 de\u0301cembre 2023, passe\u0301 ce de\u0301lai, Wakit Tamma et ses allie\u0301s proce\u0301deront par tous les moyens le\u0301gaux possibles pour renvoyer ces dernie\u0300res du territoire national. De plus, Wakit Tamma s&rsquo;oppose au de\u0301ploiement de plus de 200 militaires hongrois au Tchad, me\u0302me apre\u0300s le feu vert accorde\u0301 par le parlement hongrois.<\/p>\n<p>Cependant, pour ce qui est du re\u0301fe\u0301rendum constitutionnel pre\u0301vu pour ce 17 de\u0301cembre, la section politique de Wakit Tamma appelle au boycott de celui-ci car selon lui, la constitution soumise au re\u0301fe\u0301rendum ne refle\u0301terait pas les aspirations profondes du peuple tchadien, car le re\u0301sultat serait de\u0301ja\u0300 connu d&rsquo;avance, estime-t-il. Par ailleurs, la section politique de Wakit Tamma annonce une marche pacifique les 16 et 17 de\u0301cembre 2023 et invite la population a\u0300 sortir massivement.<\/p>\n<p><strong>Pour plus d&rsquo;informations et d&rsquo;analyses sur la <a href=\"https:\/\/www.africa-press.net\/tchad\">Tchad<\/a>, suivez <a href=\"https:\/\/www.africa-press.net\/\">Africa-Press<\/a><\/strong><\/p>\n","protected":false},"excerpt":{"rendered":"<p>Africa-Press &#8211; Tchad. Par un point de presse tenu ce lundi 20 novembre 2023 a\u0300 la bourse de travail a\u0300 Ndjamena, la section politique de Wakit Tamma a appele\u0301 au boycott massif du futur re\u0301fe\u0301rendum constitutionnel, et a en me\u0302me de\u0301nonce\u0301 l&rsquo;existence des bases militaires franc\u0327aises au Tchad, mais aussi le de\u0301ploiement pre\u0301vu des forces [&hellip;]<\/p>\n","protected":false},"author":82,"featured_media":54376,"comment_status":"open","ping_status":"closed","sticky":false,"template":"","format":"standard","meta":{"footnotes":""},"categories":[2,10],"tags":[37,292,29],"class_list":["post-54377","post","type-post","status-publish","format-standard","has-post-thumbnail","hentry","category-politique","category-toutes-les-actualites","tag-africa-press","tag-africa-press-tchad","tag-tchad"],"yoast_head":"<!-- This site is optimized with the Yoast SEO Premium plugin v26.1 (Yoast SEO v27.0) - https:\/\/yoast.com\/product\/yoast-seo-premium-wordpress\/ -->\n<title>R\u00e9f\u00e9rendum : La section politique de Wakit Tamma annonce des marches pacifiques - tchad<\/title>\n<meta name=\"description\" content=\"Par un point de presse tenu ce lundi 20 novembre 2023 a\u0300 la bourse de travail a\u0300 Ndjamena, la section politique de Wakit ...\" \/>\n<meta name=\"robots\" content=\"index, follow, max-snippet:-1, max-image-preview:large, max-video-preview:-1\" \/>\n<link rel=\"canonical\" href=\"https:\/\/www.africa-press.net\/tchad\/politique\/referendum-la-section-politique-de-wakit-tamma-annonce-des-marches-pacifiques\" \/>\n<meta property=\"og:locale\" content=\"fr_FR\" \/>\n<meta property=\"og:type\" content=\"article\" \/>\n<meta property=\"og:title\" content=\"R\u00e9f\u00e9rendum : La section politique de Wakit Tamma annonce des marches pacifiques\" \/>\n<meta property=\"og:description\" content=\"Par un point de presse tenu ce lundi 20 novembre 2023 a\u0300 la bourse de travail a\u0300 Ndjamena, la section politique de Wakit ...\" \/>\n<meta property=\"og:url\" content=\"https:\/\/www.africa-press.net\/tchad\/politique\/referendum-la-section-politique-de-wakit-tamma-annonce-des-marches-pacifiques\" \/>\n<meta property=\"og:site_name\" content=\"tchad\" \/>\n<meta property=\"article:published_time\" content=\"2023-11-22T17:24:32+00:00\" \/>\n<meta property=\"article:modified_time\" content=\"2023-11-22T18:33:39+00:00\" \/>\n<meta property=\"og:image\" content=\"https:\/\/static.africa-press.net\/tchad\/sites\/41\/2023\/11\/sm_1700665356.060445.jpg\" \/>\n\t<meta property=\"og:image:width\" content=\"1080\" \/>\n\t<meta property=\"og:image:height\" content=\"515\" \/>\n\t<meta property=\"og:image:type\" content=\"image\/jpeg\" \/>\n<meta name=\"author\" content=\"cfeditorfr\" \/>\n<meta name=\"twitter:card\" content=\"summary_large_image\" \/>\n<meta name=\"twitter:label1\" content=\"\u00c9crit par\" \/>\n\t<meta name=\"twitter:data1\" content=\"cfeditorfr\" \/>\n\t<meta name=\"twitter:label2\" content=\"Dur\u00e9e de lecture estim\u00e9e\" \/>\n\t<meta name=\"twitter:data2\" content=\"2 minutes\" \/>\n<script type=\"application\/ld+json\" class=\"yoast-schema-graph\">{\"@context\":\"https:\/\/schema.org\",\"@graph\":[{\"@type\":\"Article\",\"@id\":\"https:\/\/www.africa-press.net\/tchad\/politique\/referendum-la-section-politique-de-wakit-tamma-annonce-des-marches-pacifiques#article\",\"isPartOf\":{\"@id\":\"https:\/\/www.africa-press.net\/tchad\/politique\/referendum-la-section-politique-de-wakit-tamma-annonce-des-marches-pacifiques\"},\"author\":{\"name\":\"cfeditorfr\",\"@id\":\"https:\/\/www.africa-press.net\/tchad\/#\/schema\/person\/2b1cf3cd81a31e3cd26889ca66d677f1\"},\"headline\":\"R\u00e9f\u00e9rendum : La section politique de Wakit Tamma annonce des marches pacifiques\",\"datePublished\":\"2023-11-22T17:24:32+00:00\",\"dateModified\":\"2023-11-22T18:33:39+00:00\",\"mainEntityOfPage\":{\"@id\":\"https:\/\/www.africa-press.net\/tchad\/politique\/referendum-la-section-politique-de-wakit-tamma-annonce-des-marches-pacifiques\"},\"wordCount\":354,\"commentCount\":0,\"image\":{\"@id\":\"https:\/\/www.africa-press.net\/tchad\/politique\/referendum-la-section-politique-de-wakit-tamma-annonce-des-marches-pacifiques#primaryimage\"},\"thumbnailUrl\":\"https:\/\/static.africa-press.net\/tchad\/sites\/41\/2023\/11\/sm_1700665356.060445.jpg\",\"keywords\":[\"Africa Press\",\"Africa Press-Tchad\",\"Tchad\"],\"articleSection\":[\"Politique\",\"Toutes les actualit\u00e9s\"],\"inLanguage\":\"fr-FR\",\"potentialAction\":[{\"@type\":\"CommentAction\",\"name\":\"Comment\",\"target\":[\"https:\/\/www.africa-press.net\/tchad\/politique\/referendum-la-section-politique-de-wakit-tamma-annonce-des-marches-pacifiques#respond\"]}]},{\"@type\":\"WebPage\",\"@id\":\"https:\/\/www.africa-press.net\/tchad\/politique\/referendum-la-section-politique-de-wakit-tamma-annonce-des-marches-pacifiques\",\"url\":\"https:\/\/www.africa-press.net\/tchad\/politique\/referendum-la-section-politique-de-wakit-tamma-annonce-des-marches-pacifiques\",\"name\":\"R\u00e9f\u00e9rendum : La section politique de Wakit Tamma annonce des marches pacifiques - tchad\",\"isPartOf\":{\"@id\":\"https:\/\/www.africa-press.net\/tchad\/#website\"},\"primaryImageOfPage\":{\"@id\":\"https:\/\/www.africa-press.net\/tchad\/politique\/referendum-la-section-politique-de-wakit-tamma-annonce-des-marches-pacifiques#primaryimage\"},\"image\":{\"@id\":\"https:\/\/www.africa-press.net\/tchad\/politique\/referendum-la-section-politique-de-wakit-tamma-annonce-des-marches-pacifiques#primaryimage\"},\"thumbnailUrl\":\"https:\/\/static.africa-press.net\/tchad\/sites\/41\/2023\/11\/sm_1700665356.060445.jpg\",\"datePublished\":\"2023-11-22T17:24:32+00:00\",\"dateModified\":\"2023-11-22T18:33:39+00:00\",\"author\":{\"@id\":\"https:\/\/www.africa-press.net\/tchad\/#\/schema\/person\/2b1cf3cd81a31e3cd26889ca66d677f1\"},\"description\":\"Par un point de presse tenu ce lundi 20 novembre 2023 a\u0300 la bourse de travail a\u0300 Ndjamena, la section politique de Wakit ...\",\"breadcrumb\":{\"@id\":\"https:\/\/www.africa-press.net\/tchad\/politique\/referendum-la-section-politique-de-wakit-tamma-annonce-des-marches-pacifiques#breadcrumb\"},\"inLanguage\":\"fr-FR\",\"potentialAction\":[{\"@type\":\"ReadAction\",\"target\":[\"https:\/\/www.africa-press.net\/tchad\/politique\/referendum-la-section-politique-de-wakit-tamma-annonce-des-marches-pacifiques\"]}]},{\"@type\":\"ImageObject\",\"inLanguage\":\"fr-FR\",\"@id\":\"https:\/\/www.africa-press.net\/tchad\/politique\/referendum-la-section-politique-de-wakit-tamma-annonce-des-marches-pacifiques#primaryimage\",\"url\":\"https:\/\/static.africa-press.net\/tchad\/sites\/41\/2023\/11\/sm_1700665356.060445.jpg\",\"contentUrl\":\"https:\/\/static.africa-press.net\/tchad\/sites\/41\/2023\/11\/sm_1700665356.060445.jpg\",\"width\":1080,\"height\":515,\"caption\":\"R\u00e9f\u00e9rendum : La section politique de Wakit Tamma annonce des marches pacifiques\"},{\"@type\":\"BreadcrumbList\",\"@id\":\"https:\/\/www.africa-press.net\/tchad\/politique\/referendum-la-section-politique-de-wakit-tamma-annonce-des-marches-pacifiques#breadcrumb\",\"itemListElement\":[{\"@type\":\"ListItem\",\"position\":1,\"name\":\"Accueil\",\"item\":\"https:\/\/www.africa-press.net\/tchad\/\"},{\"@type\":\"ListItem\",\"position\":2,\"name\":\"R\u00e9f\u00e9rendum : La section politique de Wakit Tamma annonce des marches pacifiques\"}]},{\"@type\":\"WebSite\",\"@id\":\"https:\/\/www.africa-press.net\/tchad\/#website\",\"url\":\"https:\/\/www.africa-press.net\/tchad\/\",\"name\":\"tchad\",\"description\":\"Just another Africa News Agency Sites site\",\"potentialAction\":[{\"@type\":\"SearchAction\",\"target\":{\"@type\":\"EntryPoint\",\"urlTemplate\":\"https:\/\/www.africa-press.net\/tchad\/?s={search_term_string}\"},\"query-input\":{\"@type\":\"PropertyValueSpecification\",\"valueRequired\":true,\"valueName\":\"search_term_string\"}}],\"inLanguage\":\"fr-FR\"},{\"@type\":\"Person\",\"@id\":\"https:\/\/www.africa-press.net\/tchad\/#\/schema\/person\/2b1cf3cd81a31e3cd26889ca66d677f1\",\"name\":\"cfeditorfr\"}]}<\/script>\n<!-- \/ Yoast SEO Premium plugin. -->","yoast_head_json":{"title":"R\u00e9f\u00e9rendum : La section politique de Wakit Tamma annonce des marches pacifiques - tchad","description":"Par un point de presse tenu ce lundi 20 novembre 2023 a\u0300 la bourse de travail a\u0300 Ndjamena, la section politique de Wakit ...","robots":{"index":"index","follow":"follow","max-snippet":"max-snippet:-1","max-image-preview":"max-image-preview:large","max-video-preview":"max-video-preview:-1"},"canonical":"https:\/\/www.africa-press.net\/tchad\/politique\/referendum-la-section-politique-de-wakit-tamma-annonce-des-marches-pacifiques","og_locale":"fr_FR","og_type":"article","og_title":"R\u00e9f\u00e9rendum : La section politique de Wakit Tamma annonce des marches pacifiques","og_description":"Par un point de presse tenu ce lundi 20 novembre 2023 a\u0300 la bourse de travail a\u0300 Ndjamena, la section politique de Wakit ...","og_url":"https:\/\/www.africa-press.net\/tchad\/politique\/referendum-la-section-politique-de-wakit-tamma-annonce-des-marches-pacifiques","og_site_name":"tchad","article_published_time":"2023-11-22T17:24:32+00:00","article_modified_time":"2023-11-22T18:33:39+00:00","og_image":[{"width":1080,"height":515,"url":"https:\/\/static.africa-press.net\/tchad\/sites\/41\/2023\/11\/sm_1700665356.060445.jpg","type":"image\/jpeg"}],"author":"cfeditorfr","twitter_card":"summary_large_image","twitter_misc":{"\u00c9crit par":"cfeditorfr","Dur\u00e9e de lecture estim\u00e9e":"2 minutes"},"schema":{"@context":"https:\/\/schema.org","@graph":[{"@type":"Article","@id":"https:\/\/www.africa-press.net\/tchad\/politique\/referendum-la-section-politique-de-wakit-tamma-annonce-des-marches-pacifiques#article","isPartOf":{"@id":"https:\/\/www.africa-press.net\/tchad\/politique\/referendum-la-section-politique-de-wakit-tamma-annonce-des-marches-pacifiques"},"author":{"name":"cfeditorfr","@id":"https:\/\/www.africa-press.net\/tchad\/#\/schema\/person\/2b1cf3cd81a31e3cd26889ca66d677f1"},"headline":"R\u00e9f\u00e9rendum : La section politique de Wakit Tamma annonce des marches pacifiques","datePublished":"2023-11-22T17:24:32+00:00","dateModified":"2023-11-22T18:33:39+00:00","mainEntityOfPage":{"@id":"https:\/\/www.africa-press.net\/tchad\/politique\/referendum-la-section-politique-de-wakit-tamma-annonce-des-marches-pacifiques"},"wordCount":354,"commentCount":0,"image":{"@id":"https:\/\/www.africa-press.net\/tchad\/politique\/referendum-la-section-politique-de-wakit-tamma-annonce-des-marches-pacifiques#primaryimage"},"thumbnailUrl":"https:\/\/static.africa-press.net\/tchad\/sites\/41\/2023\/11\/sm_1700665356.060445.jpg","keywords":["Africa Press","Africa Press-Tchad","Tchad"],"articleSection":["Politique","Toutes les actualit\u00e9s"],"inLanguage":"fr-FR","potentialAction":[{"@type":"CommentAction","name":"Comment","target":["https:\/\/www.africa-press.net\/tchad\/politique\/referendum-la-section-politique-de-wakit-tamma-annonce-des-marches-pacifiques#respond"]}]},{"@type":"WebPage","@id":"https:\/\/www.africa-press.net\/tchad\/politique\/referendum-la-section-politique-de-wakit-tamma-annonce-des-marches-pacifiques","url":"https:\/\/www.africa-press.net\/tchad\/politique\/referendum-la-section-politique-de-wakit-tamma-annonce-des-marches-pacifiques","name":"R\u00e9f\u00e9rendum : La section politique de Wakit Tamma annonce des marches pacifiques - tchad","isPartOf":{"@id":"https:\/\/www.africa-press.net\/tchad\/#website"},"primaryImageOfPage":{"@id":"https:\/\/www.africa-press.net\/tchad\/politique\/referendum-la-section-politique-de-wakit-tamma-annonce-des-marches-pacifiques#primaryimage"},"image":{"@id":"https:\/\/www.africa-press.net\/tchad\/politique\/referendum-la-section-politique-de-wakit-tamma-annonce-des-marches-pacifiques#primaryimage"},"thumbnailUrl":"https:\/\/static.africa-press.net\/tchad\/sites\/41\/2023\/11\/sm_1700665356.060445.jpg","datePublished":"2023-11-22T17:24:32+00:00","dateModified":"2023-11-22T18:33:39+00:00","author":{"@id":"https:\/\/www.africa-press.net\/tchad\/#\/schema\/person\/2b1cf3cd81a31e3cd26889ca66d677f1"},"description":"Par un point de presse tenu ce lundi 20 novembre 2023 a\u0300 la bourse de travail a\u0300 Ndjamena, la section politique de Wakit ...","breadcrumb":{"@id":"https:\/\/www.africa-press.net\/tchad\/politique\/referendum-la-section-politique-de-wakit-tamma-annonce-des-marches-pacifiques#breadcrumb"},"inLanguage":"fr-FR","potentialAction":[{"@type":"ReadAction","target":["https:\/\/www.africa-press.net\/tchad\/politique\/referendum-la-section-politique-de-wakit-tamma-annonce-des-marches-pacifiques"]}]},{"@type":"ImageObject","inLanguage":"fr-FR","@id":"https:\/\/www.africa-press.net\/tchad\/politique\/referendum-la-section-politique-de-wakit-tamma-annonce-des-marches-pacifiques#primaryimage","url":"https:\/\/static.africa-press.net\/tchad\/sites\/41\/2023\/11\/sm_1700665356.060445.jpg","contentUrl":"https:\/\/static.africa-press.net\/tchad\/sites\/41\/2023\/11\/sm_1700665356.060445.jpg","width":1080,"height":515,"caption":"R\u00e9f\u00e9rendum : La section politique de Wakit Tamma annonce des marches pacifiques"},{"@type":"BreadcrumbList","@id":"https:\/\/www.africa-press.net\/tchad\/politique\/referendum-la-section-politique-de-wakit-tamma-annonce-des-marches-pacifiques#breadcrumb","itemListElement":[{"@type":"ListItem","position":1,"name":"Accueil","item":"https:\/\/www.africa-press.net\/tchad\/"},{"@type":"ListItem","position":2,"name":"R\u00e9f\u00e9rendum : La section politique de Wakit Tamma annonce des marches pacifiques"}]},{"@type":"WebSite","@id":"https:\/\/www.africa-press.net\/tchad\/#website","url":"https:\/\/www.africa-press.net\/tchad\/","name":"tchad","description":"Just another Africa News Agency Sites site","potentialAction":[{"@type":"SearchAction","target":{"@type":"EntryPoint","urlTemplate":"https:\/\/www.africa-press.net\/tchad\/?s={search_term_string}"},"query-input":{"@type":"PropertyValueSpecification","valueRequired":true,"valueName":"search_term_string"}}],"inLanguage":"fr-FR"},{"@type":"Person","@id":"https:\/\/www.africa-press.net\/tchad\/#\/schema\/person\/2b1cf3cd81a31e3cd26889ca66d677f1","name":"cfeditorfr"}]}},"_links":{"self":[{"href":"https:\/\/www.africa-press.net\/tchad\/wp-json\/wp\/v2\/posts\/54377","targetHints":{"allow":["GET"]}}],"collection":[{"href":"https:\/\/www.africa-press.net\/tchad\/wp-json\/wp\/v2\/posts"}],"about":[{"href":"https:\/\/www.africa-press.net\/tchad\/wp-json\/wp\/v2\/types\/post"}],"author":[{"embeddable":true,"href":"https:\/\/www.africa-press.net\/tchad\/wp-json\/wp\/v2\/users\/82"}],"replies":[{"embeddable":true,"href":"https:\/\/www.africa-press.net\/tchad\/wp-json\/wp\/v2\/comments?post=54377"}],"version-history":[{"count":0,"href":"https:\/\/www.africa-press.net\/tchad\/wp-json\/wp\/v2\/posts\/54377\/revisions"}],"wp:featuredmedia":[{"embeddable":true,"href":"https:\/\/www.africa-press.net\/tchad\/wp-json\/wp\/v2\/media\/54376"}],"wp:attachment":[{"href":"https:\/\/www.africa-press.net\/tchad\/wp-json\/wp\/v2\/media?parent=54377"}],"wp:term":[{"taxonomy":"category","embeddable":true,"href":"https:\/\/www.africa-press.net\/tchad\/wp-json\/wp\/v2\/categories?post=54377"},{"taxonomy":"post_tag","embeddable":true,"href":"https:\/\/www.africa-press.net\/tchad\/wp-json\/wp\/v2\/tags?post=54377"}],"curies":[{"name":"wp","href":"https:\/\/api.w.org\/{rel}","templated":true}]}}