{"id":54385,"date":"2023-11-22T17:25:09","date_gmt":"2023-11-22T17:25:09","guid":{"rendered":"https:\/\/www.africa-press.net\/tchad\/politique\/deuxieme-phase-de-latelier-sur-le-projet-de-constitution-pour-les-agents-de-ladministration-publique"},"modified":"2023-11-22T18:55:40","modified_gmt":"2023-11-22T18:55:40","slug":"deuxieme-phase-de-latelier-sur-le-projet-de-constitution-pour-les-agents-de-ladministration-publique","status":"publish","type":"post","link":"https:\/\/www.africa-press.net\/tchad\/politique\/deuxieme-phase-de-latelier-sur-le-projet-de-constitution-pour-les-agents-de-ladministration-publique","title":{"rendered":"deuxi\u00e8me phase de l&rsquo;atelier sur le projet de Constitution pour les agents de l&rsquo;administration publique"},"content":{"rendered":"<p><span style=\"color: #ff6600\"><strong>Africa-Press &#8211; Tchad. <\/strong><\/span>La secre\u0301taire ge\u0301ne\u0301rale adjointe du gouvernement, Mme Fatime\u0301 Aldjineh Garfa a lance\u0301 officiellement, ce lundi 20 novembre 2023, les travaux de la deuxie\u0300me phase de l&rsquo;atelier de pre\u0301sentation du projet de Constitution aux agents de l&rsquo;administration publique.<\/p>\n<p>Initie\u0301s par le secre\u0301tariat ge\u0301ne\u0301ral du gouvernement, ces ateliers de vulgarisation ont pour objet de pre\u0301senter le projet de Constitution, assorti d&rsquo;innovations aux diffe\u0301rentes couches socioprofessionnelles.<\/p>\n<p>Durant deux jours, les participants vont se familiariser sur le contenu et les innovations majeures du projet de Constitution.<\/p>\n\r\n                <style type=\"text\/css\">\r\n                    \r\n                    #td_uid_1_69ee8f41e4a4e  .td-doubleSlider-2 .td-item1 {\r\n                        background: url(https:\/\/static.africa-press.net\/tchad\/sites\/41\/2023\/11\/sm_1700666685.068923-80x60.jpg) 0 0 no-repeat;\r\n                    }\r\n                    #td_uid_1_69ee8f41e4a4e  .td-doubleSlider-2 .td-item2 {\r\n                        background: url(https:\/\/static.africa-press.net\/tchad\/sites\/41\/2023\/11\/sm_1700666694.989015-80x60.jpg) 0 0 no-repeat;\r\n                    }\r\n                <\/style>\r\n\r\n                <div id=\"td_uid_1_69ee8f41e4a4e\" class=\"td-gallery td-slide-on-2-columns\">\r\n                    <div class=\"post_td_gallery\">\r\n                        <div class=\"td-gallery-slide-top\">\r\n                           <div class=\"td-gallery-title\"><\/div>\r\n\r\n                            <div class=\"td-gallery-controls-wrapper\">\r\n                                <div class=\"td-gallery-slide-count\"><span class=\"td-gallery-slide-item-focus\">1<\/span> de 2<\/div>\r\n                                <div class=\"td-gallery-slide-prev-next-but\">\r\n                                    <i class = \"td-icon-left doubleSliderPrevButton\"><\/i>\r\n                                    <i class = \"td-icon-right doubleSliderNextButton\"><\/i>\r\n                                <\/div>\r\n                            <\/div>\r\n                        <\/div>\r\n\r\n                        <div class = \"td-doubleSlider-1 \">\r\n                            <div class = \"td-slider\">\r\n                                \r\n                    <div class = \"td-slide-item td-item1\">\r\n                        <figure class=\"td-slide-galery-figure td-slide-popup-gallery\">\r\n                            <a class=\"slide-gallery-image-link\" href=\"https:\/\/static.africa-press.net\/tchad\/sites\/41\/2023\/11\/sm_1700666685.068923.jpg\" title=\"sm_1700666685.068923\"  data-caption=\"\"  data-description=\"\">\r\n                                <img decoding=\"async\" src=\"https:\/\/static.africa-press.net\/tchad\/sites\/41\/2023\/11\/sm_1700666685.068923.jpg\" srcset=\"https:\/\/static.africa-press.net\/tchad\/sites\/41\/2023\/11\/sm_1700666685.068923.jpg 720w, https:\/\/static.africa-press.net\/tchad\/sites\/41\/2023\/11\/sm_1700666685.068923-300x196.jpg 300w\" sizes=\"(max-width: 720px) 100vw, 720px\" alt=\"\">\r\n                            <\/a>\r\n                            \r\n                        <\/figure>\r\n                    <\/div>\r\n                    <div class = \"td-slide-item td-item2\">\r\n                        <figure class=\"td-slide-galery-figure td-slide-popup-gallery\">\r\n                            <a class=\"slide-gallery-image-link\" href=\"https:\/\/static.africa-press.net\/tchad\/sites\/41\/2023\/11\/sm_1700666694.989015.jpg\" title=\"sm_1700666694.989015\"  data-caption=\"\"  data-description=\"\">\r\n                                <img decoding=\"async\" src=\"https:\/\/static.africa-press.net\/tchad\/sites\/41\/2023\/11\/sm_1700666694.989015.jpg\" srcset=\"https:\/\/static.africa-press.net\/tchad\/sites\/41\/2023\/11\/sm_1700666694.989015.jpg 720w, https:\/\/static.africa-press.net\/tchad\/sites\/41\/2023\/11\/sm_1700666694.989015-300x170.jpg 300w\" sizes=\"(max-width: 720px) 100vw, 720px\" alt=\"\">\r\n                            <\/a>\r\n                            \r\n                        <\/figure>\r\n                    <\/div>\r\n                            <\/div>\r\n                        <\/div>\r\n\r\n                        <div class = \"td-doubleSlider-2\">\r\n                            <div class = \"td-slider\">\r\n                                \r\n                    <div class = \"td-button td-item1\">\r\n                        <div class = \"td-border\"><\/div>\r\n                    <\/div>\r\n                    <div class = \"td-button td-item2\">\r\n                        <div class = \"td-border\"><\/div>\r\n                    <\/div>\r\n                            <\/div>\r\n                        <\/div>\r\n\r\n                    <\/div>\r\n\r\n                <\/div>\r\n                \n<p><strong>Pour plus d&rsquo;informations et d&rsquo;analyses sur la <a href=\"https:\/\/www.africa-press.net\/tchad\">Tchad<\/a>, suivez <a href=\"https:\/\/www.africa-press.net\/\">Africa-Press<\/a><\/strong><\/p>\n","protected":false},"excerpt":{"rendered":"<p>Africa-Press &#8211; Tchad. La secre\u0301taire ge\u0301ne\u0301rale adjointe du gouvernement, Mme Fatime\u0301 Aldjineh Garfa a lance\u0301 officiellement, ce lundi 20 novembre 2023, les travaux de la deuxie\u0300me phase de l&rsquo;atelier de pre\u0301sentation du projet de Constitution aux agents de l&rsquo;administration publique. Initie\u0301s par le secre\u0301tariat ge\u0301ne\u0301ral du gouvernement, ces ateliers de vulgarisation ont pour objet de [&hellip;]<\/p>\n","protected":false},"author":82,"featured_media":54384,"comment_status":"open","ping_status":"closed","sticky":false,"template":"","format":"standard","meta":{"footnotes":""},"categories":[8,2,10],"tags":[37,292,29],"class_list":["post-54385","post","type-post","status-publish","format-standard","has-post-thumbnail","hentry","category-photo","category-politique","category-toutes-les-actualites","tag-africa-press","tag-africa-press-tchad","tag-tchad"],"yoast_head":"<!-- This site is optimized with the Yoast SEO Premium plugin v26.1 (Yoast SEO v27.0) - https:\/\/yoast.com\/product\/yoast-seo-premium-wordpress\/ -->\n<title>deuxi\u00e8me phase de l&#039;atelier sur le projet de Constitution pour les agents de l&#039;administration publique - tchad<\/title>\n<meta name=\"description\" content=\"La secre\u0301taire ge\u0301ne\u0301rale adjointe du gouvernement, Mme Fatime\u0301 Aldjineh Garfa a lance\u0301 officiellement, ce lundi 20 nove ...\" \/>\n<meta name=\"robots\" content=\"index, follow, max-snippet:-1, max-image-preview:large, max-video-preview:-1\" \/>\n<link rel=\"canonical\" href=\"https:\/\/www.africa-press.net\/tchad\/politique\/deuxieme-phase-de-latelier-sur-le-projet-de-constitution-pour-les-agents-de-ladministration-publique\" \/>\n<meta property=\"og:locale\" content=\"fr_FR\" \/>\n<meta property=\"og:type\" content=\"article\" \/>\n<meta property=\"og:title\" content=\"deuxi\u00e8me phase de l&#039;atelier sur le projet de Constitution pour les agents de l&#039;administration publique\" \/>\n<meta property=\"og:description\" content=\"La secre\u0301taire ge\u0301ne\u0301rale adjointe du gouvernement, Mme Fatime\u0301 Aldjineh Garfa a lance\u0301 officiellement, ce lundi 20 nove ...\" \/>\n<meta property=\"og:url\" content=\"https:\/\/www.africa-press.net\/tchad\/politique\/deuxieme-phase-de-latelier-sur-le-projet-de-constitution-pour-les-agents-de-ladministration-publique\" \/>\n<meta property=\"og:site_name\" content=\"tchad\" \/>\n<meta property=\"article:published_time\" content=\"2023-11-22T17:25:09+00:00\" \/>\n<meta property=\"article:modified_time\" content=\"2023-11-22T18:55:40+00:00\" \/>\n<meta property=\"og:image\" content=\"https:\/\/static.africa-press.net\/tchad\/sites\/41\/2023\/11\/sm_1700666704.886818.jpg\" \/>\n\t<meta property=\"og:image:width\" content=\"720\" \/>\n\t<meta property=\"og:image:height\" content=\"471\" \/>\n\t<meta property=\"og:image:type\" content=\"image\/jpeg\" \/>\n<meta name=\"author\" content=\"cfeditorfr\" \/>\n<meta name=\"twitter:card\" content=\"summary_large_image\" \/>\n<meta name=\"twitter:label1\" content=\"\u00c9crit par\" \/>\n\t<meta name=\"twitter:data1\" content=\"cfeditorfr\" \/>\n\t<meta name=\"twitter:label2\" content=\"Dur\u00e9e de lecture estim\u00e9e\" \/>\n\t<meta name=\"twitter:data2\" content=\"1 minute\" \/>\n<script type=\"application\/ld+json\" class=\"yoast-schema-graph\">{\"@context\":\"https:\/\/schema.org\",\"@graph\":[{\"@type\":\"Article\",\"@id\":\"https:\/\/www.africa-press.net\/tchad\/politique\/deuxieme-phase-de-latelier-sur-le-projet-de-constitution-pour-les-agents-de-ladministration-publique#article\",\"isPartOf\":{\"@id\":\"https:\/\/www.africa-press.net\/tchad\/politique\/deuxieme-phase-de-latelier-sur-le-projet-de-constitution-pour-les-agents-de-ladministration-publique\"},\"author\":{\"name\":\"cfeditorfr\",\"@id\":\"https:\/\/www.africa-press.net\/tchad\/#\/schema\/person\/2b1cf3cd81a31e3cd26889ca66d677f1\"},\"headline\":\"deuxi\u00e8me phase de l&rsquo;atelier sur le projet de Constitution pour les agents de l&rsquo;administration publique\",\"datePublished\":\"2023-11-22T17:25:09+00:00\",\"dateModified\":\"2023-11-22T18:55:40+00:00\",\"mainEntityOfPage\":{\"@id\":\"https:\/\/www.africa-press.net\/tchad\/politique\/deuxieme-phase-de-latelier-sur-le-projet-de-constitution-pour-les-agents-de-ladministration-publique\"},\"wordCount\":137,\"commentCount\":0,\"image\":{\"@id\":\"https:\/\/www.africa-press.net\/tchad\/politique\/deuxieme-phase-de-latelier-sur-le-projet-de-constitution-pour-les-agents-de-ladministration-publique#primaryimage\"},\"thumbnailUrl\":\"https:\/\/static.africa-press.net\/tchad\/sites\/41\/2023\/11\/sm_1700666704.886818.jpg\",\"keywords\":[\"Africa Press\",\"Africa Press-Tchad\",\"Tchad\"],\"articleSection\":[\"Photo\",\"Politique\",\"Toutes les actualit\u00e9s\"],\"inLanguage\":\"fr-FR\",\"potentialAction\":[{\"@type\":\"CommentAction\",\"name\":\"Comment\",\"target\":[\"https:\/\/www.africa-press.net\/tchad\/politique\/deuxieme-phase-de-latelier-sur-le-projet-de-constitution-pour-les-agents-de-ladministration-publique#respond\"]}]},{\"@type\":\"WebPage\",\"@id\":\"https:\/\/www.africa-press.net\/tchad\/politique\/deuxieme-phase-de-latelier-sur-le-projet-de-constitution-pour-les-agents-de-ladministration-publique\",\"url\":\"https:\/\/www.africa-press.net\/tchad\/politique\/deuxieme-phase-de-latelier-sur-le-projet-de-constitution-pour-les-agents-de-ladministration-publique\",\"name\":\"deuxi\u00e8me phase de l'atelier sur le projet de Constitution pour les agents de l'administration publique - tchad\",\"isPartOf\":{\"@id\":\"https:\/\/www.africa-press.net\/tchad\/#website\"},\"primaryImageOfPage\":{\"@id\":\"https:\/\/www.africa-press.net\/tchad\/politique\/deuxieme-phase-de-latelier-sur-le-projet-de-constitution-pour-les-agents-de-ladministration-publique#primaryimage\"},\"image\":{\"@id\":\"https:\/\/www.africa-press.net\/tchad\/politique\/deuxieme-phase-de-latelier-sur-le-projet-de-constitution-pour-les-agents-de-ladministration-publique#primaryimage\"},\"thumbnailUrl\":\"https:\/\/static.africa-press.net\/tchad\/sites\/41\/2023\/11\/sm_1700666704.886818.jpg\",\"datePublished\":\"2023-11-22T17:25:09+00:00\",\"dateModified\":\"2023-11-22T18:55:40+00:00\",\"author\":{\"@id\":\"https:\/\/www.africa-press.net\/tchad\/#\/schema\/person\/2b1cf3cd81a31e3cd26889ca66d677f1\"},\"description\":\"La secre\u0301taire ge\u0301ne\u0301rale adjointe du gouvernement, Mme Fatime\u0301 Aldjineh Garfa a lance\u0301 officiellement, ce lundi 20 nove ...\",\"breadcrumb\":{\"@id\":\"https:\/\/www.africa-press.net\/tchad\/politique\/deuxieme-phase-de-latelier-sur-le-projet-de-constitution-pour-les-agents-de-ladministration-publique#breadcrumb\"},\"inLanguage\":\"fr-FR\",\"potentialAction\":[{\"@type\":\"ReadAction\",\"target\":[\"https:\/\/www.africa-press.net\/tchad\/politique\/deuxieme-phase-de-latelier-sur-le-projet-de-constitution-pour-les-agents-de-ladministration-publique\"]}]},{\"@type\":\"ImageObject\",\"inLanguage\":\"fr-FR\",\"@id\":\"https:\/\/www.africa-press.net\/tchad\/politique\/deuxieme-phase-de-latelier-sur-le-projet-de-constitution-pour-les-agents-de-ladministration-publique#primaryimage\",\"url\":\"https:\/\/static.africa-press.net\/tchad\/sites\/41\/2023\/11\/sm_1700666704.886818.jpg\",\"contentUrl\":\"https:\/\/static.africa-press.net\/tchad\/sites\/41\/2023\/11\/sm_1700666704.886818.jpg\",\"width\":720,\"height\":471,\"caption\":\"deuxi\u00e8me phase de l'atelier sur le projet de Constitution pour les agents de l'administration publique\"},{\"@type\":\"BreadcrumbList\",\"@id\":\"https:\/\/www.africa-press.net\/tchad\/politique\/deuxieme-phase-de-latelier-sur-le-projet-de-constitution-pour-les-agents-de-ladministration-publique#breadcrumb\",\"itemListElement\":[{\"@type\":\"ListItem\",\"position\":1,\"name\":\"Accueil\",\"item\":\"https:\/\/www.africa-press.net\/tchad\/\"},{\"@type\":\"ListItem\",\"position\":2,\"name\":\"deuxi\u00e8me phase de l&#8217;atelier sur le projet de Constitution pour les agents de l&#8217;administration publique\"}]},{\"@type\":\"WebSite\",\"@id\":\"https:\/\/www.africa-press.net\/tchad\/#website\",\"url\":\"https:\/\/www.africa-press.net\/tchad\/\",\"name\":\"tchad\",\"description\":\"Just another Africa News Agency Sites site\",\"potentialAction\":[{\"@type\":\"SearchAction\",\"target\":{\"@type\":\"EntryPoint\",\"urlTemplate\":\"https:\/\/www.africa-press.net\/tchad\/?s={search_term_string}\"},\"query-input\":{\"@type\":\"PropertyValueSpecification\",\"valueRequired\":true,\"valueName\":\"search_term_string\"}}],\"inLanguage\":\"fr-FR\"},{\"@type\":\"Person\",\"@id\":\"https:\/\/www.africa-press.net\/tchad\/#\/schema\/person\/2b1cf3cd81a31e3cd26889ca66d677f1\",\"name\":\"cfeditorfr\"}]}<\/script>\n<!-- \/ Yoast SEO Premium plugin. -->","yoast_head_json":{"title":"deuxi\u00e8me phase de l'atelier sur le projet de Constitution pour les agents de l'administration publique - tchad","description":"La secre\u0301taire ge\u0301ne\u0301rale adjointe du gouvernement, Mme Fatime\u0301 Aldjineh Garfa a lance\u0301 officiellement, ce lundi 20 nove ...","robots":{"index":"index","follow":"follow","max-snippet":"max-snippet:-1","max-image-preview":"max-image-preview:large","max-video-preview":"max-video-preview:-1"},"canonical":"https:\/\/www.africa-press.net\/tchad\/politique\/deuxieme-phase-de-latelier-sur-le-projet-de-constitution-pour-les-agents-de-ladministration-publique","og_locale":"fr_FR","og_type":"article","og_title":"deuxi\u00e8me phase de l'atelier sur le projet de Constitution pour les agents de l'administration publique","og_description":"La secre\u0301taire ge\u0301ne\u0301rale adjointe du gouvernement, Mme Fatime\u0301 Aldjineh Garfa a lance\u0301 officiellement, ce lundi 20 nove ...","og_url":"https:\/\/www.africa-press.net\/tchad\/politique\/deuxieme-phase-de-latelier-sur-le-projet-de-constitution-pour-les-agents-de-ladministration-publique","og_site_name":"tchad","article_published_time":"2023-11-22T17:25:09+00:00","article_modified_time":"2023-11-22T18:55:40+00:00","og_image":[{"width":720,"height":471,"url":"https:\/\/static.africa-press.net\/tchad\/sites\/41\/2023\/11\/sm_1700666704.886818.jpg","type":"image\/jpeg"}],"author":"cfeditorfr","twitter_card":"summary_large_image","twitter_misc":{"\u00c9crit par":"cfeditorfr","Dur\u00e9e de lecture estim\u00e9e":"1 minute"},"schema":{"@context":"https:\/\/schema.org","@graph":[{"@type":"Article","@id":"https:\/\/www.africa-press.net\/tchad\/politique\/deuxieme-phase-de-latelier-sur-le-projet-de-constitution-pour-les-agents-de-ladministration-publique#article","isPartOf":{"@id":"https:\/\/www.africa-press.net\/tchad\/politique\/deuxieme-phase-de-latelier-sur-le-projet-de-constitution-pour-les-agents-de-ladministration-publique"},"author":{"name":"cfeditorfr","@id":"https:\/\/www.africa-press.net\/tchad\/#\/schema\/person\/2b1cf3cd81a31e3cd26889ca66d677f1"},"headline":"deuxi\u00e8me phase de l&rsquo;atelier sur le projet de Constitution pour les agents de l&rsquo;administration publique","datePublished":"2023-11-22T17:25:09+00:00","dateModified":"2023-11-22T18:55:40+00:00","mainEntityOfPage":{"@id":"https:\/\/www.africa-press.net\/tchad\/politique\/deuxieme-phase-de-latelier-sur-le-projet-de-constitution-pour-les-agents-de-ladministration-publique"},"wordCount":137,"commentCount":0,"image":{"@id":"https:\/\/www.africa-press.net\/tchad\/politique\/deuxieme-phase-de-latelier-sur-le-projet-de-constitution-pour-les-agents-de-ladministration-publique#primaryimage"},"thumbnailUrl":"https:\/\/static.africa-press.net\/tchad\/sites\/41\/2023\/11\/sm_1700666704.886818.jpg","keywords":["Africa Press","Africa Press-Tchad","Tchad"],"articleSection":["Photo","Politique","Toutes les actualit\u00e9s"],"inLanguage":"fr-FR","potentialAction":[{"@type":"CommentAction","name":"Comment","target":["https:\/\/www.africa-press.net\/tchad\/politique\/deuxieme-phase-de-latelier-sur-le-projet-de-constitution-pour-les-agents-de-ladministration-publique#respond"]}]},{"@type":"WebPage","@id":"https:\/\/www.africa-press.net\/tchad\/politique\/deuxieme-phase-de-latelier-sur-le-projet-de-constitution-pour-les-agents-de-ladministration-publique","url":"https:\/\/www.africa-press.net\/tchad\/politique\/deuxieme-phase-de-latelier-sur-le-projet-de-constitution-pour-les-agents-de-ladministration-publique","name":"deuxi\u00e8me phase de l'atelier sur le projet de Constitution pour les agents de l'administration publique - tchad","isPartOf":{"@id":"https:\/\/www.africa-press.net\/tchad\/#website"},"primaryImageOfPage":{"@id":"https:\/\/www.africa-press.net\/tchad\/politique\/deuxieme-phase-de-latelier-sur-le-projet-de-constitution-pour-les-agents-de-ladministration-publique#primaryimage"},"image":{"@id":"https:\/\/www.africa-press.net\/tchad\/politique\/deuxieme-phase-de-latelier-sur-le-projet-de-constitution-pour-les-agents-de-ladministration-publique#primaryimage"},"thumbnailUrl":"https:\/\/static.africa-press.net\/tchad\/sites\/41\/2023\/11\/sm_1700666704.886818.jpg","datePublished":"2023-11-22T17:25:09+00:00","dateModified":"2023-11-22T18:55:40+00:00","author":{"@id":"https:\/\/www.africa-press.net\/tchad\/#\/schema\/person\/2b1cf3cd81a31e3cd26889ca66d677f1"},"description":"La secre\u0301taire ge\u0301ne\u0301rale adjointe du gouvernement, Mme Fatime\u0301 Aldjineh Garfa a lance\u0301 officiellement, ce lundi 20 nove ...","breadcrumb":{"@id":"https:\/\/www.africa-press.net\/tchad\/politique\/deuxieme-phase-de-latelier-sur-le-projet-de-constitution-pour-les-agents-de-ladministration-publique#breadcrumb"},"inLanguage":"fr-FR","potentialAction":[{"@type":"ReadAction","target":["https:\/\/www.africa-press.net\/tchad\/politique\/deuxieme-phase-de-latelier-sur-le-projet-de-constitution-pour-les-agents-de-ladministration-publique"]}]},{"@type":"ImageObject","inLanguage":"fr-FR","@id":"https:\/\/www.africa-press.net\/tchad\/politique\/deuxieme-phase-de-latelier-sur-le-projet-de-constitution-pour-les-agents-de-ladministration-publique#primaryimage","url":"https:\/\/static.africa-press.net\/tchad\/sites\/41\/2023\/11\/sm_1700666704.886818.jpg","contentUrl":"https:\/\/static.africa-press.net\/tchad\/sites\/41\/2023\/11\/sm_1700666704.886818.jpg","width":720,"height":471,"caption":"deuxi\u00e8me phase de l'atelier sur le projet de Constitution pour les agents de l'administration publique"},{"@type":"BreadcrumbList","@id":"https:\/\/www.africa-press.net\/tchad\/politique\/deuxieme-phase-de-latelier-sur-le-projet-de-constitution-pour-les-agents-de-ladministration-publique#breadcrumb","itemListElement":[{"@type":"ListItem","position":1,"name":"Accueil","item":"https:\/\/www.africa-press.net\/tchad\/"},{"@type":"ListItem","position":2,"name":"deuxi\u00e8me phase de l&#8217;atelier sur le projet de Constitution pour les agents de l&#8217;administration publique"}]},{"@type":"WebSite","@id":"https:\/\/www.africa-press.net\/tchad\/#website","url":"https:\/\/www.africa-press.net\/tchad\/","name":"tchad","description":"Just another Africa News Agency Sites site","potentialAction":[{"@type":"SearchAction","target":{"@type":"EntryPoint","urlTemplate":"https:\/\/www.africa-press.net\/tchad\/?s={search_term_string}"},"query-input":{"@type":"PropertyValueSpecification","valueRequired":true,"valueName":"search_term_string"}}],"inLanguage":"fr-FR"},{"@type":"Person","@id":"https:\/\/www.africa-press.net\/tchad\/#\/schema\/person\/2b1cf3cd81a31e3cd26889ca66d677f1","name":"cfeditorfr"}]}},"_links":{"self":[{"href":"https:\/\/www.africa-press.net\/tchad\/wp-json\/wp\/v2\/posts\/54385","targetHints":{"allow":["GET"]}}],"collection":[{"href":"https:\/\/www.africa-press.net\/tchad\/wp-json\/wp\/v2\/posts"}],"about":[{"href":"https:\/\/www.africa-press.net\/tchad\/wp-json\/wp\/v2\/types\/post"}],"author":[{"embeddable":true,"href":"https:\/\/www.africa-press.net\/tchad\/wp-json\/wp\/v2\/users\/82"}],"replies":[{"embeddable":true,"href":"https:\/\/www.africa-press.net\/tchad\/wp-json\/wp\/v2\/comments?post=54385"}],"version-history":[{"count":0,"href":"https:\/\/www.africa-press.net\/tchad\/wp-json\/wp\/v2\/posts\/54385\/revisions"}],"wp:featuredmedia":[{"embeddable":true,"href":"https:\/\/www.africa-press.net\/tchad\/wp-json\/wp\/v2\/media\/54384"}],"wp:attachment":[{"href":"https:\/\/www.africa-press.net\/tchad\/wp-json\/wp\/v2\/media?parent=54385"}],"wp:term":[{"taxonomy":"category","embeddable":true,"href":"https:\/\/www.africa-press.net\/tchad\/wp-json\/wp\/v2\/categories?post=54385"},{"taxonomy":"post_tag","embeddable":true,"href":"https:\/\/www.africa-press.net\/tchad\/wp-json\/wp\/v2\/tags?post=54385"}],"curies":[{"name":"wp","href":"https:\/\/api.w.org\/{rel}","templated":true}]}}