{"id":54391,"date":"2023-11-22T17:26:03","date_gmt":"2023-11-22T17:26:03","guid":{"rendered":"https:\/\/www.africa-press.net\/tchad\/politique\/lassociation-etoile-des-jeunes-du-ouaddai-appelle-la-conorec-au-respect-du-calendrier-referendaire"},"modified":"2023-11-22T18:56:50","modified_gmt":"2023-11-22T18:56:50","slug":"lassociation-etoile-des-jeunes-du-ouaddai-appelle-la-conorec-au-respect-du-calendrier-referendaire","status":"publish","type":"post","link":"https:\/\/www.africa-press.net\/tchad\/politique\/lassociation-etoile-des-jeunes-du-ouaddai-appelle-la-conorec-au-respect-du-calendrier-referendaire","title":{"rendered":"l&rsquo;Association \u00e9toile des jeunes du Ouadda\u00ef appelle la CONOREC au respect du calendrier r\u00e9f\u00e9rendaire"},"content":{"rendered":"<p><span style=\"color: #ff6600\"><strong>Africa-Press &#8211; Tchad. <\/strong><\/span>Le pre\u0301sident de l\u2019Association e\u0301toile des jeunes pour la culture et le de\u0301veloppement (AJECUD), Hassan Abdoulaye Hassan, a anime\u0301 une confe\u0301rence de\u0301bat ce lundi 20 novembre 2023 a\u0300 Abe\u0301che\u0301.<\/p>\n<p>Cette confe\u0301rence de\u0301bat se tient dans le cadre du projet \u00ab tous ensemble pour une transition inclusive et apaise au Tchad \u00bb mise en \u0153uvre par l&rsquo;AJECUD, gra\u0302ce a\u0300 l&rsquo;appui financier IRI et relative au processus e\u0301lectoral au Tchad en vue de la prochaine organisation du scrutin e\u0301lectoral.<\/p>\n<p>Durant cette sortie me\u0301diatique, Hassan Abdoulaye Hassan a aborde\u0301 les questions lie\u0301es au processus e\u0301lectoral en cours. Le pre\u0301sident de l\u2019AJECUD a indique\u0301 que 18 mois apre\u0300s le de\u0301ce\u0300s du Mare\u0301chal du Tchad, et la mise sur pied du Conseil militaire de transition, il a e\u0301te\u0301 organise\u0301 un Dialogue national inclusif et souverain, a\u0300 l\u2019issue duquel, il est recommande\u0301 le retour a\u0300 l\u2019ordre constitutionnel.<\/p>\n<p>Depuis, plusieurs activite\u0301s, allant dans le cadre de ce retour a\u0300 l&rsquo;ordre constitutionnel, ont e\u0301te\u0301 re\u0301alise\u0301es, parmi lesquelles la re\u0301vision du fichier e\u0301lectoral, la re\u0301daction d&rsquo;un projet de Constitution et l&rsquo;e\u0301laboration d&rsquo;un calendrier e\u0301lectoral. C\u2019est ainsi que son association a organise\u0301 des activite\u0301s de sensibilisation, allant dans le sens du retour a\u0300 l\u2019ordre constitutionnel.<\/p>\n<p>Hassan Abdoulaye Hassan a rappele\u0301 aux journalistes que la campagne e\u0301lectorale re\u0301fe\u0301rendaire est pre\u0301vue du 25 au 15 de\u0301cembre prochain. Le re\u0301fe\u0301rendum aura lieu le 17 de\u0301cembre prochain, et les re\u0301sultats provisoires seront publie\u0301s le 24 de\u0301cembre 2023.<\/p>\n<p>A\u0300 cet effet, il a demande\u0301 aux hommes de me\u0301dias de sensibiliser la population afin de participer. Il demande par ailleurs a\u0300 la commission nationale de l&rsquo;organisation du re\u0301fe\u0301rendum constitutionnel (Conorec) de respecter le calendrier et de tout mettre en \u0153uvre pour que chaque citoyen tchadien, puisse exprimer sa voix.<\/p>\n<p>Il faut noter que des questions lie\u0301es au calendrier e\u0301lectoral et de la campagne de la prochaine organisation du re\u0301fe\u0301rendum constitutionnel, ont e\u0301te\u0301 pose\u0301es par les journalistes au confe\u0301rencier, auxquels il a apporte\u0301 des re\u0301ponses approprie\u0301es.<\/p>\n<p><strong>Pour plus d&rsquo;informations et d&rsquo;analyses sur la <a href=\"https:\/\/www.africa-press.net\/tchad\">Tchad<\/a>, suivez <a href=\"https:\/\/www.africa-press.net\/\">Africa-Press<\/a><\/strong><\/p>\n","protected":false},"excerpt":{"rendered":"<p>Africa-Press &#8211; Tchad. Le pre\u0301sident de l\u2019Association e\u0301toile des jeunes pour la culture et le de\u0301veloppement (AJECUD), Hassan Abdoulaye Hassan, a anime\u0301 une confe\u0301rence de\u0301bat ce lundi 20 novembre 2023 a\u0300 Abe\u0301che\u0301. Cette confe\u0301rence de\u0301bat se tient dans le cadre du projet \u00ab tous ensemble pour une transition inclusive et apaise au Tchad \u00bb mise [&hellip;]<\/p>\n","protected":false},"author":82,"featured_media":54389,"comment_status":"open","ping_status":"closed","sticky":false,"template":"","format":"standard","meta":{"footnotes":""},"categories":[2,10],"tags":[37,292,29],"class_list":["post-54391","post","type-post","status-publish","format-standard","has-post-thumbnail","hentry","category-politique","category-toutes-les-actualites","tag-africa-press","tag-africa-press-tchad","tag-tchad"],"yoast_head":"<!-- This site is optimized with the Yoast SEO Premium plugin v26.1 (Yoast SEO v27.0) - https:\/\/yoast.com\/product\/yoast-seo-premium-wordpress\/ -->\n<title>l&#039;Association \u00e9toile des jeunes du Ouadda\u00ef appelle la CONOREC au respect du calendrier r\u00e9f\u00e9rendaire - tchad<\/title>\n<meta name=\"description\" content=\"Le pre\u0301sident de l\u2019Association e\u0301toile des jeunes pour la culture et le de\u0301veloppement (AJECUD), Hassan Abdoulaye Hassan ...\" \/>\n<meta name=\"robots\" content=\"index, follow, max-snippet:-1, max-image-preview:large, max-video-preview:-1\" \/>\n<link rel=\"canonical\" href=\"https:\/\/www.africa-press.net\/tchad\/politique\/lassociation-etoile-des-jeunes-du-ouaddai-appelle-la-conorec-au-respect-du-calendrier-referendaire\" \/>\n<meta property=\"og:locale\" content=\"fr_FR\" \/>\n<meta property=\"og:type\" content=\"article\" \/>\n<meta property=\"og:title\" content=\"l&#039;Association \u00e9toile des jeunes du Ouadda\u00ef appelle la CONOREC au respect du calendrier r\u00e9f\u00e9rendaire\" \/>\n<meta property=\"og:description\" content=\"Le pre\u0301sident de l\u2019Association e\u0301toile des jeunes pour la culture et le de\u0301veloppement (AJECUD), Hassan Abdoulaye Hassan ...\" \/>\n<meta property=\"og:url\" content=\"https:\/\/www.africa-press.net\/tchad\/politique\/lassociation-etoile-des-jeunes-du-ouaddai-appelle-la-conorec-au-respect-du-calendrier-referendaire\" \/>\n<meta property=\"og:site_name\" content=\"tchad\" \/>\n<meta property=\"article:published_time\" content=\"2023-11-22T17:26:03+00:00\" \/>\n<meta property=\"article:modified_time\" content=\"2023-11-22T18:56:50+00:00\" \/>\n<meta property=\"og:image\" content=\"https:\/\/static.africa-press.net\/tchad\/sites\/41\/2023\/11\/sm_1700666764.477474.jpg\" \/>\n\t<meta property=\"og:image:width\" content=\"720\" \/>\n\t<meta property=\"og:image:height\" content=\"492\" \/>\n\t<meta property=\"og:image:type\" content=\"image\/jpeg\" \/>\n<meta name=\"author\" content=\"cfeditorfr\" \/>\n<meta name=\"twitter:card\" content=\"summary_large_image\" \/>\n<meta name=\"twitter:label1\" content=\"\u00c9crit par\" \/>\n\t<meta name=\"twitter:data1\" content=\"cfeditorfr\" \/>\n\t<meta name=\"twitter:label2\" content=\"Dur\u00e9e de lecture estim\u00e9e\" \/>\n\t<meta name=\"twitter:data2\" content=\"2 minutes\" \/>\n<script type=\"application\/ld+json\" class=\"yoast-schema-graph\">{\"@context\":\"https:\/\/schema.org\",\"@graph\":[{\"@type\":\"Article\",\"@id\":\"https:\/\/www.africa-press.net\/tchad\/politique\/lassociation-etoile-des-jeunes-du-ouaddai-appelle-la-conorec-au-respect-du-calendrier-referendaire#article\",\"isPartOf\":{\"@id\":\"https:\/\/www.africa-press.net\/tchad\/politique\/lassociation-etoile-des-jeunes-du-ouaddai-appelle-la-conorec-au-respect-du-calendrier-referendaire\"},\"author\":{\"name\":\"cfeditorfr\",\"@id\":\"https:\/\/www.africa-press.net\/tchad\/#\/schema\/person\/2b1cf3cd81a31e3cd26889ca66d677f1\"},\"headline\":\"l&rsquo;Association \u00e9toile des jeunes du Ouadda\u00ef appelle la CONOREC au respect du calendrier r\u00e9f\u00e9rendaire\",\"datePublished\":\"2023-11-22T17:26:03+00:00\",\"dateModified\":\"2023-11-22T18:56:50+00:00\",\"mainEntityOfPage\":{\"@id\":\"https:\/\/www.africa-press.net\/tchad\/politique\/lassociation-etoile-des-jeunes-du-ouaddai-appelle-la-conorec-au-respect-du-calendrier-referendaire\"},\"wordCount\":407,\"commentCount\":0,\"image\":{\"@id\":\"https:\/\/www.africa-press.net\/tchad\/politique\/lassociation-etoile-des-jeunes-du-ouaddai-appelle-la-conorec-au-respect-du-calendrier-referendaire#primaryimage\"},\"thumbnailUrl\":\"https:\/\/static.africa-press.net\/tchad\/sites\/41\/2023\/11\/sm_1700666764.477474.jpg\",\"keywords\":[\"Africa Press\",\"Africa Press-Tchad\",\"Tchad\"],\"articleSection\":[\"Politique\",\"Toutes les actualit\u00e9s\"],\"inLanguage\":\"fr-FR\",\"potentialAction\":[{\"@type\":\"CommentAction\",\"name\":\"Comment\",\"target\":[\"https:\/\/www.africa-press.net\/tchad\/politique\/lassociation-etoile-des-jeunes-du-ouaddai-appelle-la-conorec-au-respect-du-calendrier-referendaire#respond\"]}]},{\"@type\":\"WebPage\",\"@id\":\"https:\/\/www.africa-press.net\/tchad\/politique\/lassociation-etoile-des-jeunes-du-ouaddai-appelle-la-conorec-au-respect-du-calendrier-referendaire\",\"url\":\"https:\/\/www.africa-press.net\/tchad\/politique\/lassociation-etoile-des-jeunes-du-ouaddai-appelle-la-conorec-au-respect-du-calendrier-referendaire\",\"name\":\"l'Association \u00e9toile des jeunes du Ouadda\u00ef appelle la CONOREC au respect du calendrier r\u00e9f\u00e9rendaire - tchad\",\"isPartOf\":{\"@id\":\"https:\/\/www.africa-press.net\/tchad\/#website\"},\"primaryImageOfPage\":{\"@id\":\"https:\/\/www.africa-press.net\/tchad\/politique\/lassociation-etoile-des-jeunes-du-ouaddai-appelle-la-conorec-au-respect-du-calendrier-referendaire#primaryimage\"},\"image\":{\"@id\":\"https:\/\/www.africa-press.net\/tchad\/politique\/lassociation-etoile-des-jeunes-du-ouaddai-appelle-la-conorec-au-respect-du-calendrier-referendaire#primaryimage\"},\"thumbnailUrl\":\"https:\/\/static.africa-press.net\/tchad\/sites\/41\/2023\/11\/sm_1700666764.477474.jpg\",\"datePublished\":\"2023-11-22T17:26:03+00:00\",\"dateModified\":\"2023-11-22T18:56:50+00:00\",\"author\":{\"@id\":\"https:\/\/www.africa-press.net\/tchad\/#\/schema\/person\/2b1cf3cd81a31e3cd26889ca66d677f1\"},\"description\":\"Le pre\u0301sident de l\u2019Association e\u0301toile des jeunes pour la culture et le de\u0301veloppement (AJECUD), Hassan Abdoulaye Hassan ...\",\"breadcrumb\":{\"@id\":\"https:\/\/www.africa-press.net\/tchad\/politique\/lassociation-etoile-des-jeunes-du-ouaddai-appelle-la-conorec-au-respect-du-calendrier-referendaire#breadcrumb\"},\"inLanguage\":\"fr-FR\",\"potentialAction\":[{\"@type\":\"ReadAction\",\"target\":[\"https:\/\/www.africa-press.net\/tchad\/politique\/lassociation-etoile-des-jeunes-du-ouaddai-appelle-la-conorec-au-respect-du-calendrier-referendaire\"]}]},{\"@type\":\"ImageObject\",\"inLanguage\":\"fr-FR\",\"@id\":\"https:\/\/www.africa-press.net\/tchad\/politique\/lassociation-etoile-des-jeunes-du-ouaddai-appelle-la-conorec-au-respect-du-calendrier-referendaire#primaryimage\",\"url\":\"https:\/\/static.africa-press.net\/tchad\/sites\/41\/2023\/11\/sm_1700666764.477474.jpg\",\"contentUrl\":\"https:\/\/static.africa-press.net\/tchad\/sites\/41\/2023\/11\/sm_1700666764.477474.jpg\",\"width\":720,\"height\":492,\"caption\":\"l'Association \u00e9toile des jeunes du Ouadda\u00ef appelle la CONOREC au respect du calendrier r\u00e9f\u00e9rendaire\"},{\"@type\":\"BreadcrumbList\",\"@id\":\"https:\/\/www.africa-press.net\/tchad\/politique\/lassociation-etoile-des-jeunes-du-ouaddai-appelle-la-conorec-au-respect-du-calendrier-referendaire#breadcrumb\",\"itemListElement\":[{\"@type\":\"ListItem\",\"position\":1,\"name\":\"Accueil\",\"item\":\"https:\/\/www.africa-press.net\/tchad\/\"},{\"@type\":\"ListItem\",\"position\":2,\"name\":\"l&#8217;Association \u00e9toile des jeunes du Ouadda\u00ef appelle la CONOREC au respect du calendrier r\u00e9f\u00e9rendaire\"}]},{\"@type\":\"WebSite\",\"@id\":\"https:\/\/www.africa-press.net\/tchad\/#website\",\"url\":\"https:\/\/www.africa-press.net\/tchad\/\",\"name\":\"tchad\",\"description\":\"Just another Africa News Agency Sites site\",\"potentialAction\":[{\"@type\":\"SearchAction\",\"target\":{\"@type\":\"EntryPoint\",\"urlTemplate\":\"https:\/\/www.africa-press.net\/tchad\/?s={search_term_string}\"},\"query-input\":{\"@type\":\"PropertyValueSpecification\",\"valueRequired\":true,\"valueName\":\"search_term_string\"}}],\"inLanguage\":\"fr-FR\"},{\"@type\":\"Person\",\"@id\":\"https:\/\/www.africa-press.net\/tchad\/#\/schema\/person\/2b1cf3cd81a31e3cd26889ca66d677f1\",\"name\":\"cfeditorfr\"}]}<\/script>\n<!-- \/ Yoast SEO Premium plugin. -->","yoast_head_json":{"title":"l'Association \u00e9toile des jeunes du Ouadda\u00ef appelle la CONOREC au respect du calendrier r\u00e9f\u00e9rendaire - tchad","description":"Le pre\u0301sident de l\u2019Association e\u0301toile des jeunes pour la culture et le de\u0301veloppement (AJECUD), Hassan Abdoulaye Hassan ...","robots":{"index":"index","follow":"follow","max-snippet":"max-snippet:-1","max-image-preview":"max-image-preview:large","max-video-preview":"max-video-preview:-1"},"canonical":"https:\/\/www.africa-press.net\/tchad\/politique\/lassociation-etoile-des-jeunes-du-ouaddai-appelle-la-conorec-au-respect-du-calendrier-referendaire","og_locale":"fr_FR","og_type":"article","og_title":"l'Association \u00e9toile des jeunes du Ouadda\u00ef appelle la CONOREC au respect du calendrier r\u00e9f\u00e9rendaire","og_description":"Le pre\u0301sident de l\u2019Association e\u0301toile des jeunes pour la culture et le de\u0301veloppement (AJECUD), Hassan Abdoulaye Hassan ...","og_url":"https:\/\/www.africa-press.net\/tchad\/politique\/lassociation-etoile-des-jeunes-du-ouaddai-appelle-la-conorec-au-respect-du-calendrier-referendaire","og_site_name":"tchad","article_published_time":"2023-11-22T17:26:03+00:00","article_modified_time":"2023-11-22T18:56:50+00:00","og_image":[{"width":720,"height":492,"url":"https:\/\/static.africa-press.net\/tchad\/sites\/41\/2023\/11\/sm_1700666764.477474.jpg","type":"image\/jpeg"}],"author":"cfeditorfr","twitter_card":"summary_large_image","twitter_misc":{"\u00c9crit par":"cfeditorfr","Dur\u00e9e de lecture estim\u00e9e":"2 minutes"},"schema":{"@context":"https:\/\/schema.org","@graph":[{"@type":"Article","@id":"https:\/\/www.africa-press.net\/tchad\/politique\/lassociation-etoile-des-jeunes-du-ouaddai-appelle-la-conorec-au-respect-du-calendrier-referendaire#article","isPartOf":{"@id":"https:\/\/www.africa-press.net\/tchad\/politique\/lassociation-etoile-des-jeunes-du-ouaddai-appelle-la-conorec-au-respect-du-calendrier-referendaire"},"author":{"name":"cfeditorfr","@id":"https:\/\/www.africa-press.net\/tchad\/#\/schema\/person\/2b1cf3cd81a31e3cd26889ca66d677f1"},"headline":"l&rsquo;Association \u00e9toile des jeunes du Ouadda\u00ef appelle la CONOREC au respect du calendrier r\u00e9f\u00e9rendaire","datePublished":"2023-11-22T17:26:03+00:00","dateModified":"2023-11-22T18:56:50+00:00","mainEntityOfPage":{"@id":"https:\/\/www.africa-press.net\/tchad\/politique\/lassociation-etoile-des-jeunes-du-ouaddai-appelle-la-conorec-au-respect-du-calendrier-referendaire"},"wordCount":407,"commentCount":0,"image":{"@id":"https:\/\/www.africa-press.net\/tchad\/politique\/lassociation-etoile-des-jeunes-du-ouaddai-appelle-la-conorec-au-respect-du-calendrier-referendaire#primaryimage"},"thumbnailUrl":"https:\/\/static.africa-press.net\/tchad\/sites\/41\/2023\/11\/sm_1700666764.477474.jpg","keywords":["Africa Press","Africa Press-Tchad","Tchad"],"articleSection":["Politique","Toutes les actualit\u00e9s"],"inLanguage":"fr-FR","potentialAction":[{"@type":"CommentAction","name":"Comment","target":["https:\/\/www.africa-press.net\/tchad\/politique\/lassociation-etoile-des-jeunes-du-ouaddai-appelle-la-conorec-au-respect-du-calendrier-referendaire#respond"]}]},{"@type":"WebPage","@id":"https:\/\/www.africa-press.net\/tchad\/politique\/lassociation-etoile-des-jeunes-du-ouaddai-appelle-la-conorec-au-respect-du-calendrier-referendaire","url":"https:\/\/www.africa-press.net\/tchad\/politique\/lassociation-etoile-des-jeunes-du-ouaddai-appelle-la-conorec-au-respect-du-calendrier-referendaire","name":"l'Association \u00e9toile des jeunes du Ouadda\u00ef appelle la CONOREC au respect du calendrier r\u00e9f\u00e9rendaire - tchad","isPartOf":{"@id":"https:\/\/www.africa-press.net\/tchad\/#website"},"primaryImageOfPage":{"@id":"https:\/\/www.africa-press.net\/tchad\/politique\/lassociation-etoile-des-jeunes-du-ouaddai-appelle-la-conorec-au-respect-du-calendrier-referendaire#primaryimage"},"image":{"@id":"https:\/\/www.africa-press.net\/tchad\/politique\/lassociation-etoile-des-jeunes-du-ouaddai-appelle-la-conorec-au-respect-du-calendrier-referendaire#primaryimage"},"thumbnailUrl":"https:\/\/static.africa-press.net\/tchad\/sites\/41\/2023\/11\/sm_1700666764.477474.jpg","datePublished":"2023-11-22T17:26:03+00:00","dateModified":"2023-11-22T18:56:50+00:00","author":{"@id":"https:\/\/www.africa-press.net\/tchad\/#\/schema\/person\/2b1cf3cd81a31e3cd26889ca66d677f1"},"description":"Le pre\u0301sident de l\u2019Association e\u0301toile des jeunes pour la culture et le de\u0301veloppement (AJECUD), Hassan Abdoulaye Hassan ...","breadcrumb":{"@id":"https:\/\/www.africa-press.net\/tchad\/politique\/lassociation-etoile-des-jeunes-du-ouaddai-appelle-la-conorec-au-respect-du-calendrier-referendaire#breadcrumb"},"inLanguage":"fr-FR","potentialAction":[{"@type":"ReadAction","target":["https:\/\/www.africa-press.net\/tchad\/politique\/lassociation-etoile-des-jeunes-du-ouaddai-appelle-la-conorec-au-respect-du-calendrier-referendaire"]}]},{"@type":"ImageObject","inLanguage":"fr-FR","@id":"https:\/\/www.africa-press.net\/tchad\/politique\/lassociation-etoile-des-jeunes-du-ouaddai-appelle-la-conorec-au-respect-du-calendrier-referendaire#primaryimage","url":"https:\/\/static.africa-press.net\/tchad\/sites\/41\/2023\/11\/sm_1700666764.477474.jpg","contentUrl":"https:\/\/static.africa-press.net\/tchad\/sites\/41\/2023\/11\/sm_1700666764.477474.jpg","width":720,"height":492,"caption":"l'Association \u00e9toile des jeunes du Ouadda\u00ef appelle la CONOREC au respect du calendrier r\u00e9f\u00e9rendaire"},{"@type":"BreadcrumbList","@id":"https:\/\/www.africa-press.net\/tchad\/politique\/lassociation-etoile-des-jeunes-du-ouaddai-appelle-la-conorec-au-respect-du-calendrier-referendaire#breadcrumb","itemListElement":[{"@type":"ListItem","position":1,"name":"Accueil","item":"https:\/\/www.africa-press.net\/tchad\/"},{"@type":"ListItem","position":2,"name":"l&#8217;Association \u00e9toile des jeunes du Ouadda\u00ef appelle la CONOREC au respect du calendrier r\u00e9f\u00e9rendaire"}]},{"@type":"WebSite","@id":"https:\/\/www.africa-press.net\/tchad\/#website","url":"https:\/\/www.africa-press.net\/tchad\/","name":"tchad","description":"Just another Africa News Agency Sites site","potentialAction":[{"@type":"SearchAction","target":{"@type":"EntryPoint","urlTemplate":"https:\/\/www.africa-press.net\/tchad\/?s={search_term_string}"},"query-input":{"@type":"PropertyValueSpecification","valueRequired":true,"valueName":"search_term_string"}}],"inLanguage":"fr-FR"},{"@type":"Person","@id":"https:\/\/www.africa-press.net\/tchad\/#\/schema\/person\/2b1cf3cd81a31e3cd26889ca66d677f1","name":"cfeditorfr"}]}},"_links":{"self":[{"href":"https:\/\/www.africa-press.net\/tchad\/wp-json\/wp\/v2\/posts\/54391","targetHints":{"allow":["GET"]}}],"collection":[{"href":"https:\/\/www.africa-press.net\/tchad\/wp-json\/wp\/v2\/posts"}],"about":[{"href":"https:\/\/www.africa-press.net\/tchad\/wp-json\/wp\/v2\/types\/post"}],"author":[{"embeddable":true,"href":"https:\/\/www.africa-press.net\/tchad\/wp-json\/wp\/v2\/users\/82"}],"replies":[{"embeddable":true,"href":"https:\/\/www.africa-press.net\/tchad\/wp-json\/wp\/v2\/comments?post=54391"}],"version-history":[{"count":0,"href":"https:\/\/www.africa-press.net\/tchad\/wp-json\/wp\/v2\/posts\/54391\/revisions"}],"wp:featuredmedia":[{"embeddable":true,"href":"https:\/\/www.africa-press.net\/tchad\/wp-json\/wp\/v2\/media\/54389"}],"wp:attachment":[{"href":"https:\/\/www.africa-press.net\/tchad\/wp-json\/wp\/v2\/media?parent=54391"}],"wp:term":[{"taxonomy":"category","embeddable":true,"href":"https:\/\/www.africa-press.net\/tchad\/wp-json\/wp\/v2\/categories?post=54391"},{"taxonomy":"post_tag","embeddable":true,"href":"https:\/\/www.africa-press.net\/tchad\/wp-json\/wp\/v2\/tags?post=54391"}],"curies":[{"name":"wp","href":"https:\/\/api.w.org\/{rel}","templated":true}]}}