{"id":54394,"date":"2023-11-22T17:26:57","date_gmt":"2023-11-22T17:26:57","guid":{"rendered":"https:\/\/www.africa-press.net\/tchad\/politique\/le-projet-de-constitution-vulgarise-au-moyen-chari"},"modified":"2023-11-22T18:57:32","modified_gmt":"2023-11-22T18:57:32","slug":"le-projet-de-constitution-vulgarise-au-moyen-chari","status":"publish","type":"post","link":"https:\/\/www.africa-press.net\/tchad\/politique\/le-projet-de-constitution-vulgarise-au-moyen-chari","title":{"rendered":"le projet de Constitution vulgaris\u00e9 au Moyen-Chari"},"content":{"rendered":"<p><span style=\"color: #ff6600\"><strong>Africa-Press &#8211; Tchad. <\/strong><\/span>Un atelier de pre\u0301sentation du projet de la nouvelle Constitution a e\u0301te\u0301 lance\u0301 ce 20 novembre 2023 a\u0300 Sarh. C\u2019est a\u0300 l\u2019intention de toutes les parties prenantes de la province du Moyen-Chari.<\/p>\n<p>C\u2019est le gouverneur de la province du Moyen-Chari, Ousman Brahim Djouma, qui a lance\u0301 dans la salle des re\u0301unions Notre Dame des Apo\u0302tres cet atelier de formation sur la pre\u0301sentation du projet de Constitution.<\/p>\n<p>Organise\u0301 a\u0300 l\u2019intention des diffe\u0301rentes couches socioprofessionnelles de la province du Moyen-Chari, cet atelier de formation qui a pour objectif de former sur la pre\u0301sentation du projet de Constitution, permettra a\u0300 chaque citoyen de comprendre le contenu de ce projet. Ceci dans le souci de garantir la transparence du processus re\u0301fe\u0301rendaire, et surtout re\u0301pondre aux exigences de la de\u0301mocratie.<\/p>\n<p>Le chef de mission, Djimtibaye Neldjita Lapia, a pre\u0301cise\u0301 que cette campagne de vulgarisation du projet de Constitution est d\u2019une importance capitale pour toutes les forces vives du pays. Djimtibaye Neldjita Lapia a aussi souligne\u0301 que le contenu de ce nouveau projet sera de\u0301sormais le contrat social de tous les Tchadiens, et va contribuer a\u0300 changer l\u2019avenir du pays entier.<\/p>\n<p>Le gouverneur, Ousman Brahim Djouma a indique\u0301 que pour atteindre les objectifs de cet atelier, il est ne\u0301cessaire et obligatoire d\u2019impliquer toutes les couches socioprofessionnelles de la province du Moyen-Chari qui, a\u0300 leur tour, serviront de relais dans leurs bases respectives. Ceci pour le bien de la refondation du Tchad.<\/p>\n<p>Il faut noter que les participants a\u0300 cet atelier sont venus des quatre de\u0301partements que compte la province du Moyen-Chari.<\/p>\n<p><strong>Pour plus d&rsquo;informations et d&rsquo;analyses sur la <a href=\"https:\/\/www.africa-press.net\/tchad\">Tchad<\/a>, suivez <a href=\"https:\/\/www.africa-press.net\/\">Africa-Press<\/a><\/strong><\/p>\n","protected":false},"excerpt":{"rendered":"<p>Africa-Press &#8211; Tchad. Un atelier de pre\u0301sentation du projet de la nouvelle Constitution a e\u0301te\u0301 lance\u0301 ce 20 novembre 2023 a\u0300 Sarh. C\u2019est a\u0300 l\u2019intention de toutes les parties prenantes de la province du Moyen-Chari. C\u2019est le gouverneur de la province du Moyen-Chari, Ousman Brahim Djouma, qui a lance\u0301 dans la salle des re\u0301unions Notre [&hellip;]<\/p>\n","protected":false},"author":82,"featured_media":54392,"comment_status":"open","ping_status":"closed","sticky":false,"template":"","format":"standard","meta":{"footnotes":""},"categories":[2,10],"tags":[37,292,29],"class_list":["post-54394","post","type-post","status-publish","format-standard","has-post-thumbnail","hentry","category-politique","category-toutes-les-actualites","tag-africa-press","tag-africa-press-tchad","tag-tchad"],"yoast_head":"<!-- This site is optimized with the Yoast SEO Premium plugin v26.1 (Yoast SEO v27.0) - https:\/\/yoast.com\/product\/yoast-seo-premium-wordpress\/ -->\n<title>le projet de Constitution vulgaris\u00e9 au Moyen-Chari - tchad<\/title>\n<meta name=\"description\" content=\"Un atelier de pre\u0301sentation du projet de la nouvelle Constitution a e\u0301te\u0301 lance\u0301 ce 20 novembre 2023 a\u0300 Sarh. C\u2019est a\u0300 l ...\" \/>\n<meta name=\"robots\" content=\"index, follow, max-snippet:-1, max-image-preview:large, max-video-preview:-1\" \/>\n<link rel=\"canonical\" href=\"https:\/\/www.africa-press.net\/tchad\/politique\/le-projet-de-constitution-vulgarise-au-moyen-chari\" \/>\n<meta property=\"og:locale\" content=\"fr_FR\" \/>\n<meta property=\"og:type\" content=\"article\" \/>\n<meta property=\"og:title\" content=\"le projet de Constitution vulgaris\u00e9 au Moyen-Chari\" \/>\n<meta property=\"og:description\" content=\"Un atelier de pre\u0301sentation du projet de la nouvelle Constitution a e\u0301te\u0301 lance\u0301 ce 20 novembre 2023 a\u0300 Sarh. C\u2019est a\u0300 l ...\" \/>\n<meta property=\"og:url\" content=\"https:\/\/www.africa-press.net\/tchad\/politique\/le-projet-de-constitution-vulgarise-au-moyen-chari\" \/>\n<meta property=\"og:site_name\" content=\"tchad\" \/>\n<meta property=\"article:published_time\" content=\"2023-11-22T17:26:57+00:00\" \/>\n<meta property=\"article:modified_time\" content=\"2023-11-22T18:57:32+00:00\" \/>\n<meta property=\"og:image\" content=\"https:\/\/static.africa-press.net\/tchad\/sites\/41\/2023\/11\/sm_1700666797.161299.jpg\" \/>\n\t<meta property=\"og:image:width\" content=\"1080\" \/>\n\t<meta property=\"og:image:height\" content=\"809\" \/>\n\t<meta property=\"og:image:type\" content=\"image\/jpeg\" \/>\n<meta name=\"author\" content=\"cfeditorfr\" \/>\n<meta name=\"twitter:card\" content=\"summary_large_image\" \/>\n<meta name=\"twitter:label1\" content=\"\u00c9crit par\" \/>\n\t<meta name=\"twitter:data1\" content=\"cfeditorfr\" \/>\n\t<meta name=\"twitter:label2\" content=\"Dur\u00e9e de lecture estim\u00e9e\" \/>\n\t<meta name=\"twitter:data2\" content=\"2 minutes\" \/>\n<script type=\"application\/ld+json\" class=\"yoast-schema-graph\">{\"@context\":\"https:\/\/schema.org\",\"@graph\":[{\"@type\":\"Article\",\"@id\":\"https:\/\/www.africa-press.net\/tchad\/politique\/le-projet-de-constitution-vulgarise-au-moyen-chari#article\",\"isPartOf\":{\"@id\":\"https:\/\/www.africa-press.net\/tchad\/politique\/le-projet-de-constitution-vulgarise-au-moyen-chari\"},\"author\":{\"name\":\"cfeditorfr\",\"@id\":\"https:\/\/www.africa-press.net\/tchad\/#\/schema\/person\/2b1cf3cd81a31e3cd26889ca66d677f1\"},\"headline\":\"le projet de Constitution vulgaris\u00e9 au Moyen-Chari\",\"datePublished\":\"2023-11-22T17:26:57+00:00\",\"dateModified\":\"2023-11-22T18:57:32+00:00\",\"mainEntityOfPage\":{\"@id\":\"https:\/\/www.africa-press.net\/tchad\/politique\/le-projet-de-constitution-vulgarise-au-moyen-chari\"},\"wordCount\":297,\"commentCount\":0,\"image\":{\"@id\":\"https:\/\/www.africa-press.net\/tchad\/politique\/le-projet-de-constitution-vulgarise-au-moyen-chari#primaryimage\"},\"thumbnailUrl\":\"https:\/\/static.africa-press.net\/tchad\/sites\/41\/2023\/11\/sm_1700666797.161299.jpg\",\"keywords\":[\"Africa Press\",\"Africa Press-Tchad\",\"Tchad\"],\"articleSection\":[\"Politique\",\"Toutes les actualit\u00e9s\"],\"inLanguage\":\"fr-FR\",\"potentialAction\":[{\"@type\":\"CommentAction\",\"name\":\"Comment\",\"target\":[\"https:\/\/www.africa-press.net\/tchad\/politique\/le-projet-de-constitution-vulgarise-au-moyen-chari#respond\"]}]},{\"@type\":\"WebPage\",\"@id\":\"https:\/\/www.africa-press.net\/tchad\/politique\/le-projet-de-constitution-vulgarise-au-moyen-chari\",\"url\":\"https:\/\/www.africa-press.net\/tchad\/politique\/le-projet-de-constitution-vulgarise-au-moyen-chari\",\"name\":\"le projet de Constitution vulgaris\u00e9 au Moyen-Chari - tchad\",\"isPartOf\":{\"@id\":\"https:\/\/www.africa-press.net\/tchad\/#website\"},\"primaryImageOfPage\":{\"@id\":\"https:\/\/www.africa-press.net\/tchad\/politique\/le-projet-de-constitution-vulgarise-au-moyen-chari#primaryimage\"},\"image\":{\"@id\":\"https:\/\/www.africa-press.net\/tchad\/politique\/le-projet-de-constitution-vulgarise-au-moyen-chari#primaryimage\"},\"thumbnailUrl\":\"https:\/\/static.africa-press.net\/tchad\/sites\/41\/2023\/11\/sm_1700666797.161299.jpg\",\"datePublished\":\"2023-11-22T17:26:57+00:00\",\"dateModified\":\"2023-11-22T18:57:32+00:00\",\"author\":{\"@id\":\"https:\/\/www.africa-press.net\/tchad\/#\/schema\/person\/2b1cf3cd81a31e3cd26889ca66d677f1\"},\"description\":\"Un atelier de pre\u0301sentation du projet de la nouvelle Constitution a e\u0301te\u0301 lance\u0301 ce 20 novembre 2023 a\u0300 Sarh. C\u2019est a\u0300 l ...\",\"breadcrumb\":{\"@id\":\"https:\/\/www.africa-press.net\/tchad\/politique\/le-projet-de-constitution-vulgarise-au-moyen-chari#breadcrumb\"},\"inLanguage\":\"fr-FR\",\"potentialAction\":[{\"@type\":\"ReadAction\",\"target\":[\"https:\/\/www.africa-press.net\/tchad\/politique\/le-projet-de-constitution-vulgarise-au-moyen-chari\"]}]},{\"@type\":\"ImageObject\",\"inLanguage\":\"fr-FR\",\"@id\":\"https:\/\/www.africa-press.net\/tchad\/politique\/le-projet-de-constitution-vulgarise-au-moyen-chari#primaryimage\",\"url\":\"https:\/\/static.africa-press.net\/tchad\/sites\/41\/2023\/11\/sm_1700666797.161299.jpg\",\"contentUrl\":\"https:\/\/static.africa-press.net\/tchad\/sites\/41\/2023\/11\/sm_1700666797.161299.jpg\",\"width\":1080,\"height\":809,\"caption\":\"le projet de Constitution vulgaris\u00e9 au Moyen-Chari\"},{\"@type\":\"BreadcrumbList\",\"@id\":\"https:\/\/www.africa-press.net\/tchad\/politique\/le-projet-de-constitution-vulgarise-au-moyen-chari#breadcrumb\",\"itemListElement\":[{\"@type\":\"ListItem\",\"position\":1,\"name\":\"Accueil\",\"item\":\"https:\/\/www.africa-press.net\/tchad\/\"},{\"@type\":\"ListItem\",\"position\":2,\"name\":\"le projet de Constitution vulgaris\u00e9 au Moyen-Chari\"}]},{\"@type\":\"WebSite\",\"@id\":\"https:\/\/www.africa-press.net\/tchad\/#website\",\"url\":\"https:\/\/www.africa-press.net\/tchad\/\",\"name\":\"tchad\",\"description\":\"Just another Africa News Agency Sites site\",\"potentialAction\":[{\"@type\":\"SearchAction\",\"target\":{\"@type\":\"EntryPoint\",\"urlTemplate\":\"https:\/\/www.africa-press.net\/tchad\/?s={search_term_string}\"},\"query-input\":{\"@type\":\"PropertyValueSpecification\",\"valueRequired\":true,\"valueName\":\"search_term_string\"}}],\"inLanguage\":\"fr-FR\"},{\"@type\":\"Person\",\"@id\":\"https:\/\/www.africa-press.net\/tchad\/#\/schema\/person\/2b1cf3cd81a31e3cd26889ca66d677f1\",\"name\":\"cfeditorfr\"}]}<\/script>\n<!-- \/ Yoast SEO Premium plugin. -->","yoast_head_json":{"title":"le projet de Constitution vulgaris\u00e9 au Moyen-Chari - tchad","description":"Un atelier de pre\u0301sentation du projet de la nouvelle Constitution a e\u0301te\u0301 lance\u0301 ce 20 novembre 2023 a\u0300 Sarh. C\u2019est a\u0300 l ...","robots":{"index":"index","follow":"follow","max-snippet":"max-snippet:-1","max-image-preview":"max-image-preview:large","max-video-preview":"max-video-preview:-1"},"canonical":"https:\/\/www.africa-press.net\/tchad\/politique\/le-projet-de-constitution-vulgarise-au-moyen-chari","og_locale":"fr_FR","og_type":"article","og_title":"le projet de Constitution vulgaris\u00e9 au Moyen-Chari","og_description":"Un atelier de pre\u0301sentation du projet de la nouvelle Constitution a e\u0301te\u0301 lance\u0301 ce 20 novembre 2023 a\u0300 Sarh. C\u2019est a\u0300 l ...","og_url":"https:\/\/www.africa-press.net\/tchad\/politique\/le-projet-de-constitution-vulgarise-au-moyen-chari","og_site_name":"tchad","article_published_time":"2023-11-22T17:26:57+00:00","article_modified_time":"2023-11-22T18:57:32+00:00","og_image":[{"width":1080,"height":809,"url":"https:\/\/static.africa-press.net\/tchad\/sites\/41\/2023\/11\/sm_1700666797.161299.jpg","type":"image\/jpeg"}],"author":"cfeditorfr","twitter_card":"summary_large_image","twitter_misc":{"\u00c9crit par":"cfeditorfr","Dur\u00e9e de lecture estim\u00e9e":"2 minutes"},"schema":{"@context":"https:\/\/schema.org","@graph":[{"@type":"Article","@id":"https:\/\/www.africa-press.net\/tchad\/politique\/le-projet-de-constitution-vulgarise-au-moyen-chari#article","isPartOf":{"@id":"https:\/\/www.africa-press.net\/tchad\/politique\/le-projet-de-constitution-vulgarise-au-moyen-chari"},"author":{"name":"cfeditorfr","@id":"https:\/\/www.africa-press.net\/tchad\/#\/schema\/person\/2b1cf3cd81a31e3cd26889ca66d677f1"},"headline":"le projet de Constitution vulgaris\u00e9 au Moyen-Chari","datePublished":"2023-11-22T17:26:57+00:00","dateModified":"2023-11-22T18:57:32+00:00","mainEntityOfPage":{"@id":"https:\/\/www.africa-press.net\/tchad\/politique\/le-projet-de-constitution-vulgarise-au-moyen-chari"},"wordCount":297,"commentCount":0,"image":{"@id":"https:\/\/www.africa-press.net\/tchad\/politique\/le-projet-de-constitution-vulgarise-au-moyen-chari#primaryimage"},"thumbnailUrl":"https:\/\/static.africa-press.net\/tchad\/sites\/41\/2023\/11\/sm_1700666797.161299.jpg","keywords":["Africa Press","Africa Press-Tchad","Tchad"],"articleSection":["Politique","Toutes les actualit\u00e9s"],"inLanguage":"fr-FR","potentialAction":[{"@type":"CommentAction","name":"Comment","target":["https:\/\/www.africa-press.net\/tchad\/politique\/le-projet-de-constitution-vulgarise-au-moyen-chari#respond"]}]},{"@type":"WebPage","@id":"https:\/\/www.africa-press.net\/tchad\/politique\/le-projet-de-constitution-vulgarise-au-moyen-chari","url":"https:\/\/www.africa-press.net\/tchad\/politique\/le-projet-de-constitution-vulgarise-au-moyen-chari","name":"le projet de Constitution vulgaris\u00e9 au Moyen-Chari - tchad","isPartOf":{"@id":"https:\/\/www.africa-press.net\/tchad\/#website"},"primaryImageOfPage":{"@id":"https:\/\/www.africa-press.net\/tchad\/politique\/le-projet-de-constitution-vulgarise-au-moyen-chari#primaryimage"},"image":{"@id":"https:\/\/www.africa-press.net\/tchad\/politique\/le-projet-de-constitution-vulgarise-au-moyen-chari#primaryimage"},"thumbnailUrl":"https:\/\/static.africa-press.net\/tchad\/sites\/41\/2023\/11\/sm_1700666797.161299.jpg","datePublished":"2023-11-22T17:26:57+00:00","dateModified":"2023-11-22T18:57:32+00:00","author":{"@id":"https:\/\/www.africa-press.net\/tchad\/#\/schema\/person\/2b1cf3cd81a31e3cd26889ca66d677f1"},"description":"Un atelier de pre\u0301sentation du projet de la nouvelle Constitution a e\u0301te\u0301 lance\u0301 ce 20 novembre 2023 a\u0300 Sarh. C\u2019est a\u0300 l ...","breadcrumb":{"@id":"https:\/\/www.africa-press.net\/tchad\/politique\/le-projet-de-constitution-vulgarise-au-moyen-chari#breadcrumb"},"inLanguage":"fr-FR","potentialAction":[{"@type":"ReadAction","target":["https:\/\/www.africa-press.net\/tchad\/politique\/le-projet-de-constitution-vulgarise-au-moyen-chari"]}]},{"@type":"ImageObject","inLanguage":"fr-FR","@id":"https:\/\/www.africa-press.net\/tchad\/politique\/le-projet-de-constitution-vulgarise-au-moyen-chari#primaryimage","url":"https:\/\/static.africa-press.net\/tchad\/sites\/41\/2023\/11\/sm_1700666797.161299.jpg","contentUrl":"https:\/\/static.africa-press.net\/tchad\/sites\/41\/2023\/11\/sm_1700666797.161299.jpg","width":1080,"height":809,"caption":"le projet de Constitution vulgaris\u00e9 au Moyen-Chari"},{"@type":"BreadcrumbList","@id":"https:\/\/www.africa-press.net\/tchad\/politique\/le-projet-de-constitution-vulgarise-au-moyen-chari#breadcrumb","itemListElement":[{"@type":"ListItem","position":1,"name":"Accueil","item":"https:\/\/www.africa-press.net\/tchad\/"},{"@type":"ListItem","position":2,"name":"le projet de Constitution vulgaris\u00e9 au Moyen-Chari"}]},{"@type":"WebSite","@id":"https:\/\/www.africa-press.net\/tchad\/#website","url":"https:\/\/www.africa-press.net\/tchad\/","name":"tchad","description":"Just another Africa News Agency Sites site","potentialAction":[{"@type":"SearchAction","target":{"@type":"EntryPoint","urlTemplate":"https:\/\/www.africa-press.net\/tchad\/?s={search_term_string}"},"query-input":{"@type":"PropertyValueSpecification","valueRequired":true,"valueName":"search_term_string"}}],"inLanguage":"fr-FR"},{"@type":"Person","@id":"https:\/\/www.africa-press.net\/tchad\/#\/schema\/person\/2b1cf3cd81a31e3cd26889ca66d677f1","name":"cfeditorfr"}]}},"_links":{"self":[{"href":"https:\/\/www.africa-press.net\/tchad\/wp-json\/wp\/v2\/posts\/54394","targetHints":{"allow":["GET"]}}],"collection":[{"href":"https:\/\/www.africa-press.net\/tchad\/wp-json\/wp\/v2\/posts"}],"about":[{"href":"https:\/\/www.africa-press.net\/tchad\/wp-json\/wp\/v2\/types\/post"}],"author":[{"embeddable":true,"href":"https:\/\/www.africa-press.net\/tchad\/wp-json\/wp\/v2\/users\/82"}],"replies":[{"embeddable":true,"href":"https:\/\/www.africa-press.net\/tchad\/wp-json\/wp\/v2\/comments?post=54394"}],"version-history":[{"count":0,"href":"https:\/\/www.africa-press.net\/tchad\/wp-json\/wp\/v2\/posts\/54394\/revisions"}],"wp:featuredmedia":[{"embeddable":true,"href":"https:\/\/www.africa-press.net\/tchad\/wp-json\/wp\/v2\/media\/54392"}],"wp:attachment":[{"href":"https:\/\/www.africa-press.net\/tchad\/wp-json\/wp\/v2\/media?parent=54394"}],"wp:term":[{"taxonomy":"category","embeddable":true,"href":"https:\/\/www.africa-press.net\/tchad\/wp-json\/wp\/v2\/categories?post=54394"},{"taxonomy":"post_tag","embeddable":true,"href":"https:\/\/www.africa-press.net\/tchad\/wp-json\/wp\/v2\/tags?post=54394"}],"curies":[{"name":"wp","href":"https:\/\/api.w.org\/{rel}","templated":true}]}}