{"id":54403,"date":"2023-11-22T17:28:01","date_gmt":"2023-11-22T17:28:01","guid":{"rendered":"https:\/\/www.africa-press.net\/tchad\/politique\/le-gouverneur-du-batha-a-ouvert-un-atelier-dadoption-du-plan-de-developpement"},"modified":"2023-11-22T18:59:15","modified_gmt":"2023-11-22T18:59:15","slug":"le-gouverneur-du-batha-a-ouvert-un-atelier-dadoption-du-plan-de-developpement","status":"publish","type":"post","link":"https:\/\/www.africa-press.net\/tchad\/toutes-les-actualites\/le-gouverneur-du-batha-a-ouvert-un-atelier-dadoption-du-plan-de-developpement","title":{"rendered":"le gouverneur du Batha a ouvert un atelier d\u2019adoption du Plan de d\u00e9veloppement"},"content":{"rendered":"<p><span style=\"color: #ff6600\"><strong>Africa-Press &#8211; Tchad. <\/strong><\/span>Cet atelier est organise\u0301 par l&rsquo;ONG CARITAS Suisse et CPA, gra\u0302ce a\u0300 l&rsquo;appui financier de la coope\u0301ration Suisse via le Projet \u00ab Appui au renforcement des capacite\u0301s de re\u0301silience des populations vulne\u0301rables du Batha (REPAR) \u00bb.<\/p>\n<p>Elle a pour objectif de proce\u0301der a\u0300 l&rsquo;adoption technique du document du Plan de de\u0301veloppement de la province du Batha.<\/p>\n<p>Durant trois jours, les participantes et participants, venus de six de\u0301partements de tous les acteurs que compte la province, e\u0301changeront sur les diffe\u0301rentes the\u0301matiques qui sont entre autres : l&rsquo;adoption de la classification indicative des projets sur la dure\u0301e du plan qui est de cinq ans, l\u2019adoption des projets de la premie\u0300re anne\u0301e, la formulation des suggestions et recommandations en vue d&rsquo;enrichir le contenu, l&rsquo;adoption du me\u0301canisme de mise en \u0153uvre du PDP et les strate\u0301gies de pilotage, afin d\u2019obtenir a\u0300 travers l&rsquo;adoption, un consensus autour du document du PDP.<\/p>\n<p>Dans son mot de bienvenue, le repre\u0301sentant de CARITAS Suisse, Alkhalil Abdoulaye, par ailleurs charge\u0301 de programme du Projet REPAR\/Batha, remercie la coope\u0301ration suisse pour son appui financier pour le PDP. Il a rappele\u0301 que les processus de PDP ont de\u0301marre\u0301 depuis six mois, et c&rsquo;est la premie\u0300re fois pour la province du Batha.<\/p>\n<p>Selon lui, pour atteindre cet objectif, le REPAR entend s&rsquo;appuyer sur les recommandations du forum des ressortissants du Batha, organise\u0301 en juin 2019, pour l&rsquo;e\u0301laboration du plan du de\u0301veloppement provincial(PDP).<\/p>\n<p>Pour sa part, le repre\u0301sentant du ministe\u0300re du Plan, de la Prospective e\u0301conomique et des Partenariats internationaux, Wessi Vaissoulaye, par ailleurs cadre de division planification provincial, a rappele\u0301 qu&rsquo;a partir 2017, le Tchad a inscrit son de\u0301veloppement dans une vision perspective de long terme, rompant ainsi avec les cycles de planification a\u0300 court et au moyen termes.<\/p>\n<p>Cette vision strate\u0301gique de de\u0301veloppement, aussi appele\u0301e Vision 2030, que l\u2019on souhaite en cohe\u0301rence avec l&rsquo;agenda 2063 de l&rsquo;UA et les ODD de Nations Unies, a pour objectif de faire du Tchad, une puissance re\u0301gionale e\u0301mergente, a-t-il ajoute\u0301.<\/p>\n<p>Ouvrant les travaux, le gouverneur de la province du Batha le ge\u0301ne\u0301ral de division Ahmat Goukouni Mourali a souligne\u0301 que la validation des principaux re\u0301sultats de ce rapport permettra au gouvernement, et aux partenaires technique et financiers, d&rsquo;assoir une planification base\u0301e sur les donne\u0301es re\u0301centes et de re\u0301pondre aux urgences de la population du Batha.<\/p>\n<p>Cette ope\u0301ration d&rsquo;importance pour la province, est devenue une re\u0301alite\u0301 gra\u0302ce aux orientations de plus hautes autorite\u0301s, a-t-il rappele\u0301.<\/p>\n<p>Enfin, le gouverneur a salue\u0301 l&rsquo;effort de la coope\u0301ration suisse qui ne cesse de contribuer au de\u0301veloppement e\u0301conomique du Batha, a\u0300 travers plusieurs projets et programmes en cours d&rsquo;exe\u0301cution. Il remercie particulie\u0300rement CARITAS Suisse et le consortium des consultants qui ont facilite\u0301 la tenue de cet atelier.<\/p>\n<p><strong>Pour plus d&rsquo;informations et d&rsquo;analyses sur la <a href=\"https:\/\/www.africa-press.net\/tchad\">Tchad<\/a>, suivez <a href=\"https:\/\/www.africa-press.net\/\">Africa-Press<\/a><\/strong><\/p>\n","protected":false},"excerpt":{"rendered":"<p>Africa-Press &#8211; Tchad. Cet atelier est organise\u0301 par l&rsquo;ONG CARITAS Suisse et CPA, gra\u0302ce a\u0300 l&rsquo;appui financier de la coope\u0301ration Suisse via le Projet \u00ab Appui au renforcement des capacite\u0301s de re\u0301silience des populations vulne\u0301rables du Batha (REPAR) \u00bb. Elle a pour objectif de proce\u0301der a\u0300 l&rsquo;adoption technique du document du Plan de de\u0301veloppement de [&hellip;]<\/p>\n","protected":false},"author":82,"featured_media":54401,"comment_status":"open","ping_status":"closed","sticky":false,"template":"","format":"standard","meta":{"footnotes":""},"categories":[21,10],"tags":[37,292,29],"class_list":["post-54403","post","type-post","status-publish","format-standard","has-post-thumbnail","hentry","category-communaute","category-toutes-les-actualites","tag-africa-press","tag-africa-press-tchad","tag-tchad"],"yoast_head":"<!-- This site is optimized with the Yoast SEO Premium plugin v26.1 (Yoast SEO v27.0) - https:\/\/yoast.com\/product\/yoast-seo-premium-wordpress\/ -->\n<title>le gouverneur du Batha a ouvert un atelier d\u2019adoption du Plan de d\u00e9veloppement - tchad<\/title>\n<meta name=\"description\" content=\"Cet atelier est organise\u0301 par l&#039;ONG CARITAS Suisse et CPA, gra\u0302ce a\u0300 l&#039;appui financier de la coope\u0301ration Suisse via le ...\" \/>\n<meta name=\"robots\" content=\"index, follow, max-snippet:-1, max-image-preview:large, max-video-preview:-1\" \/>\n<link rel=\"canonical\" href=\"https:\/\/www.africa-press.net\/tchad\/toutes-les-actualites\/le-gouverneur-du-batha-a-ouvert-un-atelier-dadoption-du-plan-de-developpement\" \/>\n<meta property=\"og:locale\" content=\"fr_FR\" \/>\n<meta property=\"og:type\" content=\"article\" \/>\n<meta property=\"og:title\" content=\"le gouverneur du Batha a ouvert un atelier d\u2019adoption du Plan de d\u00e9veloppement\" \/>\n<meta property=\"og:description\" content=\"Cet atelier est organise\u0301 par l&#039;ONG CARITAS Suisse et CPA, gra\u0302ce a\u0300 l&#039;appui financier de la coope\u0301ration Suisse via le ...\" \/>\n<meta property=\"og:url\" content=\"https:\/\/www.africa-press.net\/tchad\/toutes-les-actualites\/le-gouverneur-du-batha-a-ouvert-un-atelier-dadoption-du-plan-de-developpement\" \/>\n<meta property=\"og:site_name\" content=\"tchad\" \/>\n<meta property=\"article:published_time\" content=\"2023-11-22T17:28:01+00:00\" \/>\n<meta property=\"article:modified_time\" content=\"2023-11-22T18:59:15+00:00\" \/>\n<meta property=\"og:image\" content=\"https:\/\/static.africa-press.net\/tchad\/sites\/41\/2023\/11\/sm_1700666911.700275.jpg\" \/>\n\t<meta property=\"og:image:width\" content=\"1000\" \/>\n\t<meta property=\"og:image:height\" content=\"574\" \/>\n\t<meta property=\"og:image:type\" content=\"image\/jpeg\" \/>\n<meta name=\"author\" content=\"cfeditorfr\" \/>\n<meta name=\"twitter:card\" content=\"summary_large_image\" \/>\n<meta name=\"twitter:label1\" content=\"\u00c9crit par\" \/>\n\t<meta name=\"twitter:data1\" content=\"cfeditorfr\" \/>\n\t<meta name=\"twitter:label2\" content=\"Dur\u00e9e de lecture estim\u00e9e\" \/>\n\t<meta name=\"twitter:data2\" content=\"3 minutes\" \/>\n<script type=\"application\/ld+json\" class=\"yoast-schema-graph\">{\"@context\":\"https:\/\/schema.org\",\"@graph\":[{\"@type\":\"Article\",\"@id\":\"https:\/\/www.africa-press.net\/tchad\/toutes-les-actualites\/le-gouverneur-du-batha-a-ouvert-un-atelier-dadoption-du-plan-de-developpement#article\",\"isPartOf\":{\"@id\":\"https:\/\/www.africa-press.net\/tchad\/toutes-les-actualites\/le-gouverneur-du-batha-a-ouvert-un-atelier-dadoption-du-plan-de-developpement\"},\"author\":{\"name\":\"cfeditorfr\",\"@id\":\"https:\/\/www.africa-press.net\/tchad\/#\/schema\/person\/2b1cf3cd81a31e3cd26889ca66d677f1\"},\"headline\":\"le gouverneur du Batha a ouvert un atelier d\u2019adoption du Plan de d\u00e9veloppement\",\"datePublished\":\"2023-11-22T17:28:01+00:00\",\"dateModified\":\"2023-11-22T18:59:15+00:00\",\"mainEntityOfPage\":{\"@id\":\"https:\/\/www.africa-press.net\/tchad\/toutes-les-actualites\/le-gouverneur-du-batha-a-ouvert-un-atelier-dadoption-du-plan-de-developpement\"},\"wordCount\":539,\"commentCount\":0,\"image\":{\"@id\":\"https:\/\/www.africa-press.net\/tchad\/toutes-les-actualites\/le-gouverneur-du-batha-a-ouvert-un-atelier-dadoption-du-plan-de-developpement#primaryimage\"},\"thumbnailUrl\":\"https:\/\/static.africa-press.net\/tchad\/sites\/41\/2023\/11\/sm_1700666911.700275.jpg\",\"keywords\":[\"Africa Press\",\"Africa Press-Tchad\",\"Tchad\"],\"articleSection\":[\"Communaut\u00e9\",\"Toutes les actualit\u00e9s\"],\"inLanguage\":\"fr-FR\",\"potentialAction\":[{\"@type\":\"CommentAction\",\"name\":\"Comment\",\"target\":[\"https:\/\/www.africa-press.net\/tchad\/toutes-les-actualites\/le-gouverneur-du-batha-a-ouvert-un-atelier-dadoption-du-plan-de-developpement#respond\"]}]},{\"@type\":\"WebPage\",\"@id\":\"https:\/\/www.africa-press.net\/tchad\/toutes-les-actualites\/le-gouverneur-du-batha-a-ouvert-un-atelier-dadoption-du-plan-de-developpement\",\"url\":\"https:\/\/www.africa-press.net\/tchad\/toutes-les-actualites\/le-gouverneur-du-batha-a-ouvert-un-atelier-dadoption-du-plan-de-developpement\",\"name\":\"le gouverneur du Batha a ouvert un atelier d\u2019adoption du Plan de d\u00e9veloppement - tchad\",\"isPartOf\":{\"@id\":\"https:\/\/www.africa-press.net\/tchad\/#website\"},\"primaryImageOfPage\":{\"@id\":\"https:\/\/www.africa-press.net\/tchad\/toutes-les-actualites\/le-gouverneur-du-batha-a-ouvert-un-atelier-dadoption-du-plan-de-developpement#primaryimage\"},\"image\":{\"@id\":\"https:\/\/www.africa-press.net\/tchad\/toutes-les-actualites\/le-gouverneur-du-batha-a-ouvert-un-atelier-dadoption-du-plan-de-developpement#primaryimage\"},\"thumbnailUrl\":\"https:\/\/static.africa-press.net\/tchad\/sites\/41\/2023\/11\/sm_1700666911.700275.jpg\",\"datePublished\":\"2023-11-22T17:28:01+00:00\",\"dateModified\":\"2023-11-22T18:59:15+00:00\",\"author\":{\"@id\":\"https:\/\/www.africa-press.net\/tchad\/#\/schema\/person\/2b1cf3cd81a31e3cd26889ca66d677f1\"},\"description\":\"Cet atelier est organise\u0301 par l'ONG CARITAS Suisse et CPA, gra\u0302ce a\u0300 l'appui financier de la coope\u0301ration Suisse via le ...\",\"breadcrumb\":{\"@id\":\"https:\/\/www.africa-press.net\/tchad\/toutes-les-actualites\/le-gouverneur-du-batha-a-ouvert-un-atelier-dadoption-du-plan-de-developpement#breadcrumb\"},\"inLanguage\":\"fr-FR\",\"potentialAction\":[{\"@type\":\"ReadAction\",\"target\":[\"https:\/\/www.africa-press.net\/tchad\/toutes-les-actualites\/le-gouverneur-du-batha-a-ouvert-un-atelier-dadoption-du-plan-de-developpement\"]}]},{\"@type\":\"ImageObject\",\"inLanguage\":\"fr-FR\",\"@id\":\"https:\/\/www.africa-press.net\/tchad\/toutes-les-actualites\/le-gouverneur-du-batha-a-ouvert-un-atelier-dadoption-du-plan-de-developpement#primaryimage\",\"url\":\"https:\/\/static.africa-press.net\/tchad\/sites\/41\/2023\/11\/sm_1700666911.700275.jpg\",\"contentUrl\":\"https:\/\/static.africa-press.net\/tchad\/sites\/41\/2023\/11\/sm_1700666911.700275.jpg\",\"width\":1000,\"height\":574,\"caption\":\"le gouverneur du Batha a ouvert un atelier d\u2019adoption du Plan de d\u00e9veloppement\"},{\"@type\":\"BreadcrumbList\",\"@id\":\"https:\/\/www.africa-press.net\/tchad\/toutes-les-actualites\/le-gouverneur-du-batha-a-ouvert-un-atelier-dadoption-du-plan-de-developpement#breadcrumb\",\"itemListElement\":[{\"@type\":\"ListItem\",\"position\":1,\"name\":\"Accueil\",\"item\":\"https:\/\/www.africa-press.net\/tchad\/\"},{\"@type\":\"ListItem\",\"position\":2,\"name\":\"le gouverneur du Batha a ouvert un atelier d\u2019adoption du Plan de d\u00e9veloppement\"}]},{\"@type\":\"WebSite\",\"@id\":\"https:\/\/www.africa-press.net\/tchad\/#website\",\"url\":\"https:\/\/www.africa-press.net\/tchad\/\",\"name\":\"tchad\",\"description\":\"Just another Africa News Agency Sites site\",\"potentialAction\":[{\"@type\":\"SearchAction\",\"target\":{\"@type\":\"EntryPoint\",\"urlTemplate\":\"https:\/\/www.africa-press.net\/tchad\/?s={search_term_string}\"},\"query-input\":{\"@type\":\"PropertyValueSpecification\",\"valueRequired\":true,\"valueName\":\"search_term_string\"}}],\"inLanguage\":\"fr-FR\"},{\"@type\":\"Person\",\"@id\":\"https:\/\/www.africa-press.net\/tchad\/#\/schema\/person\/2b1cf3cd81a31e3cd26889ca66d677f1\",\"name\":\"cfeditorfr\"}]}<\/script>\n<!-- \/ Yoast SEO Premium plugin. -->","yoast_head_json":{"title":"le gouverneur du Batha a ouvert un atelier d\u2019adoption du Plan de d\u00e9veloppement - tchad","description":"Cet atelier est organise\u0301 par l'ONG CARITAS Suisse et CPA, gra\u0302ce a\u0300 l'appui financier de la coope\u0301ration Suisse via le ...","robots":{"index":"index","follow":"follow","max-snippet":"max-snippet:-1","max-image-preview":"max-image-preview:large","max-video-preview":"max-video-preview:-1"},"canonical":"https:\/\/www.africa-press.net\/tchad\/toutes-les-actualites\/le-gouverneur-du-batha-a-ouvert-un-atelier-dadoption-du-plan-de-developpement","og_locale":"fr_FR","og_type":"article","og_title":"le gouverneur du Batha a ouvert un atelier d\u2019adoption du Plan de d\u00e9veloppement","og_description":"Cet atelier est organise\u0301 par l'ONG CARITAS Suisse et CPA, gra\u0302ce a\u0300 l'appui financier de la coope\u0301ration Suisse via le ...","og_url":"https:\/\/www.africa-press.net\/tchad\/toutes-les-actualites\/le-gouverneur-du-batha-a-ouvert-un-atelier-dadoption-du-plan-de-developpement","og_site_name":"tchad","article_published_time":"2023-11-22T17:28:01+00:00","article_modified_time":"2023-11-22T18:59:15+00:00","og_image":[{"width":1000,"height":574,"url":"https:\/\/static.africa-press.net\/tchad\/sites\/41\/2023\/11\/sm_1700666911.700275.jpg","type":"image\/jpeg"}],"author":"cfeditorfr","twitter_card":"summary_large_image","twitter_misc":{"\u00c9crit par":"cfeditorfr","Dur\u00e9e de lecture estim\u00e9e":"3 minutes"},"schema":{"@context":"https:\/\/schema.org","@graph":[{"@type":"Article","@id":"https:\/\/www.africa-press.net\/tchad\/toutes-les-actualites\/le-gouverneur-du-batha-a-ouvert-un-atelier-dadoption-du-plan-de-developpement#article","isPartOf":{"@id":"https:\/\/www.africa-press.net\/tchad\/toutes-les-actualites\/le-gouverneur-du-batha-a-ouvert-un-atelier-dadoption-du-plan-de-developpement"},"author":{"name":"cfeditorfr","@id":"https:\/\/www.africa-press.net\/tchad\/#\/schema\/person\/2b1cf3cd81a31e3cd26889ca66d677f1"},"headline":"le gouverneur du Batha a ouvert un atelier d\u2019adoption du Plan de d\u00e9veloppement","datePublished":"2023-11-22T17:28:01+00:00","dateModified":"2023-11-22T18:59:15+00:00","mainEntityOfPage":{"@id":"https:\/\/www.africa-press.net\/tchad\/toutes-les-actualites\/le-gouverneur-du-batha-a-ouvert-un-atelier-dadoption-du-plan-de-developpement"},"wordCount":539,"commentCount":0,"image":{"@id":"https:\/\/www.africa-press.net\/tchad\/toutes-les-actualites\/le-gouverneur-du-batha-a-ouvert-un-atelier-dadoption-du-plan-de-developpement#primaryimage"},"thumbnailUrl":"https:\/\/static.africa-press.net\/tchad\/sites\/41\/2023\/11\/sm_1700666911.700275.jpg","keywords":["Africa Press","Africa Press-Tchad","Tchad"],"articleSection":["Communaut\u00e9","Toutes les actualit\u00e9s"],"inLanguage":"fr-FR","potentialAction":[{"@type":"CommentAction","name":"Comment","target":["https:\/\/www.africa-press.net\/tchad\/toutes-les-actualites\/le-gouverneur-du-batha-a-ouvert-un-atelier-dadoption-du-plan-de-developpement#respond"]}]},{"@type":"WebPage","@id":"https:\/\/www.africa-press.net\/tchad\/toutes-les-actualites\/le-gouverneur-du-batha-a-ouvert-un-atelier-dadoption-du-plan-de-developpement","url":"https:\/\/www.africa-press.net\/tchad\/toutes-les-actualites\/le-gouverneur-du-batha-a-ouvert-un-atelier-dadoption-du-plan-de-developpement","name":"le gouverneur du Batha a ouvert un atelier d\u2019adoption du Plan de d\u00e9veloppement - tchad","isPartOf":{"@id":"https:\/\/www.africa-press.net\/tchad\/#website"},"primaryImageOfPage":{"@id":"https:\/\/www.africa-press.net\/tchad\/toutes-les-actualites\/le-gouverneur-du-batha-a-ouvert-un-atelier-dadoption-du-plan-de-developpement#primaryimage"},"image":{"@id":"https:\/\/www.africa-press.net\/tchad\/toutes-les-actualites\/le-gouverneur-du-batha-a-ouvert-un-atelier-dadoption-du-plan-de-developpement#primaryimage"},"thumbnailUrl":"https:\/\/static.africa-press.net\/tchad\/sites\/41\/2023\/11\/sm_1700666911.700275.jpg","datePublished":"2023-11-22T17:28:01+00:00","dateModified":"2023-11-22T18:59:15+00:00","author":{"@id":"https:\/\/www.africa-press.net\/tchad\/#\/schema\/person\/2b1cf3cd81a31e3cd26889ca66d677f1"},"description":"Cet atelier est organise\u0301 par l'ONG CARITAS Suisse et CPA, gra\u0302ce a\u0300 l'appui financier de la coope\u0301ration Suisse via le ...","breadcrumb":{"@id":"https:\/\/www.africa-press.net\/tchad\/toutes-les-actualites\/le-gouverneur-du-batha-a-ouvert-un-atelier-dadoption-du-plan-de-developpement#breadcrumb"},"inLanguage":"fr-FR","potentialAction":[{"@type":"ReadAction","target":["https:\/\/www.africa-press.net\/tchad\/toutes-les-actualites\/le-gouverneur-du-batha-a-ouvert-un-atelier-dadoption-du-plan-de-developpement"]}]},{"@type":"ImageObject","inLanguage":"fr-FR","@id":"https:\/\/www.africa-press.net\/tchad\/toutes-les-actualites\/le-gouverneur-du-batha-a-ouvert-un-atelier-dadoption-du-plan-de-developpement#primaryimage","url":"https:\/\/static.africa-press.net\/tchad\/sites\/41\/2023\/11\/sm_1700666911.700275.jpg","contentUrl":"https:\/\/static.africa-press.net\/tchad\/sites\/41\/2023\/11\/sm_1700666911.700275.jpg","width":1000,"height":574,"caption":"le gouverneur du Batha a ouvert un atelier d\u2019adoption du Plan de d\u00e9veloppement"},{"@type":"BreadcrumbList","@id":"https:\/\/www.africa-press.net\/tchad\/toutes-les-actualites\/le-gouverneur-du-batha-a-ouvert-un-atelier-dadoption-du-plan-de-developpement#breadcrumb","itemListElement":[{"@type":"ListItem","position":1,"name":"Accueil","item":"https:\/\/www.africa-press.net\/tchad\/"},{"@type":"ListItem","position":2,"name":"le gouverneur du Batha a ouvert un atelier d\u2019adoption du Plan de d\u00e9veloppement"}]},{"@type":"WebSite","@id":"https:\/\/www.africa-press.net\/tchad\/#website","url":"https:\/\/www.africa-press.net\/tchad\/","name":"tchad","description":"Just another Africa News Agency Sites site","potentialAction":[{"@type":"SearchAction","target":{"@type":"EntryPoint","urlTemplate":"https:\/\/www.africa-press.net\/tchad\/?s={search_term_string}"},"query-input":{"@type":"PropertyValueSpecification","valueRequired":true,"valueName":"search_term_string"}}],"inLanguage":"fr-FR"},{"@type":"Person","@id":"https:\/\/www.africa-press.net\/tchad\/#\/schema\/person\/2b1cf3cd81a31e3cd26889ca66d677f1","name":"cfeditorfr"}]}},"_links":{"self":[{"href":"https:\/\/www.africa-press.net\/tchad\/wp-json\/wp\/v2\/posts\/54403","targetHints":{"allow":["GET"]}}],"collection":[{"href":"https:\/\/www.africa-press.net\/tchad\/wp-json\/wp\/v2\/posts"}],"about":[{"href":"https:\/\/www.africa-press.net\/tchad\/wp-json\/wp\/v2\/types\/post"}],"author":[{"embeddable":true,"href":"https:\/\/www.africa-press.net\/tchad\/wp-json\/wp\/v2\/users\/82"}],"replies":[{"embeddable":true,"href":"https:\/\/www.africa-press.net\/tchad\/wp-json\/wp\/v2\/comments?post=54403"}],"version-history":[{"count":0,"href":"https:\/\/www.africa-press.net\/tchad\/wp-json\/wp\/v2\/posts\/54403\/revisions"}],"wp:featuredmedia":[{"embeddable":true,"href":"https:\/\/www.africa-press.net\/tchad\/wp-json\/wp\/v2\/media\/54401"}],"wp:attachment":[{"href":"https:\/\/www.africa-press.net\/tchad\/wp-json\/wp\/v2\/media?parent=54403"}],"wp:term":[{"taxonomy":"category","embeddable":true,"href":"https:\/\/www.africa-press.net\/tchad\/wp-json\/wp\/v2\/categories?post=54403"},{"taxonomy":"post_tag","embeddable":true,"href":"https:\/\/www.africa-press.net\/tchad\/wp-json\/wp\/v2\/tags?post=54403"}],"curies":[{"name":"wp","href":"https:\/\/api.w.org\/{rel}","templated":true}]}}