{"id":54406,"date":"2023-11-22T17:28:16","date_gmt":"2023-11-22T17:28:16","guid":{"rendered":"https:\/\/www.africa-press.net\/tchad\/politique\/le-tchad-honore-au-festival-africlap-a-toulouse"},"modified":"2023-11-22T18:59:48","modified_gmt":"2023-11-22T18:59:48","slug":"le-tchad-honore-au-festival-africlap-a-toulouse","status":"publish","type":"post","link":"https:\/\/www.africa-press.net\/tchad\/culture-et-art\/le-tchad-honore-au-festival-africlap-a-toulouse","title":{"rendered":"Le Tchad honor\u00e9 au festival Africlap \u00e0 Toulouse"},"content":{"rendered":"<p><span style=\"color: #ff6600\"><strong>Africa-Press &#8211; Tchad. <\/strong><\/span>Les projections et les rencontres ont lieu dans les salles de cine\u0301ma de la ville de Toulouse et de la re\u0301gion Occitanie, ainsi que tous les autres lieux culturels partenaires du festival.<\/p>\n<p>\u00ab Le cine\u0301aste et journaliste Tchadien Allamine Ben Kader a remporte\u0301 le Grand Prix Kilimanjaro pour son film documentaire \u00a0\u00bb Amchilini \u00a0\u00bb ( Choisis moi). Nos since\u0300res fe\u0301licitations et plein succe\u0301s a\u0300 Allamine Kader! \u00bb, a annonce\u0301 sur son site, le ministe\u0300re du tourisme du Tchad.<\/p>\n<p>Le Festival Africlap est la plus importante manifestation cine\u0301matographique du sud-ouest de la France a\u0300 consacrer l&rsquo;ensemble de sa programmation aux cine\u0301mas d&rsquo;Afrique et de sa diaspora.<\/p>\n<p>Cre\u0301e en 2014, le festival se renouvelle annuellement et se tient au mois de novembre dans les salles de cine\u0301ma, les centres culturels et les universite\u0301s de la ville de Toulouse et en re\u0301gion Occitanie.<\/p>\n<p><strong>Pour plus d&rsquo;informations et d&rsquo;analyses sur la <a href=\"https:\/\/www.africa-press.net\/tchad\">Tchad<\/a>, suivez <a href=\"https:\/\/www.africa-press.net\/\">Africa-Press<\/a><\/strong><\/p>\n","protected":false},"excerpt":{"rendered":"<p>Africa-Press &#8211; Tchad. Les projections et les rencontres ont lieu dans les salles de cine\u0301ma de la ville de Toulouse et de la re\u0301gion Occitanie, ainsi que tous les autres lieux culturels partenaires du festival. \u00ab Le cine\u0301aste et journaliste Tchadien Allamine Ben Kader a remporte\u0301 le Grand Prix Kilimanjaro pour son film documentaire \u00a0\u00bb [&hellip;]<\/p>\n","protected":false},"author":82,"featured_media":54404,"comment_status":"open","ping_status":"closed","sticky":false,"template":"","format":"standard","meta":{"footnotes":""},"categories":[5,10],"tags":[37,292,29],"class_list":["post-54406","post","type-post","status-publish","format-standard","has-post-thumbnail","hentry","category-culture-et-art","category-toutes-les-actualites","tag-africa-press","tag-africa-press-tchad","tag-tchad"],"yoast_head":"<!-- This site is optimized with the Yoast SEO Premium plugin v26.1 (Yoast SEO v27.0) - https:\/\/yoast.com\/product\/yoast-seo-premium-wordpress\/ -->\n<title>Le Tchad honor\u00e9 au festival Africlap \u00e0 Toulouse - tchad<\/title>\n<meta name=\"description\" content=\"Les projections et les rencontres ont lieu dans les salles de cine\u0301ma de la ville de Toulouse et de la re\u0301gion Occitanie ...\" \/>\n<meta name=\"robots\" content=\"index, follow, max-snippet:-1, max-image-preview:large, max-video-preview:-1\" \/>\n<link rel=\"canonical\" href=\"https:\/\/www.africa-press.net\/tchad\/culture-et-art\/le-tchad-honore-au-festival-africlap-a-toulouse\" \/>\n<meta property=\"og:locale\" content=\"fr_FR\" \/>\n<meta property=\"og:type\" content=\"article\" \/>\n<meta property=\"og:title\" content=\"Le Tchad honor\u00e9 au festival Africlap \u00e0 Toulouse\" \/>\n<meta property=\"og:description\" content=\"Les projections et les rencontres ont lieu dans les salles de cine\u0301ma de la ville de Toulouse et de la re\u0301gion Occitanie ...\" \/>\n<meta property=\"og:url\" content=\"https:\/\/www.africa-press.net\/tchad\/culture-et-art\/le-tchad-honore-au-festival-africlap-a-toulouse\" \/>\n<meta property=\"og:site_name\" content=\"tchad\" \/>\n<meta property=\"article:published_time\" content=\"2023-11-22T17:28:16+00:00\" \/>\n<meta property=\"article:modified_time\" content=\"2023-11-22T18:59:48+00:00\" \/>\n<meta property=\"og:image\" content=\"https:\/\/static.africa-press.net\/tchad\/sites\/41\/2023\/11\/sm_1700666943.268585.jpg\" \/>\n\t<meta property=\"og:image:width\" content=\"1280\" \/>\n\t<meta property=\"og:image:height\" content=\"720\" \/>\n\t<meta property=\"og:image:type\" content=\"image\/jpeg\" \/>\n<meta name=\"author\" content=\"cfeditorfr\" \/>\n<meta name=\"twitter:card\" content=\"summary_large_image\" \/>\n<meta name=\"twitter:label1\" content=\"\u00c9crit par\" \/>\n\t<meta name=\"twitter:data1\" content=\"cfeditorfr\" \/>\n\t<meta name=\"twitter:label2\" content=\"Dur\u00e9e de lecture estim\u00e9e\" \/>\n\t<meta name=\"twitter:data2\" content=\"1 minute\" \/>\n<script type=\"application\/ld+json\" class=\"yoast-schema-graph\">{\"@context\":\"https:\/\/schema.org\",\"@graph\":[{\"@type\":\"Article\",\"@id\":\"https:\/\/www.africa-press.net\/tchad\/culture-et-art\/le-tchad-honore-au-festival-africlap-a-toulouse#article\",\"isPartOf\":{\"@id\":\"https:\/\/www.africa-press.net\/tchad\/culture-et-art\/le-tchad-honore-au-festival-africlap-a-toulouse\"},\"author\":{\"name\":\"cfeditorfr\",\"@id\":\"https:\/\/www.africa-press.net\/tchad\/#\/schema\/person\/2b1cf3cd81a31e3cd26889ca66d677f1\"},\"headline\":\"Le Tchad honor\u00e9 au festival Africlap \u00e0 Toulouse\",\"datePublished\":\"2023-11-22T17:28:16+00:00\",\"dateModified\":\"2023-11-22T18:59:48+00:00\",\"mainEntityOfPage\":{\"@id\":\"https:\/\/www.africa-press.net\/tchad\/culture-et-art\/le-tchad-honore-au-festival-africlap-a-toulouse\"},\"wordCount\":171,\"commentCount\":0,\"image\":{\"@id\":\"https:\/\/www.africa-press.net\/tchad\/culture-et-art\/le-tchad-honore-au-festival-africlap-a-toulouse#primaryimage\"},\"thumbnailUrl\":\"https:\/\/static.africa-press.net\/tchad\/sites\/41\/2023\/11\/sm_1700666943.268585.jpg\",\"keywords\":[\"Africa Press\",\"Africa Press-Tchad\",\"Tchad\"],\"articleSection\":[\"Culture et Art\",\"Toutes les actualit\u00e9s\"],\"inLanguage\":\"fr-FR\",\"potentialAction\":[{\"@type\":\"CommentAction\",\"name\":\"Comment\",\"target\":[\"https:\/\/www.africa-press.net\/tchad\/culture-et-art\/le-tchad-honore-au-festival-africlap-a-toulouse#respond\"]}]},{\"@type\":\"WebPage\",\"@id\":\"https:\/\/www.africa-press.net\/tchad\/culture-et-art\/le-tchad-honore-au-festival-africlap-a-toulouse\",\"url\":\"https:\/\/www.africa-press.net\/tchad\/culture-et-art\/le-tchad-honore-au-festival-africlap-a-toulouse\",\"name\":\"Le Tchad honor\u00e9 au festival Africlap \u00e0 Toulouse - tchad\",\"isPartOf\":{\"@id\":\"https:\/\/www.africa-press.net\/tchad\/#website\"},\"primaryImageOfPage\":{\"@id\":\"https:\/\/www.africa-press.net\/tchad\/culture-et-art\/le-tchad-honore-au-festival-africlap-a-toulouse#primaryimage\"},\"image\":{\"@id\":\"https:\/\/www.africa-press.net\/tchad\/culture-et-art\/le-tchad-honore-au-festival-africlap-a-toulouse#primaryimage\"},\"thumbnailUrl\":\"https:\/\/static.africa-press.net\/tchad\/sites\/41\/2023\/11\/sm_1700666943.268585.jpg\",\"datePublished\":\"2023-11-22T17:28:16+00:00\",\"dateModified\":\"2023-11-22T18:59:48+00:00\",\"author\":{\"@id\":\"https:\/\/www.africa-press.net\/tchad\/#\/schema\/person\/2b1cf3cd81a31e3cd26889ca66d677f1\"},\"description\":\"Les projections et les rencontres ont lieu dans les salles de cine\u0301ma de la ville de Toulouse et de la re\u0301gion Occitanie ...\",\"breadcrumb\":{\"@id\":\"https:\/\/www.africa-press.net\/tchad\/culture-et-art\/le-tchad-honore-au-festival-africlap-a-toulouse#breadcrumb\"},\"inLanguage\":\"fr-FR\",\"potentialAction\":[{\"@type\":\"ReadAction\",\"target\":[\"https:\/\/www.africa-press.net\/tchad\/culture-et-art\/le-tchad-honore-au-festival-africlap-a-toulouse\"]}]},{\"@type\":\"ImageObject\",\"inLanguage\":\"fr-FR\",\"@id\":\"https:\/\/www.africa-press.net\/tchad\/culture-et-art\/le-tchad-honore-au-festival-africlap-a-toulouse#primaryimage\",\"url\":\"https:\/\/static.africa-press.net\/tchad\/sites\/41\/2023\/11\/sm_1700666943.268585.jpg\",\"contentUrl\":\"https:\/\/static.africa-press.net\/tchad\/sites\/41\/2023\/11\/sm_1700666943.268585.jpg\",\"width\":1280,\"height\":720,\"caption\":\"Le Tchad honor\u00e9 au festival Africlap \u00e0 Toulouse\"},{\"@type\":\"BreadcrumbList\",\"@id\":\"https:\/\/www.africa-press.net\/tchad\/culture-et-art\/le-tchad-honore-au-festival-africlap-a-toulouse#breadcrumb\",\"itemListElement\":[{\"@type\":\"ListItem\",\"position\":1,\"name\":\"Accueil\",\"item\":\"https:\/\/www.africa-press.net\/tchad\/\"},{\"@type\":\"ListItem\",\"position\":2,\"name\":\"Le Tchad honor\u00e9 au festival Africlap \u00e0 Toulouse\"}]},{\"@type\":\"WebSite\",\"@id\":\"https:\/\/www.africa-press.net\/tchad\/#website\",\"url\":\"https:\/\/www.africa-press.net\/tchad\/\",\"name\":\"tchad\",\"description\":\"Just another Africa News Agency Sites site\",\"potentialAction\":[{\"@type\":\"SearchAction\",\"target\":{\"@type\":\"EntryPoint\",\"urlTemplate\":\"https:\/\/www.africa-press.net\/tchad\/?s={search_term_string}\"},\"query-input\":{\"@type\":\"PropertyValueSpecification\",\"valueRequired\":true,\"valueName\":\"search_term_string\"}}],\"inLanguage\":\"fr-FR\"},{\"@type\":\"Person\",\"@id\":\"https:\/\/www.africa-press.net\/tchad\/#\/schema\/person\/2b1cf3cd81a31e3cd26889ca66d677f1\",\"name\":\"cfeditorfr\"}]}<\/script>\n<!-- \/ Yoast SEO Premium plugin. -->","yoast_head_json":{"title":"Le Tchad honor\u00e9 au festival Africlap \u00e0 Toulouse - tchad","description":"Les projections et les rencontres ont lieu dans les salles de cine\u0301ma de la ville de Toulouse et de la re\u0301gion Occitanie ...","robots":{"index":"index","follow":"follow","max-snippet":"max-snippet:-1","max-image-preview":"max-image-preview:large","max-video-preview":"max-video-preview:-1"},"canonical":"https:\/\/www.africa-press.net\/tchad\/culture-et-art\/le-tchad-honore-au-festival-africlap-a-toulouse","og_locale":"fr_FR","og_type":"article","og_title":"Le Tchad honor\u00e9 au festival Africlap \u00e0 Toulouse","og_description":"Les projections et les rencontres ont lieu dans les salles de cine\u0301ma de la ville de Toulouse et de la re\u0301gion Occitanie ...","og_url":"https:\/\/www.africa-press.net\/tchad\/culture-et-art\/le-tchad-honore-au-festival-africlap-a-toulouse","og_site_name":"tchad","article_published_time":"2023-11-22T17:28:16+00:00","article_modified_time":"2023-11-22T18:59:48+00:00","og_image":[{"width":1280,"height":720,"url":"https:\/\/static.africa-press.net\/tchad\/sites\/41\/2023\/11\/sm_1700666943.268585.jpg","type":"image\/jpeg"}],"author":"cfeditorfr","twitter_card":"summary_large_image","twitter_misc":{"\u00c9crit par":"cfeditorfr","Dur\u00e9e de lecture estim\u00e9e":"1 minute"},"schema":{"@context":"https:\/\/schema.org","@graph":[{"@type":"Article","@id":"https:\/\/www.africa-press.net\/tchad\/culture-et-art\/le-tchad-honore-au-festival-africlap-a-toulouse#article","isPartOf":{"@id":"https:\/\/www.africa-press.net\/tchad\/culture-et-art\/le-tchad-honore-au-festival-africlap-a-toulouse"},"author":{"name":"cfeditorfr","@id":"https:\/\/www.africa-press.net\/tchad\/#\/schema\/person\/2b1cf3cd81a31e3cd26889ca66d677f1"},"headline":"Le Tchad honor\u00e9 au festival Africlap \u00e0 Toulouse","datePublished":"2023-11-22T17:28:16+00:00","dateModified":"2023-11-22T18:59:48+00:00","mainEntityOfPage":{"@id":"https:\/\/www.africa-press.net\/tchad\/culture-et-art\/le-tchad-honore-au-festival-africlap-a-toulouse"},"wordCount":171,"commentCount":0,"image":{"@id":"https:\/\/www.africa-press.net\/tchad\/culture-et-art\/le-tchad-honore-au-festival-africlap-a-toulouse#primaryimage"},"thumbnailUrl":"https:\/\/static.africa-press.net\/tchad\/sites\/41\/2023\/11\/sm_1700666943.268585.jpg","keywords":["Africa Press","Africa Press-Tchad","Tchad"],"articleSection":["Culture et Art","Toutes les actualit\u00e9s"],"inLanguage":"fr-FR","potentialAction":[{"@type":"CommentAction","name":"Comment","target":["https:\/\/www.africa-press.net\/tchad\/culture-et-art\/le-tchad-honore-au-festival-africlap-a-toulouse#respond"]}]},{"@type":"WebPage","@id":"https:\/\/www.africa-press.net\/tchad\/culture-et-art\/le-tchad-honore-au-festival-africlap-a-toulouse","url":"https:\/\/www.africa-press.net\/tchad\/culture-et-art\/le-tchad-honore-au-festival-africlap-a-toulouse","name":"Le Tchad honor\u00e9 au festival Africlap \u00e0 Toulouse - tchad","isPartOf":{"@id":"https:\/\/www.africa-press.net\/tchad\/#website"},"primaryImageOfPage":{"@id":"https:\/\/www.africa-press.net\/tchad\/culture-et-art\/le-tchad-honore-au-festival-africlap-a-toulouse#primaryimage"},"image":{"@id":"https:\/\/www.africa-press.net\/tchad\/culture-et-art\/le-tchad-honore-au-festival-africlap-a-toulouse#primaryimage"},"thumbnailUrl":"https:\/\/static.africa-press.net\/tchad\/sites\/41\/2023\/11\/sm_1700666943.268585.jpg","datePublished":"2023-11-22T17:28:16+00:00","dateModified":"2023-11-22T18:59:48+00:00","author":{"@id":"https:\/\/www.africa-press.net\/tchad\/#\/schema\/person\/2b1cf3cd81a31e3cd26889ca66d677f1"},"description":"Les projections et les rencontres ont lieu dans les salles de cine\u0301ma de la ville de Toulouse et de la re\u0301gion Occitanie ...","breadcrumb":{"@id":"https:\/\/www.africa-press.net\/tchad\/culture-et-art\/le-tchad-honore-au-festival-africlap-a-toulouse#breadcrumb"},"inLanguage":"fr-FR","potentialAction":[{"@type":"ReadAction","target":["https:\/\/www.africa-press.net\/tchad\/culture-et-art\/le-tchad-honore-au-festival-africlap-a-toulouse"]}]},{"@type":"ImageObject","inLanguage":"fr-FR","@id":"https:\/\/www.africa-press.net\/tchad\/culture-et-art\/le-tchad-honore-au-festival-africlap-a-toulouse#primaryimage","url":"https:\/\/static.africa-press.net\/tchad\/sites\/41\/2023\/11\/sm_1700666943.268585.jpg","contentUrl":"https:\/\/static.africa-press.net\/tchad\/sites\/41\/2023\/11\/sm_1700666943.268585.jpg","width":1280,"height":720,"caption":"Le Tchad honor\u00e9 au festival Africlap \u00e0 Toulouse"},{"@type":"BreadcrumbList","@id":"https:\/\/www.africa-press.net\/tchad\/culture-et-art\/le-tchad-honore-au-festival-africlap-a-toulouse#breadcrumb","itemListElement":[{"@type":"ListItem","position":1,"name":"Accueil","item":"https:\/\/www.africa-press.net\/tchad\/"},{"@type":"ListItem","position":2,"name":"Le Tchad honor\u00e9 au festival Africlap \u00e0 Toulouse"}]},{"@type":"WebSite","@id":"https:\/\/www.africa-press.net\/tchad\/#website","url":"https:\/\/www.africa-press.net\/tchad\/","name":"tchad","description":"Just another Africa News Agency Sites site","potentialAction":[{"@type":"SearchAction","target":{"@type":"EntryPoint","urlTemplate":"https:\/\/www.africa-press.net\/tchad\/?s={search_term_string}"},"query-input":{"@type":"PropertyValueSpecification","valueRequired":true,"valueName":"search_term_string"}}],"inLanguage":"fr-FR"},{"@type":"Person","@id":"https:\/\/www.africa-press.net\/tchad\/#\/schema\/person\/2b1cf3cd81a31e3cd26889ca66d677f1","name":"cfeditorfr"}]}},"_links":{"self":[{"href":"https:\/\/www.africa-press.net\/tchad\/wp-json\/wp\/v2\/posts\/54406","targetHints":{"allow":["GET"]}}],"collection":[{"href":"https:\/\/www.africa-press.net\/tchad\/wp-json\/wp\/v2\/posts"}],"about":[{"href":"https:\/\/www.africa-press.net\/tchad\/wp-json\/wp\/v2\/types\/post"}],"author":[{"embeddable":true,"href":"https:\/\/www.africa-press.net\/tchad\/wp-json\/wp\/v2\/users\/82"}],"replies":[{"embeddable":true,"href":"https:\/\/www.africa-press.net\/tchad\/wp-json\/wp\/v2\/comments?post=54406"}],"version-history":[{"count":0,"href":"https:\/\/www.africa-press.net\/tchad\/wp-json\/wp\/v2\/posts\/54406\/revisions"}],"wp:featuredmedia":[{"embeddable":true,"href":"https:\/\/www.africa-press.net\/tchad\/wp-json\/wp\/v2\/media\/54404"}],"wp:attachment":[{"href":"https:\/\/www.africa-press.net\/tchad\/wp-json\/wp\/v2\/media?parent=54406"}],"wp:term":[{"taxonomy":"category","embeddable":true,"href":"https:\/\/www.africa-press.net\/tchad\/wp-json\/wp\/v2\/categories?post=54406"},{"taxonomy":"post_tag","embeddable":true,"href":"https:\/\/www.africa-press.net\/tchad\/wp-json\/wp\/v2\/tags?post=54406"}],"curies":[{"name":"wp","href":"https:\/\/api.w.org\/{rel}","templated":true}]}}