{"id":54412,"date":"2023-11-22T17:29:14","date_gmt":"2023-11-22T17:29:14","guid":{"rendered":"https:\/\/www.africa-press.net\/tchad\/politique\/le-premier-ministre-forme-une-coalition-en-faveur-du-referendum"},"modified":"2023-11-22T19:01:49","modified_gmt":"2023-11-22T19:01:49","slug":"le-premier-ministre-forme-une-coalition-en-faveur-du-referendum","status":"publish","type":"post","link":"https:\/\/www.africa-press.net\/tchad\/politique\/le-premier-ministre-forme-une-coalition-en-faveur-du-referendum","title":{"rendered":"le Premier ministre forme une Coalition en faveur du r\u00e9f\u00e9rendum"},"content":{"rendered":"<p><span style=\"color: #ff6600\"><strong>Africa-Press &#8211; Tchad. <\/strong><\/span>Le Premier ministre, chef du gouvernement de la Transition, Saleh Kebzabo a signe\u0301 ce 22 novembre 2023, une de\u0301cision portant de\u0301signation des membres du bureau de la Coalition pour un \u00ab Oui \u00bb au re\u0301fe\u0301rendum constitutionnel de 2023.<\/p>\n<p>Par cette de\u0301cision, il s\u2019agit de mettre en pratique la \u00ab ne\u0301cessite\u0301 d&rsquo;adopter dans le de\u0301lai prescrit par le DNIS, une loi fondamentale pour un retour a\u0300 l&rsquo;ordre constitutionnel \u00bb.<\/p>\n<p>En effet, cette de\u0301cision intervient e\u0301galement a\u0300 la suite de la de\u0301claration commune du 20 novembre 2023 des partis politiques et ex-mouvements des politico-militaires pour un \u00ab Oui \u00bb au referendum constitutionnel du 17 de\u0301cembre 2023.<\/p>\n<p>Il faut rappeler que le bureau de la Coalition pour un \u00ab Oui \u00bb au re\u0301fe\u0301rendum constitutionnel, a pour pre\u0301sident le Premier ministre Saleh Kebzabo, et compte entre autres, cinq vice-pre\u0301sidents, des rapporteurs, une tre\u0301sorerie, 30 censeurs.<\/p>\n<p><strong>Pour plus d&rsquo;informations et d&rsquo;analyses sur la <a href=\"https:\/\/www.africa-press.net\/tchad\">Tchad<\/a>, suivez <a href=\"https:\/\/www.africa-press.net\/\">Africa-Press<\/a><\/strong><\/p>\n","protected":false},"excerpt":{"rendered":"<p>Africa-Press &#8211; Tchad. Le Premier ministre, chef du gouvernement de la Transition, Saleh Kebzabo a signe\u0301 ce 22 novembre 2023, une de\u0301cision portant de\u0301signation des membres du bureau de la Coalition pour un \u00ab Oui \u00bb au re\u0301fe\u0301rendum constitutionnel de 2023. Par cette de\u0301cision, il s\u2019agit de mettre en pratique la \u00ab ne\u0301cessite\u0301 d&rsquo;adopter dans [&hellip;]<\/p>\n","protected":false},"author":82,"featured_media":54410,"comment_status":"open","ping_status":"closed","sticky":false,"template":"","format":"standard","meta":{"footnotes":""},"categories":[2,10],"tags":[37,292,29],"class_list":["post-54412","post","type-post","status-publish","format-standard","has-post-thumbnail","hentry","category-politique","category-toutes-les-actualites","tag-africa-press","tag-africa-press-tchad","tag-tchad"],"yoast_head":"<!-- This site is optimized with the Yoast SEO Premium plugin v26.1 (Yoast SEO v27.0) - https:\/\/yoast.com\/product\/yoast-seo-premium-wordpress\/ -->\n<title>le Premier ministre forme une Coalition en faveur du r\u00e9f\u00e9rendum - tchad<\/title>\n<meta name=\"description\" content=\"Le Premier ministre, chef du gouvernement de la Transition, Saleh Kebzabo a signe\u0301 ce 22 novembre 2023, une de\u0301cision po ...\" \/>\n<meta name=\"robots\" content=\"index, follow, max-snippet:-1, max-image-preview:large, max-video-preview:-1\" \/>\n<link rel=\"canonical\" href=\"https:\/\/www.africa-press.net\/tchad\/politique\/le-premier-ministre-forme-une-coalition-en-faveur-du-referendum\" \/>\n<meta property=\"og:locale\" content=\"fr_FR\" \/>\n<meta property=\"og:type\" content=\"article\" \/>\n<meta property=\"og:title\" content=\"le Premier ministre forme une Coalition en faveur du r\u00e9f\u00e9rendum\" \/>\n<meta property=\"og:description\" content=\"Le Premier ministre, chef du gouvernement de la Transition, Saleh Kebzabo a signe\u0301 ce 22 novembre 2023, une de\u0301cision po ...\" \/>\n<meta property=\"og:url\" content=\"https:\/\/www.africa-press.net\/tchad\/politique\/le-premier-ministre-forme-une-coalition-en-faveur-du-referendum\" \/>\n<meta property=\"og:site_name\" content=\"tchad\" \/>\n<meta property=\"article:published_time\" content=\"2023-11-22T17:29:14+00:00\" \/>\n<meta property=\"article:modified_time\" content=\"2023-11-22T19:01:49+00:00\" \/>\n<meta property=\"og:image\" content=\"https:\/\/static.africa-press.net\/tchad\/sites\/41\/2023\/11\/sm_1700667013.205343.jpg\" \/>\n\t<meta property=\"og:image:width\" content=\"1080\" \/>\n\t<meta property=\"og:image:height\" content=\"720\" \/>\n\t<meta property=\"og:image:type\" content=\"image\/jpeg\" \/>\n<meta name=\"author\" content=\"cfeditorfr\" \/>\n<meta name=\"twitter:card\" content=\"summary_large_image\" \/>\n<meta name=\"twitter:label1\" content=\"\u00c9crit par\" \/>\n\t<meta name=\"twitter:data1\" content=\"cfeditorfr\" \/>\n\t<meta name=\"twitter:label2\" content=\"Dur\u00e9e de lecture estim\u00e9e\" \/>\n\t<meta name=\"twitter:data2\" content=\"1 minute\" \/>\n<script type=\"application\/ld+json\" class=\"yoast-schema-graph\">{\"@context\":\"https:\/\/schema.org\",\"@graph\":[{\"@type\":\"Article\",\"@id\":\"https:\/\/www.africa-press.net\/tchad\/politique\/le-premier-ministre-forme-une-coalition-en-faveur-du-referendum#article\",\"isPartOf\":{\"@id\":\"https:\/\/www.africa-press.net\/tchad\/politique\/le-premier-ministre-forme-une-coalition-en-faveur-du-referendum\"},\"author\":{\"name\":\"cfeditorfr\",\"@id\":\"https:\/\/www.africa-press.net\/tchad\/#\/schema\/person\/2b1cf3cd81a31e3cd26889ca66d677f1\"},\"headline\":\"le Premier ministre forme une Coalition en faveur du r\u00e9f\u00e9rendum\",\"datePublished\":\"2023-11-22T17:29:14+00:00\",\"dateModified\":\"2023-11-22T19:01:49+00:00\",\"mainEntityOfPage\":{\"@id\":\"https:\/\/www.africa-press.net\/tchad\/politique\/le-premier-ministre-forme-une-coalition-en-faveur-du-referendum\"},\"wordCount\":171,\"commentCount\":0,\"image\":{\"@id\":\"https:\/\/www.africa-press.net\/tchad\/politique\/le-premier-ministre-forme-une-coalition-en-faveur-du-referendum#primaryimage\"},\"thumbnailUrl\":\"https:\/\/static.africa-press.net\/tchad\/sites\/41\/2023\/11\/sm_1700667013.205343.jpg\",\"keywords\":[\"Africa Press\",\"Africa Press-Tchad\",\"Tchad\"],\"articleSection\":[\"Politique\",\"Toutes les actualit\u00e9s\"],\"inLanguage\":\"fr-FR\",\"potentialAction\":[{\"@type\":\"CommentAction\",\"name\":\"Comment\",\"target\":[\"https:\/\/www.africa-press.net\/tchad\/politique\/le-premier-ministre-forme-une-coalition-en-faveur-du-referendum#respond\"]}]},{\"@type\":\"WebPage\",\"@id\":\"https:\/\/www.africa-press.net\/tchad\/politique\/le-premier-ministre-forme-une-coalition-en-faveur-du-referendum\",\"url\":\"https:\/\/www.africa-press.net\/tchad\/politique\/le-premier-ministre-forme-une-coalition-en-faveur-du-referendum\",\"name\":\"le Premier ministre forme une Coalition en faveur du r\u00e9f\u00e9rendum - tchad\",\"isPartOf\":{\"@id\":\"https:\/\/www.africa-press.net\/tchad\/#website\"},\"primaryImageOfPage\":{\"@id\":\"https:\/\/www.africa-press.net\/tchad\/politique\/le-premier-ministre-forme-une-coalition-en-faveur-du-referendum#primaryimage\"},\"image\":{\"@id\":\"https:\/\/www.africa-press.net\/tchad\/politique\/le-premier-ministre-forme-une-coalition-en-faveur-du-referendum#primaryimage\"},\"thumbnailUrl\":\"https:\/\/static.africa-press.net\/tchad\/sites\/41\/2023\/11\/sm_1700667013.205343.jpg\",\"datePublished\":\"2023-11-22T17:29:14+00:00\",\"dateModified\":\"2023-11-22T19:01:49+00:00\",\"author\":{\"@id\":\"https:\/\/www.africa-press.net\/tchad\/#\/schema\/person\/2b1cf3cd81a31e3cd26889ca66d677f1\"},\"description\":\"Le Premier ministre, chef du gouvernement de la Transition, Saleh Kebzabo a signe\u0301 ce 22 novembre 2023, une de\u0301cision po ...\",\"breadcrumb\":{\"@id\":\"https:\/\/www.africa-press.net\/tchad\/politique\/le-premier-ministre-forme-une-coalition-en-faveur-du-referendum#breadcrumb\"},\"inLanguage\":\"fr-FR\",\"potentialAction\":[{\"@type\":\"ReadAction\",\"target\":[\"https:\/\/www.africa-press.net\/tchad\/politique\/le-premier-ministre-forme-une-coalition-en-faveur-du-referendum\"]}]},{\"@type\":\"ImageObject\",\"inLanguage\":\"fr-FR\",\"@id\":\"https:\/\/www.africa-press.net\/tchad\/politique\/le-premier-ministre-forme-une-coalition-en-faveur-du-referendum#primaryimage\",\"url\":\"https:\/\/static.africa-press.net\/tchad\/sites\/41\/2023\/11\/sm_1700667013.205343.jpg\",\"contentUrl\":\"https:\/\/static.africa-press.net\/tchad\/sites\/41\/2023\/11\/sm_1700667013.205343.jpg\",\"width\":1080,\"height\":720,\"caption\":\"le Premier ministre forme une Coalition en faveur du r\u00e9f\u00e9rendum\"},{\"@type\":\"BreadcrumbList\",\"@id\":\"https:\/\/www.africa-press.net\/tchad\/politique\/le-premier-ministre-forme-une-coalition-en-faveur-du-referendum#breadcrumb\",\"itemListElement\":[{\"@type\":\"ListItem\",\"position\":1,\"name\":\"Accueil\",\"item\":\"https:\/\/www.africa-press.net\/tchad\/\"},{\"@type\":\"ListItem\",\"position\":2,\"name\":\"le Premier ministre forme une Coalition en faveur du r\u00e9f\u00e9rendum\"}]},{\"@type\":\"WebSite\",\"@id\":\"https:\/\/www.africa-press.net\/tchad\/#website\",\"url\":\"https:\/\/www.africa-press.net\/tchad\/\",\"name\":\"tchad\",\"description\":\"Just another Africa News Agency Sites site\",\"potentialAction\":[{\"@type\":\"SearchAction\",\"target\":{\"@type\":\"EntryPoint\",\"urlTemplate\":\"https:\/\/www.africa-press.net\/tchad\/?s={search_term_string}\"},\"query-input\":{\"@type\":\"PropertyValueSpecification\",\"valueRequired\":true,\"valueName\":\"search_term_string\"}}],\"inLanguage\":\"fr-FR\"},{\"@type\":\"Person\",\"@id\":\"https:\/\/www.africa-press.net\/tchad\/#\/schema\/person\/2b1cf3cd81a31e3cd26889ca66d677f1\",\"name\":\"cfeditorfr\"}]}<\/script>\n<!-- \/ Yoast SEO Premium plugin. -->","yoast_head_json":{"title":"le Premier ministre forme une Coalition en faveur du r\u00e9f\u00e9rendum - tchad","description":"Le Premier ministre, chef du gouvernement de la Transition, Saleh Kebzabo a signe\u0301 ce 22 novembre 2023, une de\u0301cision po ...","robots":{"index":"index","follow":"follow","max-snippet":"max-snippet:-1","max-image-preview":"max-image-preview:large","max-video-preview":"max-video-preview:-1"},"canonical":"https:\/\/www.africa-press.net\/tchad\/politique\/le-premier-ministre-forme-une-coalition-en-faveur-du-referendum","og_locale":"fr_FR","og_type":"article","og_title":"le Premier ministre forme une Coalition en faveur du r\u00e9f\u00e9rendum","og_description":"Le Premier ministre, chef du gouvernement de la Transition, Saleh Kebzabo a signe\u0301 ce 22 novembre 2023, une de\u0301cision po ...","og_url":"https:\/\/www.africa-press.net\/tchad\/politique\/le-premier-ministre-forme-une-coalition-en-faveur-du-referendum","og_site_name":"tchad","article_published_time":"2023-11-22T17:29:14+00:00","article_modified_time":"2023-11-22T19:01:49+00:00","og_image":[{"width":1080,"height":720,"url":"https:\/\/static.africa-press.net\/tchad\/sites\/41\/2023\/11\/sm_1700667013.205343.jpg","type":"image\/jpeg"}],"author":"cfeditorfr","twitter_card":"summary_large_image","twitter_misc":{"\u00c9crit par":"cfeditorfr","Dur\u00e9e de lecture estim\u00e9e":"1 minute"},"schema":{"@context":"https:\/\/schema.org","@graph":[{"@type":"Article","@id":"https:\/\/www.africa-press.net\/tchad\/politique\/le-premier-ministre-forme-une-coalition-en-faveur-du-referendum#article","isPartOf":{"@id":"https:\/\/www.africa-press.net\/tchad\/politique\/le-premier-ministre-forme-une-coalition-en-faveur-du-referendum"},"author":{"name":"cfeditorfr","@id":"https:\/\/www.africa-press.net\/tchad\/#\/schema\/person\/2b1cf3cd81a31e3cd26889ca66d677f1"},"headline":"le Premier ministre forme une Coalition en faveur du r\u00e9f\u00e9rendum","datePublished":"2023-11-22T17:29:14+00:00","dateModified":"2023-11-22T19:01:49+00:00","mainEntityOfPage":{"@id":"https:\/\/www.africa-press.net\/tchad\/politique\/le-premier-ministre-forme-une-coalition-en-faveur-du-referendum"},"wordCount":171,"commentCount":0,"image":{"@id":"https:\/\/www.africa-press.net\/tchad\/politique\/le-premier-ministre-forme-une-coalition-en-faveur-du-referendum#primaryimage"},"thumbnailUrl":"https:\/\/static.africa-press.net\/tchad\/sites\/41\/2023\/11\/sm_1700667013.205343.jpg","keywords":["Africa Press","Africa Press-Tchad","Tchad"],"articleSection":["Politique","Toutes les actualit\u00e9s"],"inLanguage":"fr-FR","potentialAction":[{"@type":"CommentAction","name":"Comment","target":["https:\/\/www.africa-press.net\/tchad\/politique\/le-premier-ministre-forme-une-coalition-en-faveur-du-referendum#respond"]}]},{"@type":"WebPage","@id":"https:\/\/www.africa-press.net\/tchad\/politique\/le-premier-ministre-forme-une-coalition-en-faveur-du-referendum","url":"https:\/\/www.africa-press.net\/tchad\/politique\/le-premier-ministre-forme-une-coalition-en-faveur-du-referendum","name":"le Premier ministre forme une Coalition en faveur du r\u00e9f\u00e9rendum - tchad","isPartOf":{"@id":"https:\/\/www.africa-press.net\/tchad\/#website"},"primaryImageOfPage":{"@id":"https:\/\/www.africa-press.net\/tchad\/politique\/le-premier-ministre-forme-une-coalition-en-faveur-du-referendum#primaryimage"},"image":{"@id":"https:\/\/www.africa-press.net\/tchad\/politique\/le-premier-ministre-forme-une-coalition-en-faveur-du-referendum#primaryimage"},"thumbnailUrl":"https:\/\/static.africa-press.net\/tchad\/sites\/41\/2023\/11\/sm_1700667013.205343.jpg","datePublished":"2023-11-22T17:29:14+00:00","dateModified":"2023-11-22T19:01:49+00:00","author":{"@id":"https:\/\/www.africa-press.net\/tchad\/#\/schema\/person\/2b1cf3cd81a31e3cd26889ca66d677f1"},"description":"Le Premier ministre, chef du gouvernement de la Transition, Saleh Kebzabo a signe\u0301 ce 22 novembre 2023, une de\u0301cision po ...","breadcrumb":{"@id":"https:\/\/www.africa-press.net\/tchad\/politique\/le-premier-ministre-forme-une-coalition-en-faveur-du-referendum#breadcrumb"},"inLanguage":"fr-FR","potentialAction":[{"@type":"ReadAction","target":["https:\/\/www.africa-press.net\/tchad\/politique\/le-premier-ministre-forme-une-coalition-en-faveur-du-referendum"]}]},{"@type":"ImageObject","inLanguage":"fr-FR","@id":"https:\/\/www.africa-press.net\/tchad\/politique\/le-premier-ministre-forme-une-coalition-en-faveur-du-referendum#primaryimage","url":"https:\/\/static.africa-press.net\/tchad\/sites\/41\/2023\/11\/sm_1700667013.205343.jpg","contentUrl":"https:\/\/static.africa-press.net\/tchad\/sites\/41\/2023\/11\/sm_1700667013.205343.jpg","width":1080,"height":720,"caption":"le Premier ministre forme une Coalition en faveur du r\u00e9f\u00e9rendum"},{"@type":"BreadcrumbList","@id":"https:\/\/www.africa-press.net\/tchad\/politique\/le-premier-ministre-forme-une-coalition-en-faveur-du-referendum#breadcrumb","itemListElement":[{"@type":"ListItem","position":1,"name":"Accueil","item":"https:\/\/www.africa-press.net\/tchad\/"},{"@type":"ListItem","position":2,"name":"le Premier ministre forme une Coalition en faveur du r\u00e9f\u00e9rendum"}]},{"@type":"WebSite","@id":"https:\/\/www.africa-press.net\/tchad\/#website","url":"https:\/\/www.africa-press.net\/tchad\/","name":"tchad","description":"Just another Africa News Agency Sites site","potentialAction":[{"@type":"SearchAction","target":{"@type":"EntryPoint","urlTemplate":"https:\/\/www.africa-press.net\/tchad\/?s={search_term_string}"},"query-input":{"@type":"PropertyValueSpecification","valueRequired":true,"valueName":"search_term_string"}}],"inLanguage":"fr-FR"},{"@type":"Person","@id":"https:\/\/www.africa-press.net\/tchad\/#\/schema\/person\/2b1cf3cd81a31e3cd26889ca66d677f1","name":"cfeditorfr"}]}},"_links":{"self":[{"href":"https:\/\/www.africa-press.net\/tchad\/wp-json\/wp\/v2\/posts\/54412","targetHints":{"allow":["GET"]}}],"collection":[{"href":"https:\/\/www.africa-press.net\/tchad\/wp-json\/wp\/v2\/posts"}],"about":[{"href":"https:\/\/www.africa-press.net\/tchad\/wp-json\/wp\/v2\/types\/post"}],"author":[{"embeddable":true,"href":"https:\/\/www.africa-press.net\/tchad\/wp-json\/wp\/v2\/users\/82"}],"replies":[{"embeddable":true,"href":"https:\/\/www.africa-press.net\/tchad\/wp-json\/wp\/v2\/comments?post=54412"}],"version-history":[{"count":0,"href":"https:\/\/www.africa-press.net\/tchad\/wp-json\/wp\/v2\/posts\/54412\/revisions"}],"wp:featuredmedia":[{"embeddable":true,"href":"https:\/\/www.africa-press.net\/tchad\/wp-json\/wp\/v2\/media\/54410"}],"wp:attachment":[{"href":"https:\/\/www.africa-press.net\/tchad\/wp-json\/wp\/v2\/media?parent=54412"}],"wp:term":[{"taxonomy":"category","embeddable":true,"href":"https:\/\/www.africa-press.net\/tchad\/wp-json\/wp\/v2\/categories?post=54412"},{"taxonomy":"post_tag","embeddable":true,"href":"https:\/\/www.africa-press.net\/tchad\/wp-json\/wp\/v2\/tags?post=54412"}],"curies":[{"name":"wp","href":"https:\/\/api.w.org\/{rel}","templated":true}]}}