{"id":54415,"date":"2023-11-22T17:29:32","date_gmt":"2023-11-22T17:29:32","guid":{"rendered":"https:\/\/www.africa-press.net\/tchad\/politique\/care-signe-une-convention-de-trois-ans-avec-le-cpa-du-ouaddai"},"modified":"2023-11-22T19:02:41","modified_gmt":"2023-11-22T19:02:41","slug":"care-signe-une-convention-de-trois-ans-avec-le-cpa-du-ouaddai","status":"publish","type":"post","link":"https:\/\/www.africa-press.net\/tchad\/politique\/care-signe-une-convention-de-trois-ans-avec-le-cpa-du-ouaddai","title":{"rendered":"CARE signe une convention de trois ans avec le CPA du Ouadda\u00ef"},"content":{"rendered":"<p><span style=\"color: #ff6600\"><strong>Africa-Press &#8211; Tchad. <\/strong><\/span>Le vice-pre\u0301sident du CPA du Ouaddai\u0308, Dr Zakaria Marouf Barka, a pre\u0301sente\u0301 les objectifs du CPA aux responsables, mais aussi le respect de l&rsquo;engagement de deux parties apre\u0300s la signature de la convention.<\/p>\n<p>Le Directeur pays CARE International, Dr Amadou Bocoum, a fait savoir que dans toutes ses interventions, CARE au Tchad explore des alliances qui permettent de toucher plus de personnes avec un impact significatif sur la qualite\u0301 de vie des couches les plus vulne\u0301rables.<\/p>\n<p>Convaincu qu&rsquo;une \u00a0\u00bb seule hirondelle ne fait pas le printemps \u00a0\u00bb disait Aristote, CARE International a toujours tisse\u0301 et entretenu des relations de collaborations avec de nombreux partenaires institutionnels et techniques pour garantir l&rsquo;ancrage local de ses institutions.<\/p>\n<p>Selon lui, c&rsquo;est dans cet esprit de re\u0301flexion qu&rsquo;ils ont lance\u0301 cette initiative de signature des accords de partenariat avec les Comite\u0301s Provinciaux d&rsquo;Action dans toutes les zones d&rsquo;intervention dont la province du Ouaddai\u0308 fait partie. Il a enfin re\u0301affirme\u0301 que CARE tiendra ses promesses dans le cadre de cette collaboration en mutualisant ses efforts au quotidien.<\/p>\n<p>Le Gouverneur de la province du Ouaddai\u0308, Bachar Ali Souleymane, en signant l&rsquo;accord a fait savoir qu&rsquo;il demeure convaincu que cette convention permettra au CPA d&rsquo;assumer correctement son ro\u0302le tout en be\u0301ne\u0301ficiant des appuis de CARE comme stipuler dans les engagements des deux parties.<\/p>\n<p>A\u0300 travers cette convention, le pre\u0301sident du CPA souhaite avoir un accompagnement conse\u0301quent de CARE en termes des ressources mate\u0301rielles, financie\u0300res et techniques pour a\u0300 leur structure d&rsquo;e\u0302tre pleinement ope\u0301rationnelle.<\/p>\n<p>Bachar Ali Souleymane a enfin ajoute\u0301 qu&rsquo;avec la crise soudanaise actuelle, plusieurs organisations sont en train d&rsquo;intervenir dans la province, mais le CPA ne dispose pas une bonne connaissance d&rsquo;elles et surtout de leurs actions sur le terrain.<\/p>\n<p><strong>Pour plus d&rsquo;informations et d&rsquo;analyses sur la <a href=\"https:\/\/www.africa-press.net\/tchad\">Tchad<\/a>, suivez <a href=\"https:\/\/www.africa-press.net\/\">Africa-Press<\/a><\/strong><\/p>\n","protected":false},"excerpt":{"rendered":"<p>Africa-Press &#8211; Tchad. Le vice-pre\u0301sident du CPA du Ouaddai\u0308, Dr Zakaria Marouf Barka, a pre\u0301sente\u0301 les objectifs du CPA aux responsables, mais aussi le respect de l&rsquo;engagement de deux parties apre\u0300s la signature de la convention. Le Directeur pays CARE International, Dr Amadou Bocoum, a fait savoir que dans toutes ses interventions, CARE au Tchad [&hellip;]<\/p>\n","protected":false},"author":82,"featured_media":54413,"comment_status":"open","ping_status":"closed","sticky":false,"template":"","format":"standard","meta":{"footnotes":""},"categories":[2,10],"tags":[37,292,29],"class_list":["post-54415","post","type-post","status-publish","format-standard","has-post-thumbnail","hentry","category-politique","category-toutes-les-actualites","tag-africa-press","tag-africa-press-tchad","tag-tchad"],"yoast_head":"<!-- This site is optimized with the Yoast SEO Premium plugin v26.1 (Yoast SEO v27.0) - https:\/\/yoast.com\/product\/yoast-seo-premium-wordpress\/ -->\n<title>CARE signe une convention de trois ans avec le CPA du Ouadda\u00ef - tchad<\/title>\n<meta name=\"description\" content=\"Le vice-pre\u0301sident du CPA du Ouaddai\u0308, Dr Zakaria Marouf Barka, a pre\u0301sente\u0301 les objectifs du CPA aux responsables, mais ...\" \/>\n<meta name=\"robots\" content=\"index, follow, max-snippet:-1, max-image-preview:large, max-video-preview:-1\" \/>\n<link rel=\"canonical\" href=\"https:\/\/www.africa-press.net\/tchad\/politique\/care-signe-une-convention-de-trois-ans-avec-le-cpa-du-ouaddai\" \/>\n<meta property=\"og:locale\" content=\"fr_FR\" \/>\n<meta property=\"og:type\" content=\"article\" \/>\n<meta property=\"og:title\" content=\"CARE signe une convention de trois ans avec le CPA du Ouadda\u00ef\" \/>\n<meta property=\"og:description\" content=\"Le vice-pre\u0301sident du CPA du Ouaddai\u0308, Dr Zakaria Marouf Barka, a pre\u0301sente\u0301 les objectifs du CPA aux responsables, mais ...\" \/>\n<meta property=\"og:url\" content=\"https:\/\/www.africa-press.net\/tchad\/politique\/care-signe-une-convention-de-trois-ans-avec-le-cpa-du-ouaddai\" \/>\n<meta property=\"og:site_name\" content=\"tchad\" \/>\n<meta property=\"article:published_time\" content=\"2023-11-22T17:29:32+00:00\" \/>\n<meta property=\"article:modified_time\" content=\"2023-11-22T19:02:41+00:00\" \/>\n<meta property=\"og:image\" content=\"https:\/\/static.africa-press.net\/tchad\/sites\/41\/2023\/11\/sm_1700667079.376263.jpg\" \/>\n\t<meta property=\"og:image:width\" content=\"1020\" \/>\n\t<meta property=\"og:image:height\" content=\"460\" \/>\n\t<meta property=\"og:image:type\" content=\"image\/jpeg\" \/>\n<meta name=\"author\" content=\"cfeditorfr\" \/>\n<meta name=\"twitter:card\" content=\"summary_large_image\" \/>\n<meta name=\"twitter:label1\" content=\"\u00c9crit par\" \/>\n\t<meta name=\"twitter:data1\" content=\"cfeditorfr\" \/>\n\t<meta name=\"twitter:label2\" content=\"Dur\u00e9e de lecture estim\u00e9e\" \/>\n\t<meta name=\"twitter:data2\" content=\"2 minutes\" \/>\n<script type=\"application\/ld+json\" class=\"yoast-schema-graph\">{\"@context\":\"https:\/\/schema.org\",\"@graph\":[{\"@type\":\"Article\",\"@id\":\"https:\/\/www.africa-press.net\/tchad\/politique\/care-signe-une-convention-de-trois-ans-avec-le-cpa-du-ouaddai#article\",\"isPartOf\":{\"@id\":\"https:\/\/www.africa-press.net\/tchad\/politique\/care-signe-une-convention-de-trois-ans-avec-le-cpa-du-ouaddai\"},\"author\":{\"name\":\"cfeditorfr\",\"@id\":\"https:\/\/www.africa-press.net\/tchad\/#\/schema\/person\/2b1cf3cd81a31e3cd26889ca66d677f1\"},\"headline\":\"CARE signe une convention de trois ans avec le CPA du Ouadda\u00ef\",\"datePublished\":\"2023-11-22T17:29:32+00:00\",\"dateModified\":\"2023-11-22T19:02:41+00:00\",\"mainEntityOfPage\":{\"@id\":\"https:\/\/www.africa-press.net\/tchad\/politique\/care-signe-une-convention-de-trois-ans-avec-le-cpa-du-ouaddai\"},\"wordCount\":338,\"commentCount\":0,\"image\":{\"@id\":\"https:\/\/www.africa-press.net\/tchad\/politique\/care-signe-une-convention-de-trois-ans-avec-le-cpa-du-ouaddai#primaryimage\"},\"thumbnailUrl\":\"https:\/\/static.africa-press.net\/tchad\/sites\/41\/2023\/11\/sm_1700667079.376263.jpg\",\"keywords\":[\"Africa Press\",\"Africa Press-Tchad\",\"Tchad\"],\"articleSection\":[\"Politique\",\"Toutes les actualit\u00e9s\"],\"inLanguage\":\"fr-FR\",\"potentialAction\":[{\"@type\":\"CommentAction\",\"name\":\"Comment\",\"target\":[\"https:\/\/www.africa-press.net\/tchad\/politique\/care-signe-une-convention-de-trois-ans-avec-le-cpa-du-ouaddai#respond\"]}]},{\"@type\":\"WebPage\",\"@id\":\"https:\/\/www.africa-press.net\/tchad\/politique\/care-signe-une-convention-de-trois-ans-avec-le-cpa-du-ouaddai\",\"url\":\"https:\/\/www.africa-press.net\/tchad\/politique\/care-signe-une-convention-de-trois-ans-avec-le-cpa-du-ouaddai\",\"name\":\"CARE signe une convention de trois ans avec le CPA du Ouadda\u00ef - tchad\",\"isPartOf\":{\"@id\":\"https:\/\/www.africa-press.net\/tchad\/#website\"},\"primaryImageOfPage\":{\"@id\":\"https:\/\/www.africa-press.net\/tchad\/politique\/care-signe-une-convention-de-trois-ans-avec-le-cpa-du-ouaddai#primaryimage\"},\"image\":{\"@id\":\"https:\/\/www.africa-press.net\/tchad\/politique\/care-signe-une-convention-de-trois-ans-avec-le-cpa-du-ouaddai#primaryimage\"},\"thumbnailUrl\":\"https:\/\/static.africa-press.net\/tchad\/sites\/41\/2023\/11\/sm_1700667079.376263.jpg\",\"datePublished\":\"2023-11-22T17:29:32+00:00\",\"dateModified\":\"2023-11-22T19:02:41+00:00\",\"author\":{\"@id\":\"https:\/\/www.africa-press.net\/tchad\/#\/schema\/person\/2b1cf3cd81a31e3cd26889ca66d677f1\"},\"description\":\"Le vice-pre\u0301sident du CPA du Ouaddai\u0308, Dr Zakaria Marouf Barka, a pre\u0301sente\u0301 les objectifs du CPA aux responsables, mais ...\",\"breadcrumb\":{\"@id\":\"https:\/\/www.africa-press.net\/tchad\/politique\/care-signe-une-convention-de-trois-ans-avec-le-cpa-du-ouaddai#breadcrumb\"},\"inLanguage\":\"fr-FR\",\"potentialAction\":[{\"@type\":\"ReadAction\",\"target\":[\"https:\/\/www.africa-press.net\/tchad\/politique\/care-signe-une-convention-de-trois-ans-avec-le-cpa-du-ouaddai\"]}]},{\"@type\":\"ImageObject\",\"inLanguage\":\"fr-FR\",\"@id\":\"https:\/\/www.africa-press.net\/tchad\/politique\/care-signe-une-convention-de-trois-ans-avec-le-cpa-du-ouaddai#primaryimage\",\"url\":\"https:\/\/static.africa-press.net\/tchad\/sites\/41\/2023\/11\/sm_1700667079.376263.jpg\",\"contentUrl\":\"https:\/\/static.africa-press.net\/tchad\/sites\/41\/2023\/11\/sm_1700667079.376263.jpg\",\"width\":1020,\"height\":460,\"caption\":\"CARE signe une convention de trois ans avec le CPA du Ouadda\u00ef\"},{\"@type\":\"BreadcrumbList\",\"@id\":\"https:\/\/www.africa-press.net\/tchad\/politique\/care-signe-une-convention-de-trois-ans-avec-le-cpa-du-ouaddai#breadcrumb\",\"itemListElement\":[{\"@type\":\"ListItem\",\"position\":1,\"name\":\"Accueil\",\"item\":\"https:\/\/www.africa-press.net\/tchad\/\"},{\"@type\":\"ListItem\",\"position\":2,\"name\":\"CARE signe une convention de trois ans avec le CPA du Ouadda\u00ef\"}]},{\"@type\":\"WebSite\",\"@id\":\"https:\/\/www.africa-press.net\/tchad\/#website\",\"url\":\"https:\/\/www.africa-press.net\/tchad\/\",\"name\":\"tchad\",\"description\":\"Just another Africa News Agency Sites site\",\"potentialAction\":[{\"@type\":\"SearchAction\",\"target\":{\"@type\":\"EntryPoint\",\"urlTemplate\":\"https:\/\/www.africa-press.net\/tchad\/?s={search_term_string}\"},\"query-input\":{\"@type\":\"PropertyValueSpecification\",\"valueRequired\":true,\"valueName\":\"search_term_string\"}}],\"inLanguage\":\"fr-FR\"},{\"@type\":\"Person\",\"@id\":\"https:\/\/www.africa-press.net\/tchad\/#\/schema\/person\/2b1cf3cd81a31e3cd26889ca66d677f1\",\"name\":\"cfeditorfr\"}]}<\/script>\n<!-- \/ Yoast SEO Premium plugin. -->","yoast_head_json":{"title":"CARE signe une convention de trois ans avec le CPA du Ouadda\u00ef - tchad","description":"Le vice-pre\u0301sident du CPA du Ouaddai\u0308, Dr Zakaria Marouf Barka, a pre\u0301sente\u0301 les objectifs du CPA aux responsables, mais ...","robots":{"index":"index","follow":"follow","max-snippet":"max-snippet:-1","max-image-preview":"max-image-preview:large","max-video-preview":"max-video-preview:-1"},"canonical":"https:\/\/www.africa-press.net\/tchad\/politique\/care-signe-une-convention-de-trois-ans-avec-le-cpa-du-ouaddai","og_locale":"fr_FR","og_type":"article","og_title":"CARE signe une convention de trois ans avec le CPA du Ouadda\u00ef","og_description":"Le vice-pre\u0301sident du CPA du Ouaddai\u0308, Dr Zakaria Marouf Barka, a pre\u0301sente\u0301 les objectifs du CPA aux responsables, mais ...","og_url":"https:\/\/www.africa-press.net\/tchad\/politique\/care-signe-une-convention-de-trois-ans-avec-le-cpa-du-ouaddai","og_site_name":"tchad","article_published_time":"2023-11-22T17:29:32+00:00","article_modified_time":"2023-11-22T19:02:41+00:00","og_image":[{"width":1020,"height":460,"url":"https:\/\/static.africa-press.net\/tchad\/sites\/41\/2023\/11\/sm_1700667079.376263.jpg","type":"image\/jpeg"}],"author":"cfeditorfr","twitter_card":"summary_large_image","twitter_misc":{"\u00c9crit par":"cfeditorfr","Dur\u00e9e de lecture estim\u00e9e":"2 minutes"},"schema":{"@context":"https:\/\/schema.org","@graph":[{"@type":"Article","@id":"https:\/\/www.africa-press.net\/tchad\/politique\/care-signe-une-convention-de-trois-ans-avec-le-cpa-du-ouaddai#article","isPartOf":{"@id":"https:\/\/www.africa-press.net\/tchad\/politique\/care-signe-une-convention-de-trois-ans-avec-le-cpa-du-ouaddai"},"author":{"name":"cfeditorfr","@id":"https:\/\/www.africa-press.net\/tchad\/#\/schema\/person\/2b1cf3cd81a31e3cd26889ca66d677f1"},"headline":"CARE signe une convention de trois ans avec le CPA du Ouadda\u00ef","datePublished":"2023-11-22T17:29:32+00:00","dateModified":"2023-11-22T19:02:41+00:00","mainEntityOfPage":{"@id":"https:\/\/www.africa-press.net\/tchad\/politique\/care-signe-une-convention-de-trois-ans-avec-le-cpa-du-ouaddai"},"wordCount":338,"commentCount":0,"image":{"@id":"https:\/\/www.africa-press.net\/tchad\/politique\/care-signe-une-convention-de-trois-ans-avec-le-cpa-du-ouaddai#primaryimage"},"thumbnailUrl":"https:\/\/static.africa-press.net\/tchad\/sites\/41\/2023\/11\/sm_1700667079.376263.jpg","keywords":["Africa Press","Africa Press-Tchad","Tchad"],"articleSection":["Politique","Toutes les actualit\u00e9s"],"inLanguage":"fr-FR","potentialAction":[{"@type":"CommentAction","name":"Comment","target":["https:\/\/www.africa-press.net\/tchad\/politique\/care-signe-une-convention-de-trois-ans-avec-le-cpa-du-ouaddai#respond"]}]},{"@type":"WebPage","@id":"https:\/\/www.africa-press.net\/tchad\/politique\/care-signe-une-convention-de-trois-ans-avec-le-cpa-du-ouaddai","url":"https:\/\/www.africa-press.net\/tchad\/politique\/care-signe-une-convention-de-trois-ans-avec-le-cpa-du-ouaddai","name":"CARE signe une convention de trois ans avec le CPA du Ouadda\u00ef - tchad","isPartOf":{"@id":"https:\/\/www.africa-press.net\/tchad\/#website"},"primaryImageOfPage":{"@id":"https:\/\/www.africa-press.net\/tchad\/politique\/care-signe-une-convention-de-trois-ans-avec-le-cpa-du-ouaddai#primaryimage"},"image":{"@id":"https:\/\/www.africa-press.net\/tchad\/politique\/care-signe-une-convention-de-trois-ans-avec-le-cpa-du-ouaddai#primaryimage"},"thumbnailUrl":"https:\/\/static.africa-press.net\/tchad\/sites\/41\/2023\/11\/sm_1700667079.376263.jpg","datePublished":"2023-11-22T17:29:32+00:00","dateModified":"2023-11-22T19:02:41+00:00","author":{"@id":"https:\/\/www.africa-press.net\/tchad\/#\/schema\/person\/2b1cf3cd81a31e3cd26889ca66d677f1"},"description":"Le vice-pre\u0301sident du CPA du Ouaddai\u0308, Dr Zakaria Marouf Barka, a pre\u0301sente\u0301 les objectifs du CPA aux responsables, mais ...","breadcrumb":{"@id":"https:\/\/www.africa-press.net\/tchad\/politique\/care-signe-une-convention-de-trois-ans-avec-le-cpa-du-ouaddai#breadcrumb"},"inLanguage":"fr-FR","potentialAction":[{"@type":"ReadAction","target":["https:\/\/www.africa-press.net\/tchad\/politique\/care-signe-une-convention-de-trois-ans-avec-le-cpa-du-ouaddai"]}]},{"@type":"ImageObject","inLanguage":"fr-FR","@id":"https:\/\/www.africa-press.net\/tchad\/politique\/care-signe-une-convention-de-trois-ans-avec-le-cpa-du-ouaddai#primaryimage","url":"https:\/\/static.africa-press.net\/tchad\/sites\/41\/2023\/11\/sm_1700667079.376263.jpg","contentUrl":"https:\/\/static.africa-press.net\/tchad\/sites\/41\/2023\/11\/sm_1700667079.376263.jpg","width":1020,"height":460,"caption":"CARE signe une convention de trois ans avec le CPA du Ouadda\u00ef"},{"@type":"BreadcrumbList","@id":"https:\/\/www.africa-press.net\/tchad\/politique\/care-signe-une-convention-de-trois-ans-avec-le-cpa-du-ouaddai#breadcrumb","itemListElement":[{"@type":"ListItem","position":1,"name":"Accueil","item":"https:\/\/www.africa-press.net\/tchad\/"},{"@type":"ListItem","position":2,"name":"CARE signe une convention de trois ans avec le CPA du Ouadda\u00ef"}]},{"@type":"WebSite","@id":"https:\/\/www.africa-press.net\/tchad\/#website","url":"https:\/\/www.africa-press.net\/tchad\/","name":"tchad","description":"Just another Africa News Agency Sites site","potentialAction":[{"@type":"SearchAction","target":{"@type":"EntryPoint","urlTemplate":"https:\/\/www.africa-press.net\/tchad\/?s={search_term_string}"},"query-input":{"@type":"PropertyValueSpecification","valueRequired":true,"valueName":"search_term_string"}}],"inLanguage":"fr-FR"},{"@type":"Person","@id":"https:\/\/www.africa-press.net\/tchad\/#\/schema\/person\/2b1cf3cd81a31e3cd26889ca66d677f1","name":"cfeditorfr"}]}},"_links":{"self":[{"href":"https:\/\/www.africa-press.net\/tchad\/wp-json\/wp\/v2\/posts\/54415","targetHints":{"allow":["GET"]}}],"collection":[{"href":"https:\/\/www.africa-press.net\/tchad\/wp-json\/wp\/v2\/posts"}],"about":[{"href":"https:\/\/www.africa-press.net\/tchad\/wp-json\/wp\/v2\/types\/post"}],"author":[{"embeddable":true,"href":"https:\/\/www.africa-press.net\/tchad\/wp-json\/wp\/v2\/users\/82"}],"replies":[{"embeddable":true,"href":"https:\/\/www.africa-press.net\/tchad\/wp-json\/wp\/v2\/comments?post=54415"}],"version-history":[{"count":0,"href":"https:\/\/www.africa-press.net\/tchad\/wp-json\/wp\/v2\/posts\/54415\/revisions"}],"wp:featuredmedia":[{"embeddable":true,"href":"https:\/\/www.africa-press.net\/tchad\/wp-json\/wp\/v2\/media\/54413"}],"wp:attachment":[{"href":"https:\/\/www.africa-press.net\/tchad\/wp-json\/wp\/v2\/media?parent=54415"}],"wp:term":[{"taxonomy":"category","embeddable":true,"href":"https:\/\/www.africa-press.net\/tchad\/wp-json\/wp\/v2\/categories?post=54415"},{"taxonomy":"post_tag","embeddable":true,"href":"https:\/\/www.africa-press.net\/tchad\/wp-json\/wp\/v2\/tags?post=54415"}],"curies":[{"name":"wp","href":"https:\/\/api.w.org\/{rel}","templated":true}]}}