{"id":54439,"date":"2023-11-23T11:14:23","date_gmt":"2023-11-23T11:14:23","guid":{"rendered":"https:\/\/www.africa-press.net\/tchad\/politique\/atelier-regional-sur-la-jeunesse-et-la-resilience-face-aux-conflits-au-sahel"},"modified":"2023-11-23T11:27:53","modified_gmt":"2023-11-23T11:27:53","slug":"atelier-regional-sur-la-jeunesse-et-la-resilience-face-aux-conflits-au-sahel","status":"publish","type":"post","link":"https:\/\/www.africa-press.net\/tchad\/toutes-les-actualites\/atelier-regional-sur-la-jeunesse-et-la-resilience-face-aux-conflits-au-sahel","title":{"rendered":"atelier r\u00e9gional sur la jeunesse et la r\u00e9silience face aux conflits au Sahel"},"content":{"rendered":"<p><span style=\"color: #ff6600\"><strong>Africa-Press &#8211; Tchad. <\/strong><\/span>Ce lundi 20 novembre 2023, un atelier re\u0301gional crucial pour la capitalisation et la concertation sur l&rsquo;engagement et la re\u0301silience des jeunes contre les conflits communautaires dans le Sahel, a e\u0301te\u0301 inaugure\u0301.<\/p>\n<p>La rencontre qui s&rsquo;inscrit dans le cadre du programme SD3C, a eu lieu a\u0300 la grande salle du ministe\u0300re des Affaires e\u0301trange\u0300res, avec la pre\u0301sence du pre\u0301sident du Conseil national de la jeunesse du Tchad, Abakar Allamine Dangaya, des repre\u0301sentants des pays du G5 Sahel et d&rsquo;autres autorite\u0301s.<\/p>\n<p>Plus de trente jeunes hommes et femmes du Se\u0301ne\u0301gal, Burkina Faso, Mauritanie, Mali, Tchad et Niger, partenaires dans le programme SD3C, sont venus pour cet atelier de deux jours.<\/p>\n<p>A cette occasion, Abakar Al-Allamine Dangaya a mis en lumie\u0300re le ro\u0302le malheureux de la jeunesse dans les conflits intercommunautaires violents qui se\u0301vissent dans le Sahel, soulignant a\u0300 la fois leur position en tant que vecteurs de violence et victimes des affrontements.<\/p>\n<p>L&rsquo;objectif de l&rsquo;atelier est d&rsquo;impliquer activement la jeunesse africaine, en particulier celle du Sahel, dans la re\u0301solution des conflits afin de transformer les jeunes de fauteurs de troubles en acteurs de stabilite\u0301 et de de\u0301veloppement. Cette initiative vise a\u0300 renforcer la concertation et la coope\u0301ration entre les leaders jeunes des pays du Sahel.<\/p>\n<p><strong>Pour plus d&rsquo;informations et d&rsquo;analyses sur la <a href=\"https:\/\/www.africa-press.net\/tchad\">Tchad<\/a>, suivez <a href=\"https:\/\/www.africa-press.net\/\">Africa-Press<\/a><\/strong><\/p>\n","protected":false},"excerpt":{"rendered":"<p>Africa-Press &#8211; Tchad. Ce lundi 20 novembre 2023, un atelier re\u0301gional crucial pour la capitalisation et la concertation sur l&rsquo;engagement et la re\u0301silience des jeunes contre les conflits communautaires dans le Sahel, a e\u0301te\u0301 inaugure\u0301. La rencontre qui s&rsquo;inscrit dans le cadre du programme SD3C, a eu lieu a\u0300 la grande salle du ministe\u0300re des [&hellip;]<\/p>\n","protected":false},"author":82,"featured_media":54438,"comment_status":"open","ping_status":"closed","sticky":false,"template":"","format":"standard","meta":{"footnotes":""},"categories":[21,10],"tags":[37,292,29],"class_list":["post-54439","post","type-post","status-publish","format-standard","has-post-thumbnail","hentry","category-communaute","category-toutes-les-actualites","tag-africa-press","tag-africa-press-tchad","tag-tchad"],"yoast_head":"<!-- This site is optimized with the Yoast SEO Premium plugin v26.1 (Yoast SEO v27.0) - https:\/\/yoast.com\/product\/yoast-seo-premium-wordpress\/ -->\n<title>atelier r\u00e9gional sur la jeunesse et la r\u00e9silience face aux conflits au Sahel - tchad<\/title>\n<meta name=\"description\" content=\"Ce lundi 20 novembre 2023, un atelier re\u0301gional crucial pour la capitalisation et la concertation sur l&#039;engagement et la ...\" \/>\n<meta name=\"robots\" content=\"index, follow, max-snippet:-1, max-image-preview:large, max-video-preview:-1\" \/>\n<link rel=\"canonical\" href=\"https:\/\/www.africa-press.net\/tchad\/toutes-les-actualites\/atelier-regional-sur-la-jeunesse-et-la-resilience-face-aux-conflits-au-sahel\" \/>\n<meta property=\"og:locale\" content=\"fr_FR\" \/>\n<meta property=\"og:type\" content=\"article\" \/>\n<meta property=\"og:title\" content=\"atelier r\u00e9gional sur la jeunesse et la r\u00e9silience face aux conflits au Sahel\" \/>\n<meta property=\"og:description\" content=\"Ce lundi 20 novembre 2023, un atelier re\u0301gional crucial pour la capitalisation et la concertation sur l&#039;engagement et la ...\" \/>\n<meta property=\"og:url\" content=\"https:\/\/www.africa-press.net\/tchad\/toutes-les-actualites\/atelier-regional-sur-la-jeunesse-et-la-resilience-face-aux-conflits-au-sahel\" \/>\n<meta property=\"og:site_name\" content=\"tchad\" \/>\n<meta property=\"article:published_time\" content=\"2023-11-23T11:14:23+00:00\" \/>\n<meta property=\"article:modified_time\" content=\"2023-11-23T11:27:53+00:00\" \/>\n<meta property=\"og:image\" content=\"https:\/\/static.africa-press.net\/tchad\/sites\/41\/2023\/11\/sm_1700726174.662032.jpg\" \/>\n\t<meta property=\"og:image:width\" content=\"1280\" \/>\n\t<meta property=\"og:image:height\" content=\"960\" \/>\n\t<meta property=\"og:image:type\" content=\"image\/jpeg\" \/>\n<meta name=\"author\" content=\"cfeditorfr\" \/>\n<meta name=\"twitter:card\" content=\"summary_large_image\" \/>\n<meta name=\"twitter:label1\" content=\"\u00c9crit par\" \/>\n\t<meta name=\"twitter:data1\" content=\"cfeditorfr\" \/>\n\t<meta name=\"twitter:label2\" content=\"Dur\u00e9e de lecture estim\u00e9e\" \/>\n\t<meta name=\"twitter:data2\" content=\"1 minute\" \/>\n<script type=\"application\/ld+json\" class=\"yoast-schema-graph\">{\"@context\":\"https:\/\/schema.org\",\"@graph\":[{\"@type\":\"Article\",\"@id\":\"https:\/\/www.africa-press.net\/tchad\/toutes-les-actualites\/atelier-regional-sur-la-jeunesse-et-la-resilience-face-aux-conflits-au-sahel#article\",\"isPartOf\":{\"@id\":\"https:\/\/www.africa-press.net\/tchad\/toutes-les-actualites\/atelier-regional-sur-la-jeunesse-et-la-resilience-face-aux-conflits-au-sahel\"},\"author\":{\"name\":\"cfeditorfr\",\"@id\":\"https:\/\/www.africa-press.net\/tchad\/#\/schema\/person\/2b1cf3cd81a31e3cd26889ca66d677f1\"},\"headline\":\"atelier r\u00e9gional sur la jeunesse et la r\u00e9silience face aux conflits au Sahel\",\"datePublished\":\"2023-11-23T11:14:23+00:00\",\"dateModified\":\"2023-11-23T11:27:53+00:00\",\"mainEntityOfPage\":{\"@id\":\"https:\/\/www.africa-press.net\/tchad\/toutes-les-actualites\/atelier-regional-sur-la-jeunesse-et-la-resilience-face-aux-conflits-au-sahel\"},\"wordCount\":258,\"commentCount\":0,\"image\":{\"@id\":\"https:\/\/www.africa-press.net\/tchad\/toutes-les-actualites\/atelier-regional-sur-la-jeunesse-et-la-resilience-face-aux-conflits-au-sahel#primaryimage\"},\"thumbnailUrl\":\"https:\/\/static.africa-press.net\/tchad\/sites\/41\/2023\/11\/sm_1700726174.662032.jpg\",\"keywords\":[\"Africa Press\",\"Africa Press-Tchad\",\"Tchad\"],\"articleSection\":[\"Communaut\u00e9\",\"Toutes les actualit\u00e9s\"],\"inLanguage\":\"fr-FR\",\"potentialAction\":[{\"@type\":\"CommentAction\",\"name\":\"Comment\",\"target\":[\"https:\/\/www.africa-press.net\/tchad\/toutes-les-actualites\/atelier-regional-sur-la-jeunesse-et-la-resilience-face-aux-conflits-au-sahel#respond\"]}]},{\"@type\":\"WebPage\",\"@id\":\"https:\/\/www.africa-press.net\/tchad\/toutes-les-actualites\/atelier-regional-sur-la-jeunesse-et-la-resilience-face-aux-conflits-au-sahel\",\"url\":\"https:\/\/www.africa-press.net\/tchad\/toutes-les-actualites\/atelier-regional-sur-la-jeunesse-et-la-resilience-face-aux-conflits-au-sahel\",\"name\":\"atelier r\u00e9gional sur la jeunesse et la r\u00e9silience face aux conflits au Sahel - tchad\",\"isPartOf\":{\"@id\":\"https:\/\/www.africa-press.net\/tchad\/#website\"},\"primaryImageOfPage\":{\"@id\":\"https:\/\/www.africa-press.net\/tchad\/toutes-les-actualites\/atelier-regional-sur-la-jeunesse-et-la-resilience-face-aux-conflits-au-sahel#primaryimage\"},\"image\":{\"@id\":\"https:\/\/www.africa-press.net\/tchad\/toutes-les-actualites\/atelier-regional-sur-la-jeunesse-et-la-resilience-face-aux-conflits-au-sahel#primaryimage\"},\"thumbnailUrl\":\"https:\/\/static.africa-press.net\/tchad\/sites\/41\/2023\/11\/sm_1700726174.662032.jpg\",\"datePublished\":\"2023-11-23T11:14:23+00:00\",\"dateModified\":\"2023-11-23T11:27:53+00:00\",\"author\":{\"@id\":\"https:\/\/www.africa-press.net\/tchad\/#\/schema\/person\/2b1cf3cd81a31e3cd26889ca66d677f1\"},\"description\":\"Ce lundi 20 novembre 2023, un atelier re\u0301gional crucial pour la capitalisation et la concertation sur l'engagement et la ...\",\"breadcrumb\":{\"@id\":\"https:\/\/www.africa-press.net\/tchad\/toutes-les-actualites\/atelier-regional-sur-la-jeunesse-et-la-resilience-face-aux-conflits-au-sahel#breadcrumb\"},\"inLanguage\":\"fr-FR\",\"potentialAction\":[{\"@type\":\"ReadAction\",\"target\":[\"https:\/\/www.africa-press.net\/tchad\/toutes-les-actualites\/atelier-regional-sur-la-jeunesse-et-la-resilience-face-aux-conflits-au-sahel\"]}]},{\"@type\":\"ImageObject\",\"inLanguage\":\"fr-FR\",\"@id\":\"https:\/\/www.africa-press.net\/tchad\/toutes-les-actualites\/atelier-regional-sur-la-jeunesse-et-la-resilience-face-aux-conflits-au-sahel#primaryimage\",\"url\":\"https:\/\/static.africa-press.net\/tchad\/sites\/41\/2023\/11\/sm_1700726174.662032.jpg\",\"contentUrl\":\"https:\/\/static.africa-press.net\/tchad\/sites\/41\/2023\/11\/sm_1700726174.662032.jpg\",\"width\":1280,\"height\":960,\"caption\":\"atelier r\u00e9gional sur la jeunesse et la r\u00e9silience face aux conflits au Sahel\"},{\"@type\":\"BreadcrumbList\",\"@id\":\"https:\/\/www.africa-press.net\/tchad\/toutes-les-actualites\/atelier-regional-sur-la-jeunesse-et-la-resilience-face-aux-conflits-au-sahel#breadcrumb\",\"itemListElement\":[{\"@type\":\"ListItem\",\"position\":1,\"name\":\"Accueil\",\"item\":\"https:\/\/www.africa-press.net\/tchad\/\"},{\"@type\":\"ListItem\",\"position\":2,\"name\":\"atelier r\u00e9gional sur la jeunesse et la r\u00e9silience face aux conflits au Sahel\"}]},{\"@type\":\"WebSite\",\"@id\":\"https:\/\/www.africa-press.net\/tchad\/#website\",\"url\":\"https:\/\/www.africa-press.net\/tchad\/\",\"name\":\"tchad\",\"description\":\"Just another Africa News Agency Sites site\",\"potentialAction\":[{\"@type\":\"SearchAction\",\"target\":{\"@type\":\"EntryPoint\",\"urlTemplate\":\"https:\/\/www.africa-press.net\/tchad\/?s={search_term_string}\"},\"query-input\":{\"@type\":\"PropertyValueSpecification\",\"valueRequired\":true,\"valueName\":\"search_term_string\"}}],\"inLanguage\":\"fr-FR\"},{\"@type\":\"Person\",\"@id\":\"https:\/\/www.africa-press.net\/tchad\/#\/schema\/person\/2b1cf3cd81a31e3cd26889ca66d677f1\",\"name\":\"cfeditorfr\"}]}<\/script>\n<!-- \/ Yoast SEO Premium plugin. -->","yoast_head_json":{"title":"atelier r\u00e9gional sur la jeunesse et la r\u00e9silience face aux conflits au Sahel - tchad","description":"Ce lundi 20 novembre 2023, un atelier re\u0301gional crucial pour la capitalisation et la concertation sur l'engagement et la ...","robots":{"index":"index","follow":"follow","max-snippet":"max-snippet:-1","max-image-preview":"max-image-preview:large","max-video-preview":"max-video-preview:-1"},"canonical":"https:\/\/www.africa-press.net\/tchad\/toutes-les-actualites\/atelier-regional-sur-la-jeunesse-et-la-resilience-face-aux-conflits-au-sahel","og_locale":"fr_FR","og_type":"article","og_title":"atelier r\u00e9gional sur la jeunesse et la r\u00e9silience face aux conflits au Sahel","og_description":"Ce lundi 20 novembre 2023, un atelier re\u0301gional crucial pour la capitalisation et la concertation sur l'engagement et la ...","og_url":"https:\/\/www.africa-press.net\/tchad\/toutes-les-actualites\/atelier-regional-sur-la-jeunesse-et-la-resilience-face-aux-conflits-au-sahel","og_site_name":"tchad","article_published_time":"2023-11-23T11:14:23+00:00","article_modified_time":"2023-11-23T11:27:53+00:00","og_image":[{"width":1280,"height":960,"url":"https:\/\/static.africa-press.net\/tchad\/sites\/41\/2023\/11\/sm_1700726174.662032.jpg","type":"image\/jpeg"}],"author":"cfeditorfr","twitter_card":"summary_large_image","twitter_misc":{"\u00c9crit par":"cfeditorfr","Dur\u00e9e de lecture estim\u00e9e":"1 minute"},"schema":{"@context":"https:\/\/schema.org","@graph":[{"@type":"Article","@id":"https:\/\/www.africa-press.net\/tchad\/toutes-les-actualites\/atelier-regional-sur-la-jeunesse-et-la-resilience-face-aux-conflits-au-sahel#article","isPartOf":{"@id":"https:\/\/www.africa-press.net\/tchad\/toutes-les-actualites\/atelier-regional-sur-la-jeunesse-et-la-resilience-face-aux-conflits-au-sahel"},"author":{"name":"cfeditorfr","@id":"https:\/\/www.africa-press.net\/tchad\/#\/schema\/person\/2b1cf3cd81a31e3cd26889ca66d677f1"},"headline":"atelier r\u00e9gional sur la jeunesse et la r\u00e9silience face aux conflits au Sahel","datePublished":"2023-11-23T11:14:23+00:00","dateModified":"2023-11-23T11:27:53+00:00","mainEntityOfPage":{"@id":"https:\/\/www.africa-press.net\/tchad\/toutes-les-actualites\/atelier-regional-sur-la-jeunesse-et-la-resilience-face-aux-conflits-au-sahel"},"wordCount":258,"commentCount":0,"image":{"@id":"https:\/\/www.africa-press.net\/tchad\/toutes-les-actualites\/atelier-regional-sur-la-jeunesse-et-la-resilience-face-aux-conflits-au-sahel#primaryimage"},"thumbnailUrl":"https:\/\/static.africa-press.net\/tchad\/sites\/41\/2023\/11\/sm_1700726174.662032.jpg","keywords":["Africa Press","Africa Press-Tchad","Tchad"],"articleSection":["Communaut\u00e9","Toutes les actualit\u00e9s"],"inLanguage":"fr-FR","potentialAction":[{"@type":"CommentAction","name":"Comment","target":["https:\/\/www.africa-press.net\/tchad\/toutes-les-actualites\/atelier-regional-sur-la-jeunesse-et-la-resilience-face-aux-conflits-au-sahel#respond"]}]},{"@type":"WebPage","@id":"https:\/\/www.africa-press.net\/tchad\/toutes-les-actualites\/atelier-regional-sur-la-jeunesse-et-la-resilience-face-aux-conflits-au-sahel","url":"https:\/\/www.africa-press.net\/tchad\/toutes-les-actualites\/atelier-regional-sur-la-jeunesse-et-la-resilience-face-aux-conflits-au-sahel","name":"atelier r\u00e9gional sur la jeunesse et la r\u00e9silience face aux conflits au Sahel - tchad","isPartOf":{"@id":"https:\/\/www.africa-press.net\/tchad\/#website"},"primaryImageOfPage":{"@id":"https:\/\/www.africa-press.net\/tchad\/toutes-les-actualites\/atelier-regional-sur-la-jeunesse-et-la-resilience-face-aux-conflits-au-sahel#primaryimage"},"image":{"@id":"https:\/\/www.africa-press.net\/tchad\/toutes-les-actualites\/atelier-regional-sur-la-jeunesse-et-la-resilience-face-aux-conflits-au-sahel#primaryimage"},"thumbnailUrl":"https:\/\/static.africa-press.net\/tchad\/sites\/41\/2023\/11\/sm_1700726174.662032.jpg","datePublished":"2023-11-23T11:14:23+00:00","dateModified":"2023-11-23T11:27:53+00:00","author":{"@id":"https:\/\/www.africa-press.net\/tchad\/#\/schema\/person\/2b1cf3cd81a31e3cd26889ca66d677f1"},"description":"Ce lundi 20 novembre 2023, un atelier re\u0301gional crucial pour la capitalisation et la concertation sur l'engagement et la ...","breadcrumb":{"@id":"https:\/\/www.africa-press.net\/tchad\/toutes-les-actualites\/atelier-regional-sur-la-jeunesse-et-la-resilience-face-aux-conflits-au-sahel#breadcrumb"},"inLanguage":"fr-FR","potentialAction":[{"@type":"ReadAction","target":["https:\/\/www.africa-press.net\/tchad\/toutes-les-actualites\/atelier-regional-sur-la-jeunesse-et-la-resilience-face-aux-conflits-au-sahel"]}]},{"@type":"ImageObject","inLanguage":"fr-FR","@id":"https:\/\/www.africa-press.net\/tchad\/toutes-les-actualites\/atelier-regional-sur-la-jeunesse-et-la-resilience-face-aux-conflits-au-sahel#primaryimage","url":"https:\/\/static.africa-press.net\/tchad\/sites\/41\/2023\/11\/sm_1700726174.662032.jpg","contentUrl":"https:\/\/static.africa-press.net\/tchad\/sites\/41\/2023\/11\/sm_1700726174.662032.jpg","width":1280,"height":960,"caption":"atelier r\u00e9gional sur la jeunesse et la r\u00e9silience face aux conflits au Sahel"},{"@type":"BreadcrumbList","@id":"https:\/\/www.africa-press.net\/tchad\/toutes-les-actualites\/atelier-regional-sur-la-jeunesse-et-la-resilience-face-aux-conflits-au-sahel#breadcrumb","itemListElement":[{"@type":"ListItem","position":1,"name":"Accueil","item":"https:\/\/www.africa-press.net\/tchad\/"},{"@type":"ListItem","position":2,"name":"atelier r\u00e9gional sur la jeunesse et la r\u00e9silience face aux conflits au Sahel"}]},{"@type":"WebSite","@id":"https:\/\/www.africa-press.net\/tchad\/#website","url":"https:\/\/www.africa-press.net\/tchad\/","name":"tchad","description":"Just another Africa News Agency Sites site","potentialAction":[{"@type":"SearchAction","target":{"@type":"EntryPoint","urlTemplate":"https:\/\/www.africa-press.net\/tchad\/?s={search_term_string}"},"query-input":{"@type":"PropertyValueSpecification","valueRequired":true,"valueName":"search_term_string"}}],"inLanguage":"fr-FR"},{"@type":"Person","@id":"https:\/\/www.africa-press.net\/tchad\/#\/schema\/person\/2b1cf3cd81a31e3cd26889ca66d677f1","name":"cfeditorfr"}]}},"_links":{"self":[{"href":"https:\/\/www.africa-press.net\/tchad\/wp-json\/wp\/v2\/posts\/54439","targetHints":{"allow":["GET"]}}],"collection":[{"href":"https:\/\/www.africa-press.net\/tchad\/wp-json\/wp\/v2\/posts"}],"about":[{"href":"https:\/\/www.africa-press.net\/tchad\/wp-json\/wp\/v2\/types\/post"}],"author":[{"embeddable":true,"href":"https:\/\/www.africa-press.net\/tchad\/wp-json\/wp\/v2\/users\/82"}],"replies":[{"embeddable":true,"href":"https:\/\/www.africa-press.net\/tchad\/wp-json\/wp\/v2\/comments?post=54439"}],"version-history":[{"count":0,"href":"https:\/\/www.africa-press.net\/tchad\/wp-json\/wp\/v2\/posts\/54439\/revisions"}],"wp:featuredmedia":[{"embeddable":true,"href":"https:\/\/www.africa-press.net\/tchad\/wp-json\/wp\/v2\/media\/54438"}],"wp:attachment":[{"href":"https:\/\/www.africa-press.net\/tchad\/wp-json\/wp\/v2\/media?parent=54439"}],"wp:term":[{"taxonomy":"category","embeddable":true,"href":"https:\/\/www.africa-press.net\/tchad\/wp-json\/wp\/v2\/categories?post=54439"},{"taxonomy":"post_tag","embeddable":true,"href":"https:\/\/www.africa-press.net\/tchad\/wp-json\/wp\/v2\/tags?post=54439"}],"curies":[{"name":"wp","href":"https:\/\/api.w.org\/{rel}","templated":true}]}}