{"id":54493,"date":"2023-11-23T14:34:21","date_gmt":"2023-11-23T14:34:21","guid":{"rendered":"https:\/\/www.africa-press.net\/tchad\/politique\/le-projet-de-constitution-presente-a-la-population-de-hadjer-lamis"},"modified":"2023-11-23T16:20:58","modified_gmt":"2023-11-23T16:20:58","slug":"le-projet-de-constitution-presente-a-la-population-de-hadjer-lamis","status":"publish","type":"post","link":"https:\/\/www.africa-press.net\/tchad\/politique\/le-projet-de-constitution-presente-a-la-population-de-hadjer-lamis","title":{"rendered":"le projet de Constitution pr\u00e9sent\u00e9 \u00e0 la population de Hadjer Lamis"},"content":{"rendered":"<p><span style=\"color: #ff6600\"><strong>Africa-Press &#8211; Tchad. <\/strong><\/span>La de\u0301le\u0301gation d&rsquo;experts du secre\u0301tariat ge\u0301ne\u0301ral du gouvernement, conduite par le chef de mission, Abdramane Ahmat Borgou, a pre\u0301sente\u0301 le projet de Constitution a\u0300 la population de la province de Hadjer Lamis.<\/p>\n<p>A cette occasion, le chef de mission e\u0301tait accompagne\u0301 par deux experts : Sali Bakari et Youssouf Bachar.<\/p>\n<p>La ce\u0301re\u0301monie a eu lieu ce mercredi 22 novembre 2023 a\u0300 Massakory, en pre\u0301sence du gouverneur de la province, Satabdjim Succe\u0300s Noel, des autorite\u0301s civiles, militaires et des cadres de ladite province. La pre\u0301sentation du projet de Constitution et ses innovations majeures a\u0300 la population de la province a dure\u0301 deux jours.<\/p>\n<p>Il faut e\u0301galement noter le soutien du Programme des Nation Unies pour le De\u0301veloppement (PNUD) au gouvernement tchadien, dans la mise en \u0153uvre de cette initiative, en vue de la re\u0301ussite du re\u0301fe\u0301rendum constitutionnel.<\/p>\n<p><strong>Pour plus d&rsquo;informations et d&rsquo;analyses sur la <a href=\"https:\/\/www.africa-press.net\/tchad\">Tchad<\/a>, suivez <a href=\"https:\/\/www.africa-press.net\/\">Africa-Press<\/a><\/strong><\/p>\n","protected":false},"excerpt":{"rendered":"<p>Africa-Press &#8211; Tchad. La de\u0301le\u0301gation d&rsquo;experts du secre\u0301tariat ge\u0301ne\u0301ral du gouvernement, conduite par le chef de mission, Abdramane Ahmat Borgou, a pre\u0301sente\u0301 le projet de Constitution a\u0300 la population de la province de Hadjer Lamis. A cette occasion, le chef de mission e\u0301tait accompagne\u0301 par deux experts : Sali Bakari et Youssouf Bachar. La ce\u0301re\u0301monie [&hellip;]<\/p>\n","protected":false},"author":82,"featured_media":54491,"comment_status":"open","ping_status":"closed","sticky":false,"template":"","format":"standard","meta":{"footnotes":""},"categories":[2,10],"tags":[37,292,29],"class_list":["post-54493","post","type-post","status-publish","format-standard","has-post-thumbnail","hentry","category-politique","category-toutes-les-actualites","tag-africa-press","tag-africa-press-tchad","tag-tchad"],"yoast_head":"<!-- This site is optimized with the Yoast SEO Premium plugin v26.1 (Yoast SEO v27.0) - https:\/\/yoast.com\/product\/yoast-seo-premium-wordpress\/ -->\n<title>le projet de Constitution pr\u00e9sent\u00e9 \u00e0 la population de Hadjer Lamis - tchad<\/title>\n<meta name=\"description\" content=\"La de\u0301le\u0301gation d&#039;experts du secre\u0301tariat ge\u0301ne\u0301ral du gouvernement, conduite par le chef de mission, Abdramane Ahmat Bo ...\" \/>\n<meta name=\"robots\" content=\"index, follow, max-snippet:-1, max-image-preview:large, max-video-preview:-1\" \/>\n<link rel=\"canonical\" href=\"https:\/\/www.africa-press.net\/tchad\/politique\/le-projet-de-constitution-presente-a-la-population-de-hadjer-lamis\" \/>\n<meta property=\"og:locale\" content=\"fr_FR\" \/>\n<meta property=\"og:type\" content=\"article\" \/>\n<meta property=\"og:title\" content=\"le projet de Constitution pr\u00e9sent\u00e9 \u00e0 la population de Hadjer Lamis\" \/>\n<meta property=\"og:description\" content=\"La de\u0301le\u0301gation d&#039;experts du secre\u0301tariat ge\u0301ne\u0301ral du gouvernement, conduite par le chef de mission, Abdramane Ahmat Bo ...\" \/>\n<meta property=\"og:url\" content=\"https:\/\/www.africa-press.net\/tchad\/politique\/le-projet-de-constitution-presente-a-la-population-de-hadjer-lamis\" \/>\n<meta property=\"og:site_name\" content=\"tchad\" \/>\n<meta property=\"article:published_time\" content=\"2023-11-23T14:34:21+00:00\" \/>\n<meta property=\"article:modified_time\" content=\"2023-11-23T16:20:58+00:00\" \/>\n<meta property=\"og:image\" content=\"https:\/\/static.africa-press.net\/tchad\/sites\/41\/2023\/11\/sm_1700743768.805409.jpg\" \/>\n\t<meta property=\"og:image:width\" content=\"1280\" \/>\n\t<meta property=\"og:image:height\" content=\"853\" \/>\n\t<meta property=\"og:image:type\" content=\"image\/jpeg\" \/>\n<meta name=\"author\" content=\"cfeditorfr\" \/>\n<meta name=\"twitter:card\" content=\"summary_large_image\" \/>\n<meta name=\"twitter:label1\" content=\"\u00c9crit par\" \/>\n\t<meta name=\"twitter:data1\" content=\"cfeditorfr\" \/>\n\t<meta name=\"twitter:label2\" content=\"Dur\u00e9e de lecture estim\u00e9e\" \/>\n\t<meta name=\"twitter:data2\" content=\"1 minute\" \/>\n<script type=\"application\/ld+json\" class=\"yoast-schema-graph\">{\"@context\":\"https:\/\/schema.org\",\"@graph\":[{\"@type\":\"Article\",\"@id\":\"https:\/\/www.africa-press.net\/tchad\/politique\/le-projet-de-constitution-presente-a-la-population-de-hadjer-lamis#article\",\"isPartOf\":{\"@id\":\"https:\/\/www.africa-press.net\/tchad\/politique\/le-projet-de-constitution-presente-a-la-population-de-hadjer-lamis\"},\"author\":{\"name\":\"cfeditorfr\",\"@id\":\"https:\/\/www.africa-press.net\/tchad\/#\/schema\/person\/2b1cf3cd81a31e3cd26889ca66d677f1\"},\"headline\":\"le projet de Constitution pr\u00e9sent\u00e9 \u00e0 la population de Hadjer Lamis\",\"datePublished\":\"2023-11-23T14:34:21+00:00\",\"dateModified\":\"2023-11-23T16:20:58+00:00\",\"mainEntityOfPage\":{\"@id\":\"https:\/\/www.africa-press.net\/tchad\/politique\/le-projet-de-constitution-presente-a-la-population-de-hadjer-lamis\"},\"wordCount\":178,\"commentCount\":0,\"image\":{\"@id\":\"https:\/\/www.africa-press.net\/tchad\/politique\/le-projet-de-constitution-presente-a-la-population-de-hadjer-lamis#primaryimage\"},\"thumbnailUrl\":\"https:\/\/static.africa-press.net\/tchad\/sites\/41\/2023\/11\/sm_1700743768.805409.jpg\",\"keywords\":[\"Africa Press\",\"Africa Press-Tchad\",\"Tchad\"],\"articleSection\":[\"Politique\",\"Toutes les actualit\u00e9s\"],\"inLanguage\":\"fr-FR\",\"potentialAction\":[{\"@type\":\"CommentAction\",\"name\":\"Comment\",\"target\":[\"https:\/\/www.africa-press.net\/tchad\/politique\/le-projet-de-constitution-presente-a-la-population-de-hadjer-lamis#respond\"]}]},{\"@type\":\"WebPage\",\"@id\":\"https:\/\/www.africa-press.net\/tchad\/politique\/le-projet-de-constitution-presente-a-la-population-de-hadjer-lamis\",\"url\":\"https:\/\/www.africa-press.net\/tchad\/politique\/le-projet-de-constitution-presente-a-la-population-de-hadjer-lamis\",\"name\":\"le projet de Constitution pr\u00e9sent\u00e9 \u00e0 la population de Hadjer Lamis - tchad\",\"isPartOf\":{\"@id\":\"https:\/\/www.africa-press.net\/tchad\/#website\"},\"primaryImageOfPage\":{\"@id\":\"https:\/\/www.africa-press.net\/tchad\/politique\/le-projet-de-constitution-presente-a-la-population-de-hadjer-lamis#primaryimage\"},\"image\":{\"@id\":\"https:\/\/www.africa-press.net\/tchad\/politique\/le-projet-de-constitution-presente-a-la-population-de-hadjer-lamis#primaryimage\"},\"thumbnailUrl\":\"https:\/\/static.africa-press.net\/tchad\/sites\/41\/2023\/11\/sm_1700743768.805409.jpg\",\"datePublished\":\"2023-11-23T14:34:21+00:00\",\"dateModified\":\"2023-11-23T16:20:58+00:00\",\"author\":{\"@id\":\"https:\/\/www.africa-press.net\/tchad\/#\/schema\/person\/2b1cf3cd81a31e3cd26889ca66d677f1\"},\"description\":\"La de\u0301le\u0301gation d'experts du secre\u0301tariat ge\u0301ne\u0301ral du gouvernement, conduite par le chef de mission, Abdramane Ahmat Bo ...\",\"breadcrumb\":{\"@id\":\"https:\/\/www.africa-press.net\/tchad\/politique\/le-projet-de-constitution-presente-a-la-population-de-hadjer-lamis#breadcrumb\"},\"inLanguage\":\"fr-FR\",\"potentialAction\":[{\"@type\":\"ReadAction\",\"target\":[\"https:\/\/www.africa-press.net\/tchad\/politique\/le-projet-de-constitution-presente-a-la-population-de-hadjer-lamis\"]}]},{\"@type\":\"ImageObject\",\"inLanguage\":\"fr-FR\",\"@id\":\"https:\/\/www.africa-press.net\/tchad\/politique\/le-projet-de-constitution-presente-a-la-population-de-hadjer-lamis#primaryimage\",\"url\":\"https:\/\/static.africa-press.net\/tchad\/sites\/41\/2023\/11\/sm_1700743768.805409.jpg\",\"contentUrl\":\"https:\/\/static.africa-press.net\/tchad\/sites\/41\/2023\/11\/sm_1700743768.805409.jpg\",\"width\":1280,\"height\":853,\"caption\":\"le projet de Constitution pr\u00e9sent\u00e9 \u00e0 la population de Hadjer Lamis\"},{\"@type\":\"BreadcrumbList\",\"@id\":\"https:\/\/www.africa-press.net\/tchad\/politique\/le-projet-de-constitution-presente-a-la-population-de-hadjer-lamis#breadcrumb\",\"itemListElement\":[{\"@type\":\"ListItem\",\"position\":1,\"name\":\"Accueil\",\"item\":\"https:\/\/www.africa-press.net\/tchad\/\"},{\"@type\":\"ListItem\",\"position\":2,\"name\":\"le projet de Constitution pr\u00e9sent\u00e9 \u00e0 la population de Hadjer Lamis\"}]},{\"@type\":\"WebSite\",\"@id\":\"https:\/\/www.africa-press.net\/tchad\/#website\",\"url\":\"https:\/\/www.africa-press.net\/tchad\/\",\"name\":\"tchad\",\"description\":\"Just another Africa News Agency Sites site\",\"potentialAction\":[{\"@type\":\"SearchAction\",\"target\":{\"@type\":\"EntryPoint\",\"urlTemplate\":\"https:\/\/www.africa-press.net\/tchad\/?s={search_term_string}\"},\"query-input\":{\"@type\":\"PropertyValueSpecification\",\"valueRequired\":true,\"valueName\":\"search_term_string\"}}],\"inLanguage\":\"fr-FR\"},{\"@type\":\"Person\",\"@id\":\"https:\/\/www.africa-press.net\/tchad\/#\/schema\/person\/2b1cf3cd81a31e3cd26889ca66d677f1\",\"name\":\"cfeditorfr\"}]}<\/script>\n<!-- \/ Yoast SEO Premium plugin. -->","yoast_head_json":{"title":"le projet de Constitution pr\u00e9sent\u00e9 \u00e0 la population de Hadjer Lamis - tchad","description":"La de\u0301le\u0301gation d'experts du secre\u0301tariat ge\u0301ne\u0301ral du gouvernement, conduite par le chef de mission, Abdramane Ahmat Bo ...","robots":{"index":"index","follow":"follow","max-snippet":"max-snippet:-1","max-image-preview":"max-image-preview:large","max-video-preview":"max-video-preview:-1"},"canonical":"https:\/\/www.africa-press.net\/tchad\/politique\/le-projet-de-constitution-presente-a-la-population-de-hadjer-lamis","og_locale":"fr_FR","og_type":"article","og_title":"le projet de Constitution pr\u00e9sent\u00e9 \u00e0 la population de Hadjer Lamis","og_description":"La de\u0301le\u0301gation d'experts du secre\u0301tariat ge\u0301ne\u0301ral du gouvernement, conduite par le chef de mission, Abdramane Ahmat Bo ...","og_url":"https:\/\/www.africa-press.net\/tchad\/politique\/le-projet-de-constitution-presente-a-la-population-de-hadjer-lamis","og_site_name":"tchad","article_published_time":"2023-11-23T14:34:21+00:00","article_modified_time":"2023-11-23T16:20:58+00:00","og_image":[{"width":1280,"height":853,"url":"https:\/\/static.africa-press.net\/tchad\/sites\/41\/2023\/11\/sm_1700743768.805409.jpg","type":"image\/jpeg"}],"author":"cfeditorfr","twitter_card":"summary_large_image","twitter_misc":{"\u00c9crit par":"cfeditorfr","Dur\u00e9e de lecture estim\u00e9e":"1 minute"},"schema":{"@context":"https:\/\/schema.org","@graph":[{"@type":"Article","@id":"https:\/\/www.africa-press.net\/tchad\/politique\/le-projet-de-constitution-presente-a-la-population-de-hadjer-lamis#article","isPartOf":{"@id":"https:\/\/www.africa-press.net\/tchad\/politique\/le-projet-de-constitution-presente-a-la-population-de-hadjer-lamis"},"author":{"name":"cfeditorfr","@id":"https:\/\/www.africa-press.net\/tchad\/#\/schema\/person\/2b1cf3cd81a31e3cd26889ca66d677f1"},"headline":"le projet de Constitution pr\u00e9sent\u00e9 \u00e0 la population de Hadjer Lamis","datePublished":"2023-11-23T14:34:21+00:00","dateModified":"2023-11-23T16:20:58+00:00","mainEntityOfPage":{"@id":"https:\/\/www.africa-press.net\/tchad\/politique\/le-projet-de-constitution-presente-a-la-population-de-hadjer-lamis"},"wordCount":178,"commentCount":0,"image":{"@id":"https:\/\/www.africa-press.net\/tchad\/politique\/le-projet-de-constitution-presente-a-la-population-de-hadjer-lamis#primaryimage"},"thumbnailUrl":"https:\/\/static.africa-press.net\/tchad\/sites\/41\/2023\/11\/sm_1700743768.805409.jpg","keywords":["Africa Press","Africa Press-Tchad","Tchad"],"articleSection":["Politique","Toutes les actualit\u00e9s"],"inLanguage":"fr-FR","potentialAction":[{"@type":"CommentAction","name":"Comment","target":["https:\/\/www.africa-press.net\/tchad\/politique\/le-projet-de-constitution-presente-a-la-population-de-hadjer-lamis#respond"]}]},{"@type":"WebPage","@id":"https:\/\/www.africa-press.net\/tchad\/politique\/le-projet-de-constitution-presente-a-la-population-de-hadjer-lamis","url":"https:\/\/www.africa-press.net\/tchad\/politique\/le-projet-de-constitution-presente-a-la-population-de-hadjer-lamis","name":"le projet de Constitution pr\u00e9sent\u00e9 \u00e0 la population de Hadjer Lamis - tchad","isPartOf":{"@id":"https:\/\/www.africa-press.net\/tchad\/#website"},"primaryImageOfPage":{"@id":"https:\/\/www.africa-press.net\/tchad\/politique\/le-projet-de-constitution-presente-a-la-population-de-hadjer-lamis#primaryimage"},"image":{"@id":"https:\/\/www.africa-press.net\/tchad\/politique\/le-projet-de-constitution-presente-a-la-population-de-hadjer-lamis#primaryimage"},"thumbnailUrl":"https:\/\/static.africa-press.net\/tchad\/sites\/41\/2023\/11\/sm_1700743768.805409.jpg","datePublished":"2023-11-23T14:34:21+00:00","dateModified":"2023-11-23T16:20:58+00:00","author":{"@id":"https:\/\/www.africa-press.net\/tchad\/#\/schema\/person\/2b1cf3cd81a31e3cd26889ca66d677f1"},"description":"La de\u0301le\u0301gation d'experts du secre\u0301tariat ge\u0301ne\u0301ral du gouvernement, conduite par le chef de mission, Abdramane Ahmat Bo ...","breadcrumb":{"@id":"https:\/\/www.africa-press.net\/tchad\/politique\/le-projet-de-constitution-presente-a-la-population-de-hadjer-lamis#breadcrumb"},"inLanguage":"fr-FR","potentialAction":[{"@type":"ReadAction","target":["https:\/\/www.africa-press.net\/tchad\/politique\/le-projet-de-constitution-presente-a-la-population-de-hadjer-lamis"]}]},{"@type":"ImageObject","inLanguage":"fr-FR","@id":"https:\/\/www.africa-press.net\/tchad\/politique\/le-projet-de-constitution-presente-a-la-population-de-hadjer-lamis#primaryimage","url":"https:\/\/static.africa-press.net\/tchad\/sites\/41\/2023\/11\/sm_1700743768.805409.jpg","contentUrl":"https:\/\/static.africa-press.net\/tchad\/sites\/41\/2023\/11\/sm_1700743768.805409.jpg","width":1280,"height":853,"caption":"le projet de Constitution pr\u00e9sent\u00e9 \u00e0 la population de Hadjer Lamis"},{"@type":"BreadcrumbList","@id":"https:\/\/www.africa-press.net\/tchad\/politique\/le-projet-de-constitution-presente-a-la-population-de-hadjer-lamis#breadcrumb","itemListElement":[{"@type":"ListItem","position":1,"name":"Accueil","item":"https:\/\/www.africa-press.net\/tchad\/"},{"@type":"ListItem","position":2,"name":"le projet de Constitution pr\u00e9sent\u00e9 \u00e0 la population de Hadjer Lamis"}]},{"@type":"WebSite","@id":"https:\/\/www.africa-press.net\/tchad\/#website","url":"https:\/\/www.africa-press.net\/tchad\/","name":"tchad","description":"Just another Africa News Agency Sites site","potentialAction":[{"@type":"SearchAction","target":{"@type":"EntryPoint","urlTemplate":"https:\/\/www.africa-press.net\/tchad\/?s={search_term_string}"},"query-input":{"@type":"PropertyValueSpecification","valueRequired":true,"valueName":"search_term_string"}}],"inLanguage":"fr-FR"},{"@type":"Person","@id":"https:\/\/www.africa-press.net\/tchad\/#\/schema\/person\/2b1cf3cd81a31e3cd26889ca66d677f1","name":"cfeditorfr"}]}},"_links":{"self":[{"href":"https:\/\/www.africa-press.net\/tchad\/wp-json\/wp\/v2\/posts\/54493","targetHints":{"allow":["GET"]}}],"collection":[{"href":"https:\/\/www.africa-press.net\/tchad\/wp-json\/wp\/v2\/posts"}],"about":[{"href":"https:\/\/www.africa-press.net\/tchad\/wp-json\/wp\/v2\/types\/post"}],"author":[{"embeddable":true,"href":"https:\/\/www.africa-press.net\/tchad\/wp-json\/wp\/v2\/users\/82"}],"replies":[{"embeddable":true,"href":"https:\/\/www.africa-press.net\/tchad\/wp-json\/wp\/v2\/comments?post=54493"}],"version-history":[{"count":0,"href":"https:\/\/www.africa-press.net\/tchad\/wp-json\/wp\/v2\/posts\/54493\/revisions"}],"wp:featuredmedia":[{"embeddable":true,"href":"https:\/\/www.africa-press.net\/tchad\/wp-json\/wp\/v2\/media\/54491"}],"wp:attachment":[{"href":"https:\/\/www.africa-press.net\/tchad\/wp-json\/wp\/v2\/media?parent=54493"}],"wp:term":[{"taxonomy":"category","embeddable":true,"href":"https:\/\/www.africa-press.net\/tchad\/wp-json\/wp\/v2\/categories?post=54493"},{"taxonomy":"post_tag","embeddable":true,"href":"https:\/\/www.africa-press.net\/tchad\/wp-json\/wp\/v2\/tags?post=54493"}],"curies":[{"name":"wp","href":"https:\/\/api.w.org\/{rel}","templated":true}]}}