{"id":54496,"date":"2023-11-23T14:35:19","date_gmt":"2023-11-23T14:35:19","guid":{"rendered":"https:\/\/www.africa-press.net\/tchad\/politique\/le-prie-se-prononce-pour-un-etat-unitaire-decentralise-avant-le-referendum"},"modified":"2023-11-23T16:22:21","modified_gmt":"2023-11-23T16:22:21","slug":"le-prie-se-prononce-pour-un-etat-unitaire-decentralise-avant-le-referendum","status":"publish","type":"post","link":"https:\/\/www.africa-press.net\/tchad\/politique\/le-prie-se-prononce-pour-un-etat-unitaire-decentralise-avant-le-referendum","title":{"rendered":"le PRIE se prononce pour un \u00c9tat unitaire d\u00e9centralis\u00e9 avant le r\u00e9f\u00e9rendum"},"content":{"rendered":"<p><span style=\"color: #ff6600\"><strong>Africa-Press &#8211; Tchad. <\/strong><\/span>Abdallah Chidi Djorkodei, pre\u0301sident du Parti pour la Re\u0301forme et l&rsquo;Inde\u0301pendance E\u0301conomique (PRIE), a anime\u0301 un point de presse ce 23 novembre 2023, pour encourager ses partisans a\u0300 voter en faveur de l\u2019E\u0301tat unitaire de\u0301centralise\u0301 lors du re\u0301fe\u0301rendum du 17 de\u0301cembre.<\/p>\n<p>A cette occasion, il a exprime\u0301 le soutien de son parti a\u0300 l&rsquo;option de l\u2019E\u0301tat unitaire, qu&rsquo;il conside\u0300re comme essentielle pour l&rsquo;unite\u0301, la paix et le de\u0301veloppement du pays.<\/p>\n<p>Le pre\u0301sident du PRIE a insiste\u0301 sur l&rsquo;importance de mener une campagne vigoureuse a\u0300 l&rsquo;e\u0301chelle nationale et au sein de la diaspora, pour informer et convaincre les e\u0301lecteurs de l&rsquo;importance de cette re\u0301forme. Il a justifie\u0301 le positionnement du PRIE par la volonte\u0301 de rassembler les Tchadiens autour d&rsquo;un projet d\u2019unite\u0301 et de progre\u0300s.<\/p>\n<p>La nouvelle Constitution, adopte\u0301e pre\u0301alablement par le Conseil National de Transition le 27 juin, sera soumise a\u0300 un vote populaire en de\u0301cembre, donnant au peuple tchadien l&rsquo;opportunite\u0301 de choisir entre un E\u0301tat unitaire fortement de\u0301centralise\u0301 et une autre forme de gouvernance, ouvrant potentiellement la voie a\u0300 un syste\u0300me fe\u0301de\u0301ral.<\/p>\n<p><strong>Pour plus d&rsquo;informations et d&rsquo;analyses sur la <a href=\"https:\/\/www.africa-press.net\/tchad\">Tchad<\/a>, suivez <a href=\"https:\/\/www.africa-press.net\/\">Africa-Press<\/a><\/strong><\/p>\n","protected":false},"excerpt":{"rendered":"<p>Africa-Press &#8211; Tchad. Abdallah Chidi Djorkodei, pre\u0301sident du Parti pour la Re\u0301forme et l&rsquo;Inde\u0301pendance E\u0301conomique (PRIE), a anime\u0301 un point de presse ce 23 novembre 2023, pour encourager ses partisans a\u0300 voter en faveur de l\u2019E\u0301tat unitaire de\u0301centralise\u0301 lors du re\u0301fe\u0301rendum du 17 de\u0301cembre. A cette occasion, il a exprime\u0301 le soutien de son parti [&hellip;]<\/p>\n","protected":false},"author":82,"featured_media":54495,"comment_status":"open","ping_status":"closed","sticky":false,"template":"","format":"standard","meta":{"footnotes":""},"categories":[2,10],"tags":[37,292,29],"class_list":["post-54496","post","type-post","status-publish","format-standard","has-post-thumbnail","hentry","category-politique","category-toutes-les-actualites","tag-africa-press","tag-africa-press-tchad","tag-tchad"],"yoast_head":"<!-- This site is optimized with the Yoast SEO Premium plugin v26.1 (Yoast SEO v27.0) - https:\/\/yoast.com\/product\/yoast-seo-premium-wordpress\/ -->\n<title>le PRIE se prononce pour un \u00c9tat unitaire d\u00e9centralis\u00e9 avant le r\u00e9f\u00e9rendum - tchad<\/title>\n<meta name=\"description\" content=\"Abdallah Chidi Djorkodei, pre\u0301sident du Parti pour la Re\u0301forme et l&#039;Inde\u0301pendance E\u0301conomique (PRIE), a anime\u0301 un point ...\" \/>\n<meta name=\"robots\" content=\"index, follow, max-snippet:-1, max-image-preview:large, max-video-preview:-1\" \/>\n<link rel=\"canonical\" href=\"https:\/\/www.africa-press.net\/tchad\/politique\/le-prie-se-prononce-pour-un-etat-unitaire-decentralise-avant-le-referendum\" \/>\n<meta property=\"og:locale\" content=\"fr_FR\" \/>\n<meta property=\"og:type\" content=\"article\" \/>\n<meta property=\"og:title\" content=\"le PRIE se prononce pour un \u00c9tat unitaire d\u00e9centralis\u00e9 avant le r\u00e9f\u00e9rendum\" \/>\n<meta property=\"og:description\" content=\"Abdallah Chidi Djorkodei, pre\u0301sident du Parti pour la Re\u0301forme et l&#039;Inde\u0301pendance E\u0301conomique (PRIE), a anime\u0301 un point ...\" \/>\n<meta property=\"og:url\" content=\"https:\/\/www.africa-press.net\/tchad\/politique\/le-prie-se-prononce-pour-un-etat-unitaire-decentralise-avant-le-referendum\" \/>\n<meta property=\"og:site_name\" content=\"tchad\" \/>\n<meta property=\"article:published_time\" content=\"2023-11-23T14:35:19+00:00\" \/>\n<meta property=\"article:modified_time\" content=\"2023-11-23T16:22:21+00:00\" \/>\n<meta property=\"og:image\" content=\"https:\/\/static.africa-press.net\/tchad\/sites\/41\/2023\/11\/sm_1700743867.446997.jpg\" \/>\n\t<meta property=\"og:image:width\" content=\"1080\" \/>\n\t<meta property=\"og:image:height\" content=\"810\" \/>\n\t<meta property=\"og:image:type\" content=\"image\/jpeg\" \/>\n<meta name=\"author\" content=\"cfeditorfr\" \/>\n<meta name=\"twitter:card\" content=\"summary_large_image\" \/>\n<meta name=\"twitter:label1\" content=\"\u00c9crit par\" \/>\n\t<meta name=\"twitter:data1\" content=\"cfeditorfr\" \/>\n\t<meta name=\"twitter:label2\" content=\"Dur\u00e9e de lecture estim\u00e9e\" \/>\n\t<meta name=\"twitter:data2\" content=\"1 minute\" \/>\n<script type=\"application\/ld+json\" class=\"yoast-schema-graph\">{\"@context\":\"https:\/\/schema.org\",\"@graph\":[{\"@type\":\"Article\",\"@id\":\"https:\/\/www.africa-press.net\/tchad\/politique\/le-prie-se-prononce-pour-un-etat-unitaire-decentralise-avant-le-referendum#article\",\"isPartOf\":{\"@id\":\"https:\/\/www.africa-press.net\/tchad\/politique\/le-prie-se-prononce-pour-un-etat-unitaire-decentralise-avant-le-referendum\"},\"author\":{\"name\":\"cfeditorfr\",\"@id\":\"https:\/\/www.africa-press.net\/tchad\/#\/schema\/person\/2b1cf3cd81a31e3cd26889ca66d677f1\"},\"headline\":\"le PRIE se prononce pour un \u00c9tat unitaire d\u00e9centralis\u00e9 avant le r\u00e9f\u00e9rendum\",\"datePublished\":\"2023-11-23T14:35:19+00:00\",\"dateModified\":\"2023-11-23T16:22:21+00:00\",\"mainEntityOfPage\":{\"@id\":\"https:\/\/www.africa-press.net\/tchad\/politique\/le-prie-se-prononce-pour-un-etat-unitaire-decentralise-avant-le-referendum\"},\"wordCount\":236,\"commentCount\":0,\"image\":{\"@id\":\"https:\/\/www.africa-press.net\/tchad\/politique\/le-prie-se-prononce-pour-un-etat-unitaire-decentralise-avant-le-referendum#primaryimage\"},\"thumbnailUrl\":\"https:\/\/static.africa-press.net\/tchad\/sites\/41\/2023\/11\/sm_1700743867.446997.jpg\",\"keywords\":[\"Africa Press\",\"Africa Press-Tchad\",\"Tchad\"],\"articleSection\":[\"Politique\",\"Toutes les actualit\u00e9s\"],\"inLanguage\":\"fr-FR\",\"potentialAction\":[{\"@type\":\"CommentAction\",\"name\":\"Comment\",\"target\":[\"https:\/\/www.africa-press.net\/tchad\/politique\/le-prie-se-prononce-pour-un-etat-unitaire-decentralise-avant-le-referendum#respond\"]}]},{\"@type\":\"WebPage\",\"@id\":\"https:\/\/www.africa-press.net\/tchad\/politique\/le-prie-se-prononce-pour-un-etat-unitaire-decentralise-avant-le-referendum\",\"url\":\"https:\/\/www.africa-press.net\/tchad\/politique\/le-prie-se-prononce-pour-un-etat-unitaire-decentralise-avant-le-referendum\",\"name\":\"le PRIE se prononce pour un \u00c9tat unitaire d\u00e9centralis\u00e9 avant le r\u00e9f\u00e9rendum - tchad\",\"isPartOf\":{\"@id\":\"https:\/\/www.africa-press.net\/tchad\/#website\"},\"primaryImageOfPage\":{\"@id\":\"https:\/\/www.africa-press.net\/tchad\/politique\/le-prie-se-prononce-pour-un-etat-unitaire-decentralise-avant-le-referendum#primaryimage\"},\"image\":{\"@id\":\"https:\/\/www.africa-press.net\/tchad\/politique\/le-prie-se-prononce-pour-un-etat-unitaire-decentralise-avant-le-referendum#primaryimage\"},\"thumbnailUrl\":\"https:\/\/static.africa-press.net\/tchad\/sites\/41\/2023\/11\/sm_1700743867.446997.jpg\",\"datePublished\":\"2023-11-23T14:35:19+00:00\",\"dateModified\":\"2023-11-23T16:22:21+00:00\",\"author\":{\"@id\":\"https:\/\/www.africa-press.net\/tchad\/#\/schema\/person\/2b1cf3cd81a31e3cd26889ca66d677f1\"},\"description\":\"Abdallah Chidi Djorkodei, pre\u0301sident du Parti pour la Re\u0301forme et l'Inde\u0301pendance E\u0301conomique (PRIE), a anime\u0301 un point ...\",\"breadcrumb\":{\"@id\":\"https:\/\/www.africa-press.net\/tchad\/politique\/le-prie-se-prononce-pour-un-etat-unitaire-decentralise-avant-le-referendum#breadcrumb\"},\"inLanguage\":\"fr-FR\",\"potentialAction\":[{\"@type\":\"ReadAction\",\"target\":[\"https:\/\/www.africa-press.net\/tchad\/politique\/le-prie-se-prononce-pour-un-etat-unitaire-decentralise-avant-le-referendum\"]}]},{\"@type\":\"ImageObject\",\"inLanguage\":\"fr-FR\",\"@id\":\"https:\/\/www.africa-press.net\/tchad\/politique\/le-prie-se-prononce-pour-un-etat-unitaire-decentralise-avant-le-referendum#primaryimage\",\"url\":\"https:\/\/static.africa-press.net\/tchad\/sites\/41\/2023\/11\/sm_1700743867.446997.jpg\",\"contentUrl\":\"https:\/\/static.africa-press.net\/tchad\/sites\/41\/2023\/11\/sm_1700743867.446997.jpg\",\"width\":1080,\"height\":810,\"caption\":\"le PRIE se prononce pour un \u00c9tat unitaire d\u00e9centralis\u00e9 avant le r\u00e9f\u00e9rendum\"},{\"@type\":\"BreadcrumbList\",\"@id\":\"https:\/\/www.africa-press.net\/tchad\/politique\/le-prie-se-prononce-pour-un-etat-unitaire-decentralise-avant-le-referendum#breadcrumb\",\"itemListElement\":[{\"@type\":\"ListItem\",\"position\":1,\"name\":\"Accueil\",\"item\":\"https:\/\/www.africa-press.net\/tchad\/\"},{\"@type\":\"ListItem\",\"position\":2,\"name\":\"le PRIE se prononce pour un \u00c9tat unitaire d\u00e9centralis\u00e9 avant le r\u00e9f\u00e9rendum\"}]},{\"@type\":\"WebSite\",\"@id\":\"https:\/\/www.africa-press.net\/tchad\/#website\",\"url\":\"https:\/\/www.africa-press.net\/tchad\/\",\"name\":\"tchad\",\"description\":\"Just another Africa News Agency Sites site\",\"potentialAction\":[{\"@type\":\"SearchAction\",\"target\":{\"@type\":\"EntryPoint\",\"urlTemplate\":\"https:\/\/www.africa-press.net\/tchad\/?s={search_term_string}\"},\"query-input\":{\"@type\":\"PropertyValueSpecification\",\"valueRequired\":true,\"valueName\":\"search_term_string\"}}],\"inLanguage\":\"fr-FR\"},{\"@type\":\"Person\",\"@id\":\"https:\/\/www.africa-press.net\/tchad\/#\/schema\/person\/2b1cf3cd81a31e3cd26889ca66d677f1\",\"name\":\"cfeditorfr\"}]}<\/script>\n<!-- \/ Yoast SEO Premium plugin. -->","yoast_head_json":{"title":"le PRIE se prononce pour un \u00c9tat unitaire d\u00e9centralis\u00e9 avant le r\u00e9f\u00e9rendum - tchad","description":"Abdallah Chidi Djorkodei, pre\u0301sident du Parti pour la Re\u0301forme et l'Inde\u0301pendance E\u0301conomique (PRIE), a anime\u0301 un point ...","robots":{"index":"index","follow":"follow","max-snippet":"max-snippet:-1","max-image-preview":"max-image-preview:large","max-video-preview":"max-video-preview:-1"},"canonical":"https:\/\/www.africa-press.net\/tchad\/politique\/le-prie-se-prononce-pour-un-etat-unitaire-decentralise-avant-le-referendum","og_locale":"fr_FR","og_type":"article","og_title":"le PRIE se prononce pour un \u00c9tat unitaire d\u00e9centralis\u00e9 avant le r\u00e9f\u00e9rendum","og_description":"Abdallah Chidi Djorkodei, pre\u0301sident du Parti pour la Re\u0301forme et l'Inde\u0301pendance E\u0301conomique (PRIE), a anime\u0301 un point ...","og_url":"https:\/\/www.africa-press.net\/tchad\/politique\/le-prie-se-prononce-pour-un-etat-unitaire-decentralise-avant-le-referendum","og_site_name":"tchad","article_published_time":"2023-11-23T14:35:19+00:00","article_modified_time":"2023-11-23T16:22:21+00:00","og_image":[{"width":1080,"height":810,"url":"https:\/\/static.africa-press.net\/tchad\/sites\/41\/2023\/11\/sm_1700743867.446997.jpg","type":"image\/jpeg"}],"author":"cfeditorfr","twitter_card":"summary_large_image","twitter_misc":{"\u00c9crit par":"cfeditorfr","Dur\u00e9e de lecture estim\u00e9e":"1 minute"},"schema":{"@context":"https:\/\/schema.org","@graph":[{"@type":"Article","@id":"https:\/\/www.africa-press.net\/tchad\/politique\/le-prie-se-prononce-pour-un-etat-unitaire-decentralise-avant-le-referendum#article","isPartOf":{"@id":"https:\/\/www.africa-press.net\/tchad\/politique\/le-prie-se-prononce-pour-un-etat-unitaire-decentralise-avant-le-referendum"},"author":{"name":"cfeditorfr","@id":"https:\/\/www.africa-press.net\/tchad\/#\/schema\/person\/2b1cf3cd81a31e3cd26889ca66d677f1"},"headline":"le PRIE se prononce pour un \u00c9tat unitaire d\u00e9centralis\u00e9 avant le r\u00e9f\u00e9rendum","datePublished":"2023-11-23T14:35:19+00:00","dateModified":"2023-11-23T16:22:21+00:00","mainEntityOfPage":{"@id":"https:\/\/www.africa-press.net\/tchad\/politique\/le-prie-se-prononce-pour-un-etat-unitaire-decentralise-avant-le-referendum"},"wordCount":236,"commentCount":0,"image":{"@id":"https:\/\/www.africa-press.net\/tchad\/politique\/le-prie-se-prononce-pour-un-etat-unitaire-decentralise-avant-le-referendum#primaryimage"},"thumbnailUrl":"https:\/\/static.africa-press.net\/tchad\/sites\/41\/2023\/11\/sm_1700743867.446997.jpg","keywords":["Africa Press","Africa Press-Tchad","Tchad"],"articleSection":["Politique","Toutes les actualit\u00e9s"],"inLanguage":"fr-FR","potentialAction":[{"@type":"CommentAction","name":"Comment","target":["https:\/\/www.africa-press.net\/tchad\/politique\/le-prie-se-prononce-pour-un-etat-unitaire-decentralise-avant-le-referendum#respond"]}]},{"@type":"WebPage","@id":"https:\/\/www.africa-press.net\/tchad\/politique\/le-prie-se-prononce-pour-un-etat-unitaire-decentralise-avant-le-referendum","url":"https:\/\/www.africa-press.net\/tchad\/politique\/le-prie-se-prononce-pour-un-etat-unitaire-decentralise-avant-le-referendum","name":"le PRIE se prononce pour un \u00c9tat unitaire d\u00e9centralis\u00e9 avant le r\u00e9f\u00e9rendum - tchad","isPartOf":{"@id":"https:\/\/www.africa-press.net\/tchad\/#website"},"primaryImageOfPage":{"@id":"https:\/\/www.africa-press.net\/tchad\/politique\/le-prie-se-prononce-pour-un-etat-unitaire-decentralise-avant-le-referendum#primaryimage"},"image":{"@id":"https:\/\/www.africa-press.net\/tchad\/politique\/le-prie-se-prononce-pour-un-etat-unitaire-decentralise-avant-le-referendum#primaryimage"},"thumbnailUrl":"https:\/\/static.africa-press.net\/tchad\/sites\/41\/2023\/11\/sm_1700743867.446997.jpg","datePublished":"2023-11-23T14:35:19+00:00","dateModified":"2023-11-23T16:22:21+00:00","author":{"@id":"https:\/\/www.africa-press.net\/tchad\/#\/schema\/person\/2b1cf3cd81a31e3cd26889ca66d677f1"},"description":"Abdallah Chidi Djorkodei, pre\u0301sident du Parti pour la Re\u0301forme et l'Inde\u0301pendance E\u0301conomique (PRIE), a anime\u0301 un point ...","breadcrumb":{"@id":"https:\/\/www.africa-press.net\/tchad\/politique\/le-prie-se-prononce-pour-un-etat-unitaire-decentralise-avant-le-referendum#breadcrumb"},"inLanguage":"fr-FR","potentialAction":[{"@type":"ReadAction","target":["https:\/\/www.africa-press.net\/tchad\/politique\/le-prie-se-prononce-pour-un-etat-unitaire-decentralise-avant-le-referendum"]}]},{"@type":"ImageObject","inLanguage":"fr-FR","@id":"https:\/\/www.africa-press.net\/tchad\/politique\/le-prie-se-prononce-pour-un-etat-unitaire-decentralise-avant-le-referendum#primaryimage","url":"https:\/\/static.africa-press.net\/tchad\/sites\/41\/2023\/11\/sm_1700743867.446997.jpg","contentUrl":"https:\/\/static.africa-press.net\/tchad\/sites\/41\/2023\/11\/sm_1700743867.446997.jpg","width":1080,"height":810,"caption":"le PRIE se prononce pour un \u00c9tat unitaire d\u00e9centralis\u00e9 avant le r\u00e9f\u00e9rendum"},{"@type":"BreadcrumbList","@id":"https:\/\/www.africa-press.net\/tchad\/politique\/le-prie-se-prononce-pour-un-etat-unitaire-decentralise-avant-le-referendum#breadcrumb","itemListElement":[{"@type":"ListItem","position":1,"name":"Accueil","item":"https:\/\/www.africa-press.net\/tchad\/"},{"@type":"ListItem","position":2,"name":"le PRIE se prononce pour un \u00c9tat unitaire d\u00e9centralis\u00e9 avant le r\u00e9f\u00e9rendum"}]},{"@type":"WebSite","@id":"https:\/\/www.africa-press.net\/tchad\/#website","url":"https:\/\/www.africa-press.net\/tchad\/","name":"tchad","description":"Just another Africa News Agency Sites site","potentialAction":[{"@type":"SearchAction","target":{"@type":"EntryPoint","urlTemplate":"https:\/\/www.africa-press.net\/tchad\/?s={search_term_string}"},"query-input":{"@type":"PropertyValueSpecification","valueRequired":true,"valueName":"search_term_string"}}],"inLanguage":"fr-FR"},{"@type":"Person","@id":"https:\/\/www.africa-press.net\/tchad\/#\/schema\/person\/2b1cf3cd81a31e3cd26889ca66d677f1","name":"cfeditorfr"}]}},"_links":{"self":[{"href":"https:\/\/www.africa-press.net\/tchad\/wp-json\/wp\/v2\/posts\/54496","targetHints":{"allow":["GET"]}}],"collection":[{"href":"https:\/\/www.africa-press.net\/tchad\/wp-json\/wp\/v2\/posts"}],"about":[{"href":"https:\/\/www.africa-press.net\/tchad\/wp-json\/wp\/v2\/types\/post"}],"author":[{"embeddable":true,"href":"https:\/\/www.africa-press.net\/tchad\/wp-json\/wp\/v2\/users\/82"}],"replies":[{"embeddable":true,"href":"https:\/\/www.africa-press.net\/tchad\/wp-json\/wp\/v2\/comments?post=54496"}],"version-history":[{"count":0,"href":"https:\/\/www.africa-press.net\/tchad\/wp-json\/wp\/v2\/posts\/54496\/revisions"}],"wp:featuredmedia":[{"embeddable":true,"href":"https:\/\/www.africa-press.net\/tchad\/wp-json\/wp\/v2\/media\/54495"}],"wp:attachment":[{"href":"https:\/\/www.africa-press.net\/tchad\/wp-json\/wp\/v2\/media?parent=54496"}],"wp:term":[{"taxonomy":"category","embeddable":true,"href":"https:\/\/www.africa-press.net\/tchad\/wp-json\/wp\/v2\/categories?post=54496"},{"taxonomy":"post_tag","embeddable":true,"href":"https:\/\/www.africa-press.net\/tchad\/wp-json\/wp\/v2\/tags?post=54496"}],"curies":[{"name":"wp","href":"https:\/\/api.w.org\/{rel}","templated":true}]}}