{"id":54499,"date":"2023-11-23T14:35:24","date_gmt":"2023-11-23T14:35:24","guid":{"rendered":"https:\/\/www.africa-press.net\/tchad\/politique\/la-marche-dite-pacifique-de-lunion-des-etudiants-interdite"},"modified":"2023-11-23T16:22:57","modified_gmt":"2023-11-23T16:22:57","slug":"la-marche-dite-pacifique-de-lunion-des-etudiants-interdite","status":"publish","type":"post","link":"https:\/\/www.africa-press.net\/tchad\/politique\/la-marche-dite-pacifique-de-lunion-des-etudiants-interdite","title":{"rendered":"la marche dite pacifique de l\u2019Union des \u00e9tudiants interdite"},"content":{"rendered":"<p><span style=\"color: #ff6600\"><strong>Africa-Press &#8211; Tchad. <\/strong><\/span>Un arre\u0302te\u0301 du ministre de la Se\u0301curite\u0301 Publique, Mahamat Charfadine Margui interdit la marche dite pacifique de l\u2019Union Nationale des E\u0301tudiants Tchadiens (UNET), pre\u0301vue le samedi 25 novembre 2023.<\/p>\n<p>Les autorite\u0301s en charge ont de\u0301cide\u0301 d\u2019annuler la marche des e\u0301tudiants tchadiens pre\u0301vue ce week-end. D\u2019apre\u0300s le ministre de la se\u0301curite\u0301 des dispositions re\u0301gissant l\u2019organisation des marches. Mahamat Charfadine Margui indiqu\u2019aucun re\u0301ce\u0301pisse\u0301 n\u2019a e\u0301te\u0301 verse\u0301 a\u0300 la de\u0301claration en violation des dispositions des textes de loi du 1er aou\u0302t relatives aux manifestations sur la voie publique. Aussi, la pe\u0301riode choisie pour cette manifestation coi\u0308ncide avec celle de la campagne pour le re\u0301fe\u0301rendum et donc un risque de trouble a\u0300 l\u2019ordre public.<\/p>\n<p>Il mentionne e\u0301galement que l\u2019UNET n\u2019a pas indique\u0301e, l\u2019heure et le lieu de rassemblement et l\u2019itine\u0301raire.<\/p>\n<p>\u00ab En cas de non-respect des termes du pre\u0301sent arre\u0302te\u0301, les organisateurs seront tenus pour responsables devant les juridictions compe\u0301tentes de la Re\u0301publique, des e\u0301ventuelles casses, d\u2019effractions, de toute autre infraction \u00bb, met en garde le ministre de la Se\u0301curite\u0301 publique et de l\u2019Immigration.<\/p>\n<p><strong>Pour plus d&rsquo;informations et d&rsquo;analyses sur la <a href=\"https:\/\/www.africa-press.net\/tchad\">Tchad<\/a>, suivez <a href=\"https:\/\/www.africa-press.net\/\">Africa-Press<\/a><\/strong><\/p>\n","protected":false},"excerpt":{"rendered":"<p>Africa-Press &#8211; Tchad. Un arre\u0302te\u0301 du ministre de la Se\u0301curite\u0301 Publique, Mahamat Charfadine Margui interdit la marche dite pacifique de l\u2019Union Nationale des E\u0301tudiants Tchadiens (UNET), pre\u0301vue le samedi 25 novembre 2023. Les autorite\u0301s en charge ont de\u0301cide\u0301 d\u2019annuler la marche des e\u0301tudiants tchadiens pre\u0301vue ce week-end. D\u2019apre\u0300s le ministre de la se\u0301curite\u0301 des dispositions [&hellip;]<\/p>\n","protected":false},"author":82,"featured_media":54497,"comment_status":"open","ping_status":"closed","sticky":false,"template":"","format":"standard","meta":{"footnotes":""},"categories":[2,10],"tags":[37,292,29],"class_list":["post-54499","post","type-post","status-publish","format-standard","has-post-thumbnail","hentry","category-politique","category-toutes-les-actualites","tag-africa-press","tag-africa-press-tchad","tag-tchad"],"yoast_head":"<!-- This site is optimized with the Yoast SEO Premium plugin v26.1 (Yoast SEO v27.0) - https:\/\/yoast.com\/product\/yoast-seo-premium-wordpress\/ -->\n<title>la marche dite pacifique de l\u2019Union des \u00e9tudiants interdite - tchad<\/title>\n<meta name=\"description\" content=\"Un arre\u0302te\u0301 du ministre de la Se\u0301curite\u0301 Publique, Mahamat Charfadine Margui interdit la marche dite pacifique de l\u2019Unio ...\" \/>\n<meta name=\"robots\" content=\"index, follow, max-snippet:-1, max-image-preview:large, max-video-preview:-1\" \/>\n<link rel=\"canonical\" href=\"https:\/\/www.africa-press.net\/tchad\/politique\/la-marche-dite-pacifique-de-lunion-des-etudiants-interdite\" \/>\n<meta property=\"og:locale\" content=\"fr_FR\" \/>\n<meta property=\"og:type\" content=\"article\" \/>\n<meta property=\"og:title\" content=\"la marche dite pacifique de l\u2019Union des \u00e9tudiants interdite\" \/>\n<meta property=\"og:description\" content=\"Un arre\u0302te\u0301 du ministre de la Se\u0301curite\u0301 Publique, Mahamat Charfadine Margui interdit la marche dite pacifique de l\u2019Unio ...\" \/>\n<meta property=\"og:url\" content=\"https:\/\/www.africa-press.net\/tchad\/politique\/la-marche-dite-pacifique-de-lunion-des-etudiants-interdite\" \/>\n<meta property=\"og:site_name\" content=\"tchad\" \/>\n<meta property=\"article:published_time\" content=\"2023-11-23T14:35:24+00:00\" \/>\n<meta property=\"article:modified_time\" content=\"2023-11-23T16:22:57+00:00\" \/>\n<meta property=\"og:image\" content=\"https:\/\/static.africa-press.net\/tchad\/sites\/41\/2023\/11\/sm_1700743910.880487.jpg\" \/>\n\t<meta property=\"og:image:width\" content=\"780\" \/>\n\t<meta property=\"og:image:height\" content=\"440\" \/>\n\t<meta property=\"og:image:type\" content=\"image\/jpeg\" \/>\n<meta name=\"author\" content=\"cfeditorfr\" \/>\n<meta name=\"twitter:card\" content=\"summary_large_image\" \/>\n<meta name=\"twitter:label1\" content=\"\u00c9crit par\" \/>\n\t<meta name=\"twitter:data1\" content=\"cfeditorfr\" \/>\n\t<meta name=\"twitter:label2\" content=\"Dur\u00e9e de lecture estim\u00e9e\" \/>\n\t<meta name=\"twitter:data2\" content=\"1 minute\" \/>\n<script type=\"application\/ld+json\" class=\"yoast-schema-graph\">{\"@context\":\"https:\/\/schema.org\",\"@graph\":[{\"@type\":\"Article\",\"@id\":\"https:\/\/www.africa-press.net\/tchad\/politique\/la-marche-dite-pacifique-de-lunion-des-etudiants-interdite#article\",\"isPartOf\":{\"@id\":\"https:\/\/www.africa-press.net\/tchad\/politique\/la-marche-dite-pacifique-de-lunion-des-etudiants-interdite\"},\"author\":{\"name\":\"cfeditorfr\",\"@id\":\"https:\/\/www.africa-press.net\/tchad\/#\/schema\/person\/2b1cf3cd81a31e3cd26889ca66d677f1\"},\"headline\":\"la marche dite pacifique de l\u2019Union des \u00e9tudiants interdite\",\"datePublished\":\"2023-11-23T14:35:24+00:00\",\"dateModified\":\"2023-11-23T16:22:57+00:00\",\"mainEntityOfPage\":{\"@id\":\"https:\/\/www.africa-press.net\/tchad\/politique\/la-marche-dite-pacifique-de-lunion-des-etudiants-interdite\"},\"wordCount\":233,\"commentCount\":0,\"image\":{\"@id\":\"https:\/\/www.africa-press.net\/tchad\/politique\/la-marche-dite-pacifique-de-lunion-des-etudiants-interdite#primaryimage\"},\"thumbnailUrl\":\"https:\/\/static.africa-press.net\/tchad\/sites\/41\/2023\/11\/sm_1700743910.880487.jpg\",\"keywords\":[\"Africa Press\",\"Africa Press-Tchad\",\"Tchad\"],\"articleSection\":[\"Politique\",\"Toutes les actualit\u00e9s\"],\"inLanguage\":\"fr-FR\",\"potentialAction\":[{\"@type\":\"CommentAction\",\"name\":\"Comment\",\"target\":[\"https:\/\/www.africa-press.net\/tchad\/politique\/la-marche-dite-pacifique-de-lunion-des-etudiants-interdite#respond\"]}]},{\"@type\":\"WebPage\",\"@id\":\"https:\/\/www.africa-press.net\/tchad\/politique\/la-marche-dite-pacifique-de-lunion-des-etudiants-interdite\",\"url\":\"https:\/\/www.africa-press.net\/tchad\/politique\/la-marche-dite-pacifique-de-lunion-des-etudiants-interdite\",\"name\":\"la marche dite pacifique de l\u2019Union des \u00e9tudiants interdite - tchad\",\"isPartOf\":{\"@id\":\"https:\/\/www.africa-press.net\/tchad\/#website\"},\"primaryImageOfPage\":{\"@id\":\"https:\/\/www.africa-press.net\/tchad\/politique\/la-marche-dite-pacifique-de-lunion-des-etudiants-interdite#primaryimage\"},\"image\":{\"@id\":\"https:\/\/www.africa-press.net\/tchad\/politique\/la-marche-dite-pacifique-de-lunion-des-etudiants-interdite#primaryimage\"},\"thumbnailUrl\":\"https:\/\/static.africa-press.net\/tchad\/sites\/41\/2023\/11\/sm_1700743910.880487.jpg\",\"datePublished\":\"2023-11-23T14:35:24+00:00\",\"dateModified\":\"2023-11-23T16:22:57+00:00\",\"author\":{\"@id\":\"https:\/\/www.africa-press.net\/tchad\/#\/schema\/person\/2b1cf3cd81a31e3cd26889ca66d677f1\"},\"description\":\"Un arre\u0302te\u0301 du ministre de la Se\u0301curite\u0301 Publique, Mahamat Charfadine Margui interdit la marche dite pacifique de l\u2019Unio ...\",\"breadcrumb\":{\"@id\":\"https:\/\/www.africa-press.net\/tchad\/politique\/la-marche-dite-pacifique-de-lunion-des-etudiants-interdite#breadcrumb\"},\"inLanguage\":\"fr-FR\",\"potentialAction\":[{\"@type\":\"ReadAction\",\"target\":[\"https:\/\/www.africa-press.net\/tchad\/politique\/la-marche-dite-pacifique-de-lunion-des-etudiants-interdite\"]}]},{\"@type\":\"ImageObject\",\"inLanguage\":\"fr-FR\",\"@id\":\"https:\/\/www.africa-press.net\/tchad\/politique\/la-marche-dite-pacifique-de-lunion-des-etudiants-interdite#primaryimage\",\"url\":\"https:\/\/static.africa-press.net\/tchad\/sites\/41\/2023\/11\/sm_1700743910.880487.jpg\",\"contentUrl\":\"https:\/\/static.africa-press.net\/tchad\/sites\/41\/2023\/11\/sm_1700743910.880487.jpg\",\"width\":780,\"height\":440,\"caption\":\"la marche dite pacifique de l\u2019Union des \u00e9tudiants interdite\"},{\"@type\":\"BreadcrumbList\",\"@id\":\"https:\/\/www.africa-press.net\/tchad\/politique\/la-marche-dite-pacifique-de-lunion-des-etudiants-interdite#breadcrumb\",\"itemListElement\":[{\"@type\":\"ListItem\",\"position\":1,\"name\":\"Accueil\",\"item\":\"https:\/\/www.africa-press.net\/tchad\/\"},{\"@type\":\"ListItem\",\"position\":2,\"name\":\"la marche dite pacifique de l\u2019Union des \u00e9tudiants interdite\"}]},{\"@type\":\"WebSite\",\"@id\":\"https:\/\/www.africa-press.net\/tchad\/#website\",\"url\":\"https:\/\/www.africa-press.net\/tchad\/\",\"name\":\"tchad\",\"description\":\"Just another Africa News Agency Sites site\",\"potentialAction\":[{\"@type\":\"SearchAction\",\"target\":{\"@type\":\"EntryPoint\",\"urlTemplate\":\"https:\/\/www.africa-press.net\/tchad\/?s={search_term_string}\"},\"query-input\":{\"@type\":\"PropertyValueSpecification\",\"valueRequired\":true,\"valueName\":\"search_term_string\"}}],\"inLanguage\":\"fr-FR\"},{\"@type\":\"Person\",\"@id\":\"https:\/\/www.africa-press.net\/tchad\/#\/schema\/person\/2b1cf3cd81a31e3cd26889ca66d677f1\",\"name\":\"cfeditorfr\"}]}<\/script>\n<!-- \/ Yoast SEO Premium plugin. -->","yoast_head_json":{"title":"la marche dite pacifique de l\u2019Union des \u00e9tudiants interdite - tchad","description":"Un arre\u0302te\u0301 du ministre de la Se\u0301curite\u0301 Publique, Mahamat Charfadine Margui interdit la marche dite pacifique de l\u2019Unio ...","robots":{"index":"index","follow":"follow","max-snippet":"max-snippet:-1","max-image-preview":"max-image-preview:large","max-video-preview":"max-video-preview:-1"},"canonical":"https:\/\/www.africa-press.net\/tchad\/politique\/la-marche-dite-pacifique-de-lunion-des-etudiants-interdite","og_locale":"fr_FR","og_type":"article","og_title":"la marche dite pacifique de l\u2019Union des \u00e9tudiants interdite","og_description":"Un arre\u0302te\u0301 du ministre de la Se\u0301curite\u0301 Publique, Mahamat Charfadine Margui interdit la marche dite pacifique de l\u2019Unio ...","og_url":"https:\/\/www.africa-press.net\/tchad\/politique\/la-marche-dite-pacifique-de-lunion-des-etudiants-interdite","og_site_name":"tchad","article_published_time":"2023-11-23T14:35:24+00:00","article_modified_time":"2023-11-23T16:22:57+00:00","og_image":[{"width":780,"height":440,"url":"https:\/\/static.africa-press.net\/tchad\/sites\/41\/2023\/11\/sm_1700743910.880487.jpg","type":"image\/jpeg"}],"author":"cfeditorfr","twitter_card":"summary_large_image","twitter_misc":{"\u00c9crit par":"cfeditorfr","Dur\u00e9e de lecture estim\u00e9e":"1 minute"},"schema":{"@context":"https:\/\/schema.org","@graph":[{"@type":"Article","@id":"https:\/\/www.africa-press.net\/tchad\/politique\/la-marche-dite-pacifique-de-lunion-des-etudiants-interdite#article","isPartOf":{"@id":"https:\/\/www.africa-press.net\/tchad\/politique\/la-marche-dite-pacifique-de-lunion-des-etudiants-interdite"},"author":{"name":"cfeditorfr","@id":"https:\/\/www.africa-press.net\/tchad\/#\/schema\/person\/2b1cf3cd81a31e3cd26889ca66d677f1"},"headline":"la marche dite pacifique de l\u2019Union des \u00e9tudiants interdite","datePublished":"2023-11-23T14:35:24+00:00","dateModified":"2023-11-23T16:22:57+00:00","mainEntityOfPage":{"@id":"https:\/\/www.africa-press.net\/tchad\/politique\/la-marche-dite-pacifique-de-lunion-des-etudiants-interdite"},"wordCount":233,"commentCount":0,"image":{"@id":"https:\/\/www.africa-press.net\/tchad\/politique\/la-marche-dite-pacifique-de-lunion-des-etudiants-interdite#primaryimage"},"thumbnailUrl":"https:\/\/static.africa-press.net\/tchad\/sites\/41\/2023\/11\/sm_1700743910.880487.jpg","keywords":["Africa Press","Africa Press-Tchad","Tchad"],"articleSection":["Politique","Toutes les actualit\u00e9s"],"inLanguage":"fr-FR","potentialAction":[{"@type":"CommentAction","name":"Comment","target":["https:\/\/www.africa-press.net\/tchad\/politique\/la-marche-dite-pacifique-de-lunion-des-etudiants-interdite#respond"]}]},{"@type":"WebPage","@id":"https:\/\/www.africa-press.net\/tchad\/politique\/la-marche-dite-pacifique-de-lunion-des-etudiants-interdite","url":"https:\/\/www.africa-press.net\/tchad\/politique\/la-marche-dite-pacifique-de-lunion-des-etudiants-interdite","name":"la marche dite pacifique de l\u2019Union des \u00e9tudiants interdite - tchad","isPartOf":{"@id":"https:\/\/www.africa-press.net\/tchad\/#website"},"primaryImageOfPage":{"@id":"https:\/\/www.africa-press.net\/tchad\/politique\/la-marche-dite-pacifique-de-lunion-des-etudiants-interdite#primaryimage"},"image":{"@id":"https:\/\/www.africa-press.net\/tchad\/politique\/la-marche-dite-pacifique-de-lunion-des-etudiants-interdite#primaryimage"},"thumbnailUrl":"https:\/\/static.africa-press.net\/tchad\/sites\/41\/2023\/11\/sm_1700743910.880487.jpg","datePublished":"2023-11-23T14:35:24+00:00","dateModified":"2023-11-23T16:22:57+00:00","author":{"@id":"https:\/\/www.africa-press.net\/tchad\/#\/schema\/person\/2b1cf3cd81a31e3cd26889ca66d677f1"},"description":"Un arre\u0302te\u0301 du ministre de la Se\u0301curite\u0301 Publique, Mahamat Charfadine Margui interdit la marche dite pacifique de l\u2019Unio ...","breadcrumb":{"@id":"https:\/\/www.africa-press.net\/tchad\/politique\/la-marche-dite-pacifique-de-lunion-des-etudiants-interdite#breadcrumb"},"inLanguage":"fr-FR","potentialAction":[{"@type":"ReadAction","target":["https:\/\/www.africa-press.net\/tchad\/politique\/la-marche-dite-pacifique-de-lunion-des-etudiants-interdite"]}]},{"@type":"ImageObject","inLanguage":"fr-FR","@id":"https:\/\/www.africa-press.net\/tchad\/politique\/la-marche-dite-pacifique-de-lunion-des-etudiants-interdite#primaryimage","url":"https:\/\/static.africa-press.net\/tchad\/sites\/41\/2023\/11\/sm_1700743910.880487.jpg","contentUrl":"https:\/\/static.africa-press.net\/tchad\/sites\/41\/2023\/11\/sm_1700743910.880487.jpg","width":780,"height":440,"caption":"la marche dite pacifique de l\u2019Union des \u00e9tudiants interdite"},{"@type":"BreadcrumbList","@id":"https:\/\/www.africa-press.net\/tchad\/politique\/la-marche-dite-pacifique-de-lunion-des-etudiants-interdite#breadcrumb","itemListElement":[{"@type":"ListItem","position":1,"name":"Accueil","item":"https:\/\/www.africa-press.net\/tchad\/"},{"@type":"ListItem","position":2,"name":"la marche dite pacifique de l\u2019Union des \u00e9tudiants interdite"}]},{"@type":"WebSite","@id":"https:\/\/www.africa-press.net\/tchad\/#website","url":"https:\/\/www.africa-press.net\/tchad\/","name":"tchad","description":"Just another Africa News Agency Sites site","potentialAction":[{"@type":"SearchAction","target":{"@type":"EntryPoint","urlTemplate":"https:\/\/www.africa-press.net\/tchad\/?s={search_term_string}"},"query-input":{"@type":"PropertyValueSpecification","valueRequired":true,"valueName":"search_term_string"}}],"inLanguage":"fr-FR"},{"@type":"Person","@id":"https:\/\/www.africa-press.net\/tchad\/#\/schema\/person\/2b1cf3cd81a31e3cd26889ca66d677f1","name":"cfeditorfr"}]}},"_links":{"self":[{"href":"https:\/\/www.africa-press.net\/tchad\/wp-json\/wp\/v2\/posts\/54499","targetHints":{"allow":["GET"]}}],"collection":[{"href":"https:\/\/www.africa-press.net\/tchad\/wp-json\/wp\/v2\/posts"}],"about":[{"href":"https:\/\/www.africa-press.net\/tchad\/wp-json\/wp\/v2\/types\/post"}],"author":[{"embeddable":true,"href":"https:\/\/www.africa-press.net\/tchad\/wp-json\/wp\/v2\/users\/82"}],"replies":[{"embeddable":true,"href":"https:\/\/www.africa-press.net\/tchad\/wp-json\/wp\/v2\/comments?post=54499"}],"version-history":[{"count":0,"href":"https:\/\/www.africa-press.net\/tchad\/wp-json\/wp\/v2\/posts\/54499\/revisions"}],"wp:featuredmedia":[{"embeddable":true,"href":"https:\/\/www.africa-press.net\/tchad\/wp-json\/wp\/v2\/media\/54497"}],"wp:attachment":[{"href":"https:\/\/www.africa-press.net\/tchad\/wp-json\/wp\/v2\/media?parent=54499"}],"wp:term":[{"taxonomy":"category","embeddable":true,"href":"https:\/\/www.africa-press.net\/tchad\/wp-json\/wp\/v2\/categories?post=54499"},{"taxonomy":"post_tag","embeddable":true,"href":"https:\/\/www.africa-press.net\/tchad\/wp-json\/wp\/v2\/tags?post=54499"}],"curies":[{"name":"wp","href":"https:\/\/api.w.org\/{rel}","templated":true}]}}